{"id":15195,"date":"2025-04-21T17:01:50","date_gmt":"2025-04-21T20:01:50","guid":{"rendered":"https:\/\/revistaautobus.com.br\/?p=15195"},"modified":"2025-04-21T17:03:05","modified_gmt":"2025-04-21T20:03:05","slug":"impulso-ao-gas","status":"publish","type":"post","link":"https:\/\/revistaautobus.com.br\/?p=15195","title":{"rendered":"Impulso ao g\u00e1s"},"content":{"rendered":"<p>Recentemente, uma parceria foi firmada para a promo\u00e7\u00e3o do uso do G\u00e1s Natural Veicular (GNV) e do biometano no segmento de transporte de cargas e passageiros no estado de Minas Gerais. A proposta \u00e9 refor\u00e7ar os esfor\u00e7os da Iveco e Gasmig na promo\u00e7\u00e3o da descarboniza\u00e7\u00e3o, visando o desenvolvimento de a\u00e7\u00f5es conjuntas com o objetivo de ampliar a frota de ve\u00edculos movidos 100% a GNV e biometano.<\/p>\n<p>A distribuidora tem investido fortemente no projeto \u201cCorredores de GNV\u201d, que busca o desenvolvimento da infraestrutura de abastecimento por todo o estado. J\u00e1 para a IVECO, a iniciativa est\u00e1 plenamente alinhada ao seu projeto \u201c<em>Alternative Power<\/em>\u201d, por meio do qual a montadora tem desenvolvido uma linha de ve\u00edculos movidos a fontes alternativas de energia, atendendo todos os segmentos do transporte e impulsionando a transi\u00e7\u00e3o para solu\u00e7\u00f5es mais limpas e eficientes.<\/p>\n<p>O presidente da Gasmig, Carlos Camargo de Col\u00f3n, disse que por meio do programa \u2018Corredores GNV\u2019 a empresa est\u00e1 empenhada em construir no estado a melhor infraestrutura de g\u00e1s no Pa\u00eds. \u201cO principal objetivo \u00e9 garantir, ao menos, um posto GNV a cada 400 km de dist\u00e2ncia nas principais rodovias que ligam Minas Gerais ao Rio de Janeiro, Esp\u00edrito Santo, S\u00e3o Paulo e Bahia, permitindo o alcance de regi\u00f5es estrat\u00e9gicas. A parceria com a Iveco, uma empresa genuinamente mineira, nos enche de orgulho. Temos certeza de que nossas a\u00e7\u00f5es conjuntas demonstrar\u00e3o todo o potencial do transporte a g\u00e1s para o segmento\u201d, afirmou.<\/p>\n<p><span style=\"color: #800000;\"><em>BH j\u00e1 conta com \u00f4nibus a g\u00e1s<\/em><\/span><\/p>\n<p>O transporte coletivo da capital mineira tem um micro-\u00f4nibus que pode ser abastecido com g\u00e1s natural ou biometano em opera\u00e7\u00e3o em quatro rotas diferentes do sistema de Transporte Suplementar, para demonstrar toda a sua versatilidade.<\/p>\n<p>Por interm\u00e9dio da Opera\u00e7\u00e3o Assistida, o ve\u00edculo passa, entre os meses de abril e maio, por uma avalia\u00e7\u00e3o para tomadas de decis\u00e3o e acompanhamento de todos os dados de opera\u00e7\u00e3o. \u201cBelo Horizonte avan\u00e7a na moderniza\u00e7\u00e3o do transporte coletivo e na busca por tecnologias que tragam ao passageiro viagens mais sustent\u00e1veis e confort\u00e1veis\u201d, disse o superintendente de Mobilidade, Rafael Murta.<\/p>\n<p>Para o presidente da Gasmig, Carlos Camargo de Col\u00f3n, a utiliza\u00e7\u00e3o de GNV no transporte de passageiros refor\u00e7a o compromisso da Companhia com inova\u00e7\u00e3o e sustentabilidade. \u201cO g\u00e1s natural representa uma solu\u00e7\u00e3o vi\u00e1vel e essencial para a descarboniza\u00e7\u00e3o da mobilidade urbana. Essa alternativa n\u00e3o apenas reduz significativamente as emiss\u00f5es de carbono, mas tamb\u00e9m contribui para um ambiente mais limpo, promovendo um futuro sustent\u00e1vel para as cidades\u201d, ressalta.<\/p>\n<div id=\"attachment_15197\" style=\"width: 778px\" class=\"wp-caption aligncenter\"><img loading=\"lazy\" decoding=\"async\" aria-describedby=\"caption-attachment-15197\" class=\"wp-image-15197 size-large\" src=\"https:\/\/revistaautobus.com.br\/wp-content\/uploads\/2025\/04\/IMG_1270-Agrale-Volare-768x1024.jpg\" alt=\"\" width=\"768\" height=\"1024\" srcset=\"https:\/\/revistaautobus.com.br\/wp-content\/uploads\/2025\/04\/IMG_1270-Agrale-Volare-768x1024.jpg 768w, https:\/\/revistaautobus.com.br\/wp-content\/uploads\/2025\/04\/IMG_1270-Agrale-Volare-225x300.jpg 225w, https:\/\/revistaautobus.com.br\/wp-content\/uploads\/2025\/04\/IMG_1270-Agrale-Volare.jpg 1000w\" sizes=\"(max-width: 768px) 100vw, 768px\" \/><p id=\"caption-attachment-15197\" class=\"wp-caption-text\"><span style=\"color: #333399;\"><em><strong>Micro-\u00f4nibus a g\u00e1s natural\/biometano da parceria entre Agrale e Volare<\/strong><\/em><\/span><\/p><\/div>\n<p>O micro-\u00f4nibus em quest\u00e3o \u00e9 um modelo Volare Fly 10 sobre chassi MA 11.0 da Agrale. O diretor comercial e de marketing da fabricante do chassi, Edson Ares Sixto Martins, comentou que a empresa investe no desenvolvimento na tecnologia para ve\u00edculos movidos a g\u00e1s desde 2001, ano que iniciou o projeto do primeiro micro-\u00f4nibus movido a GNV desenvolvido e fabricado no Brasil.<\/p>\n<p>Segundo o executivo, diversas cidades no Brasil est\u00e3o muito interessadas no uso dos ve\u00edculos da marca movidos 100% a GNV\/Biometano para o transporte p\u00fablico de passageiros, coleta de res\u00edduos e transporte de cargas, como forma de propuls\u00e3o alternativa ao combust\u00edvel f\u00f3ssil. \u201cAcreditamos que o chassi MA 11.0 100% GNV\/Biometano da Agrale, atualmente em ritmo de produ\u00e7\u00e3o crescente, ser\u00e1 o modelo de \u00f4nibus que derrubar\u00e1 duas importantes barreiras existentes no longo processo de \u201cdesfossiliza\u00e7\u00e3o\u201d dos combust\u00edveis nas grandes capitais brasileiras: viabilizar a log\u00edstica de abastecimento das frotas e o aumento r\u00e1pido da produ\u00e7\u00e3o do biometano nos aterros sanit\u00e1rios e esta\u00e7\u00f5es de tratamento de esgoto das grandes cidades. Por exemplo, Belo Horizonte percebeu isso e, com o grande apoio da GASMIG, essa mudan\u00e7a de paradigma tem tudo para acontecer rapidamente na capital mineira e nas demais, onde j\u00e1 estamos trabalhando. Mas isso n\u00e3o se resume s\u00f3 as capitais. Juiz de Fora e Guarulhos tamb\u00e9m est\u00e3o com estudos avan\u00e7adas nesse sentido\u201d, salientou Martins.<\/p>\n<p>Imagens &#8211; Divulga\u00e7\u00e3o<\/p>\n","protected":false},"excerpt":{"rendered":"<p>Distribuidora de g\u00e1s natural e fabricante de chassis firmam acordo para incentivar o uso do g\u00e1s natural no transporte mineiro<\/p>\n","protected":false},"author":2,"featured_media":15196,"comment_status":"open","ping_status":"open","sticky":false,"template":"","format":"standard","meta":{"_et_pb_use_builder":"","_et_pb_old_content":"","_et_gb_content_width":"","_jetpack_memberships_contains_paid_content":false,"footnotes":""},"categories":[8,7,90],"tags":[279,934,157],"class_list":["post-15195","post","type-post","status-publish","format-standard","has-post-thumbnail","hentry","category-gas-natural","category-mobilidade-urbana","category-noticias","tag-agrale","tag-gas-natural-e-biometano","tag-volare","et-has-post-format-content","et_post_format-et-post-format-standard"],"yoast_head":"<!-- This site is optimized with the Yoast SEO plugin v27.2 - https:\/\/yoast.com\/product\/yoast-seo-wordpress\/ -->\n<title>Impulso ao g\u00e1s - Revista AutoBus<\/title>\n<meta name=\"robots\" content=\"index, follow, max-snippet:-1, max-image-preview:large, max-video-preview:-1\" \/>\n<link rel=\"canonical\" href=\"https:\/\/revistaautobus.com.br\/?p=15195\" \/>\n<meta property=\"og:locale\" content=\"pt_BR\" \/>\n<meta property=\"og:type\" content=\"article\" \/>\n<meta property=\"og:title\" content=\"Impulso ao g\u00e1s - Revista AutoBus\" \/>\n<meta property=\"og:description\" content=\"Distribuidora de g\u00e1s natural e fabricante de chassis firmam acordo para incentivar o uso do g\u00e1s natural no transporte mineiro\" \/>\n<meta property=\"og:url\" content=\"https:\/\/revistaautobus.com.br\/?p=15195\" \/>\n<meta property=\"og:site_name\" content=\"Revista AutoBus\" \/>\n<meta property=\"article:publisher\" content=\"https:\/\/www.facebook.com\/antonio.ferro.3150\" \/>\n<meta property=\"article:published_time\" content=\"2025-04-21T20:01:50+00:00\" \/>\n<meta property=\"article:modified_time\" content=\"2025-04-21T20:03:05+00:00\" \/>\n<meta property=\"og:image\" content=\"https:\/\/revistaautobus.com.br\/wp-content\/uploads\/2025\/04\/IVECO-e-Gasmig-1.jpg\" \/>\n\t<meta property=\"og:image:width\" content=\"1000\" \/>\n\t<meta property=\"og:image:height\" content=\"666\" \/>\n\t<meta property=\"og:image:type\" content=\"image\/jpeg\" \/>\n<meta name=\"author\" content=\"Antonio Ferro\" \/>\n<meta name=\"twitter:card\" content=\"summary_large_image\" \/>\n<meta name=\"twitter:label1\" content=\"Escrito por\" \/>\n\t<meta name=\"twitter:data1\" content=\"Antonio Ferro\" \/>\n\t<meta name=\"twitter:label2\" content=\"Est. tempo de leitura\" \/>\n\t<meta name=\"twitter:data2\" content=\"4 minutos\" \/>\n<script type=\"application\/ld+json\" class=\"yoast-schema-graph\">{\"@context\":\"https:\/\/schema.org\",\"@graph\":[{\"@type\":\"Article\",\"@id\":\"https:\/\/revistaautobus.com.br\/?p=15195#article\",\"isPartOf\":{\"@id\":\"https:\/\/revistaautobus.com.br\/?p=15195\"},\"author\":{\"name\":\"Antonio Ferro\",\"@id\":\"https:\/\/revistaautobus.com.br\/#\/schema\/person\/54af7c3eb83a310e42ef686ef6d16f50\"},\"headline\":\"Impulso ao g\u00e1s\",\"datePublished\":\"2025-04-21T20:01:50+00:00\",\"dateModified\":\"2025-04-21T20:03:05+00:00\",\"mainEntityOfPage\":{\"@id\":\"https:\/\/revistaautobus.com.br\/?p=15195\"},\"wordCount\":720,\"commentCount\":0,\"publisher\":{\"@id\":\"https:\/\/revistaautobus.com.br\/#organization\"},\"image\":{\"@id\":\"https:\/\/revistaautobus.com.br\/?p=15195#primaryimage\"},\"thumbnailUrl\":\"https:\/\/revistaautobus.com.br\/wp-content\/uploads\/2025\/04\/IVECO-e-Gasmig-1.jpg\",\"keywords\":[\"Agrale\",\"G\u00e1s natural e biometano\",\"Volare\"],\"articleSection\":[\"G\u00e1s Natural\",\"Mobilidade Urbana\",\"Not\u00edcias\"],\"inLanguage\":\"pt-BR\",\"potentialAction\":[{\"@type\":\"CommentAction\",\"name\":\"Comment\",\"target\":[\"https:\/\/revistaautobus.com.br\/?p=15195#respond\"]}]},{\"@type\":\"WebPage\",\"@id\":\"https:\/\/revistaautobus.com.br\/?p=15195\",\"url\":\"https:\/\/revistaautobus.com.br\/?p=15195\",\"name\":\"Impulso ao g\u00e1s - Revista AutoBus\",\"isPartOf\":{\"@id\":\"https:\/\/revistaautobus.com.br\/#website\"},\"primaryImageOfPage\":{\"@id\":\"https:\/\/revistaautobus.com.br\/?p=15195#primaryimage\"},\"image\":{\"@id\":\"https:\/\/revistaautobus.com.br\/?p=15195#primaryimage\"},\"thumbnailUrl\":\"https:\/\/revistaautobus.com.br\/wp-content\/uploads\/2025\/04\/IVECO-e-Gasmig-1.jpg\",\"datePublished\":\"2025-04-21T20:01:50+00:00\",\"dateModified\":\"2025-04-21T20:03:05+00:00\",\"breadcrumb\":{\"@id\":\"https:\/\/revistaautobus.com.br\/?p=15195#breadcrumb\"},\"inLanguage\":\"pt-BR\",\"potentialAction\":[{\"@type\":\"ReadAction\",\"target\":[\"https:\/\/revistaautobus.com.br\/?p=15195\"]}]},{\"@type\":\"ImageObject\",\"inLanguage\":\"pt-BR\",\"@id\":\"https:\/\/revistaautobus.com.br\/?p=15195#primaryimage\",\"url\":\"https:\/\/revistaautobus.com.br\/wp-content\/uploads\/2025\/04\/IVECO-e-Gasmig-1.jpg\",\"contentUrl\":\"https:\/\/revistaautobus.com.br\/wp-content\/uploads\/2025\/04\/IVECO-e-Gasmig-1.jpg\",\"width\":1000,\"height\":666},{\"@type\":\"BreadcrumbList\",\"@id\":\"https:\/\/revistaautobus.com.br\/?p=15195#breadcrumb\",\"itemListElement\":[{\"@type\":\"ListItem\",\"position\":1,\"name\":\"In\u00edcio\",\"item\":\"https:\/\/revistaautobus.com.br\/\"},{\"@type\":\"ListItem\",\"position\":2,\"name\":\"Impulso ao g\u00e1s\"}]},{\"@type\":\"WebSite\",\"@id\":\"https:\/\/revistaautobus.com.br\/#website\",\"url\":\"https:\/\/revistaautobus.com.br\/\",\"name\":\"Revista AutoBus\",\"description\":\"\",\"publisher\":{\"@id\":\"https:\/\/revistaautobus.com.br\/#organization\"},\"potentialAction\":[{\"@type\":\"SearchAction\",\"target\":{\"@type\":\"EntryPoint\",\"urlTemplate\":\"https:\/\/revistaautobus.com.br\/?s={search_term_string}\"},\"query-input\":{\"@type\":\"PropertyValueSpecification\",\"valueRequired\":true,\"valueName\":\"search_term_string\"}}],\"inLanguage\":\"pt-BR\"},{\"@type\":\"Organization\",\"@id\":\"https:\/\/revistaautobus.com.br\/#organization\",\"name\":\"Revista AutoBus\",\"url\":\"https:\/\/revistaautobus.com.br\/\",\"logo\":{\"@type\":\"ImageObject\",\"inLanguage\":\"pt-BR\",\"@id\":\"https:\/\/revistaautobus.com.br\/#\/schema\/logo\/image\/\",\"url\":\"https:\/\/revistaautobus.com.br\/wp-content\/uploads\/2024\/11\/logo_revista_autobus_fb.png\",\"contentUrl\":\"https:\/\/revistaautobus.com.br\/wp-content\/uploads\/2024\/11\/logo_revista_autobus_fb.png\",\"width\":836,\"height\":227,\"caption\":\"Revista AutoBus\"},\"image\":{\"@id\":\"https:\/\/revistaautobus.com.br\/#\/schema\/logo\/image\/\"},\"sameAs\":[\"https:\/\/www.facebook.com\/antonio.ferro.3150\",\"https:\/\/www.instagram.com\/revistaautobus\/\"]},{\"@type\":\"Person\",\"@id\":\"https:\/\/revistaautobus.com.br\/#\/schema\/person\/54af7c3eb83a310e42ef686ef6d16f50\",\"name\":\"Antonio Ferro\",\"image\":{\"@type\":\"ImageObject\",\"inLanguage\":\"pt-BR\",\"@id\":\"https:\/\/revistaautobus.com.br\/wp-content\/uploads\/2025\/12\/editor_antonio_ferro-150x150.jpg\",\"url\":\"https:\/\/revistaautobus.com.br\/wp-content\/uploads\/2025\/12\/editor_antonio_ferro-150x150.jpg\",\"contentUrl\":\"https:\/\/revistaautobus.com.br\/wp-content\/uploads\/2025\/12\/editor_antonio_ferro-150x150.jpg\",\"caption\":\"Antonio Ferro\"},\"description\":\"infobus@uol.com.br\",\"url\":\"https:\/\/revistaautobus.com.br\/?author=2\"}]}<\/script>\n<!-- \/ Yoast SEO plugin. -->","yoast_head_json":{"title":"Impulso ao g\u00e1s - Revista AutoBus","robots":{"index":"index","follow":"follow","max-snippet":"max-snippet:-1","max-image-preview":"max-image-preview:large","max-video-preview":"max-video-preview:-1"},"canonical":"https:\/\/revistaautobus.com.br\/?p=15195","og_locale":"pt_BR","og_type":"article","og_title":"Impulso ao g\u00e1s - Revista AutoBus","og_description":"Distribuidora de g\u00e1s natural e fabricante de chassis firmam acordo para incentivar o uso do g\u00e1s natural no transporte mineiro","og_url":"https:\/\/revistaautobus.com.br\/?p=15195","og_site_name":"Revista AutoBus","article_publisher":"https:\/\/www.facebook.com\/antonio.ferro.3150","article_published_time":"2025-04-21T20:01:50+00:00","article_modified_time":"2025-04-21T20:03:05+00:00","og_image":[{"width":1000,"height":666,"url":"https:\/\/revistaautobus.com.br\/wp-content\/uploads\/2025\/04\/IVECO-e-Gasmig-1.jpg","type":"image\/jpeg"}],"author":"Antonio Ferro","twitter_card":"summary_large_image","twitter_misc":{"Escrito por":"Antonio Ferro","Est. tempo de leitura":"4 minutos"},"schema":{"@context":"https:\/\/schema.org","@graph":[{"@type":"Article","@id":"https:\/\/revistaautobus.com.br\/?p=15195#article","isPartOf":{"@id":"https:\/\/revistaautobus.com.br\/?p=15195"},"author":{"name":"Antonio Ferro","@id":"https:\/\/revistaautobus.com.br\/#\/schema\/person\/54af7c3eb83a310e42ef686ef6d16f50"},"headline":"Impulso ao g\u00e1s","datePublished":"2025-04-21T20:01:50+00:00","dateModified":"2025-04-21T20:03:05+00:00","mainEntityOfPage":{"@id":"https:\/\/revistaautobus.com.br\/?p=15195"},"wordCount":720,"commentCount":0,"publisher":{"@id":"https:\/\/revistaautobus.com.br\/#organization"},"image":{"@id":"https:\/\/revistaautobus.com.br\/?p=15195#primaryimage"},"thumbnailUrl":"https:\/\/revistaautobus.com.br\/wp-content\/uploads\/2025\/04\/IVECO-e-Gasmig-1.jpg","keywords":["Agrale","G\u00e1s natural e biometano","Volare"],"articleSection":["G\u00e1s Natural","Mobilidade Urbana","Not\u00edcias"],"inLanguage":"pt-BR","potentialAction":[{"@type":"CommentAction","name":"Comment","target":["https:\/\/revistaautobus.com.br\/?p=15195#respond"]}]},{"@type":"WebPage","@id":"https:\/\/revistaautobus.com.br\/?p=15195","url":"https:\/\/revistaautobus.com.br\/?p=15195","name":"Impulso ao g\u00e1s - Revista AutoBus","isPartOf":{"@id":"https:\/\/revistaautobus.com.br\/#website"},"primaryImageOfPage":{"@id":"https:\/\/revistaautobus.com.br\/?p=15195#primaryimage"},"image":{"@id":"https:\/\/revistaautobus.com.br\/?p=15195#primaryimage"},"thumbnailUrl":"https:\/\/revistaautobus.com.br\/wp-content\/uploads\/2025\/04\/IVECO-e-Gasmig-1.jpg","datePublished":"2025-04-21T20:01:50+00:00","dateModified":"2025-04-21T20:03:05+00:00","breadcrumb":{"@id":"https:\/\/revistaautobus.com.br\/?p=15195#breadcrumb"},"inLanguage":"pt-BR","potentialAction":[{"@type":"ReadAction","target":["https:\/\/revistaautobus.com.br\/?p=15195"]}]},{"@type":"ImageObject","inLanguage":"pt-BR","@id":"https:\/\/revistaautobus.com.br\/?p=15195#primaryimage","url":"https:\/\/revistaautobus.com.br\/wp-content\/uploads\/2025\/04\/IVECO-e-Gasmig-1.jpg","contentUrl":"https:\/\/revistaautobus.com.br\/wp-content\/uploads\/2025\/04\/IVECO-e-Gasmig-1.jpg","width":1000,"height":666},{"@type":"BreadcrumbList","@id":"https:\/\/revistaautobus.com.br\/?p=15195#breadcrumb","itemListElement":[{"@type":"ListItem","position":1,"name":"In\u00edcio","item":"https:\/\/revistaautobus.com.br\/"},{"@type":"ListItem","position":2,"name":"Impulso ao g\u00e1s"}]},{"@type":"WebSite","@id":"https:\/\/revistaautobus.com.br\/#website","url":"https:\/\/revistaautobus.com.br\/","name":"Revista AutoBus","description":"","publisher":{"@id":"https:\/\/revistaautobus.com.br\/#organization"},"potentialAction":[{"@type":"SearchAction","target":{"@type":"EntryPoint","urlTemplate":"https:\/\/revistaautobus.com.br\/?s={search_term_string}"},"query-input":{"@type":"PropertyValueSpecification","valueRequired":true,"valueName":"search_term_string"}}],"inLanguage":"pt-BR"},{"@type":"Organization","@id":"https:\/\/revistaautobus.com.br\/#organization","name":"Revista AutoBus","url":"https:\/\/revistaautobus.com.br\/","logo":{"@type":"ImageObject","inLanguage":"pt-BR","@id":"https:\/\/revistaautobus.com.br\/#\/schema\/logo\/image\/","url":"https:\/\/revistaautobus.com.br\/wp-content\/uploads\/2024\/11\/logo_revista_autobus_fb.png","contentUrl":"https:\/\/revistaautobus.com.br\/wp-content\/uploads\/2024\/11\/logo_revista_autobus_fb.png","width":836,"height":227,"caption":"Revista AutoBus"},"image":{"@id":"https:\/\/revistaautobus.com.br\/#\/schema\/logo\/image\/"},"sameAs":["https:\/\/www.facebook.com\/antonio.ferro.3150","https:\/\/www.instagram.com\/revistaautobus\/"]},{"@type":"Person","@id":"https:\/\/revistaautobus.com.br\/#\/schema\/person\/54af7c3eb83a310e42ef686ef6d16f50","name":"Antonio Ferro","image":{"@type":"ImageObject","inLanguage":"pt-BR","@id":"https:\/\/revistaautobus.com.br\/wp-content\/uploads\/2025\/12\/editor_antonio_ferro-150x150.jpg","url":"https:\/\/revistaautobus.com.br\/wp-content\/uploads\/2025\/12\/editor_antonio_ferro-150x150.jpg","contentUrl":"https:\/\/revistaautobus.com.br\/wp-content\/uploads\/2025\/12\/editor_antonio_ferro-150x150.jpg","caption":"Antonio Ferro"},"description":"infobus@uol.com.br","url":"https:\/\/revistaautobus.com.br\/?author=2"}]}},"jetpack_featured_media_url":"https:\/\/revistaautobus.com.br\/wp-content\/uploads\/2025\/04\/IVECO-e-Gasmig-1.jpg","jetpack_sharing_enabled":true,"_links":{"self":[{"href":"https:\/\/revistaautobus.com.br\/index.php?rest_route=\/wp\/v2\/posts\/15195","targetHints":{"allow":["GET"]}}],"collection":[{"href":"https:\/\/revistaautobus.com.br\/index.php?rest_route=\/wp\/v2\/posts"}],"about":[{"href":"https:\/\/revistaautobus.com.br\/index.php?rest_route=\/wp\/v2\/types\/post"}],"author":[{"embeddable":true,"href":"https:\/\/revistaautobus.com.br\/index.php?rest_route=\/wp\/v2\/users\/2"}],"replies":[{"embeddable":true,"href":"https:\/\/revistaautobus.com.br\/index.php?rest_route=%2Fwp%2Fv2%2Fcomments&post=15195"}],"version-history":[{"count":2,"href":"https:\/\/revistaautobus.com.br\/index.php?rest_route=\/wp\/v2\/posts\/15195\/revisions"}],"predecessor-version":[{"id":15199,"href":"https:\/\/revistaautobus.com.br\/index.php?rest_route=\/wp\/v2\/posts\/15195\/revisions\/15199"}],"wp:featuredmedia":[{"embeddable":true,"href":"https:\/\/revistaautobus.com.br\/index.php?rest_route=\/wp\/v2\/media\/15196"}],"wp:attachment":[{"href":"https:\/\/revistaautobus.com.br\/index.php?rest_route=%2Fwp%2Fv2%2Fmedia&parent=15195"}],"wp:term":[{"taxonomy":"category","embeddable":true,"href":"https:\/\/revistaautobus.com.br\/index.php?rest_route=%2Fwp%2Fv2%2Fcategories&post=15195"},{"taxonomy":"post_tag","embeddable":true,"href":"https:\/\/revistaautobus.com.br\/index.php?rest_route=%2Fwp%2Fv2%2Ftags&post=15195"}],"curies":[{"name":"wp","href":"https:\/\/api.w.org\/{rel}","templated":true}]}}