{"id":1520,"date":"2019-03-09T08:02:00","date_gmt":"2019-03-09T11:02:00","guid":{"rendered":"https:\/\/vila8.com.br\/clientes\/autobus\/?p=1520"},"modified":"2021-06-23T12:26:06","modified_gmt":"2021-06-23T15:26:06","slug":"monitorando-a-qualidade-do-ar","status":"publish","type":"post","link":"https:\/\/revistaautobus.com.br\/?p=1520","title":{"rendered":"Monitorando a qualidade do ar"},"content":{"rendered":"\n<p>Para contribuir com o monitoramento da qualidade do ar em muitas regi\u00f5es brasileiras, a AEA &#8211; Associa\u00e7\u00e3o de Engenharia Automotiva, em parceria com o&nbsp;Minist\u00e9rio do Meio Ambiente (MMA), o Minist\u00e9rio das Minas e Energia (MME), o Instituto Brasileiro do Meio Ambiente e dos Recursos Naturais Renov\u00e1veis (IBAMA), a Ag\u00eancia Nacional do Petr\u00f3leo, G\u00e1s Natural e Biocombust\u00edveis (ANP) e a Petrobras, apresentou o LuMIAR &#8211; Laborat\u00f3rio m\u00f3vel para pesquisa e monitoramento da qualidade do ar.<\/p>\n\n\n\n<p>Idealizado pelos pesquisadores do IAG (Instituto de Astronomia, Geof\u00edsica e Ci\u00eancias Atmosf\u00e9rica da Universidade de S\u00e3o Paulo &#8211; USP), o recurso&nbsp;tecnol\u00f3gico realiza a medi\u00e7\u00e3o de todos os gases e part\u00edculas regulamentados, al\u00e9m de outros que n\u00e3o s\u00e3o coletados nas redes de monitoramento existentes, de forma bem detalhada e completa. De acordo com os envolvidos com o projeto, a estrat\u00e9gia do LuMIAR para esse primeiro ano de opera\u00e7\u00e3o e atua\u00e7\u00e3o j\u00e1 est\u00e1 definida. O primeiro de local ser\u00e1 na cidade paulista de Botucatu, em uma regi\u00e3o afastada do centro da cidade. Posteriormente, seguir\u00e1 para&nbsp;Londrina (PR) e na sequ\u00eancia para S\u00e3o Jos\u00e9 dos Campos (SP) e Rio de Janeiro (RJ). Nos intervalos entre essas cidades, tamb\u00e9m far\u00e1 medi\u00e7\u00e3o na capital paulista como base para compara\u00e7\u00f5es. \u201cVamos seguir o fluxo do vento e todos os dados coletados v\u00e3o alimentar o modelo matem\u00e1tico que pode definir&nbsp;pol\u00edticas para a ind\u00fastria como estabelecer quais as tecnologias para melhorar a qualidade do ar no Pa\u00eds, inclusive para pa\u00edses vizinhos\u201d, refor\u00e7ou Edson&nbsp;Orikassa, vice-presidente da AEA.<\/p>\n\n\n\n<p>Imagem &#8211; Divulga\u00e7\u00e3o<\/p>\n","protected":false},"excerpt":{"rendered":"<p>Idealizado pelos pesquisadores do IAG (Instituto de Astronomia, Geof\u00edsica e Ci\u00eancias Atmosf\u00e9rica da Universidade de S\u00e3o Paulo &#8211; USP), o recurso tecnol\u00f3gico realiza a medi\u00e7\u00e3o de todos os gases e part\u00edculas regulamentados<\/p>\n","protected":false},"author":1,"featured_media":1521,"comment_status":"open","ping_status":"open","sticky":false,"template":"","format":"standard","meta":{"_et_pb_use_builder":"off","_et_pb_old_content":"","_et_gb_content_width":"","_jetpack_memberships_contains_paid_content":false,"footnotes":""},"categories":[90],"tags":[],"class_list":["post-1520","post","type-post","status-publish","format-standard","has-post-thumbnail","hentry","category-noticias","et-has-post-format-content","et_post_format-et-post-format-standard"],"yoast_head":"<!-- This site is optimized with the Yoast SEO plugin v27.2 - https:\/\/yoast.com\/product\/yoast-seo-wordpress\/ -->\n<title>Monitorando a qualidade do ar - Revista AutoBus<\/title>\n<meta name=\"robots\" content=\"index, follow, max-snippet:-1, max-image-preview:large, max-video-preview:-1\" \/>\n<link rel=\"canonical\" href=\"https:\/\/revistaautobus.com.br\/?p=1520\" \/>\n<meta property=\"og:locale\" content=\"pt_BR\" \/>\n<meta property=\"og:type\" content=\"article\" \/>\n<meta property=\"og:title\" content=\"Monitorando a qualidade do ar - Revista AutoBus\" \/>\n<meta property=\"og:description\" content=\"Idealizado pelos pesquisadores do IAG (Instituto de Astronomia, Geof\u00edsica e Ci\u00eancias Atmosf\u00e9rica da Universidade de S\u00e3o Paulo - USP), o recurso tecnol\u00f3gico realiza a medi\u00e7\u00e3o de todos os gases e part\u00edculas regulamentados\" \/>\n<meta property=\"og:url\" content=\"https:\/\/revistaautobus.com.br\/?p=1520\" \/>\n<meta property=\"og:site_name\" content=\"Revista AutoBus\" \/>\n<meta property=\"article:publisher\" content=\"https:\/\/www.facebook.com\/antonio.ferro.3150\" \/>\n<meta property=\"article:published_time\" content=\"2019-03-09T11:02:00+00:00\" \/>\n<meta property=\"article:modified_time\" content=\"2021-06-23T15:26:06+00:00\" \/>\n<meta property=\"og:image\" content=\"https:\/\/revistaautobus.com.br\/wp-content\/uploads\/2021\/06\/monitorando-a-qualidade-do-ar-1554818678.jpg\" \/>\n\t<meta property=\"og:image:width\" content=\"1200\" \/>\n\t<meta property=\"og:image:height\" content=\"1800\" \/>\n\t<meta property=\"og:image:type\" content=\"image\/jpeg\" \/>\n<meta name=\"author\" content=\"vila8\" \/>\n<meta name=\"twitter:card\" content=\"summary_large_image\" \/>\n<meta name=\"twitter:label1\" content=\"Escrito por\" \/>\n\t<meta name=\"twitter:data1\" content=\"vila8\" \/>\n\t<meta name=\"twitter:label2\" content=\"Est. tempo de leitura\" \/>\n\t<meta name=\"twitter:data2\" content=\"1 minuto\" \/>\n<script type=\"application\/ld+json\" class=\"yoast-schema-graph\">{\"@context\":\"https:\/\/schema.org\",\"@graph\":[{\"@type\":\"Article\",\"@id\":\"https:\/\/revistaautobus.com.br\/?p=1520#article\",\"isPartOf\":{\"@id\":\"https:\/\/revistaautobus.com.br\/?p=1520\"},\"author\":{\"name\":\"vila8\",\"@id\":\"https:\/\/revistaautobus.com.br\/#\/schema\/person\/5de0d0d623e36dbc3bfa6f4559deb07e\"},\"headline\":\"Monitorando a qualidade do ar\",\"datePublished\":\"2019-03-09T11:02:00+00:00\",\"dateModified\":\"2021-06-23T15:26:06+00:00\",\"mainEntityOfPage\":{\"@id\":\"https:\/\/revistaautobus.com.br\/?p=1520\"},\"wordCount\":297,\"commentCount\":0,\"publisher\":{\"@id\":\"https:\/\/revistaautobus.com.br\/#organization\"},\"image\":{\"@id\":\"https:\/\/revistaautobus.com.br\/?p=1520#primaryimage\"},\"thumbnailUrl\":\"https:\/\/revistaautobus.com.br\/wp-content\/uploads\/2021\/06\/monitorando-a-qualidade-do-ar-1554818678.jpg\",\"articleSection\":[\"Not\u00edcias\"],\"inLanguage\":\"pt-BR\",\"potentialAction\":[{\"@type\":\"CommentAction\",\"name\":\"Comment\",\"target\":[\"https:\/\/revistaautobus.com.br\/?p=1520#respond\"]}]},{\"@type\":\"WebPage\",\"@id\":\"https:\/\/revistaautobus.com.br\/?p=1520\",\"url\":\"https:\/\/revistaautobus.com.br\/?p=1520\",\"name\":\"Monitorando a qualidade do ar - Revista AutoBus\",\"isPartOf\":{\"@id\":\"https:\/\/revistaautobus.com.br\/#website\"},\"primaryImageOfPage\":{\"@id\":\"https:\/\/revistaautobus.com.br\/?p=1520#primaryimage\"},\"image\":{\"@id\":\"https:\/\/revistaautobus.com.br\/?p=1520#primaryimage\"},\"thumbnailUrl\":\"https:\/\/revistaautobus.com.br\/wp-content\/uploads\/2021\/06\/monitorando-a-qualidade-do-ar-1554818678.jpg\",\"datePublished\":\"2019-03-09T11:02:00+00:00\",\"dateModified\":\"2021-06-23T15:26:06+00:00\",\"breadcrumb\":{\"@id\":\"https:\/\/revistaautobus.com.br\/?p=1520#breadcrumb\"},\"inLanguage\":\"pt-BR\",\"potentialAction\":[{\"@type\":\"ReadAction\",\"target\":[\"https:\/\/revistaautobus.com.br\/?p=1520\"]}]},{\"@type\":\"ImageObject\",\"inLanguage\":\"pt-BR\",\"@id\":\"https:\/\/revistaautobus.com.br\/?p=1520#primaryimage\",\"url\":\"https:\/\/revistaautobus.com.br\/wp-content\/uploads\/2021\/06\/monitorando-a-qualidade-do-ar-1554818678.jpg\",\"contentUrl\":\"https:\/\/revistaautobus.com.br\/wp-content\/uploads\/2021\/06\/monitorando-a-qualidade-do-ar-1554818678.jpg\",\"width\":1200,\"height\":1800},{\"@type\":\"BreadcrumbList\",\"@id\":\"https:\/\/revistaautobus.com.br\/?p=1520#breadcrumb\",\"itemListElement\":[{\"@type\":\"ListItem\",\"position\":1,\"name\":\"In\u00edcio\",\"item\":\"https:\/\/revistaautobus.com.br\/\"},{\"@type\":\"ListItem\",\"position\":2,\"name\":\"Monitorando a qualidade do ar\"}]},{\"@type\":\"WebSite\",\"@id\":\"https:\/\/revistaautobus.com.br\/#website\",\"url\":\"https:\/\/revistaautobus.com.br\/\",\"name\":\"Revista AutoBus\",\"description\":\"\",\"publisher\":{\"@id\":\"https:\/\/revistaautobus.com.br\/#organization\"},\"potentialAction\":[{\"@type\":\"SearchAction\",\"target\":{\"@type\":\"EntryPoint\",\"urlTemplate\":\"https:\/\/revistaautobus.com.br\/?s={search_term_string}\"},\"query-input\":{\"@type\":\"PropertyValueSpecification\",\"valueRequired\":true,\"valueName\":\"search_term_string\"}}],\"inLanguage\":\"pt-BR\"},{\"@type\":\"Organization\",\"@id\":\"https:\/\/revistaautobus.com.br\/#organization\",\"name\":\"Revista AutoBus\",\"url\":\"https:\/\/revistaautobus.com.br\/\",\"logo\":{\"@type\":\"ImageObject\",\"inLanguage\":\"pt-BR\",\"@id\":\"https:\/\/revistaautobus.com.br\/#\/schema\/logo\/image\/\",\"url\":\"https:\/\/revistaautobus.com.br\/wp-content\/uploads\/2024\/11\/logo_revista_autobus_fb.png\",\"contentUrl\":\"https:\/\/revistaautobus.com.br\/wp-content\/uploads\/2024\/11\/logo_revista_autobus_fb.png\",\"width\":836,\"height\":227,\"caption\":\"Revista AutoBus\"},\"image\":{\"@id\":\"https:\/\/revistaautobus.com.br\/#\/schema\/logo\/image\/\"},\"sameAs\":[\"https:\/\/www.facebook.com\/antonio.ferro.3150\",\"https:\/\/www.instagram.com\/revistaautobus\/\"]},{\"@type\":\"Person\",\"@id\":\"https:\/\/revistaautobus.com.br\/#\/schema\/person\/5de0d0d623e36dbc3bfa6f4559deb07e\",\"name\":\"vila8\",\"image\":{\"@type\":\"ImageObject\",\"inLanguage\":\"pt-BR\",\"@id\":\"https:\/\/secure.gravatar.com\/avatar\/dafc4c617e7acdc010f9d6f4f8a0712ac362ca4ff8bc3063cc9c7422b6e70fde?s=96&d=mm&r=g\",\"url\":\"https:\/\/secure.gravatar.com\/avatar\/dafc4c617e7acdc010f9d6f4f8a0712ac362ca4ff8bc3063cc9c7422b6e70fde?s=96&d=mm&r=g\",\"contentUrl\":\"https:\/\/secure.gravatar.com\/avatar\/dafc4c617e7acdc010f9d6f4f8a0712ac362ca4ff8bc3063cc9c7422b6e70fde?s=96&d=mm&r=g\",\"caption\":\"vila8\"},\"sameAs\":[\"http:\/\/wp-json\/wp\/v2\/users\/me\"],\"url\":\"https:\/\/revistaautobus.com.br\/?author=1\"}]}<\/script>\n<!-- \/ Yoast SEO plugin. -->","yoast_head_json":{"title":"Monitorando a qualidade do ar - Revista AutoBus","robots":{"index":"index","follow":"follow","max-snippet":"max-snippet:-1","max-image-preview":"max-image-preview:large","max-video-preview":"max-video-preview:-1"},"canonical":"https:\/\/revistaautobus.com.br\/?p=1520","og_locale":"pt_BR","og_type":"article","og_title":"Monitorando a qualidade do ar - Revista AutoBus","og_description":"Idealizado pelos pesquisadores do IAG (Instituto de Astronomia, Geof\u00edsica e Ci\u00eancias Atmosf\u00e9rica da Universidade de S\u00e3o Paulo - USP), o recurso tecnol\u00f3gico realiza a medi\u00e7\u00e3o de todos os gases e part\u00edculas regulamentados","og_url":"https:\/\/revistaautobus.com.br\/?p=1520","og_site_name":"Revista AutoBus","article_publisher":"https:\/\/www.facebook.com\/antonio.ferro.3150","article_published_time":"2019-03-09T11:02:00+00:00","article_modified_time":"2021-06-23T15:26:06+00:00","og_image":[{"width":1200,"height":1800,"url":"https:\/\/revistaautobus.com.br\/wp-content\/uploads\/2021\/06\/monitorando-a-qualidade-do-ar-1554818678.jpg","type":"image\/jpeg"}],"author":"vila8","twitter_card":"summary_large_image","twitter_misc":{"Escrito por":"vila8","Est. tempo de leitura":"1 minuto"},"schema":{"@context":"https:\/\/schema.org","@graph":[{"@type":"Article","@id":"https:\/\/revistaautobus.com.br\/?p=1520#article","isPartOf":{"@id":"https:\/\/revistaautobus.com.br\/?p=1520"},"author":{"name":"vila8","@id":"https:\/\/revistaautobus.com.br\/#\/schema\/person\/5de0d0d623e36dbc3bfa6f4559deb07e"},"headline":"Monitorando a qualidade do ar","datePublished":"2019-03-09T11:02:00+00:00","dateModified":"2021-06-23T15:26:06+00:00","mainEntityOfPage":{"@id":"https:\/\/revistaautobus.com.br\/?p=1520"},"wordCount":297,"commentCount":0,"publisher":{"@id":"https:\/\/revistaautobus.com.br\/#organization"},"image":{"@id":"https:\/\/revistaautobus.com.br\/?p=1520#primaryimage"},"thumbnailUrl":"https:\/\/revistaautobus.com.br\/wp-content\/uploads\/2021\/06\/monitorando-a-qualidade-do-ar-1554818678.jpg","articleSection":["Not\u00edcias"],"inLanguage":"pt-BR","potentialAction":[{"@type":"CommentAction","name":"Comment","target":["https:\/\/revistaautobus.com.br\/?p=1520#respond"]}]},{"@type":"WebPage","@id":"https:\/\/revistaautobus.com.br\/?p=1520","url":"https:\/\/revistaautobus.com.br\/?p=1520","name":"Monitorando a qualidade do ar - Revista AutoBus","isPartOf":{"@id":"https:\/\/revistaautobus.com.br\/#website"},"primaryImageOfPage":{"@id":"https:\/\/revistaautobus.com.br\/?p=1520#primaryimage"},"image":{"@id":"https:\/\/revistaautobus.com.br\/?p=1520#primaryimage"},"thumbnailUrl":"https:\/\/revistaautobus.com.br\/wp-content\/uploads\/2021\/06\/monitorando-a-qualidade-do-ar-1554818678.jpg","datePublished":"2019-03-09T11:02:00+00:00","dateModified":"2021-06-23T15:26:06+00:00","breadcrumb":{"@id":"https:\/\/revistaautobus.com.br\/?p=1520#breadcrumb"},"inLanguage":"pt-BR","potentialAction":[{"@type":"ReadAction","target":["https:\/\/revistaautobus.com.br\/?p=1520"]}]},{"@type":"ImageObject","inLanguage":"pt-BR","@id":"https:\/\/revistaautobus.com.br\/?p=1520#primaryimage","url":"https:\/\/revistaautobus.com.br\/wp-content\/uploads\/2021\/06\/monitorando-a-qualidade-do-ar-1554818678.jpg","contentUrl":"https:\/\/revistaautobus.com.br\/wp-content\/uploads\/2021\/06\/monitorando-a-qualidade-do-ar-1554818678.jpg","width":1200,"height":1800},{"@type":"BreadcrumbList","@id":"https:\/\/revistaautobus.com.br\/?p=1520#breadcrumb","itemListElement":[{"@type":"ListItem","position":1,"name":"In\u00edcio","item":"https:\/\/revistaautobus.com.br\/"},{"@type":"ListItem","position":2,"name":"Monitorando a qualidade do ar"}]},{"@type":"WebSite","@id":"https:\/\/revistaautobus.com.br\/#website","url":"https:\/\/revistaautobus.com.br\/","name":"Revista AutoBus","description":"","publisher":{"@id":"https:\/\/revistaautobus.com.br\/#organization"},"potentialAction":[{"@type":"SearchAction","target":{"@type":"EntryPoint","urlTemplate":"https:\/\/revistaautobus.com.br\/?s={search_term_string}"},"query-input":{"@type":"PropertyValueSpecification","valueRequired":true,"valueName":"search_term_string"}}],"inLanguage":"pt-BR"},{"@type":"Organization","@id":"https:\/\/revistaautobus.com.br\/#organization","name":"Revista AutoBus","url":"https:\/\/revistaautobus.com.br\/","logo":{"@type":"ImageObject","inLanguage":"pt-BR","@id":"https:\/\/revistaautobus.com.br\/#\/schema\/logo\/image\/","url":"https:\/\/revistaautobus.com.br\/wp-content\/uploads\/2024\/11\/logo_revista_autobus_fb.png","contentUrl":"https:\/\/revistaautobus.com.br\/wp-content\/uploads\/2024\/11\/logo_revista_autobus_fb.png","width":836,"height":227,"caption":"Revista AutoBus"},"image":{"@id":"https:\/\/revistaautobus.com.br\/#\/schema\/logo\/image\/"},"sameAs":["https:\/\/www.facebook.com\/antonio.ferro.3150","https:\/\/www.instagram.com\/revistaautobus\/"]},{"@type":"Person","@id":"https:\/\/revistaautobus.com.br\/#\/schema\/person\/5de0d0d623e36dbc3bfa6f4559deb07e","name":"vila8","image":{"@type":"ImageObject","inLanguage":"pt-BR","@id":"https:\/\/secure.gravatar.com\/avatar\/dafc4c617e7acdc010f9d6f4f8a0712ac362ca4ff8bc3063cc9c7422b6e70fde?s=96&d=mm&r=g","url":"https:\/\/secure.gravatar.com\/avatar\/dafc4c617e7acdc010f9d6f4f8a0712ac362ca4ff8bc3063cc9c7422b6e70fde?s=96&d=mm&r=g","contentUrl":"https:\/\/secure.gravatar.com\/avatar\/dafc4c617e7acdc010f9d6f4f8a0712ac362ca4ff8bc3063cc9c7422b6e70fde?s=96&d=mm&r=g","caption":"vila8"},"sameAs":["http:\/\/wp-json\/wp\/v2\/users\/me"],"url":"https:\/\/revistaautobus.com.br\/?author=1"}]}},"jetpack_featured_media_url":"https:\/\/revistaautobus.com.br\/wp-content\/uploads\/2021\/06\/monitorando-a-qualidade-do-ar-1554818678.jpg","jetpack_sharing_enabled":true,"_links":{"self":[{"href":"https:\/\/revistaautobus.com.br\/index.php?rest_route=\/wp\/v2\/posts\/1520","targetHints":{"allow":["GET"]}}],"collection":[{"href":"https:\/\/revistaautobus.com.br\/index.php?rest_route=\/wp\/v2\/posts"}],"about":[{"href":"https:\/\/revistaautobus.com.br\/index.php?rest_route=\/wp\/v2\/types\/post"}],"author":[{"embeddable":true,"href":"https:\/\/revistaautobus.com.br\/index.php?rest_route=\/wp\/v2\/users\/1"}],"replies":[{"embeddable":true,"href":"https:\/\/revistaautobus.com.br\/index.php?rest_route=%2Fwp%2Fv2%2Fcomments&post=1520"}],"version-history":[{"count":1,"href":"https:\/\/revistaautobus.com.br\/index.php?rest_route=\/wp\/v2\/posts\/1520\/revisions"}],"predecessor-version":[{"id":1522,"href":"https:\/\/revistaautobus.com.br\/index.php?rest_route=\/wp\/v2\/posts\/1520\/revisions\/1522"}],"wp:featuredmedia":[{"embeddable":true,"href":"https:\/\/revistaautobus.com.br\/index.php?rest_route=\/wp\/v2\/media\/1521"}],"wp:attachment":[{"href":"https:\/\/revistaautobus.com.br\/index.php?rest_route=%2Fwp%2Fv2%2Fmedia&parent=1520"}],"wp:term":[{"taxonomy":"category","embeddable":true,"href":"https:\/\/revistaautobus.com.br\/index.php?rest_route=%2Fwp%2Fv2%2Fcategories&post=1520"},{"taxonomy":"post_tag","embeddable":true,"href":"https:\/\/revistaautobus.com.br\/index.php?rest_route=%2Fwp%2Fv2%2Ftags&post=1520"}],"curies":[{"name":"wp","href":"https:\/\/api.w.org\/{rel}","templated":true}]}}