{"id":15220,"date":"2025-04-25T08:15:43","date_gmt":"2025-04-25T11:15:43","guid":{"rendered":"https:\/\/revistaautobus.com.br\/?p=15220"},"modified":"2025-04-25T08:16:25","modified_gmt":"2025-04-25T11:16:25","slug":"r-300-milhoes-nao-sao-r-300-mil","status":"publish","type":"post","link":"https:\/\/revistaautobus.com.br\/?p=15220","title":{"rendered":"R$ 300 milh\u00f5es n\u00e3o s\u00e3o R$ 300 mil"},"content":{"rendered":"<p>O sistema paulistano de \u00f4nibus urbano, em seu af\u00e3 para promover o processo de descarboniza\u00e7\u00e3o em seus servi\u00e7os, sem levar em considera\u00e7\u00e3o um per\u00edodo de planejamento e matura\u00e7\u00e3o quanto a implantar um modelo de eletrifica\u00e7\u00e3o, tem provocado distor\u00e7\u00f5es na forma operacional e financeira que comprometem toda cadeia do transporte coletivo, causando at\u00e9 preju\u00edzos, pois o investimento na substitui\u00e7\u00e3o for\u00e7ada dos \u00f4nibus a diesel por el\u00e9tricos tem custado muito para os cofres municipais.<\/p>\n<p>Um exemplo nesse contexto pode ser visto, recentemente, em meio \u00e0s controv\u00e9rsias relacionadas ao investimento em infraestrutura necess\u00e1ria para o sucesso comercial do intento. Mercedes-Benz, uma das fornecedoras dos \u00f4nibus el\u00e9tricos para a capital paulista, revelou, recentemente, que sente na pele a falta de um plano de gest\u00e3o p\u00fablica que desvincula o modelo de financiamento dos demais aspectos presentes nessa transi\u00e7\u00e3o.<\/p>\n<p>Segundo Walter Barbosa, vice-presidente de Vendas, Marketing e Pe\u00e7as &amp; Servi\u00e7os \u00d4nibus da Mercedes-Benz do Brasil, a fabricante tem a receber R$ 300 milh\u00f5es da prefeitura paulistana (via operadores), referidos a 175 \u00f4nibus produzidos, entre 2024 e 2025, para algumas concession\u00e1rias que n\u00e3o conseguem operar esses ve\u00edculos por n\u00e3o ter infraestrutura el\u00e9trica em suas garagens, que necessitam de uma rede de alta tens\u00e3o para abastecer os sistemas de recarga. \u201cDentro do atual pacote que envolve estrutura e financiamento \u00e9 preciso rever o modelo praticado, com o redesenho do contrato que exige a completa infraestrutura el\u00e9trica para a libera\u00e7\u00e3o dos recursos financeiros, o que n\u00e3o est\u00e1 acontecendo em virtude de a fornecedora de energia n\u00e3o estar cumprindo com as suas obriga\u00e7\u00f5es\u201d.<\/p>\n<p>Ainda, de acordo com o executivo, a Mercedes-Benz tem conversado com a prefeitura de S\u00e3o Paulo e com outros \u00f3rg\u00e3os p\u00fablicos de financiamento (BNDES \u00e9 um deles) para revisar esse modelo de contrato, desvinculando o recebimento dos ve\u00edculos produzidos da necessidade de implanta\u00e7\u00e3o da infraestrutura de energia el\u00e9trica. \u201cDo que estamos propondo, numa das possibilidades, \u00e9 desvincular a produ\u00e7\u00e3o e a entrega dos ve\u00edculos da necessidade da infraestrutura implantada nas garagens. Produziu e entregou o \u00f4nibus, recebe. Outra sugest\u00e3o \u00e9 o contrato <em>Turn Key<\/em>, com cl\u00e1usulas de multa, exigindo dos fornecedores relacionados com essa transi\u00e7\u00e3o tecnol\u00f3gica, o cumprimento do que foi acordado\u201d, explicou Walter.<\/p>\n<p>Nesse imbr\u00f3glio paulistano sobre o sistema de \u00f4nibus, a\u00e7\u00f5es mais ordenadas em prol da efici\u00eancia operacional poderiam ser adotadas, como a implanta\u00e7\u00e3o de corredores aptos a dar fluidez ao sistema, proporcionando rapidez nas viagens e conforto aos passageiros. Contudo, preferiu-se comprar \u00f4nibus el\u00e9trico para um setor que pouco impacta nas emiss\u00f5es poluentes. E, com a proibi\u00e7\u00e3o de aquisi\u00e7\u00e3o de \u00f4nibus a diesel, a cidade ressente o envelhecimento de sua frota e a consequente perda de qualidade na opera\u00e7\u00e3o.<\/p>\n<p>A marca j\u00e1 forneceu 111 unidades de seu chassi el\u00e9trico eO500U para v\u00e1rios mercados nacionais, sendo que a cidade de S\u00e3o Paulo \u00e9 a que conta com a maior parte dessa frota el\u00e9trica. Al\u00e9m de um produto pr\u00f3prio, a fabricante fornece apenas o quadro do chassi, com eixos, para que outra empresa do ramo fa\u00e7a interface tecnol\u00f3gica visando modelo 100% el\u00e9trico a bateria. Esse total alcan\u00e7a 325 chassis em parceria com a Eletra.<\/p>\n<p>Na linha de atua\u00e7\u00e3o da marca em dire\u00e7\u00e3o \u00e0 descarboniza\u00e7\u00e3o do transporte coletivo, outras alternativas podem ser desenvolvidas comercialmente e aproveitadas. Walter Barbosa comentou que h\u00e1 tecnologias que podem contribuir com as metas ambientais, como os biocombust\u00edveis que n\u00e3o necessitam de uma estrutura espec\u00edfica de abastecimento, no caso, o HVO e o biodiesel. \u201cTemos uma riqueza em biocombust\u00edvel que pode ser combinada com a eletrifica\u00e7\u00e3o em diversas circunst\u00e2ncias encontradas no Brasil. Al\u00e9m do que, podemos, ainda, pensar em biometano, combust\u00edvel que tem o poder da descarboniza\u00e7\u00e3o. Tudo isso, claro, depende do planejamento para que n\u00e3o ocorra os mesmos erros desse processo de eletrifica\u00e7\u00e3o\u201d, observou.<\/p>\n<p>O vice-presidente da Mercedes-Benz atentou para outro ponto muito importante visando a mobilidade sustent\u00e1vel no transporte p\u00fablico, que \u00e9 a necessidade de renova\u00e7\u00e3o de frota dos \u00f4nibus a diesel, com investimentos em modelos Euro VI que reduzem drasticamente as emiss\u00f5es de \u00d3xidos de Nitrog\u00eanio e de Material Particulado, gases altamente prejudiciais \u00e0 sa\u00fade p\u00fablica. \u201cPor isso, programas de financiamento como o Refrota, por exemplo, s\u00e3o fundamentais para que as empresas possam renovar suas frotas com \u00f4nibus cada vez mais compat\u00edveis com o meio ambiente. Em suma, com nossos \u00f4nibus el\u00e9tricos e com os consagrados modelos a diesel com tecnologia BlueTec 6, a Mercedes-Benz refor\u00e7a seu compromisso com o transporte sustent\u00e1vel, sem abrir m\u00e3o da efici\u00eancia e rentabilidade para as operadoras\u201d, afirmou.<\/p>\n<p><span style=\"color: #3366ff;\"><em>Obs. \u2013 <strong>Este espa\u00e7o n\u00e3o se cansa de refor\u00e7ar que a mobilidade coletiva e os servi\u00e7os de \u00f4nibus urbanos s\u00f3 voltar\u00e3o a ser competitivos se houver um conjunto de medidas que priorizem o modal na cena, dando-lhe capacidade para ser atrativo perante outros modelos de deslocamento. N\u00e3o \u00e9 uma tecnologia de propuls\u00e3o que far\u00e1 isso.<\/strong><\/em><\/span><\/p>\n<p>Imagem &#8211; Revista AutoBus<\/p>\n","protected":false},"excerpt":{"rendered":"<p>E mesmo que fossem R$ 300 mil ningu\u00e9m, no mundo dos neg\u00f3cios corporativos, quer levar preju\u00edzo ante a competitividade<\/p>\n","protected":false},"author":2,"featured_media":15221,"comment_status":"open","ping_status":"open","sticky":false,"template":"","format":"standard","meta":{"_et_pb_use_builder":"","_et_pb_old_content":"","_et_gb_content_width":"","_jetpack_memberships_contains_paid_content":false,"footnotes":""},"categories":[562,90],"tags":[17],"class_list":["post-15220","post","type-post","status-publish","format-standard","has-post-thumbnail","hentry","category-eletrificacao","category-noticias","tag-mercedes-benz","et-has-post-format-content","et_post_format-et-post-format-standard"],"yoast_head":"<!-- This site is optimized with the Yoast SEO plugin v27.2 - https:\/\/yoast.com\/product\/yoast-seo-wordpress\/ -->\n<title>R$ 300 milh\u00f5es n\u00e3o s\u00e3o R$ 300 mil - Revista AutoBus<\/title>\n<meta name=\"robots\" content=\"index, follow, max-snippet:-1, max-image-preview:large, max-video-preview:-1\" \/>\n<link rel=\"canonical\" href=\"https:\/\/revistaautobus.com.br\/?p=15220\" \/>\n<meta property=\"og:locale\" content=\"pt_BR\" \/>\n<meta property=\"og:type\" content=\"article\" \/>\n<meta property=\"og:title\" content=\"R$ 300 milh\u00f5es n\u00e3o s\u00e3o R$ 300 mil - Revista AutoBus\" \/>\n<meta property=\"og:description\" content=\"E mesmo que fossem R$ 300 mil ningu\u00e9m, no mundo dos neg\u00f3cios corporativos, quer levar preju\u00edzo ante a competitividade\" \/>\n<meta property=\"og:url\" content=\"https:\/\/revistaautobus.com.br\/?p=15220\" \/>\n<meta property=\"og:site_name\" content=\"Revista AutoBus\" \/>\n<meta property=\"article:publisher\" content=\"https:\/\/www.facebook.com\/antonio.ferro.3150\" \/>\n<meta property=\"article:published_time\" content=\"2025-04-25T11:15:43+00:00\" \/>\n<meta property=\"article:modified_time\" content=\"2025-04-25T11:16:25+00:00\" \/>\n<meta property=\"og:image\" content=\"https:\/\/revistaautobus.com.br\/wp-content\/uploads\/2025\/04\/IMG_20250422_122726542_HDR.jpg\" \/>\n\t<meta property=\"og:image:width\" content=\"890\" \/>\n\t<meta property=\"og:image:height\" content=\"752\" \/>\n\t<meta property=\"og:image:type\" content=\"image\/jpeg\" \/>\n<meta name=\"author\" content=\"Antonio Ferro\" \/>\n<meta name=\"twitter:card\" content=\"summary_large_image\" \/>\n<meta name=\"twitter:label1\" content=\"Escrito por\" \/>\n\t<meta name=\"twitter:data1\" content=\"Antonio Ferro\" \/>\n\t<meta name=\"twitter:label2\" content=\"Est. tempo de leitura\" \/>\n\t<meta name=\"twitter:data2\" content=\"5 minutos\" \/>\n<script type=\"application\/ld+json\" class=\"yoast-schema-graph\">{\"@context\":\"https:\/\/schema.org\",\"@graph\":[{\"@type\":\"Article\",\"@id\":\"https:\/\/revistaautobus.com.br\/?p=15220#article\",\"isPartOf\":{\"@id\":\"https:\/\/revistaautobus.com.br\/?p=15220\"},\"author\":{\"name\":\"Antonio Ferro\",\"@id\":\"https:\/\/revistaautobus.com.br\/#\/schema\/person\/54af7c3eb83a310e42ef686ef6d16f50\"},\"headline\":\"R$ 300 milh\u00f5es n\u00e3o s\u00e3o R$ 300 mil\",\"datePublished\":\"2025-04-25T11:15:43+00:00\",\"dateModified\":\"2025-04-25T11:16:25+00:00\",\"mainEntityOfPage\":{\"@id\":\"https:\/\/revistaautobus.com.br\/?p=15220\"},\"wordCount\":881,\"commentCount\":2,\"publisher\":{\"@id\":\"https:\/\/revistaautobus.com.br\/#organization\"},\"image\":{\"@id\":\"https:\/\/revistaautobus.com.br\/?p=15220#primaryimage\"},\"thumbnailUrl\":\"https:\/\/revistaautobus.com.br\/wp-content\/uploads\/2025\/04\/IMG_20250422_122726542_HDR.jpg\",\"keywords\":[\"mercedes-benz\"],\"articleSection\":[\"Eletrifica\u00e7\u00e3o\",\"Not\u00edcias\"],\"inLanguage\":\"pt-BR\",\"potentialAction\":[{\"@type\":\"CommentAction\",\"name\":\"Comment\",\"target\":[\"https:\/\/revistaautobus.com.br\/?p=15220#respond\"]}]},{\"@type\":\"WebPage\",\"@id\":\"https:\/\/revistaautobus.com.br\/?p=15220\",\"url\":\"https:\/\/revistaautobus.com.br\/?p=15220\",\"name\":\"R$ 300 milh\u00f5es n\u00e3o s\u00e3o R$ 300 mil - Revista AutoBus\",\"isPartOf\":{\"@id\":\"https:\/\/revistaautobus.com.br\/#website\"},\"primaryImageOfPage\":{\"@id\":\"https:\/\/revistaautobus.com.br\/?p=15220#primaryimage\"},\"image\":{\"@id\":\"https:\/\/revistaautobus.com.br\/?p=15220#primaryimage\"},\"thumbnailUrl\":\"https:\/\/revistaautobus.com.br\/wp-content\/uploads\/2025\/04\/IMG_20250422_122726542_HDR.jpg\",\"datePublished\":\"2025-04-25T11:15:43+00:00\",\"dateModified\":\"2025-04-25T11:16:25+00:00\",\"breadcrumb\":{\"@id\":\"https:\/\/revistaautobus.com.br\/?p=15220#breadcrumb\"},\"inLanguage\":\"pt-BR\",\"potentialAction\":[{\"@type\":\"ReadAction\",\"target\":[\"https:\/\/revistaautobus.com.br\/?p=15220\"]}]},{\"@type\":\"ImageObject\",\"inLanguage\":\"pt-BR\",\"@id\":\"https:\/\/revistaautobus.com.br\/?p=15220#primaryimage\",\"url\":\"https:\/\/revistaautobus.com.br\/wp-content\/uploads\/2025\/04\/IMG_20250422_122726542_HDR.jpg\",\"contentUrl\":\"https:\/\/revistaautobus.com.br\/wp-content\/uploads\/2025\/04\/IMG_20250422_122726542_HDR.jpg\",\"width\":890,\"height\":752},{\"@type\":\"BreadcrumbList\",\"@id\":\"https:\/\/revistaautobus.com.br\/?p=15220#breadcrumb\",\"itemListElement\":[{\"@type\":\"ListItem\",\"position\":1,\"name\":\"In\u00edcio\",\"item\":\"https:\/\/revistaautobus.com.br\/\"},{\"@type\":\"ListItem\",\"position\":2,\"name\":\"R$ 300 milh\u00f5es n\u00e3o s\u00e3o R$ 300 mil\"}]},{\"@type\":\"WebSite\",\"@id\":\"https:\/\/revistaautobus.com.br\/#website\",\"url\":\"https:\/\/revistaautobus.com.br\/\",\"name\":\"Revista AutoBus\",\"description\":\"\",\"publisher\":{\"@id\":\"https:\/\/revistaautobus.com.br\/#organization\"},\"potentialAction\":[{\"@type\":\"SearchAction\",\"target\":{\"@type\":\"EntryPoint\",\"urlTemplate\":\"https:\/\/revistaautobus.com.br\/?s={search_term_string}\"},\"query-input\":{\"@type\":\"PropertyValueSpecification\",\"valueRequired\":true,\"valueName\":\"search_term_string\"}}],\"inLanguage\":\"pt-BR\"},{\"@type\":\"Organization\",\"@id\":\"https:\/\/revistaautobus.com.br\/#organization\",\"name\":\"Revista AutoBus\",\"url\":\"https:\/\/revistaautobus.com.br\/\",\"logo\":{\"@type\":\"ImageObject\",\"inLanguage\":\"pt-BR\",\"@id\":\"https:\/\/revistaautobus.com.br\/#\/schema\/logo\/image\/\",\"url\":\"https:\/\/revistaautobus.com.br\/wp-content\/uploads\/2024\/11\/logo_revista_autobus_fb.png\",\"contentUrl\":\"https:\/\/revistaautobus.com.br\/wp-content\/uploads\/2024\/11\/logo_revista_autobus_fb.png\",\"width\":836,\"height\":227,\"caption\":\"Revista AutoBus\"},\"image\":{\"@id\":\"https:\/\/revistaautobus.com.br\/#\/schema\/logo\/image\/\"},\"sameAs\":[\"https:\/\/www.facebook.com\/antonio.ferro.3150\",\"https:\/\/www.instagram.com\/revistaautobus\/\"]},{\"@type\":\"Person\",\"@id\":\"https:\/\/revistaautobus.com.br\/#\/schema\/person\/54af7c3eb83a310e42ef686ef6d16f50\",\"name\":\"Antonio Ferro\",\"image\":{\"@type\":\"ImageObject\",\"inLanguage\":\"pt-BR\",\"@id\":\"https:\/\/revistaautobus.com.br\/wp-content\/uploads\/2025\/12\/editor_antonio_ferro-150x150.jpg\",\"url\":\"https:\/\/revistaautobus.com.br\/wp-content\/uploads\/2025\/12\/editor_antonio_ferro-150x150.jpg\",\"contentUrl\":\"https:\/\/revistaautobus.com.br\/wp-content\/uploads\/2025\/12\/editor_antonio_ferro-150x150.jpg\",\"caption\":\"Antonio Ferro\"},\"description\":\"infobus@uol.com.br\",\"url\":\"https:\/\/revistaautobus.com.br\/?author=2\"}]}<\/script>\n<!-- \/ Yoast SEO plugin. -->","yoast_head_json":{"title":"R$ 300 milh\u00f5es n\u00e3o s\u00e3o R$ 300 mil - Revista AutoBus","robots":{"index":"index","follow":"follow","max-snippet":"max-snippet:-1","max-image-preview":"max-image-preview:large","max-video-preview":"max-video-preview:-1"},"canonical":"https:\/\/revistaautobus.com.br\/?p=15220","og_locale":"pt_BR","og_type":"article","og_title":"R$ 300 milh\u00f5es n\u00e3o s\u00e3o R$ 300 mil - Revista AutoBus","og_description":"E mesmo que fossem R$ 300 mil ningu\u00e9m, no mundo dos neg\u00f3cios corporativos, quer levar preju\u00edzo ante a competitividade","og_url":"https:\/\/revistaautobus.com.br\/?p=15220","og_site_name":"Revista AutoBus","article_publisher":"https:\/\/www.facebook.com\/antonio.ferro.3150","article_published_time":"2025-04-25T11:15:43+00:00","article_modified_time":"2025-04-25T11:16:25+00:00","og_image":[{"width":890,"height":752,"url":"https:\/\/revistaautobus.com.br\/wp-content\/uploads\/2025\/04\/IMG_20250422_122726542_HDR.jpg","type":"image\/jpeg"}],"author":"Antonio Ferro","twitter_card":"summary_large_image","twitter_misc":{"Escrito por":"Antonio Ferro","Est. tempo de leitura":"5 minutos"},"schema":{"@context":"https:\/\/schema.org","@graph":[{"@type":"Article","@id":"https:\/\/revistaautobus.com.br\/?p=15220#article","isPartOf":{"@id":"https:\/\/revistaautobus.com.br\/?p=15220"},"author":{"name":"Antonio Ferro","@id":"https:\/\/revistaautobus.com.br\/#\/schema\/person\/54af7c3eb83a310e42ef686ef6d16f50"},"headline":"R$ 300 milh\u00f5es n\u00e3o s\u00e3o R$ 300 mil","datePublished":"2025-04-25T11:15:43+00:00","dateModified":"2025-04-25T11:16:25+00:00","mainEntityOfPage":{"@id":"https:\/\/revistaautobus.com.br\/?p=15220"},"wordCount":881,"commentCount":2,"publisher":{"@id":"https:\/\/revistaautobus.com.br\/#organization"},"image":{"@id":"https:\/\/revistaautobus.com.br\/?p=15220#primaryimage"},"thumbnailUrl":"https:\/\/revistaautobus.com.br\/wp-content\/uploads\/2025\/04\/IMG_20250422_122726542_HDR.jpg","keywords":["mercedes-benz"],"articleSection":["Eletrifica\u00e7\u00e3o","Not\u00edcias"],"inLanguage":"pt-BR","potentialAction":[{"@type":"CommentAction","name":"Comment","target":["https:\/\/revistaautobus.com.br\/?p=15220#respond"]}]},{"@type":"WebPage","@id":"https:\/\/revistaautobus.com.br\/?p=15220","url":"https:\/\/revistaautobus.com.br\/?p=15220","name":"R$ 300 milh\u00f5es n\u00e3o s\u00e3o R$ 300 mil - Revista AutoBus","isPartOf":{"@id":"https:\/\/revistaautobus.com.br\/#website"},"primaryImageOfPage":{"@id":"https:\/\/revistaautobus.com.br\/?p=15220#primaryimage"},"image":{"@id":"https:\/\/revistaautobus.com.br\/?p=15220#primaryimage"},"thumbnailUrl":"https:\/\/revistaautobus.com.br\/wp-content\/uploads\/2025\/04\/IMG_20250422_122726542_HDR.jpg","datePublished":"2025-04-25T11:15:43+00:00","dateModified":"2025-04-25T11:16:25+00:00","breadcrumb":{"@id":"https:\/\/revistaautobus.com.br\/?p=15220#breadcrumb"},"inLanguage":"pt-BR","potentialAction":[{"@type":"ReadAction","target":["https:\/\/revistaautobus.com.br\/?p=15220"]}]},{"@type":"ImageObject","inLanguage":"pt-BR","@id":"https:\/\/revistaautobus.com.br\/?p=15220#primaryimage","url":"https:\/\/revistaautobus.com.br\/wp-content\/uploads\/2025\/04\/IMG_20250422_122726542_HDR.jpg","contentUrl":"https:\/\/revistaautobus.com.br\/wp-content\/uploads\/2025\/04\/IMG_20250422_122726542_HDR.jpg","width":890,"height":752},{"@type":"BreadcrumbList","@id":"https:\/\/revistaautobus.com.br\/?p=15220#breadcrumb","itemListElement":[{"@type":"ListItem","position":1,"name":"In\u00edcio","item":"https:\/\/revistaautobus.com.br\/"},{"@type":"ListItem","position":2,"name":"R$ 300 milh\u00f5es n\u00e3o s\u00e3o R$ 300 mil"}]},{"@type":"WebSite","@id":"https:\/\/revistaautobus.com.br\/#website","url":"https:\/\/revistaautobus.com.br\/","name":"Revista AutoBus","description":"","publisher":{"@id":"https:\/\/revistaautobus.com.br\/#organization"},"potentialAction":[{"@type":"SearchAction","target":{"@type":"EntryPoint","urlTemplate":"https:\/\/revistaautobus.com.br\/?s={search_term_string}"},"query-input":{"@type":"PropertyValueSpecification","valueRequired":true,"valueName":"search_term_string"}}],"inLanguage":"pt-BR"},{"@type":"Organization","@id":"https:\/\/revistaautobus.com.br\/#organization","name":"Revista AutoBus","url":"https:\/\/revistaautobus.com.br\/","logo":{"@type":"ImageObject","inLanguage":"pt-BR","@id":"https:\/\/revistaautobus.com.br\/#\/schema\/logo\/image\/","url":"https:\/\/revistaautobus.com.br\/wp-content\/uploads\/2024\/11\/logo_revista_autobus_fb.png","contentUrl":"https:\/\/revistaautobus.com.br\/wp-content\/uploads\/2024\/11\/logo_revista_autobus_fb.png","width":836,"height":227,"caption":"Revista AutoBus"},"image":{"@id":"https:\/\/revistaautobus.com.br\/#\/schema\/logo\/image\/"},"sameAs":["https:\/\/www.facebook.com\/antonio.ferro.3150","https:\/\/www.instagram.com\/revistaautobus\/"]},{"@type":"Person","@id":"https:\/\/revistaautobus.com.br\/#\/schema\/person\/54af7c3eb83a310e42ef686ef6d16f50","name":"Antonio Ferro","image":{"@type":"ImageObject","inLanguage":"pt-BR","@id":"https:\/\/revistaautobus.com.br\/wp-content\/uploads\/2025\/12\/editor_antonio_ferro-150x150.jpg","url":"https:\/\/revistaautobus.com.br\/wp-content\/uploads\/2025\/12\/editor_antonio_ferro-150x150.jpg","contentUrl":"https:\/\/revistaautobus.com.br\/wp-content\/uploads\/2025\/12\/editor_antonio_ferro-150x150.jpg","caption":"Antonio Ferro"},"description":"infobus@uol.com.br","url":"https:\/\/revistaautobus.com.br\/?author=2"}]}},"jetpack_featured_media_url":"https:\/\/revistaautobus.com.br\/wp-content\/uploads\/2025\/04\/IMG_20250422_122726542_HDR.jpg","jetpack_sharing_enabled":true,"_links":{"self":[{"href":"https:\/\/revistaautobus.com.br\/index.php?rest_route=\/wp\/v2\/posts\/15220","targetHints":{"allow":["GET"]}}],"collection":[{"href":"https:\/\/revistaautobus.com.br\/index.php?rest_route=\/wp\/v2\/posts"}],"about":[{"href":"https:\/\/revistaautobus.com.br\/index.php?rest_route=\/wp\/v2\/types\/post"}],"author":[{"embeddable":true,"href":"https:\/\/revistaautobus.com.br\/index.php?rest_route=\/wp\/v2\/users\/2"}],"replies":[{"embeddable":true,"href":"https:\/\/revistaautobus.com.br\/index.php?rest_route=%2Fwp%2Fv2%2Fcomments&post=15220"}],"version-history":[{"count":3,"href":"https:\/\/revistaautobus.com.br\/index.php?rest_route=\/wp\/v2\/posts\/15220\/revisions"}],"predecessor-version":[{"id":15223,"href":"https:\/\/revistaautobus.com.br\/index.php?rest_route=\/wp\/v2\/posts\/15220\/revisions\/15223"}],"wp:featuredmedia":[{"embeddable":true,"href":"https:\/\/revistaautobus.com.br\/index.php?rest_route=\/wp\/v2\/media\/15221"}],"wp:attachment":[{"href":"https:\/\/revistaautobus.com.br\/index.php?rest_route=%2Fwp%2Fv2%2Fmedia&parent=15220"}],"wp:term":[{"taxonomy":"category","embeddable":true,"href":"https:\/\/revistaautobus.com.br\/index.php?rest_route=%2Fwp%2Fv2%2Fcategories&post=15220"},{"taxonomy":"post_tag","embeddable":true,"href":"https:\/\/revistaautobus.com.br\/index.php?rest_route=%2Fwp%2Fv2%2Ftags&post=15220"}],"curies":[{"name":"wp","href":"https:\/\/api.w.org\/{rel}","templated":true}]}}