{"id":15243,"date":"2025-04-28T08:32:50","date_gmt":"2025-04-28T11:32:50","guid":{"rendered":"https:\/\/revistaautobus.com.br\/?p=15243"},"modified":"2025-04-28T08:32:50","modified_gmt":"2025-04-28T11:32:50","slug":"no-escolar-iveco-bus-nada-de-bracada","status":"publish","type":"post","link":"https:\/\/revistaautobus.com.br\/?p=15243","title":{"rendered":"No escolar, Iveco Bus nada de bra\u00e7ada"},"content":{"rendered":"<p>O volume \u00e9 expressivo. Desde 2009, 10 mil chassis da marca Iveco Bus transportam milh\u00f5es de estudantes, em todo o Brasil, pelo programa Caminho da Escola, um fomento ao estudante e sua ida ao estabelecimento de ensino em v\u00e1rias partes do Pa\u00eds.<\/p>\n<p>De acordo com a marca, seus produtos s\u00e3o feitos sob medida para a miss\u00e3o de transportar estudantes, garantindo, diariamente, o acesso seguro e a frequ\u00eancia de alunos em escolas p\u00fablicas. Os modelos BUS 10-190 ORE 2 e o BUS 15-210 ORE 3 s\u00e3o oferecidos na atual edi\u00e7\u00e3o do programa, combinando pot\u00eancia, resist\u00eancia, acessibilidade, conforto e seguran\u00e7a, com excelente custo x benef\u00edcio. Todos s\u00e3o equipados com ar-condicionado e Dispositivo de Poltrona M\u00f3vel (DPM), em que pessoas com mobilidade reduzida embarcam e desembarcam sentadas, al\u00e9m de configura\u00e7\u00e3o especialmente preparada para transporte escolar.<\/p>\n<p>A fabricante informou que, somente na atual edi\u00e7\u00e3o do Caminho da Escola, ela j\u00e1 formalizou mais de 3.500 pedidos de ades\u00f5es, para munic\u00edpios e secretarias de Estado em todo o Pa\u00eds. Em 16 anos de participa\u00e7\u00e3o, milh\u00f5es de estudantes foram beneficiados com os \u00f4nibus escolares da marca, em munic\u00edpios de todo o Brasil. &#8220;\u00c9 com grande orgulho que superamos o marco de 10.000 unidades. O volume entregue corrobora nosso hist\u00f3rico de parceria e a lideran\u00e7a estrat\u00e9gica no Programa Caminho da Escola. Os \u00f4nibus IVECO BUS s\u00e3o reconhecidos pelas prefeituras e secretarias pela robustez, custo x benef\u00edcio e ampla rede de atendimento. Atributos que os tornaram a melhor escolha, seja qual for a demanda e a regi\u00e3o do pa\u00eds&#8221;, ressaltou Danilo Fetzner, vice-presidente da IVECO BUS.<\/p>\n<p>O executivo, ainda, comentou que renovar a frota de transporte escolar \u00e9 fundamental para o desenvolvimento de pol\u00edticas p\u00fablicas em Educa\u00e7\u00e3o e que gra\u00e7as a iniciativas como o Programa Caminho da Escola, o Brasil se tornou uma refer\u00eancia mundial na \u00e1rea. \u201cAo possibilitamos melhores condi\u00e7\u00f5es de aprendizado, abrimos caminho para a forma\u00e7\u00e3o humana, ajudando a alimentar sonhos e transformar o futuro n\u00e3o s\u00f3 das crian\u00e7as e adolescentes que v\u00e3o \u00e0 sala de aula, como tamb\u00e9m das fam\u00edlias e do ambiente em que todos convivem\u201d, disse Danilo.<\/p>\n<p>A Iveco destacou a cidade de Nova Serrana, na regi\u00e3o Centro-Oeste de Minas Gerais, com uma demonstra\u00e7\u00e3o do quanto o transporte escolar \u00e9 parte essencial no desenvolvimento da Educa\u00e7\u00e3o. Com popula\u00e7\u00e3o de cerca de 112 mil pessoas, o munic\u00edpio, impulsionado pela ind\u00fastria cal\u00e7adista, est\u00e1 entre os que mais se desenvolvem no estado e cresceu mais de 40% na \u00faltima d\u00e9cada e, para atender a demanda de alunos transportados, a prefeitura da cidade mant\u00e9m uma frota atualizada.<\/p>\n<p>Para Victor e Davi, de 11 anos, alunos da Escola Estadual Padre Lauro, ir e voltar \u00e0 escola a p\u00e9 deixou de ser cansativo. \u201cMe sinto bastante seguro e confort\u00e1vel no \u00f4nibus escolar. A gente chega mais r\u00e1pido e com mais seguran\u00e7a. Para melhorar, s\u00f3 se o \u00f4nibus voasse\u201d, brinca Victor. \u201cGosto demais dos bancos e da maior quantidade de assentos. O \u00f4nibus tem at\u00e9 entrada USB\u201d, acrescenta Davi.<\/p>\n<p>Imagem &#8211; Divulga\u00e7\u00e3o<\/p>\n","protected":false},"excerpt":{"rendered":"<p>Com 10.000 \u00f4nibus entregues ao Caminho da Escola, fabricante ajuda construir sonhos e transformar o futuro<\/p>\n","protected":false},"author":2,"featured_media":15244,"comment_status":"open","ping_status":"open","sticky":false,"template":"","format":"standard","meta":{"_et_pb_use_builder":"","_et_pb_old_content":"","_et_gb_content_width":"","_jetpack_memberships_contains_paid_content":false,"footnotes":""},"categories":[10,90],"tags":[91],"class_list":["post-15243","post","type-post","status-publish","format-standard","has-post-thumbnail","hentry","category-montadoras","category-noticias","tag-iveco-bus","et-has-post-format-content","et_post_format-et-post-format-standard"],"yoast_head":"<!-- This site is optimized with the Yoast SEO plugin v27.2 - https:\/\/yoast.com\/product\/yoast-seo-wordpress\/ -->\n<title>No escolar, Iveco Bus nada de bra\u00e7ada - Revista AutoBus<\/title>\n<meta name=\"robots\" content=\"index, follow, max-snippet:-1, max-image-preview:large, max-video-preview:-1\" \/>\n<link rel=\"canonical\" href=\"https:\/\/revistaautobus.com.br\/?p=15243\" \/>\n<meta property=\"og:locale\" content=\"pt_BR\" \/>\n<meta property=\"og:type\" content=\"article\" \/>\n<meta property=\"og:title\" content=\"No escolar, Iveco Bus nada de bra\u00e7ada - Revista AutoBus\" \/>\n<meta property=\"og:description\" content=\"Com 10.000 \u00f4nibus entregues ao Caminho da Escola, fabricante ajuda construir sonhos e transformar o futuro\" \/>\n<meta property=\"og:url\" content=\"https:\/\/revistaautobus.com.br\/?p=15243\" \/>\n<meta property=\"og:site_name\" content=\"Revista AutoBus\" \/>\n<meta property=\"article:publisher\" content=\"https:\/\/www.facebook.com\/antonio.ferro.3150\" \/>\n<meta property=\"article:published_time\" content=\"2025-04-28T11:32:50+00:00\" \/>\n<meta property=\"og:image\" content=\"https:\/\/revistaautobus.com.br\/wp-content\/uploads\/2025\/04\/BUS-15-210-ORE-3-da-Prefeitura-de-Nova-Serrana-1.jpg\" \/>\n\t<meta property=\"og:image:width\" content=\"1600\" \/>\n\t<meta property=\"og:image:height\" content=\"1200\" \/>\n\t<meta property=\"og:image:type\" content=\"image\/jpeg\" \/>\n<meta name=\"author\" content=\"Antonio Ferro\" \/>\n<meta name=\"twitter:card\" content=\"summary_large_image\" \/>\n<meta name=\"twitter:label1\" content=\"Escrito por\" \/>\n\t<meta name=\"twitter:data1\" content=\"Antonio Ferro\" \/>\n\t<meta name=\"twitter:label2\" content=\"Est. tempo de leitura\" \/>\n\t<meta name=\"twitter:data2\" content=\"3 minutos\" \/>\n<script type=\"application\/ld+json\" class=\"yoast-schema-graph\">{\"@context\":\"https:\/\/schema.org\",\"@graph\":[{\"@type\":\"Article\",\"@id\":\"https:\/\/revistaautobus.com.br\/?p=15243#article\",\"isPartOf\":{\"@id\":\"https:\/\/revistaautobus.com.br\/?p=15243\"},\"author\":{\"name\":\"Antonio Ferro\",\"@id\":\"https:\/\/revistaautobus.com.br\/#\/schema\/person\/54af7c3eb83a310e42ef686ef6d16f50\"},\"headline\":\"No escolar, Iveco Bus nada de bra\u00e7ada\",\"datePublished\":\"2025-04-28T11:32:50+00:00\",\"mainEntityOfPage\":{\"@id\":\"https:\/\/revistaautobus.com.br\/?p=15243\"},\"wordCount\":539,\"commentCount\":0,\"publisher\":{\"@id\":\"https:\/\/revistaautobus.com.br\/#organization\"},\"image\":{\"@id\":\"https:\/\/revistaautobus.com.br\/?p=15243#primaryimage\"},\"thumbnailUrl\":\"https:\/\/revistaautobus.com.br\/wp-content\/uploads\/2025\/04\/BUS-15-210-ORE-3-da-Prefeitura-de-Nova-Serrana-1.jpg\",\"keywords\":[\"Iveco Bus\"],\"articleSection\":[\"Montadoras\",\"Not\u00edcias\"],\"inLanguage\":\"pt-BR\",\"potentialAction\":[{\"@type\":\"CommentAction\",\"name\":\"Comment\",\"target\":[\"https:\/\/revistaautobus.com.br\/?p=15243#respond\"]}]},{\"@type\":\"WebPage\",\"@id\":\"https:\/\/revistaautobus.com.br\/?p=15243\",\"url\":\"https:\/\/revistaautobus.com.br\/?p=15243\",\"name\":\"No escolar, Iveco Bus nada de bra\u00e7ada - Revista AutoBus\",\"isPartOf\":{\"@id\":\"https:\/\/revistaautobus.com.br\/#website\"},\"primaryImageOfPage\":{\"@id\":\"https:\/\/revistaautobus.com.br\/?p=15243#primaryimage\"},\"image\":{\"@id\":\"https:\/\/revistaautobus.com.br\/?p=15243#primaryimage\"},\"thumbnailUrl\":\"https:\/\/revistaautobus.com.br\/wp-content\/uploads\/2025\/04\/BUS-15-210-ORE-3-da-Prefeitura-de-Nova-Serrana-1.jpg\",\"datePublished\":\"2025-04-28T11:32:50+00:00\",\"breadcrumb\":{\"@id\":\"https:\/\/revistaautobus.com.br\/?p=15243#breadcrumb\"},\"inLanguage\":\"pt-BR\",\"potentialAction\":[{\"@type\":\"ReadAction\",\"target\":[\"https:\/\/revistaautobus.com.br\/?p=15243\"]}]},{\"@type\":\"ImageObject\",\"inLanguage\":\"pt-BR\",\"@id\":\"https:\/\/revistaautobus.com.br\/?p=15243#primaryimage\",\"url\":\"https:\/\/revistaautobus.com.br\/wp-content\/uploads\/2025\/04\/BUS-15-210-ORE-3-da-Prefeitura-de-Nova-Serrana-1.jpg\",\"contentUrl\":\"https:\/\/revistaautobus.com.br\/wp-content\/uploads\/2025\/04\/BUS-15-210-ORE-3-da-Prefeitura-de-Nova-Serrana-1.jpg\",\"width\":1600,\"height\":1200},{\"@type\":\"BreadcrumbList\",\"@id\":\"https:\/\/revistaautobus.com.br\/?p=15243#breadcrumb\",\"itemListElement\":[{\"@type\":\"ListItem\",\"position\":1,\"name\":\"In\u00edcio\",\"item\":\"https:\/\/revistaautobus.com.br\/\"},{\"@type\":\"ListItem\",\"position\":2,\"name\":\"No escolar, Iveco Bus nada de bra\u00e7ada\"}]},{\"@type\":\"WebSite\",\"@id\":\"https:\/\/revistaautobus.com.br\/#website\",\"url\":\"https:\/\/revistaautobus.com.br\/\",\"name\":\"Revista AutoBus\",\"description\":\"\",\"publisher\":{\"@id\":\"https:\/\/revistaautobus.com.br\/#organization\"},\"potentialAction\":[{\"@type\":\"SearchAction\",\"target\":{\"@type\":\"EntryPoint\",\"urlTemplate\":\"https:\/\/revistaautobus.com.br\/?s={search_term_string}\"},\"query-input\":{\"@type\":\"PropertyValueSpecification\",\"valueRequired\":true,\"valueName\":\"search_term_string\"}}],\"inLanguage\":\"pt-BR\"},{\"@type\":\"Organization\",\"@id\":\"https:\/\/revistaautobus.com.br\/#organization\",\"name\":\"Revista AutoBus\",\"url\":\"https:\/\/revistaautobus.com.br\/\",\"logo\":{\"@type\":\"ImageObject\",\"inLanguage\":\"pt-BR\",\"@id\":\"https:\/\/revistaautobus.com.br\/#\/schema\/logo\/image\/\",\"url\":\"https:\/\/revistaautobus.com.br\/wp-content\/uploads\/2024\/11\/logo_revista_autobus_fb.png\",\"contentUrl\":\"https:\/\/revistaautobus.com.br\/wp-content\/uploads\/2024\/11\/logo_revista_autobus_fb.png\",\"width\":836,\"height\":227,\"caption\":\"Revista AutoBus\"},\"image\":{\"@id\":\"https:\/\/revistaautobus.com.br\/#\/schema\/logo\/image\/\"},\"sameAs\":[\"https:\/\/www.facebook.com\/antonio.ferro.3150\",\"https:\/\/www.instagram.com\/revistaautobus\/\"]},{\"@type\":\"Person\",\"@id\":\"https:\/\/revistaautobus.com.br\/#\/schema\/person\/54af7c3eb83a310e42ef686ef6d16f50\",\"name\":\"Antonio Ferro\",\"image\":{\"@type\":\"ImageObject\",\"inLanguage\":\"pt-BR\",\"@id\":\"https:\/\/revistaautobus.com.br\/wp-content\/uploads\/2025\/12\/editor_antonio_ferro-150x150.jpg\",\"url\":\"https:\/\/revistaautobus.com.br\/wp-content\/uploads\/2025\/12\/editor_antonio_ferro-150x150.jpg\",\"contentUrl\":\"https:\/\/revistaautobus.com.br\/wp-content\/uploads\/2025\/12\/editor_antonio_ferro-150x150.jpg\",\"caption\":\"Antonio Ferro\"},\"description\":\"infobus@uol.com.br\",\"url\":\"https:\/\/revistaautobus.com.br\/?author=2\"}]}<\/script>\n<!-- \/ Yoast SEO plugin. -->","yoast_head_json":{"title":"No escolar, Iveco Bus nada de bra\u00e7ada - Revista AutoBus","robots":{"index":"index","follow":"follow","max-snippet":"max-snippet:-1","max-image-preview":"max-image-preview:large","max-video-preview":"max-video-preview:-1"},"canonical":"https:\/\/revistaautobus.com.br\/?p=15243","og_locale":"pt_BR","og_type":"article","og_title":"No escolar, Iveco Bus nada de bra\u00e7ada - Revista AutoBus","og_description":"Com 10.000 \u00f4nibus entregues ao Caminho da Escola, fabricante ajuda construir sonhos e transformar o futuro","og_url":"https:\/\/revistaautobus.com.br\/?p=15243","og_site_name":"Revista AutoBus","article_publisher":"https:\/\/www.facebook.com\/antonio.ferro.3150","article_published_time":"2025-04-28T11:32:50+00:00","og_image":[{"width":1600,"height":1200,"url":"https:\/\/revistaautobus.com.br\/wp-content\/uploads\/2025\/04\/BUS-15-210-ORE-3-da-Prefeitura-de-Nova-Serrana-1.jpg","type":"image\/jpeg"}],"author":"Antonio Ferro","twitter_card":"summary_large_image","twitter_misc":{"Escrito por":"Antonio Ferro","Est. tempo de leitura":"3 minutos"},"schema":{"@context":"https:\/\/schema.org","@graph":[{"@type":"Article","@id":"https:\/\/revistaautobus.com.br\/?p=15243#article","isPartOf":{"@id":"https:\/\/revistaautobus.com.br\/?p=15243"},"author":{"name":"Antonio Ferro","@id":"https:\/\/revistaautobus.com.br\/#\/schema\/person\/54af7c3eb83a310e42ef686ef6d16f50"},"headline":"No escolar, Iveco Bus nada de bra\u00e7ada","datePublished":"2025-04-28T11:32:50+00:00","mainEntityOfPage":{"@id":"https:\/\/revistaautobus.com.br\/?p=15243"},"wordCount":539,"commentCount":0,"publisher":{"@id":"https:\/\/revistaautobus.com.br\/#organization"},"image":{"@id":"https:\/\/revistaautobus.com.br\/?p=15243#primaryimage"},"thumbnailUrl":"https:\/\/revistaautobus.com.br\/wp-content\/uploads\/2025\/04\/BUS-15-210-ORE-3-da-Prefeitura-de-Nova-Serrana-1.jpg","keywords":["Iveco Bus"],"articleSection":["Montadoras","Not\u00edcias"],"inLanguage":"pt-BR","potentialAction":[{"@type":"CommentAction","name":"Comment","target":["https:\/\/revistaautobus.com.br\/?p=15243#respond"]}]},{"@type":"WebPage","@id":"https:\/\/revistaautobus.com.br\/?p=15243","url":"https:\/\/revistaautobus.com.br\/?p=15243","name":"No escolar, Iveco Bus nada de bra\u00e7ada - Revista AutoBus","isPartOf":{"@id":"https:\/\/revistaautobus.com.br\/#website"},"primaryImageOfPage":{"@id":"https:\/\/revistaautobus.com.br\/?p=15243#primaryimage"},"image":{"@id":"https:\/\/revistaautobus.com.br\/?p=15243#primaryimage"},"thumbnailUrl":"https:\/\/revistaautobus.com.br\/wp-content\/uploads\/2025\/04\/BUS-15-210-ORE-3-da-Prefeitura-de-Nova-Serrana-1.jpg","datePublished":"2025-04-28T11:32:50+00:00","breadcrumb":{"@id":"https:\/\/revistaautobus.com.br\/?p=15243#breadcrumb"},"inLanguage":"pt-BR","potentialAction":[{"@type":"ReadAction","target":["https:\/\/revistaautobus.com.br\/?p=15243"]}]},{"@type":"ImageObject","inLanguage":"pt-BR","@id":"https:\/\/revistaautobus.com.br\/?p=15243#primaryimage","url":"https:\/\/revistaautobus.com.br\/wp-content\/uploads\/2025\/04\/BUS-15-210-ORE-3-da-Prefeitura-de-Nova-Serrana-1.jpg","contentUrl":"https:\/\/revistaautobus.com.br\/wp-content\/uploads\/2025\/04\/BUS-15-210-ORE-3-da-Prefeitura-de-Nova-Serrana-1.jpg","width":1600,"height":1200},{"@type":"BreadcrumbList","@id":"https:\/\/revistaautobus.com.br\/?p=15243#breadcrumb","itemListElement":[{"@type":"ListItem","position":1,"name":"In\u00edcio","item":"https:\/\/revistaautobus.com.br\/"},{"@type":"ListItem","position":2,"name":"No escolar, Iveco Bus nada de bra\u00e7ada"}]},{"@type":"WebSite","@id":"https:\/\/revistaautobus.com.br\/#website","url":"https:\/\/revistaautobus.com.br\/","name":"Revista AutoBus","description":"","publisher":{"@id":"https:\/\/revistaautobus.com.br\/#organization"},"potentialAction":[{"@type":"SearchAction","target":{"@type":"EntryPoint","urlTemplate":"https:\/\/revistaautobus.com.br\/?s={search_term_string}"},"query-input":{"@type":"PropertyValueSpecification","valueRequired":true,"valueName":"search_term_string"}}],"inLanguage":"pt-BR"},{"@type":"Organization","@id":"https:\/\/revistaautobus.com.br\/#organization","name":"Revista AutoBus","url":"https:\/\/revistaautobus.com.br\/","logo":{"@type":"ImageObject","inLanguage":"pt-BR","@id":"https:\/\/revistaautobus.com.br\/#\/schema\/logo\/image\/","url":"https:\/\/revistaautobus.com.br\/wp-content\/uploads\/2024\/11\/logo_revista_autobus_fb.png","contentUrl":"https:\/\/revistaautobus.com.br\/wp-content\/uploads\/2024\/11\/logo_revista_autobus_fb.png","width":836,"height":227,"caption":"Revista AutoBus"},"image":{"@id":"https:\/\/revistaautobus.com.br\/#\/schema\/logo\/image\/"},"sameAs":["https:\/\/www.facebook.com\/antonio.ferro.3150","https:\/\/www.instagram.com\/revistaautobus\/"]},{"@type":"Person","@id":"https:\/\/revistaautobus.com.br\/#\/schema\/person\/54af7c3eb83a310e42ef686ef6d16f50","name":"Antonio Ferro","image":{"@type":"ImageObject","inLanguage":"pt-BR","@id":"https:\/\/revistaautobus.com.br\/wp-content\/uploads\/2025\/12\/editor_antonio_ferro-150x150.jpg","url":"https:\/\/revistaautobus.com.br\/wp-content\/uploads\/2025\/12\/editor_antonio_ferro-150x150.jpg","contentUrl":"https:\/\/revistaautobus.com.br\/wp-content\/uploads\/2025\/12\/editor_antonio_ferro-150x150.jpg","caption":"Antonio Ferro"},"description":"infobus@uol.com.br","url":"https:\/\/revistaautobus.com.br\/?author=2"}]}},"jetpack_featured_media_url":"https:\/\/revistaautobus.com.br\/wp-content\/uploads\/2025\/04\/BUS-15-210-ORE-3-da-Prefeitura-de-Nova-Serrana-1.jpg","jetpack_sharing_enabled":true,"_links":{"self":[{"href":"https:\/\/revistaautobus.com.br\/index.php?rest_route=\/wp\/v2\/posts\/15243","targetHints":{"allow":["GET"]}}],"collection":[{"href":"https:\/\/revistaautobus.com.br\/index.php?rest_route=\/wp\/v2\/posts"}],"about":[{"href":"https:\/\/revistaautobus.com.br\/index.php?rest_route=\/wp\/v2\/types\/post"}],"author":[{"embeddable":true,"href":"https:\/\/revistaautobus.com.br\/index.php?rest_route=\/wp\/v2\/users\/2"}],"replies":[{"embeddable":true,"href":"https:\/\/revistaautobus.com.br\/index.php?rest_route=%2Fwp%2Fv2%2Fcomments&post=15243"}],"version-history":[{"count":2,"href":"https:\/\/revistaautobus.com.br\/index.php?rest_route=\/wp\/v2\/posts\/15243\/revisions"}],"predecessor-version":[{"id":15246,"href":"https:\/\/revistaautobus.com.br\/index.php?rest_route=\/wp\/v2\/posts\/15243\/revisions\/15246"}],"wp:featuredmedia":[{"embeddable":true,"href":"https:\/\/revistaautobus.com.br\/index.php?rest_route=\/wp\/v2\/media\/15244"}],"wp:attachment":[{"href":"https:\/\/revistaautobus.com.br\/index.php?rest_route=%2Fwp%2Fv2%2Fmedia&parent=15243"}],"wp:term":[{"taxonomy":"category","embeddable":true,"href":"https:\/\/revistaautobus.com.br\/index.php?rest_route=%2Fwp%2Fv2%2Fcategories&post=15243"},{"taxonomy":"post_tag","embeddable":true,"href":"https:\/\/revistaautobus.com.br\/index.php?rest_route=%2Fwp%2Fv2%2Ftags&post=15243"}],"curies":[{"name":"wp","href":"https:\/\/api.w.org\/{rel}","templated":true}]}}