{"id":1596,"date":"2019-04-29T05:46:00","date_gmt":"2019-04-29T08:46:00","guid":{"rendered":"https:\/\/vila8.com.br\/clientes\/autobus\/?p=1596"},"modified":"2021-06-23T17:50:05","modified_gmt":"2021-06-23T20:50:05","slug":"nova-tecnologia-eletrica-allison","status":"publish","type":"post","link":"https:\/\/revistaautobus.com.br\/?p=1596","title":{"rendered":"Nova tecnologia el\u00e9trica Allison"},"content":{"rendered":"\n<p>Depois de ter adquirido a Vantage Power e a divis\u00e3o de sistemas de ve\u00edculos el\u00e9tricos (VE) da AxleTech, visando avan\u00e7ar seus neg\u00f3cios no mundo da eletromobilidade, a tradicional marca fabricante de transmiss\u00f5es autom\u00e1ticas Allison Transmissions anunciou recentemente o lan\u00e7amento da nova S\u00e9rie ABE, o primeiro sistema avan\u00e7ado de eixo para o trem de for\u00e7a de \u00f4nibus el\u00e9tricos de piso baixo. Os e-eixos da S\u00e9rie ABE, como s\u00e3o chamados, est\u00e3o entre alguns dos mais eficazes e compactos eixos el\u00e9tricos totalmente integrados presentes no mercado global de \u00f4nibus urbanos, segundo relatou a fabricante.<\/p>\n\n\n\n<p>Em linhas gerais, a Allison informa que a S\u00e9rie ABE integra dois motores el\u00e9tricos, uma transmiss\u00e3o de uma ou de m\u00faltiplas marchas (dependendo do modelo do produto), trocadores de calor, bombas e a completa solu\u00e7\u00e3o eletroeletr\u00f4nica em um sistema simples e de f\u00e1cil integra\u00e7\u00e3o que substitui todo o trem de for\u00e7a tradicional dentro da estrutura existente. Sua efici\u00eancia atende as configura\u00e7\u00f5es de v\u00e1rios tipos de \u00f4nibus urbanos, incluindo os modelos de dois andares, os articulados e os de tr\u00eas portas.<\/p>\n\n\n\n<p>Dentre as caracter\u00edsticas da tecnologia est\u00e3o o aproveitamento de 100% do torque gerado nas frenagens regenerativas, a capacidade para at\u00e9 13 toneladas, a pot\u00eancia cont\u00ednua de sa\u00edda no eixo de 536 cavalos (400 kilowatts) e pico de pot\u00eancia de 738 cavalos (550 quilowatts) e o design compacto do sistema, facilmente ajustada \u00e0s estruturas e suspens\u00f5es dos \u00f4nibus existentes, criando mais espa\u00e7o para conjuntos de baterias e outros componentes que s\u00e3o cr\u00edticos para ve\u00edculos el\u00e9tricos. O sistema padr\u00e3o tem uma configura\u00e7\u00e3o de 700 mil\u00edmetros, podendo chegar a 1.000 mil\u00edmetros. Isso torna o sistema aplic\u00e1vel para \u00f4nibus urbanos de piso baixo de 12 metros e de piso duplo, al\u00e9m de modelos articulados de 18 metros e \u00f4nibus de tr\u00eas portas. &#8220;A profunda experi\u00eancia da Allison Transmission no mercado de \u00f4nibus e ve\u00edculos urbanos mostra nosso compromisso cont\u00ednuo com a inova\u00e7\u00e3o. Temos uma longa hist\u00f3ria com solu\u00e7\u00f5es el\u00e9tricas\/h\u00edbridas, e a eletrifica\u00e7\u00e3o completa \u00e9 nossa pr\u00f3xima evolu\u00e7\u00e3o. A S\u00e9rie ABE substitui o tradicional sistema de trem de for\u00e7a pelo sistema de propuls\u00e3o el\u00e9trica mais compacto e potente dispon\u00edvel&#8221;, destacou David S. Graziosi, presidente e CEO da Allison Transmission.<\/p>\n\n\n\n<p>Imagem &#8211; Divulga\u00e7\u00e3o<\/p>\n","protected":false},"excerpt":{"rendered":"<p>A S\u00e9rie ABE integra dois motores el\u00e9tricos, uma transmiss\u00e3o de uma ou de m\u00faltiplas marchas (dependendo do modelo do produto), dentre outros componentes<\/p>\n","protected":false},"author":2,"featured_media":1597,"comment_status":"open","ping_status":"open","sticky":false,"template":"","format":"standard","meta":{"_et_pb_use_builder":"off","_et_pb_old_content":"","_et_gb_content_width":"","_jetpack_memberships_contains_paid_content":false,"footnotes":""},"categories":[90],"tags":[],"class_list":["post-1596","post","type-post","status-publish","format-standard","has-post-thumbnail","hentry","category-noticias","et-has-post-format-content","et_post_format-et-post-format-standard"],"yoast_head":"<!-- This site is optimized with the Yoast SEO plugin v27.2 - https:\/\/yoast.com\/product\/yoast-seo-wordpress\/ -->\n<title>Nova tecnologia el\u00e9trica Allison - Revista AutoBus<\/title>\n<meta name=\"robots\" content=\"index, follow, max-snippet:-1, max-image-preview:large, max-video-preview:-1\" \/>\n<link rel=\"canonical\" href=\"https:\/\/revistaautobus.com.br\/?p=1596\" \/>\n<meta property=\"og:locale\" content=\"pt_BR\" \/>\n<meta property=\"og:type\" content=\"article\" \/>\n<meta property=\"og:title\" content=\"Nova tecnologia el\u00e9trica Allison - Revista AutoBus\" \/>\n<meta property=\"og:description\" content=\"A S\u00e9rie ABE integra dois motores el\u00e9tricos, uma transmiss\u00e3o de uma ou de m\u00faltiplas marchas (dependendo do modelo do produto), dentre outros componentes\" \/>\n<meta property=\"og:url\" content=\"https:\/\/revistaautobus.com.br\/?p=1596\" \/>\n<meta property=\"og:site_name\" content=\"Revista AutoBus\" \/>\n<meta property=\"article:publisher\" content=\"https:\/\/www.facebook.com\/antonio.ferro.3150\" \/>\n<meta property=\"article:published_time\" content=\"2019-04-29T08:46:00+00:00\" \/>\n<meta property=\"article:modified_time\" content=\"2021-06-23T20:50:05+00:00\" \/>\n<meta property=\"og:image\" content=\"https:\/\/revistaautobus.com.br\/wp-content\/uploads\/2021\/06\/nova-tecnologia-eletrica-allison-1556538511.jpg\" \/>\n\t<meta property=\"og:image:width\" content=\"1200\" \/>\n\t<meta property=\"og:image:height\" content=\"628\" \/>\n\t<meta property=\"og:image:type\" content=\"image\/jpeg\" \/>\n<meta name=\"author\" content=\"Antonio Ferro\" \/>\n<meta name=\"twitter:card\" content=\"summary_large_image\" \/>\n<meta name=\"twitter:label1\" content=\"Escrito por\" \/>\n\t<meta name=\"twitter:data1\" content=\"Antonio Ferro\" \/>\n\t<meta name=\"twitter:label2\" content=\"Est. tempo de leitura\" \/>\n\t<meta name=\"twitter:data2\" content=\"2 minutos\" \/>\n<script type=\"application\/ld+json\" class=\"yoast-schema-graph\">{\"@context\":\"https:\/\/schema.org\",\"@graph\":[{\"@type\":\"Article\",\"@id\":\"https:\/\/revistaautobus.com.br\/?p=1596#article\",\"isPartOf\":{\"@id\":\"https:\/\/revistaautobus.com.br\/?p=1596\"},\"author\":{\"name\":\"Antonio Ferro\",\"@id\":\"https:\/\/revistaautobus.com.br\/#\/schema\/person\/54af7c3eb83a310e42ef686ef6d16f50\"},\"headline\":\"Nova tecnologia el\u00e9trica Allison\",\"datePublished\":\"2019-04-29T08:46:00+00:00\",\"dateModified\":\"2021-06-23T20:50:05+00:00\",\"mainEntityOfPage\":{\"@id\":\"https:\/\/revistaautobus.com.br\/?p=1596\"},\"wordCount\":418,\"commentCount\":0,\"publisher\":{\"@id\":\"https:\/\/revistaautobus.com.br\/#organization\"},\"image\":{\"@id\":\"https:\/\/revistaautobus.com.br\/?p=1596#primaryimage\"},\"thumbnailUrl\":\"https:\/\/revistaautobus.com.br\/wp-content\/uploads\/2021\/06\/nova-tecnologia-eletrica-allison-1556538511.jpg\",\"articleSection\":[\"Not\u00edcias\"],\"inLanguage\":\"pt-BR\",\"potentialAction\":[{\"@type\":\"CommentAction\",\"name\":\"Comment\",\"target\":[\"https:\/\/revistaautobus.com.br\/?p=1596#respond\"]}]},{\"@type\":\"WebPage\",\"@id\":\"https:\/\/revistaautobus.com.br\/?p=1596\",\"url\":\"https:\/\/revistaautobus.com.br\/?p=1596\",\"name\":\"Nova tecnologia el\u00e9trica Allison - Revista AutoBus\",\"isPartOf\":{\"@id\":\"https:\/\/revistaautobus.com.br\/#website\"},\"primaryImageOfPage\":{\"@id\":\"https:\/\/revistaautobus.com.br\/?p=1596#primaryimage\"},\"image\":{\"@id\":\"https:\/\/revistaautobus.com.br\/?p=1596#primaryimage\"},\"thumbnailUrl\":\"https:\/\/revistaautobus.com.br\/wp-content\/uploads\/2021\/06\/nova-tecnologia-eletrica-allison-1556538511.jpg\",\"datePublished\":\"2019-04-29T08:46:00+00:00\",\"dateModified\":\"2021-06-23T20:50:05+00:00\",\"breadcrumb\":{\"@id\":\"https:\/\/revistaautobus.com.br\/?p=1596#breadcrumb\"},\"inLanguage\":\"pt-BR\",\"potentialAction\":[{\"@type\":\"ReadAction\",\"target\":[\"https:\/\/revistaautobus.com.br\/?p=1596\"]}]},{\"@type\":\"ImageObject\",\"inLanguage\":\"pt-BR\",\"@id\":\"https:\/\/revistaautobus.com.br\/?p=1596#primaryimage\",\"url\":\"https:\/\/revistaautobus.com.br\/wp-content\/uploads\/2021\/06\/nova-tecnologia-eletrica-allison-1556538511.jpg\",\"contentUrl\":\"https:\/\/revistaautobus.com.br\/wp-content\/uploads\/2021\/06\/nova-tecnologia-eletrica-allison-1556538511.jpg\",\"width\":1200,\"height\":628},{\"@type\":\"BreadcrumbList\",\"@id\":\"https:\/\/revistaautobus.com.br\/?p=1596#breadcrumb\",\"itemListElement\":[{\"@type\":\"ListItem\",\"position\":1,\"name\":\"In\u00edcio\",\"item\":\"https:\/\/revistaautobus.com.br\/\"},{\"@type\":\"ListItem\",\"position\":2,\"name\":\"Nova tecnologia el\u00e9trica Allison\"}]},{\"@type\":\"WebSite\",\"@id\":\"https:\/\/revistaautobus.com.br\/#website\",\"url\":\"https:\/\/revistaautobus.com.br\/\",\"name\":\"Revista AutoBus\",\"description\":\"\",\"publisher\":{\"@id\":\"https:\/\/revistaautobus.com.br\/#organization\"},\"potentialAction\":[{\"@type\":\"SearchAction\",\"target\":{\"@type\":\"EntryPoint\",\"urlTemplate\":\"https:\/\/revistaautobus.com.br\/?s={search_term_string}\"},\"query-input\":{\"@type\":\"PropertyValueSpecification\",\"valueRequired\":true,\"valueName\":\"search_term_string\"}}],\"inLanguage\":\"pt-BR\"},{\"@type\":\"Organization\",\"@id\":\"https:\/\/revistaautobus.com.br\/#organization\",\"name\":\"Revista AutoBus\",\"url\":\"https:\/\/revistaautobus.com.br\/\",\"logo\":{\"@type\":\"ImageObject\",\"inLanguage\":\"pt-BR\",\"@id\":\"https:\/\/revistaautobus.com.br\/#\/schema\/logo\/image\/\",\"url\":\"https:\/\/revistaautobus.com.br\/wp-content\/uploads\/2024\/11\/logo_revista_autobus_fb.png\",\"contentUrl\":\"https:\/\/revistaautobus.com.br\/wp-content\/uploads\/2024\/11\/logo_revista_autobus_fb.png\",\"width\":836,\"height\":227,\"caption\":\"Revista AutoBus\"},\"image\":{\"@id\":\"https:\/\/revistaautobus.com.br\/#\/schema\/logo\/image\/\"},\"sameAs\":[\"https:\/\/www.facebook.com\/antonio.ferro.3150\",\"https:\/\/www.instagram.com\/revistaautobus\/\"]},{\"@type\":\"Person\",\"@id\":\"https:\/\/revistaautobus.com.br\/#\/schema\/person\/54af7c3eb83a310e42ef686ef6d16f50\",\"name\":\"Antonio Ferro\",\"image\":{\"@type\":\"ImageObject\",\"inLanguage\":\"pt-BR\",\"@id\":\"https:\/\/revistaautobus.com.br\/wp-content\/uploads\/2025\/12\/editor_antonio_ferro-150x150.jpg\",\"url\":\"https:\/\/revistaautobus.com.br\/wp-content\/uploads\/2025\/12\/editor_antonio_ferro-150x150.jpg\",\"contentUrl\":\"https:\/\/revistaautobus.com.br\/wp-content\/uploads\/2025\/12\/editor_antonio_ferro-150x150.jpg\",\"caption\":\"Antonio Ferro\"},\"description\":\"infobus@uol.com.br\",\"url\":\"https:\/\/revistaautobus.com.br\/?author=2\"}]}<\/script>\n<!-- \/ Yoast SEO plugin. -->","yoast_head_json":{"title":"Nova tecnologia el\u00e9trica Allison - Revista AutoBus","robots":{"index":"index","follow":"follow","max-snippet":"max-snippet:-1","max-image-preview":"max-image-preview:large","max-video-preview":"max-video-preview:-1"},"canonical":"https:\/\/revistaautobus.com.br\/?p=1596","og_locale":"pt_BR","og_type":"article","og_title":"Nova tecnologia el\u00e9trica Allison - Revista AutoBus","og_description":"A S\u00e9rie ABE integra dois motores el\u00e9tricos, uma transmiss\u00e3o de uma ou de m\u00faltiplas marchas (dependendo do modelo do produto), dentre outros componentes","og_url":"https:\/\/revistaautobus.com.br\/?p=1596","og_site_name":"Revista AutoBus","article_publisher":"https:\/\/www.facebook.com\/antonio.ferro.3150","article_published_time":"2019-04-29T08:46:00+00:00","article_modified_time":"2021-06-23T20:50:05+00:00","og_image":[{"width":1200,"height":628,"url":"https:\/\/revistaautobus.com.br\/wp-content\/uploads\/2021\/06\/nova-tecnologia-eletrica-allison-1556538511.jpg","type":"image\/jpeg"}],"author":"Antonio Ferro","twitter_card":"summary_large_image","twitter_misc":{"Escrito por":"Antonio Ferro","Est. tempo de leitura":"2 minutos"},"schema":{"@context":"https:\/\/schema.org","@graph":[{"@type":"Article","@id":"https:\/\/revistaautobus.com.br\/?p=1596#article","isPartOf":{"@id":"https:\/\/revistaautobus.com.br\/?p=1596"},"author":{"name":"Antonio Ferro","@id":"https:\/\/revistaautobus.com.br\/#\/schema\/person\/54af7c3eb83a310e42ef686ef6d16f50"},"headline":"Nova tecnologia el\u00e9trica Allison","datePublished":"2019-04-29T08:46:00+00:00","dateModified":"2021-06-23T20:50:05+00:00","mainEntityOfPage":{"@id":"https:\/\/revistaautobus.com.br\/?p=1596"},"wordCount":418,"commentCount":0,"publisher":{"@id":"https:\/\/revistaautobus.com.br\/#organization"},"image":{"@id":"https:\/\/revistaautobus.com.br\/?p=1596#primaryimage"},"thumbnailUrl":"https:\/\/revistaautobus.com.br\/wp-content\/uploads\/2021\/06\/nova-tecnologia-eletrica-allison-1556538511.jpg","articleSection":["Not\u00edcias"],"inLanguage":"pt-BR","potentialAction":[{"@type":"CommentAction","name":"Comment","target":["https:\/\/revistaautobus.com.br\/?p=1596#respond"]}]},{"@type":"WebPage","@id":"https:\/\/revistaautobus.com.br\/?p=1596","url":"https:\/\/revistaautobus.com.br\/?p=1596","name":"Nova tecnologia el\u00e9trica Allison - Revista AutoBus","isPartOf":{"@id":"https:\/\/revistaautobus.com.br\/#website"},"primaryImageOfPage":{"@id":"https:\/\/revistaautobus.com.br\/?p=1596#primaryimage"},"image":{"@id":"https:\/\/revistaautobus.com.br\/?p=1596#primaryimage"},"thumbnailUrl":"https:\/\/revistaautobus.com.br\/wp-content\/uploads\/2021\/06\/nova-tecnologia-eletrica-allison-1556538511.jpg","datePublished":"2019-04-29T08:46:00+00:00","dateModified":"2021-06-23T20:50:05+00:00","breadcrumb":{"@id":"https:\/\/revistaautobus.com.br\/?p=1596#breadcrumb"},"inLanguage":"pt-BR","potentialAction":[{"@type":"ReadAction","target":["https:\/\/revistaautobus.com.br\/?p=1596"]}]},{"@type":"ImageObject","inLanguage":"pt-BR","@id":"https:\/\/revistaautobus.com.br\/?p=1596#primaryimage","url":"https:\/\/revistaautobus.com.br\/wp-content\/uploads\/2021\/06\/nova-tecnologia-eletrica-allison-1556538511.jpg","contentUrl":"https:\/\/revistaautobus.com.br\/wp-content\/uploads\/2021\/06\/nova-tecnologia-eletrica-allison-1556538511.jpg","width":1200,"height":628},{"@type":"BreadcrumbList","@id":"https:\/\/revistaautobus.com.br\/?p=1596#breadcrumb","itemListElement":[{"@type":"ListItem","position":1,"name":"In\u00edcio","item":"https:\/\/revistaautobus.com.br\/"},{"@type":"ListItem","position":2,"name":"Nova tecnologia el\u00e9trica Allison"}]},{"@type":"WebSite","@id":"https:\/\/revistaautobus.com.br\/#website","url":"https:\/\/revistaautobus.com.br\/","name":"Revista AutoBus","description":"","publisher":{"@id":"https:\/\/revistaautobus.com.br\/#organization"},"potentialAction":[{"@type":"SearchAction","target":{"@type":"EntryPoint","urlTemplate":"https:\/\/revistaautobus.com.br\/?s={search_term_string}"},"query-input":{"@type":"PropertyValueSpecification","valueRequired":true,"valueName":"search_term_string"}}],"inLanguage":"pt-BR"},{"@type":"Organization","@id":"https:\/\/revistaautobus.com.br\/#organization","name":"Revista AutoBus","url":"https:\/\/revistaautobus.com.br\/","logo":{"@type":"ImageObject","inLanguage":"pt-BR","@id":"https:\/\/revistaautobus.com.br\/#\/schema\/logo\/image\/","url":"https:\/\/revistaautobus.com.br\/wp-content\/uploads\/2024\/11\/logo_revista_autobus_fb.png","contentUrl":"https:\/\/revistaautobus.com.br\/wp-content\/uploads\/2024\/11\/logo_revista_autobus_fb.png","width":836,"height":227,"caption":"Revista AutoBus"},"image":{"@id":"https:\/\/revistaautobus.com.br\/#\/schema\/logo\/image\/"},"sameAs":["https:\/\/www.facebook.com\/antonio.ferro.3150","https:\/\/www.instagram.com\/revistaautobus\/"]},{"@type":"Person","@id":"https:\/\/revistaautobus.com.br\/#\/schema\/person\/54af7c3eb83a310e42ef686ef6d16f50","name":"Antonio Ferro","image":{"@type":"ImageObject","inLanguage":"pt-BR","@id":"https:\/\/revistaautobus.com.br\/wp-content\/uploads\/2025\/12\/editor_antonio_ferro-150x150.jpg","url":"https:\/\/revistaautobus.com.br\/wp-content\/uploads\/2025\/12\/editor_antonio_ferro-150x150.jpg","contentUrl":"https:\/\/revistaautobus.com.br\/wp-content\/uploads\/2025\/12\/editor_antonio_ferro-150x150.jpg","caption":"Antonio Ferro"},"description":"infobus@uol.com.br","url":"https:\/\/revistaautobus.com.br\/?author=2"}]}},"jetpack_featured_media_url":"https:\/\/revistaautobus.com.br\/wp-content\/uploads\/2021\/06\/nova-tecnologia-eletrica-allison-1556538511.jpg","jetpack_sharing_enabled":true,"_links":{"self":[{"href":"https:\/\/revistaautobus.com.br\/index.php?rest_route=\/wp\/v2\/posts\/1596","targetHints":{"allow":["GET"]}}],"collection":[{"href":"https:\/\/revistaautobus.com.br\/index.php?rest_route=\/wp\/v2\/posts"}],"about":[{"href":"https:\/\/revistaautobus.com.br\/index.php?rest_route=\/wp\/v2\/types\/post"}],"author":[{"embeddable":true,"href":"https:\/\/revistaautobus.com.br\/index.php?rest_route=\/wp\/v2\/users\/2"}],"replies":[{"embeddable":true,"href":"https:\/\/revistaautobus.com.br\/index.php?rest_route=%2Fwp%2Fv2%2Fcomments&post=1596"}],"version-history":[{"count":1,"href":"https:\/\/revistaautobus.com.br\/index.php?rest_route=\/wp\/v2\/posts\/1596\/revisions"}],"predecessor-version":[{"id":1598,"href":"https:\/\/revistaautobus.com.br\/index.php?rest_route=\/wp\/v2\/posts\/1596\/revisions\/1598"}],"wp:featuredmedia":[{"embeddable":true,"href":"https:\/\/revistaautobus.com.br\/index.php?rest_route=\/wp\/v2\/media\/1597"}],"wp:attachment":[{"href":"https:\/\/revistaautobus.com.br\/index.php?rest_route=%2Fwp%2Fv2%2Fmedia&parent=1596"}],"wp:term":[{"taxonomy":"category","embeddable":true,"href":"https:\/\/revistaautobus.com.br\/index.php?rest_route=%2Fwp%2Fv2%2Fcategories&post=1596"},{"taxonomy":"post_tag","embeddable":true,"href":"https:\/\/revistaautobus.com.br\/index.php?rest_route=%2Fwp%2Fv2%2Ftags&post=1596"}],"curies":[{"name":"wp","href":"https:\/\/api.w.org\/{rel}","templated":true}]}}