{"id":15973,"date":"2025-07-15T09:47:47","date_gmt":"2025-07-15T12:47:47","guid":{"rendered":"https:\/\/revistaautobus.com.br\/?p=15973"},"modified":"2025-07-15T09:47:47","modified_gmt":"2025-07-15T12:47:47","slug":"guerino-seiscento-com-novos-caio","status":"publish","type":"post","link":"https:\/\/revistaautobus.com.br\/?p=15973","title":{"rendered":"Guerino Seiscento com novos Caio"},"content":{"rendered":"<p>No interior de S\u00e3o Paulo, a empresa Guerino Seiscento, de Tup\u00e3, escolheu, novamente, a fabricante de carro\u00e7arias Caio para a expans\u00e3o de sua frota. S\u00e3o 10 unidades do Apache Vip, modelo campe\u00e3o de vendas no Brasil, destinadas \u00e0s suas linhas suburbanas. Entre as cidades beneficiadas est\u00e3o Adamantina, Bastos, Iacri, Luc\u00e9lia, Mar\u00edlia, Osvaldo Cruz, Parapu\u00e3, Presidente Prudente e Tup\u00e3.<\/p>\n<p>Com a incorpora\u00e7\u00e3o de novas linhas e ao aumento da oferta de hor\u00e1rios, foi necess\u00e1rio um n\u00famero maior de \u00f4nibus na frota. Maria Beatriz Gaspar Seiscento, diretora de Customer Success, disse que ap\u00f3s a aquisi\u00e7\u00e3o de 15 unidades, em setembro de 2024, o excelente desempenho e a aprova\u00e7\u00e3o do modelo de carro\u00e7aria Caio em aspectos tecnol\u00f3gicos e operacionais foram motivos na realiza\u00e7\u00e3o desta nova aquisi\u00e7\u00e3o. \u201cEssa parceria refor\u00e7a nosso compromisso com a inova\u00e7\u00e3o e com o aprimoramento constante dos servi\u00e7os prestados aos nossos clientes. Os novos ve\u00edculos chegam para atender a um momento de expans\u00e3o importante da Guerino Seiscento, oferecendo mais conforto, seguran\u00e7a e qualidade no transporte intermunicipal. Investir em frota \u00e9 investir na experi\u00eancia do passageiro e isso est\u00e1 no centro do nosso prop\u00f3sito\u201d, ressaltou.<\/p>\n<p>Os novos \u00f4nibus contam com chassis Mercedes-Benz OF-1721, com suspens\u00e3o pneum\u00e1tica, tendo 12,74 metros de comprimento e capacidade total para 74 passageiros. Os ve\u00edculos s\u00e3o equipados com 38 poltronas estofadas, no modelo turismo, janelas com vidros fum\u00eas, que reduzem a incid\u00eancia de raios UV no interior do \u00f4nibus, ar-condicionado, prepara\u00e7\u00e3o para a instala\u00e7\u00e3o da conex\u00e3o de internet via Wi-Fi e plataforma elevat\u00f3ria semiautom\u00e1tica e hidr\u00e1ulica.<\/p>\n<p>Imagem &#8211; Divulga\u00e7\u00e3o<\/p>\n","protected":false},"excerpt":{"rendered":"<p>Operadora paulista aumenta a sua frota com modelos suburbanos<\/p>\n","protected":false},"author":2,"featured_media":15974,"comment_status":"open","ping_status":"open","sticky":false,"template":"","format":"standard","meta":{"_et_pb_use_builder":"","_et_pb_old_content":"","_et_gb_content_width":"","_jetpack_memberships_contains_paid_content":false,"footnotes":""},"categories":[90],"tags":[83,546],"class_list":["post-15973","post","type-post","status-publish","format-standard","has-post-thumbnail","hentry","category-noticias","tag-caio","tag-guerino-seiscento","et-has-post-format-content","et_post_format-et-post-format-standard"],"yoast_head":"<!-- This site is optimized with the Yoast SEO plugin v27.2 - https:\/\/yoast.com\/product\/yoast-seo-wordpress\/ -->\n<title>Guerino Seiscento com novos Caio - Revista AutoBus<\/title>\n<meta name=\"robots\" content=\"index, follow, max-snippet:-1, max-image-preview:large, max-video-preview:-1\" \/>\n<link rel=\"canonical\" href=\"https:\/\/revistaautobus.com.br\/?p=15973\" \/>\n<meta property=\"og:locale\" content=\"pt_BR\" \/>\n<meta property=\"og:type\" content=\"article\" \/>\n<meta property=\"og:title\" content=\"Guerino Seiscento com novos Caio - Revista AutoBus\" \/>\n<meta property=\"og:description\" content=\"Operadora paulista aumenta a sua frota com modelos suburbanos\" \/>\n<meta property=\"og:url\" content=\"https:\/\/revistaautobus.com.br\/?p=15973\" \/>\n<meta property=\"og:site_name\" content=\"Revista AutoBus\" \/>\n<meta property=\"article:publisher\" content=\"https:\/\/www.facebook.com\/antonio.ferro.3150\" \/>\n<meta property=\"article:published_time\" content=\"2025-07-15T12:47:47+00:00\" \/>\n<meta property=\"og:image\" content=\"https:\/\/revistaautobus.com.br\/wp-content\/uploads\/2025\/07\/ApacheVip_GS-5.png\" \/>\n\t<meta property=\"og:image:width\" content=\"1000\" \/>\n\t<meta property=\"og:image:height\" content=\"750\" \/>\n\t<meta property=\"og:image:type\" content=\"image\/png\" \/>\n<meta name=\"author\" content=\"Antonio Ferro\" \/>\n<meta name=\"twitter:card\" content=\"summary_large_image\" \/>\n<meta name=\"twitter:label1\" content=\"Escrito por\" \/>\n\t<meta name=\"twitter:data1\" content=\"Antonio Ferro\" \/>\n\t<meta name=\"twitter:label2\" content=\"Est. tempo de leitura\" \/>\n\t<meta name=\"twitter:data2\" content=\"2 minutos\" \/>\n<script type=\"application\/ld+json\" class=\"yoast-schema-graph\">{\"@context\":\"https:\/\/schema.org\",\"@graph\":[{\"@type\":\"Article\",\"@id\":\"https:\/\/revistaautobus.com.br\/?p=15973#article\",\"isPartOf\":{\"@id\":\"https:\/\/revistaautobus.com.br\/?p=15973\"},\"author\":{\"name\":\"Antonio Ferro\",\"@id\":\"https:\/\/revistaautobus.com.br\/#\/schema\/person\/54af7c3eb83a310e42ef686ef6d16f50\"},\"headline\":\"Guerino Seiscento com novos Caio\",\"datePublished\":\"2025-07-15T12:47:47+00:00\",\"mainEntityOfPage\":{\"@id\":\"https:\/\/revistaautobus.com.br\/?p=15973\"},\"wordCount\":290,\"commentCount\":0,\"publisher\":{\"@id\":\"https:\/\/revistaautobus.com.br\/#organization\"},\"image\":{\"@id\":\"https:\/\/revistaautobus.com.br\/?p=15973#primaryimage\"},\"thumbnailUrl\":\"https:\/\/revistaautobus.com.br\/wp-content\/uploads\/2025\/07\/ApacheVip_GS-5.png\",\"keywords\":[\"Caio\",\"Guerino Seiscento\"],\"articleSection\":[\"Not\u00edcias\"],\"inLanguage\":\"pt-BR\",\"potentialAction\":[{\"@type\":\"CommentAction\",\"name\":\"Comment\",\"target\":[\"https:\/\/revistaautobus.com.br\/?p=15973#respond\"]}]},{\"@type\":\"WebPage\",\"@id\":\"https:\/\/revistaautobus.com.br\/?p=15973\",\"url\":\"https:\/\/revistaautobus.com.br\/?p=15973\",\"name\":\"Guerino Seiscento com novos Caio - Revista AutoBus\",\"isPartOf\":{\"@id\":\"https:\/\/revistaautobus.com.br\/#website\"},\"primaryImageOfPage\":{\"@id\":\"https:\/\/revistaautobus.com.br\/?p=15973#primaryimage\"},\"image\":{\"@id\":\"https:\/\/revistaautobus.com.br\/?p=15973#primaryimage\"},\"thumbnailUrl\":\"https:\/\/revistaautobus.com.br\/wp-content\/uploads\/2025\/07\/ApacheVip_GS-5.png\",\"datePublished\":\"2025-07-15T12:47:47+00:00\",\"breadcrumb\":{\"@id\":\"https:\/\/revistaautobus.com.br\/?p=15973#breadcrumb\"},\"inLanguage\":\"pt-BR\",\"potentialAction\":[{\"@type\":\"ReadAction\",\"target\":[\"https:\/\/revistaautobus.com.br\/?p=15973\"]}]},{\"@type\":\"ImageObject\",\"inLanguage\":\"pt-BR\",\"@id\":\"https:\/\/revistaautobus.com.br\/?p=15973#primaryimage\",\"url\":\"https:\/\/revistaautobus.com.br\/wp-content\/uploads\/2025\/07\/ApacheVip_GS-5.png\",\"contentUrl\":\"https:\/\/revistaautobus.com.br\/wp-content\/uploads\/2025\/07\/ApacheVip_GS-5.png\",\"width\":1000,\"height\":750},{\"@type\":\"BreadcrumbList\",\"@id\":\"https:\/\/revistaautobus.com.br\/?p=15973#breadcrumb\",\"itemListElement\":[{\"@type\":\"ListItem\",\"position\":1,\"name\":\"In\u00edcio\",\"item\":\"https:\/\/revistaautobus.com.br\/\"},{\"@type\":\"ListItem\",\"position\":2,\"name\":\"Guerino Seiscento com novos Caio\"}]},{\"@type\":\"WebSite\",\"@id\":\"https:\/\/revistaautobus.com.br\/#website\",\"url\":\"https:\/\/revistaautobus.com.br\/\",\"name\":\"Revista AutoBus\",\"description\":\"\",\"publisher\":{\"@id\":\"https:\/\/revistaautobus.com.br\/#organization\"},\"potentialAction\":[{\"@type\":\"SearchAction\",\"target\":{\"@type\":\"EntryPoint\",\"urlTemplate\":\"https:\/\/revistaautobus.com.br\/?s={search_term_string}\"},\"query-input\":{\"@type\":\"PropertyValueSpecification\",\"valueRequired\":true,\"valueName\":\"search_term_string\"}}],\"inLanguage\":\"pt-BR\"},{\"@type\":\"Organization\",\"@id\":\"https:\/\/revistaautobus.com.br\/#organization\",\"name\":\"Revista AutoBus\",\"url\":\"https:\/\/revistaautobus.com.br\/\",\"logo\":{\"@type\":\"ImageObject\",\"inLanguage\":\"pt-BR\",\"@id\":\"https:\/\/revistaautobus.com.br\/#\/schema\/logo\/image\/\",\"url\":\"https:\/\/revistaautobus.com.br\/wp-content\/uploads\/2024\/11\/logo_revista_autobus_fb.png\",\"contentUrl\":\"https:\/\/revistaautobus.com.br\/wp-content\/uploads\/2024\/11\/logo_revista_autobus_fb.png\",\"width\":836,\"height\":227,\"caption\":\"Revista AutoBus\"},\"image\":{\"@id\":\"https:\/\/revistaautobus.com.br\/#\/schema\/logo\/image\/\"},\"sameAs\":[\"https:\/\/www.facebook.com\/antonio.ferro.3150\",\"https:\/\/www.instagram.com\/revistaautobus\/\"]},{\"@type\":\"Person\",\"@id\":\"https:\/\/revistaautobus.com.br\/#\/schema\/person\/54af7c3eb83a310e42ef686ef6d16f50\",\"name\":\"Antonio Ferro\",\"image\":{\"@type\":\"ImageObject\",\"inLanguage\":\"pt-BR\",\"@id\":\"https:\/\/revistaautobus.com.br\/wp-content\/uploads\/2025\/12\/editor_antonio_ferro-150x150.jpg\",\"url\":\"https:\/\/revistaautobus.com.br\/wp-content\/uploads\/2025\/12\/editor_antonio_ferro-150x150.jpg\",\"contentUrl\":\"https:\/\/revistaautobus.com.br\/wp-content\/uploads\/2025\/12\/editor_antonio_ferro-150x150.jpg\",\"caption\":\"Antonio Ferro\"},\"description\":\"infobus@uol.com.br\",\"url\":\"https:\/\/revistaautobus.com.br\/?author=2\"}]}<\/script>\n<!-- \/ Yoast SEO plugin. -->","yoast_head_json":{"title":"Guerino Seiscento com novos Caio - Revista AutoBus","robots":{"index":"index","follow":"follow","max-snippet":"max-snippet:-1","max-image-preview":"max-image-preview:large","max-video-preview":"max-video-preview:-1"},"canonical":"https:\/\/revistaautobus.com.br\/?p=15973","og_locale":"pt_BR","og_type":"article","og_title":"Guerino Seiscento com novos Caio - Revista AutoBus","og_description":"Operadora paulista aumenta a sua frota com modelos suburbanos","og_url":"https:\/\/revistaautobus.com.br\/?p=15973","og_site_name":"Revista AutoBus","article_publisher":"https:\/\/www.facebook.com\/antonio.ferro.3150","article_published_time":"2025-07-15T12:47:47+00:00","og_image":[{"width":1000,"height":750,"url":"https:\/\/revistaautobus.com.br\/wp-content\/uploads\/2025\/07\/ApacheVip_GS-5.png","type":"image\/png"}],"author":"Antonio Ferro","twitter_card":"summary_large_image","twitter_misc":{"Escrito por":"Antonio Ferro","Est. tempo de leitura":"2 minutos"},"schema":{"@context":"https:\/\/schema.org","@graph":[{"@type":"Article","@id":"https:\/\/revistaautobus.com.br\/?p=15973#article","isPartOf":{"@id":"https:\/\/revistaautobus.com.br\/?p=15973"},"author":{"name":"Antonio Ferro","@id":"https:\/\/revistaautobus.com.br\/#\/schema\/person\/54af7c3eb83a310e42ef686ef6d16f50"},"headline":"Guerino Seiscento com novos Caio","datePublished":"2025-07-15T12:47:47+00:00","mainEntityOfPage":{"@id":"https:\/\/revistaautobus.com.br\/?p=15973"},"wordCount":290,"commentCount":0,"publisher":{"@id":"https:\/\/revistaautobus.com.br\/#organization"},"image":{"@id":"https:\/\/revistaautobus.com.br\/?p=15973#primaryimage"},"thumbnailUrl":"https:\/\/revistaautobus.com.br\/wp-content\/uploads\/2025\/07\/ApacheVip_GS-5.png","keywords":["Caio","Guerino Seiscento"],"articleSection":["Not\u00edcias"],"inLanguage":"pt-BR","potentialAction":[{"@type":"CommentAction","name":"Comment","target":["https:\/\/revistaautobus.com.br\/?p=15973#respond"]}]},{"@type":"WebPage","@id":"https:\/\/revistaautobus.com.br\/?p=15973","url":"https:\/\/revistaautobus.com.br\/?p=15973","name":"Guerino Seiscento com novos Caio - Revista AutoBus","isPartOf":{"@id":"https:\/\/revistaautobus.com.br\/#website"},"primaryImageOfPage":{"@id":"https:\/\/revistaautobus.com.br\/?p=15973#primaryimage"},"image":{"@id":"https:\/\/revistaautobus.com.br\/?p=15973#primaryimage"},"thumbnailUrl":"https:\/\/revistaautobus.com.br\/wp-content\/uploads\/2025\/07\/ApacheVip_GS-5.png","datePublished":"2025-07-15T12:47:47+00:00","breadcrumb":{"@id":"https:\/\/revistaautobus.com.br\/?p=15973#breadcrumb"},"inLanguage":"pt-BR","potentialAction":[{"@type":"ReadAction","target":["https:\/\/revistaautobus.com.br\/?p=15973"]}]},{"@type":"ImageObject","inLanguage":"pt-BR","@id":"https:\/\/revistaautobus.com.br\/?p=15973#primaryimage","url":"https:\/\/revistaautobus.com.br\/wp-content\/uploads\/2025\/07\/ApacheVip_GS-5.png","contentUrl":"https:\/\/revistaautobus.com.br\/wp-content\/uploads\/2025\/07\/ApacheVip_GS-5.png","width":1000,"height":750},{"@type":"BreadcrumbList","@id":"https:\/\/revistaautobus.com.br\/?p=15973#breadcrumb","itemListElement":[{"@type":"ListItem","position":1,"name":"In\u00edcio","item":"https:\/\/revistaautobus.com.br\/"},{"@type":"ListItem","position":2,"name":"Guerino Seiscento com novos Caio"}]},{"@type":"WebSite","@id":"https:\/\/revistaautobus.com.br\/#website","url":"https:\/\/revistaautobus.com.br\/","name":"Revista AutoBus","description":"","publisher":{"@id":"https:\/\/revistaautobus.com.br\/#organization"},"potentialAction":[{"@type":"SearchAction","target":{"@type":"EntryPoint","urlTemplate":"https:\/\/revistaautobus.com.br\/?s={search_term_string}"},"query-input":{"@type":"PropertyValueSpecification","valueRequired":true,"valueName":"search_term_string"}}],"inLanguage":"pt-BR"},{"@type":"Organization","@id":"https:\/\/revistaautobus.com.br\/#organization","name":"Revista AutoBus","url":"https:\/\/revistaautobus.com.br\/","logo":{"@type":"ImageObject","inLanguage":"pt-BR","@id":"https:\/\/revistaautobus.com.br\/#\/schema\/logo\/image\/","url":"https:\/\/revistaautobus.com.br\/wp-content\/uploads\/2024\/11\/logo_revista_autobus_fb.png","contentUrl":"https:\/\/revistaautobus.com.br\/wp-content\/uploads\/2024\/11\/logo_revista_autobus_fb.png","width":836,"height":227,"caption":"Revista AutoBus"},"image":{"@id":"https:\/\/revistaautobus.com.br\/#\/schema\/logo\/image\/"},"sameAs":["https:\/\/www.facebook.com\/antonio.ferro.3150","https:\/\/www.instagram.com\/revistaautobus\/"]},{"@type":"Person","@id":"https:\/\/revistaautobus.com.br\/#\/schema\/person\/54af7c3eb83a310e42ef686ef6d16f50","name":"Antonio Ferro","image":{"@type":"ImageObject","inLanguage":"pt-BR","@id":"https:\/\/revistaautobus.com.br\/wp-content\/uploads\/2025\/12\/editor_antonio_ferro-150x150.jpg","url":"https:\/\/revistaautobus.com.br\/wp-content\/uploads\/2025\/12\/editor_antonio_ferro-150x150.jpg","contentUrl":"https:\/\/revistaautobus.com.br\/wp-content\/uploads\/2025\/12\/editor_antonio_ferro-150x150.jpg","caption":"Antonio Ferro"},"description":"infobus@uol.com.br","url":"https:\/\/revistaautobus.com.br\/?author=2"}]}},"jetpack_featured_media_url":"https:\/\/revistaautobus.com.br\/wp-content\/uploads\/2025\/07\/ApacheVip_GS-5.png","jetpack_sharing_enabled":true,"_links":{"self":[{"href":"https:\/\/revistaautobus.com.br\/index.php?rest_route=\/wp\/v2\/posts\/15973","targetHints":{"allow":["GET"]}}],"collection":[{"href":"https:\/\/revistaautobus.com.br\/index.php?rest_route=\/wp\/v2\/posts"}],"about":[{"href":"https:\/\/revistaautobus.com.br\/index.php?rest_route=\/wp\/v2\/types\/post"}],"author":[{"embeddable":true,"href":"https:\/\/revistaautobus.com.br\/index.php?rest_route=\/wp\/v2\/users\/2"}],"replies":[{"embeddable":true,"href":"https:\/\/revistaautobus.com.br\/index.php?rest_route=%2Fwp%2Fv2%2Fcomments&post=15973"}],"version-history":[{"count":2,"href":"https:\/\/revistaautobus.com.br\/index.php?rest_route=\/wp\/v2\/posts\/15973\/revisions"}],"predecessor-version":[{"id":15976,"href":"https:\/\/revistaautobus.com.br\/index.php?rest_route=\/wp\/v2\/posts\/15973\/revisions\/15976"}],"wp:featuredmedia":[{"embeddable":true,"href":"https:\/\/revistaautobus.com.br\/index.php?rest_route=\/wp\/v2\/media\/15974"}],"wp:attachment":[{"href":"https:\/\/revistaautobus.com.br\/index.php?rest_route=%2Fwp%2Fv2%2Fmedia&parent=15973"}],"wp:term":[{"taxonomy":"category","embeddable":true,"href":"https:\/\/revistaautobus.com.br\/index.php?rest_route=%2Fwp%2Fv2%2Fcategories&post=15973"},{"taxonomy":"post_tag","embeddable":true,"href":"https:\/\/revistaautobus.com.br\/index.php?rest_route=%2Fwp%2Fv2%2Ftags&post=15973"}],"curies":[{"name":"wp","href":"https:\/\/api.w.org\/{rel}","templated":true}]}}