{"id":1602,"date":"2019-04-29T12:29:00","date_gmt":"2019-04-29T15:29:00","guid":{"rendered":"https:\/\/vila8.com.br\/clientes\/autobus\/?p=1602"},"modified":"2021-06-23T17:52:07","modified_gmt":"2021-06-23T20:52:07","slug":"sistema-de-niteroi-privilegia-a-mobilidade","status":"publish","type":"post","link":"https:\/\/revistaautobus.com.br\/?p=1602","title":{"rendered":"Sistema de Niter\u00f3i privilegia a mobilidade"},"content":{"rendered":"\n<p>Buscando melhorar seu sistema de transporte coletivo, a cidade fluminense de Niter\u00f3i iniciou h\u00e1 poucos dias a opera\u00e7\u00e3o do corredor de transportes da TransOce\u00e2nica, uma via exclusiva para \u00f4nibus com caracter\u00edsticas do modelo BHLS&nbsp;(Bus of High Level of Service ou Alto N\u00edvel de Servi\u00e7os de \u00d4nibus), possuindo&nbsp;9,3 quil\u00f4metros de extens\u00e3o, 13 esta\u00e7\u00f5es em 12 bairros, ligando a Regi\u00e3o Oce\u00e2nica \u00e0 Zona Sul de Niter\u00f3i por meio do t\u00fanel Charitas-Cafub\u00e1.<\/p>\n\n\n\n<figure class=\"wp-block-image\"><img decoding=\"async\" src=\"https:\/\/www.revistaautobus.com.br\/uploads\/images\/2019\/04\/333-1556562676.jpg\" alt=\"Sistema de Niter\u00f3i privilegia a mobilidade\" title=\"Sistema de Niter\u00f3i privilegia a mobilidade\"\/><\/figure>\n\n\n\n<p>Os novos \u00f4nibus do sistema t\u00eam ar-condicionado, capacidade para 90 passageiros, piso baixo e contam com portas dos dois lados para tamb\u00e9m circularem pelas ruas e avenidas que n\u00e3o possuem via exclusiva. De acordo com a prefeitura de Niter\u00f3i, o valor da passagem, que atualmente \u00e9 de R$ 3,90, ser\u00e1 o mesmo das demais linhas municipais e a velocidade m\u00e1xima permitida no corredor ser\u00e1 de 40 km\/h e 30 km\/h nas esta\u00e7\u00f5es. Todas as 13 esta\u00e7\u00f5es do BHLS ter\u00e3o c\u00e2meras de seguran\u00e7a e pain\u00e9is que informar\u00e3o o tempo de chegada de cada \u00f4nibus,&nbsp;al\u00e9m de biciclet\u00e1rio com 10 vagas. \u201cA opera\u00e7\u00e3o do corredor possibilitar\u00e1 uma redu\u00e7\u00e3o no tempo de viagem do usu\u00e1rio em cerca de 30%. A obra, que se destaca por sua import\u00e2ncia para a mobilidade urbana de Niter\u00f3i, possibilitando maior fluidez no tr\u00e2nsito e melhor qualidade de vida para os moradores, \u00e9 refer\u00eancia em sustentabilidade e seguran\u00e7a para os usu\u00e1rios\u201d, disse o secret\u00e1rio municipal de Planejamento, Or\u00e7amento e Moderniza\u00e7\u00e3o da Gest\u00e3o, Axel Grael.<\/p>\n\n\n\n<p>Imagens &#8211; Renato Siqueira<\/p>\n","protected":false},"excerpt":{"rendered":"<p>O TransOce\u00e2nica, uma via exclusiva para \u00f4nibus com caracter\u00edsticas do modelo BHLS (Bus of High Level of Service ou Alto N\u00edvel de Servi\u00e7os de \u00d4nibus), teve seu in\u00edcio h\u00e1 poucos dias<\/p>\n","protected":false},"author":2,"featured_media":1603,"comment_status":"open","ping_status":"open","sticky":false,"template":"","format":"standard","meta":{"_et_pb_use_builder":"off","_et_pb_old_content":"","_et_gb_content_width":"","_jetpack_memberships_contains_paid_content":false,"footnotes":""},"categories":[90],"tags":[],"class_list":["post-1602","post","type-post","status-publish","format-standard","has-post-thumbnail","hentry","category-noticias","et-has-post-format-content","et_post_format-et-post-format-standard"],"yoast_head":"<!-- This site is optimized with the Yoast SEO plugin v27.2 - https:\/\/yoast.com\/product\/yoast-seo-wordpress\/ -->\n<title>Sistema de Niter\u00f3i privilegia a mobilidade - Revista AutoBus<\/title>\n<meta name=\"robots\" content=\"index, follow, max-snippet:-1, max-image-preview:large, max-video-preview:-1\" \/>\n<link rel=\"canonical\" href=\"https:\/\/revistaautobus.com.br\/?p=1602\" \/>\n<meta property=\"og:locale\" content=\"pt_BR\" \/>\n<meta property=\"og:type\" content=\"article\" \/>\n<meta property=\"og:title\" content=\"Sistema de Niter\u00f3i privilegia a mobilidade - Revista AutoBus\" \/>\n<meta property=\"og:description\" content=\"O TransOce\u00e2nica, uma via exclusiva para \u00f4nibus com caracter\u00edsticas do modelo BHLS (Bus of High Level of Service ou Alto N\u00edvel de Servi\u00e7os de \u00d4nibus), teve seu in\u00edcio h\u00e1 poucos dias\" \/>\n<meta property=\"og:url\" content=\"https:\/\/revistaautobus.com.br\/?p=1602\" \/>\n<meta property=\"og:site_name\" content=\"Revista AutoBus\" \/>\n<meta property=\"article:publisher\" content=\"https:\/\/www.facebook.com\/antonio.ferro.3150\" \/>\n<meta property=\"article:published_time\" content=\"2019-04-29T15:29:00+00:00\" \/>\n<meta property=\"article:modified_time\" content=\"2021-06-23T20:52:07+00:00\" \/>\n<meta property=\"og:image\" content=\"https:\/\/revistaautobus.com.br\/wp-content\/uploads\/2021\/06\/sistema-de-niteroi-privilegia-a-mobilidade-1556562653.jpg\" \/>\n\t<meta property=\"og:image:width\" content=\"1200\" \/>\n\t<meta property=\"og:image:height\" content=\"1347\" \/>\n\t<meta property=\"og:image:type\" content=\"image\/jpeg\" \/>\n<meta name=\"author\" content=\"Antonio Ferro\" \/>\n<meta name=\"twitter:card\" content=\"summary_large_image\" \/>\n<meta name=\"twitter:label1\" content=\"Escrito por\" \/>\n\t<meta name=\"twitter:data1\" content=\"Antonio Ferro\" \/>\n\t<meta name=\"twitter:label2\" content=\"Est. tempo de leitura\" \/>\n\t<meta name=\"twitter:data2\" content=\"1 minuto\" \/>\n<script type=\"application\/ld+json\" class=\"yoast-schema-graph\">{\"@context\":\"https:\/\/schema.org\",\"@graph\":[{\"@type\":\"Article\",\"@id\":\"https:\/\/revistaautobus.com.br\/?p=1602#article\",\"isPartOf\":{\"@id\":\"https:\/\/revistaautobus.com.br\/?p=1602\"},\"author\":{\"name\":\"Antonio Ferro\",\"@id\":\"https:\/\/revistaautobus.com.br\/#\/schema\/person\/54af7c3eb83a310e42ef686ef6d16f50\"},\"headline\":\"Sistema de Niter\u00f3i privilegia a mobilidade\",\"datePublished\":\"2019-04-29T15:29:00+00:00\",\"dateModified\":\"2021-06-23T20:52:07+00:00\",\"mainEntityOfPage\":{\"@id\":\"https:\/\/revistaautobus.com.br\/?p=1602\"},\"wordCount\":279,\"commentCount\":0,\"publisher\":{\"@id\":\"https:\/\/revistaautobus.com.br\/#organization\"},\"image\":{\"@id\":\"https:\/\/revistaautobus.com.br\/?p=1602#primaryimage\"},\"thumbnailUrl\":\"https:\/\/revistaautobus.com.br\/wp-content\/uploads\/2021\/06\/sistema-de-niteroi-privilegia-a-mobilidade-1556562653.jpg\",\"articleSection\":[\"Not\u00edcias\"],\"inLanguage\":\"pt-BR\",\"potentialAction\":[{\"@type\":\"CommentAction\",\"name\":\"Comment\",\"target\":[\"https:\/\/revistaautobus.com.br\/?p=1602#respond\"]}]},{\"@type\":\"WebPage\",\"@id\":\"https:\/\/revistaautobus.com.br\/?p=1602\",\"url\":\"https:\/\/revistaautobus.com.br\/?p=1602\",\"name\":\"Sistema de Niter\u00f3i privilegia a mobilidade - Revista AutoBus\",\"isPartOf\":{\"@id\":\"https:\/\/revistaautobus.com.br\/#website\"},\"primaryImageOfPage\":{\"@id\":\"https:\/\/revistaautobus.com.br\/?p=1602#primaryimage\"},\"image\":{\"@id\":\"https:\/\/revistaautobus.com.br\/?p=1602#primaryimage\"},\"thumbnailUrl\":\"https:\/\/revistaautobus.com.br\/wp-content\/uploads\/2021\/06\/sistema-de-niteroi-privilegia-a-mobilidade-1556562653.jpg\",\"datePublished\":\"2019-04-29T15:29:00+00:00\",\"dateModified\":\"2021-06-23T20:52:07+00:00\",\"breadcrumb\":{\"@id\":\"https:\/\/revistaautobus.com.br\/?p=1602#breadcrumb\"},\"inLanguage\":\"pt-BR\",\"potentialAction\":[{\"@type\":\"ReadAction\",\"target\":[\"https:\/\/revistaautobus.com.br\/?p=1602\"]}]},{\"@type\":\"ImageObject\",\"inLanguage\":\"pt-BR\",\"@id\":\"https:\/\/revistaautobus.com.br\/?p=1602#primaryimage\",\"url\":\"https:\/\/revistaautobus.com.br\/wp-content\/uploads\/2021\/06\/sistema-de-niteroi-privilegia-a-mobilidade-1556562653.jpg\",\"contentUrl\":\"https:\/\/revistaautobus.com.br\/wp-content\/uploads\/2021\/06\/sistema-de-niteroi-privilegia-a-mobilidade-1556562653.jpg\",\"width\":1200,\"height\":1347},{\"@type\":\"BreadcrumbList\",\"@id\":\"https:\/\/revistaautobus.com.br\/?p=1602#breadcrumb\",\"itemListElement\":[{\"@type\":\"ListItem\",\"position\":1,\"name\":\"In\u00edcio\",\"item\":\"https:\/\/revistaautobus.com.br\/\"},{\"@type\":\"ListItem\",\"position\":2,\"name\":\"Sistema de Niter\u00f3i privilegia a mobilidade\"}]},{\"@type\":\"WebSite\",\"@id\":\"https:\/\/revistaautobus.com.br\/#website\",\"url\":\"https:\/\/revistaautobus.com.br\/\",\"name\":\"Revista AutoBus\",\"description\":\"\",\"publisher\":{\"@id\":\"https:\/\/revistaautobus.com.br\/#organization\"},\"potentialAction\":[{\"@type\":\"SearchAction\",\"target\":{\"@type\":\"EntryPoint\",\"urlTemplate\":\"https:\/\/revistaautobus.com.br\/?s={search_term_string}\"},\"query-input\":{\"@type\":\"PropertyValueSpecification\",\"valueRequired\":true,\"valueName\":\"search_term_string\"}}],\"inLanguage\":\"pt-BR\"},{\"@type\":\"Organization\",\"@id\":\"https:\/\/revistaautobus.com.br\/#organization\",\"name\":\"Revista AutoBus\",\"url\":\"https:\/\/revistaautobus.com.br\/\",\"logo\":{\"@type\":\"ImageObject\",\"inLanguage\":\"pt-BR\",\"@id\":\"https:\/\/revistaautobus.com.br\/#\/schema\/logo\/image\/\",\"url\":\"https:\/\/revistaautobus.com.br\/wp-content\/uploads\/2024\/11\/logo_revista_autobus_fb.png\",\"contentUrl\":\"https:\/\/revistaautobus.com.br\/wp-content\/uploads\/2024\/11\/logo_revista_autobus_fb.png\",\"width\":836,\"height\":227,\"caption\":\"Revista AutoBus\"},\"image\":{\"@id\":\"https:\/\/revistaautobus.com.br\/#\/schema\/logo\/image\/\"},\"sameAs\":[\"https:\/\/www.facebook.com\/antonio.ferro.3150\",\"https:\/\/www.instagram.com\/revistaautobus\/\"]},{\"@type\":\"Person\",\"@id\":\"https:\/\/revistaautobus.com.br\/#\/schema\/person\/54af7c3eb83a310e42ef686ef6d16f50\",\"name\":\"Antonio Ferro\",\"image\":{\"@type\":\"ImageObject\",\"inLanguage\":\"pt-BR\",\"@id\":\"https:\/\/revistaautobus.com.br\/wp-content\/uploads\/2025\/12\/editor_antonio_ferro-150x150.jpg\",\"url\":\"https:\/\/revistaautobus.com.br\/wp-content\/uploads\/2025\/12\/editor_antonio_ferro-150x150.jpg\",\"contentUrl\":\"https:\/\/revistaautobus.com.br\/wp-content\/uploads\/2025\/12\/editor_antonio_ferro-150x150.jpg\",\"caption\":\"Antonio Ferro\"},\"description\":\"infobus@uol.com.br\",\"url\":\"https:\/\/revistaautobus.com.br\/?author=2\"}]}<\/script>\n<!-- \/ Yoast SEO plugin. -->","yoast_head_json":{"title":"Sistema de Niter\u00f3i privilegia a mobilidade - Revista AutoBus","robots":{"index":"index","follow":"follow","max-snippet":"max-snippet:-1","max-image-preview":"max-image-preview:large","max-video-preview":"max-video-preview:-1"},"canonical":"https:\/\/revistaautobus.com.br\/?p=1602","og_locale":"pt_BR","og_type":"article","og_title":"Sistema de Niter\u00f3i privilegia a mobilidade - Revista AutoBus","og_description":"O TransOce\u00e2nica, uma via exclusiva para \u00f4nibus com caracter\u00edsticas do modelo BHLS (Bus of High Level of Service ou Alto N\u00edvel de Servi\u00e7os de \u00d4nibus), teve seu in\u00edcio h\u00e1 poucos dias","og_url":"https:\/\/revistaautobus.com.br\/?p=1602","og_site_name":"Revista AutoBus","article_publisher":"https:\/\/www.facebook.com\/antonio.ferro.3150","article_published_time":"2019-04-29T15:29:00+00:00","article_modified_time":"2021-06-23T20:52:07+00:00","og_image":[{"width":1200,"height":1347,"url":"https:\/\/revistaautobus.com.br\/wp-content\/uploads\/2021\/06\/sistema-de-niteroi-privilegia-a-mobilidade-1556562653.jpg","type":"image\/jpeg"}],"author":"Antonio Ferro","twitter_card":"summary_large_image","twitter_misc":{"Escrito por":"Antonio Ferro","Est. tempo de leitura":"1 minuto"},"schema":{"@context":"https:\/\/schema.org","@graph":[{"@type":"Article","@id":"https:\/\/revistaautobus.com.br\/?p=1602#article","isPartOf":{"@id":"https:\/\/revistaautobus.com.br\/?p=1602"},"author":{"name":"Antonio Ferro","@id":"https:\/\/revistaautobus.com.br\/#\/schema\/person\/54af7c3eb83a310e42ef686ef6d16f50"},"headline":"Sistema de Niter\u00f3i privilegia a mobilidade","datePublished":"2019-04-29T15:29:00+00:00","dateModified":"2021-06-23T20:52:07+00:00","mainEntityOfPage":{"@id":"https:\/\/revistaautobus.com.br\/?p=1602"},"wordCount":279,"commentCount":0,"publisher":{"@id":"https:\/\/revistaautobus.com.br\/#organization"},"image":{"@id":"https:\/\/revistaautobus.com.br\/?p=1602#primaryimage"},"thumbnailUrl":"https:\/\/revistaautobus.com.br\/wp-content\/uploads\/2021\/06\/sistema-de-niteroi-privilegia-a-mobilidade-1556562653.jpg","articleSection":["Not\u00edcias"],"inLanguage":"pt-BR","potentialAction":[{"@type":"CommentAction","name":"Comment","target":["https:\/\/revistaautobus.com.br\/?p=1602#respond"]}]},{"@type":"WebPage","@id":"https:\/\/revistaautobus.com.br\/?p=1602","url":"https:\/\/revistaautobus.com.br\/?p=1602","name":"Sistema de Niter\u00f3i privilegia a mobilidade - Revista AutoBus","isPartOf":{"@id":"https:\/\/revistaautobus.com.br\/#website"},"primaryImageOfPage":{"@id":"https:\/\/revistaautobus.com.br\/?p=1602#primaryimage"},"image":{"@id":"https:\/\/revistaautobus.com.br\/?p=1602#primaryimage"},"thumbnailUrl":"https:\/\/revistaautobus.com.br\/wp-content\/uploads\/2021\/06\/sistema-de-niteroi-privilegia-a-mobilidade-1556562653.jpg","datePublished":"2019-04-29T15:29:00+00:00","dateModified":"2021-06-23T20:52:07+00:00","breadcrumb":{"@id":"https:\/\/revistaautobus.com.br\/?p=1602#breadcrumb"},"inLanguage":"pt-BR","potentialAction":[{"@type":"ReadAction","target":["https:\/\/revistaautobus.com.br\/?p=1602"]}]},{"@type":"ImageObject","inLanguage":"pt-BR","@id":"https:\/\/revistaautobus.com.br\/?p=1602#primaryimage","url":"https:\/\/revistaautobus.com.br\/wp-content\/uploads\/2021\/06\/sistema-de-niteroi-privilegia-a-mobilidade-1556562653.jpg","contentUrl":"https:\/\/revistaautobus.com.br\/wp-content\/uploads\/2021\/06\/sistema-de-niteroi-privilegia-a-mobilidade-1556562653.jpg","width":1200,"height":1347},{"@type":"BreadcrumbList","@id":"https:\/\/revistaautobus.com.br\/?p=1602#breadcrumb","itemListElement":[{"@type":"ListItem","position":1,"name":"In\u00edcio","item":"https:\/\/revistaautobus.com.br\/"},{"@type":"ListItem","position":2,"name":"Sistema de Niter\u00f3i privilegia a mobilidade"}]},{"@type":"WebSite","@id":"https:\/\/revistaautobus.com.br\/#website","url":"https:\/\/revistaautobus.com.br\/","name":"Revista AutoBus","description":"","publisher":{"@id":"https:\/\/revistaautobus.com.br\/#organization"},"potentialAction":[{"@type":"SearchAction","target":{"@type":"EntryPoint","urlTemplate":"https:\/\/revistaautobus.com.br\/?s={search_term_string}"},"query-input":{"@type":"PropertyValueSpecification","valueRequired":true,"valueName":"search_term_string"}}],"inLanguage":"pt-BR"},{"@type":"Organization","@id":"https:\/\/revistaautobus.com.br\/#organization","name":"Revista AutoBus","url":"https:\/\/revistaautobus.com.br\/","logo":{"@type":"ImageObject","inLanguage":"pt-BR","@id":"https:\/\/revistaautobus.com.br\/#\/schema\/logo\/image\/","url":"https:\/\/revistaautobus.com.br\/wp-content\/uploads\/2024\/11\/logo_revista_autobus_fb.png","contentUrl":"https:\/\/revistaautobus.com.br\/wp-content\/uploads\/2024\/11\/logo_revista_autobus_fb.png","width":836,"height":227,"caption":"Revista AutoBus"},"image":{"@id":"https:\/\/revistaautobus.com.br\/#\/schema\/logo\/image\/"},"sameAs":["https:\/\/www.facebook.com\/antonio.ferro.3150","https:\/\/www.instagram.com\/revistaautobus\/"]},{"@type":"Person","@id":"https:\/\/revistaautobus.com.br\/#\/schema\/person\/54af7c3eb83a310e42ef686ef6d16f50","name":"Antonio Ferro","image":{"@type":"ImageObject","inLanguage":"pt-BR","@id":"https:\/\/revistaautobus.com.br\/wp-content\/uploads\/2025\/12\/editor_antonio_ferro-150x150.jpg","url":"https:\/\/revistaautobus.com.br\/wp-content\/uploads\/2025\/12\/editor_antonio_ferro-150x150.jpg","contentUrl":"https:\/\/revistaautobus.com.br\/wp-content\/uploads\/2025\/12\/editor_antonio_ferro-150x150.jpg","caption":"Antonio Ferro"},"description":"infobus@uol.com.br","url":"https:\/\/revistaautobus.com.br\/?author=2"}]}},"jetpack_featured_media_url":"https:\/\/revistaautobus.com.br\/wp-content\/uploads\/2021\/06\/sistema-de-niteroi-privilegia-a-mobilidade-1556562653.jpg","jetpack_sharing_enabled":true,"_links":{"self":[{"href":"https:\/\/revistaautobus.com.br\/index.php?rest_route=\/wp\/v2\/posts\/1602","targetHints":{"allow":["GET"]}}],"collection":[{"href":"https:\/\/revistaautobus.com.br\/index.php?rest_route=\/wp\/v2\/posts"}],"about":[{"href":"https:\/\/revistaautobus.com.br\/index.php?rest_route=\/wp\/v2\/types\/post"}],"author":[{"embeddable":true,"href":"https:\/\/revistaautobus.com.br\/index.php?rest_route=\/wp\/v2\/users\/2"}],"replies":[{"embeddable":true,"href":"https:\/\/revistaautobus.com.br\/index.php?rest_route=%2Fwp%2Fv2%2Fcomments&post=1602"}],"version-history":[{"count":1,"href":"https:\/\/revistaautobus.com.br\/index.php?rest_route=\/wp\/v2\/posts\/1602\/revisions"}],"predecessor-version":[{"id":1604,"href":"https:\/\/revistaautobus.com.br\/index.php?rest_route=\/wp\/v2\/posts\/1602\/revisions\/1604"}],"wp:featuredmedia":[{"embeddable":true,"href":"https:\/\/revistaautobus.com.br\/index.php?rest_route=\/wp\/v2\/media\/1603"}],"wp:attachment":[{"href":"https:\/\/revistaautobus.com.br\/index.php?rest_route=%2Fwp%2Fv2%2Fmedia&parent=1602"}],"wp:term":[{"taxonomy":"category","embeddable":true,"href":"https:\/\/revistaautobus.com.br\/index.php?rest_route=%2Fwp%2Fv2%2Fcategories&post=1602"},{"taxonomy":"post_tag","embeddable":true,"href":"https:\/\/revistaautobus.com.br\/index.php?rest_route=%2Fwp%2Fv2%2Ftags&post=1602"}],"curies":[{"name":"wp","href":"https:\/\/api.w.org\/{rel}","templated":true}]}}