{"id":16058,"date":"2025-07-28T16:22:39","date_gmt":"2025-07-28T19:22:39","guid":{"rendered":"https:\/\/revistaautobus.com.br\/?p=16058"},"modified":"2025-07-28T16:22:39","modified_gmt":"2025-07-28T19:22:39","slug":"o-universo-dos-quadrinhos-pelas-estradas","status":"publish","type":"post","link":"https:\/\/revistaautobus.com.br\/?p=16058","title":{"rendered":"O universo dos quadrinhos pelas estradas"},"content":{"rendered":"<p>A parceria entre a operadora capixaba, Via\u00e7\u00e3o \u00c1guia Branca, e a empresa Maur\u00edcio de Sousa Produ\u00e7\u00f5es (MSP Est\u00fadios), criadora da Turma da M\u00f4nica, personagens da hist\u00f3ria brasileira em quadrinhos, alcan\u00e7ou sucesso com o desenvolvimento de uma primeira a\u00e7\u00e3o envolvendo um \u00f4nibus adesivado com o tema do Chico Bento, lan\u00e7ado em janeiro deste ano.<\/p>\n<p>Agora, uma nova fase foi apresentada como parte de um projeto cultural que destaca o h\u00e1bito da leitura e educa\u00e7\u00e3o para as crian\u00e7as. Com isso, outro \u00f4nibus tem\u00e1tico, adesivado com toda a Turma da M\u00f4nica, circular\u00e1 pelas estradas brasileiras e, durante as a\u00e7\u00f5es de lan\u00e7amento da iniciativa, ser\u00e1 transformado em uma verdadeira GIBiblioteca itinerante.<\/p>\n<p>De acordo com a transportadora, o \u00f4nibus da Turma da M\u00f4nica integra um conjunto de tr\u00eas ve\u00edculos tem\u00e1ticos previstos para este ano, refor\u00e7ando seu compromisso com experi\u00eancias que ultrapassam a mobilidade, promovendo a cultura brasileira e estimulando a leitura. \u201cA segunda edi\u00e7\u00e3o dessa parceria reafirma nossa proposta de oferecer mais do que uma viagem: queremos encantar nossos passageiros e proporcionar uma experi\u00eancia marcante. Este novo \u00f4nibus vai fazer parte da nossa frota e operar nos mais de 750 destinos pelo pa\u00eds, levando mais cor para as estradas, divers\u00e3o para os passageiros e estimulando a imagina\u00e7\u00e3o de quem tiver contato com ele\u201d, salientou a CEO da empresa, Paula Barcellos.<\/p>\n<p><img loading=\"lazy\" decoding=\"async\" class=\"alignnone wp-image-16060 size-large\" src=\"https:\/\/revistaautobus.com.br\/wp-content\/uploads\/2025\/07\/IMG-20250721-WA0063-1024x768.jpg\" alt=\"\" width=\"1024\" height=\"768\" srcset=\"https:\/\/revistaautobus.com.br\/wp-content\/uploads\/2025\/07\/IMG-20250721-WA0063-1024x768.jpg 1024w, https:\/\/revistaautobus.com.br\/wp-content\/uploads\/2025\/07\/IMG-20250721-WA0063-300x225.jpg 300w, https:\/\/revistaautobus.com.br\/wp-content\/uploads\/2025\/07\/IMG-20250721-WA0063-768x576.jpg 768w, https:\/\/revistaautobus.com.br\/wp-content\/uploads\/2025\/07\/IMG-20250721-WA0063-1536x1152.jpg 1536w, https:\/\/revistaautobus.com.br\/wp-content\/uploads\/2025\/07\/IMG-20250721-WA0063-1080x810.jpg 1080w, https:\/\/revistaautobus.com.br\/wp-content\/uploads\/2025\/07\/IMG-20250721-WA0063.jpg 1600w\" sizes=\"(max-width: 1024px) 100vw, 1024px\" \/><\/p>\n<p>J\u00e1 Marcos Saraiva, diretor-executivo da MSP Est\u00fadios, comentou que a amplia\u00e7\u00e3o da parceria com a Via\u00e7\u00e3o \u00c1guia Branca refor\u00e7a o posicionamento multiplataforma da empresa. \u201cO \u00f4nibus tem\u00e1tico da Turma da M\u00f4nica nos permite cruzar fronteiras geogr\u00e1ficas e afetivas, promovendo experi\u00eancias que fortalecem o v\u00ednculo com as fam\u00edlias e ampliam a presen\u00e7a dos nossos personagens na rotina das pessoas, com entretenimento, prop\u00f3sito e emo\u00e7\u00e3o\u201d, disse.<\/p>\n<p>O ve\u00edculo em quest\u00e3o tem configura\u00e7\u00e3o semileito, equipado com 42 poltronas, trazendo estampas ic\u00f4nicas dos personagens infantis da MSP Est\u00fadios.<\/p>\n<p>Imagens &#8211; Divulga\u00e7\u00e3o<\/p>\n","protected":false},"excerpt":{"rendered":"<p>A Via\u00e7\u00e3o \u00c1guia Branca continua com o seu projeto de levar ao Brasil o conhecimento da cultura infantil<\/p>\n","protected":false},"author":2,"featured_media":16059,"comment_status":"open","ping_status":"open","sticky":false,"template":"","format":"standard","meta":{"_et_pb_use_builder":"","_et_pb_old_content":"","_et_gb_content_width":"","_jetpack_memberships_contains_paid_content":false,"footnotes":""},"categories":[90,80],"tags":[394],"class_list":["post-16058","post","type-post","status-publish","format-standard","has-post-thumbnail","hentry","category-noticias","category-transporte-rodoviario","tag-viacao-aguia-branca","et-has-post-format-content","et_post_format-et-post-format-standard"],"yoast_head":"<!-- This site is optimized with the Yoast SEO plugin v27.2 - https:\/\/yoast.com\/product\/yoast-seo-wordpress\/ -->\n<title>O universo dos quadrinhos pelas estradas - Revista AutoBus<\/title>\n<meta name=\"robots\" content=\"index, follow, max-snippet:-1, max-image-preview:large, max-video-preview:-1\" \/>\n<link rel=\"canonical\" href=\"https:\/\/revistaautobus.com.br\/?p=16058\" \/>\n<meta property=\"og:locale\" content=\"pt_BR\" \/>\n<meta property=\"og:type\" content=\"article\" \/>\n<meta property=\"og:title\" content=\"O universo dos quadrinhos pelas estradas - Revista AutoBus\" \/>\n<meta property=\"og:description\" content=\"A Via\u00e7\u00e3o \u00c1guia Branca continua com o seu projeto de levar ao Brasil o conhecimento da cultura infantil\" \/>\n<meta property=\"og:url\" content=\"https:\/\/revistaautobus.com.br\/?p=16058\" \/>\n<meta property=\"og:site_name\" content=\"Revista AutoBus\" \/>\n<meta property=\"article:publisher\" content=\"https:\/\/www.facebook.com\/antonio.ferro.3150\" \/>\n<meta property=\"article:published_time\" content=\"2025-07-28T19:22:39+00:00\" \/>\n<meta property=\"og:image\" content=\"https:\/\/revistaautobus.com.br\/wp-content\/uploads\/2025\/07\/IMG-20250721-WA0058.jpg\" \/>\n\t<meta property=\"og:image:width\" content=\"1600\" \/>\n\t<meta property=\"og:image:height\" content=\"900\" \/>\n\t<meta property=\"og:image:type\" content=\"image\/jpeg\" \/>\n<meta name=\"author\" content=\"Antonio Ferro\" \/>\n<meta name=\"twitter:card\" content=\"summary_large_image\" \/>\n<meta name=\"twitter:label1\" content=\"Escrito por\" \/>\n\t<meta name=\"twitter:data1\" content=\"Antonio Ferro\" \/>\n\t<meta name=\"twitter:label2\" content=\"Est. tempo de leitura\" \/>\n\t<meta name=\"twitter:data2\" content=\"3 minutos\" \/>\n<script type=\"application\/ld+json\" class=\"yoast-schema-graph\">{\"@context\":\"https:\/\/schema.org\",\"@graph\":[{\"@type\":\"Article\",\"@id\":\"https:\/\/revistaautobus.com.br\/?p=16058#article\",\"isPartOf\":{\"@id\":\"https:\/\/revistaautobus.com.br\/?p=16058\"},\"author\":{\"name\":\"Antonio Ferro\",\"@id\":\"https:\/\/revistaautobus.com.br\/#\/schema\/person\/54af7c3eb83a310e42ef686ef6d16f50\"},\"headline\":\"O universo dos quadrinhos pelas estradas\",\"datePublished\":\"2025-07-28T19:22:39+00:00\",\"mainEntityOfPage\":{\"@id\":\"https:\/\/revistaautobus.com.br\/?p=16058\"},\"wordCount\":352,\"commentCount\":0,\"publisher\":{\"@id\":\"https:\/\/revistaautobus.com.br\/#organization\"},\"image\":{\"@id\":\"https:\/\/revistaautobus.com.br\/?p=16058#primaryimage\"},\"thumbnailUrl\":\"https:\/\/revistaautobus.com.br\/wp-content\/uploads\/2025\/07\/IMG-20250721-WA0058.jpg\",\"keywords\":[\"Via\u00e7\u00e3o \u00c1guia Branca\"],\"articleSection\":[\"Not\u00edcias\",\"Transporte rodovi\u00e1rio\"],\"inLanguage\":\"pt-BR\",\"potentialAction\":[{\"@type\":\"CommentAction\",\"name\":\"Comment\",\"target\":[\"https:\/\/revistaautobus.com.br\/?p=16058#respond\"]}]},{\"@type\":\"WebPage\",\"@id\":\"https:\/\/revistaautobus.com.br\/?p=16058\",\"url\":\"https:\/\/revistaautobus.com.br\/?p=16058\",\"name\":\"O universo dos quadrinhos pelas estradas - Revista AutoBus\",\"isPartOf\":{\"@id\":\"https:\/\/revistaautobus.com.br\/#website\"},\"primaryImageOfPage\":{\"@id\":\"https:\/\/revistaautobus.com.br\/?p=16058#primaryimage\"},\"image\":{\"@id\":\"https:\/\/revistaautobus.com.br\/?p=16058#primaryimage\"},\"thumbnailUrl\":\"https:\/\/revistaautobus.com.br\/wp-content\/uploads\/2025\/07\/IMG-20250721-WA0058.jpg\",\"datePublished\":\"2025-07-28T19:22:39+00:00\",\"breadcrumb\":{\"@id\":\"https:\/\/revistaautobus.com.br\/?p=16058#breadcrumb\"},\"inLanguage\":\"pt-BR\",\"potentialAction\":[{\"@type\":\"ReadAction\",\"target\":[\"https:\/\/revistaautobus.com.br\/?p=16058\"]}]},{\"@type\":\"ImageObject\",\"inLanguage\":\"pt-BR\",\"@id\":\"https:\/\/revistaautobus.com.br\/?p=16058#primaryimage\",\"url\":\"https:\/\/revistaautobus.com.br\/wp-content\/uploads\/2025\/07\/IMG-20250721-WA0058.jpg\",\"contentUrl\":\"https:\/\/revistaautobus.com.br\/wp-content\/uploads\/2025\/07\/IMG-20250721-WA0058.jpg\",\"width\":1600,\"height\":900},{\"@type\":\"BreadcrumbList\",\"@id\":\"https:\/\/revistaautobus.com.br\/?p=16058#breadcrumb\",\"itemListElement\":[{\"@type\":\"ListItem\",\"position\":1,\"name\":\"In\u00edcio\",\"item\":\"https:\/\/revistaautobus.com.br\/\"},{\"@type\":\"ListItem\",\"position\":2,\"name\":\"O universo dos quadrinhos pelas estradas\"}]},{\"@type\":\"WebSite\",\"@id\":\"https:\/\/revistaautobus.com.br\/#website\",\"url\":\"https:\/\/revistaautobus.com.br\/\",\"name\":\"Revista AutoBus\",\"description\":\"\",\"publisher\":{\"@id\":\"https:\/\/revistaautobus.com.br\/#organization\"},\"potentialAction\":[{\"@type\":\"SearchAction\",\"target\":{\"@type\":\"EntryPoint\",\"urlTemplate\":\"https:\/\/revistaautobus.com.br\/?s={search_term_string}\"},\"query-input\":{\"@type\":\"PropertyValueSpecification\",\"valueRequired\":true,\"valueName\":\"search_term_string\"}}],\"inLanguage\":\"pt-BR\"},{\"@type\":\"Organization\",\"@id\":\"https:\/\/revistaautobus.com.br\/#organization\",\"name\":\"Revista AutoBus\",\"url\":\"https:\/\/revistaautobus.com.br\/\",\"logo\":{\"@type\":\"ImageObject\",\"inLanguage\":\"pt-BR\",\"@id\":\"https:\/\/revistaautobus.com.br\/#\/schema\/logo\/image\/\",\"url\":\"https:\/\/revistaautobus.com.br\/wp-content\/uploads\/2024\/11\/logo_revista_autobus_fb.png\",\"contentUrl\":\"https:\/\/revistaautobus.com.br\/wp-content\/uploads\/2024\/11\/logo_revista_autobus_fb.png\",\"width\":836,\"height\":227,\"caption\":\"Revista AutoBus\"},\"image\":{\"@id\":\"https:\/\/revistaautobus.com.br\/#\/schema\/logo\/image\/\"},\"sameAs\":[\"https:\/\/www.facebook.com\/antonio.ferro.3150\",\"https:\/\/www.instagram.com\/revistaautobus\/\"]},{\"@type\":\"Person\",\"@id\":\"https:\/\/revistaautobus.com.br\/#\/schema\/person\/54af7c3eb83a310e42ef686ef6d16f50\",\"name\":\"Antonio Ferro\",\"image\":{\"@type\":\"ImageObject\",\"inLanguage\":\"pt-BR\",\"@id\":\"https:\/\/revistaautobus.com.br\/wp-content\/uploads\/2025\/12\/editor_antonio_ferro-150x150.jpg\",\"url\":\"https:\/\/revistaautobus.com.br\/wp-content\/uploads\/2025\/12\/editor_antonio_ferro-150x150.jpg\",\"contentUrl\":\"https:\/\/revistaautobus.com.br\/wp-content\/uploads\/2025\/12\/editor_antonio_ferro-150x150.jpg\",\"caption\":\"Antonio Ferro\"},\"description\":\"infobus@uol.com.br\",\"url\":\"https:\/\/revistaautobus.com.br\/?author=2\"}]}<\/script>\n<!-- \/ Yoast SEO plugin. -->","yoast_head_json":{"title":"O universo dos quadrinhos pelas estradas - Revista AutoBus","robots":{"index":"index","follow":"follow","max-snippet":"max-snippet:-1","max-image-preview":"max-image-preview:large","max-video-preview":"max-video-preview:-1"},"canonical":"https:\/\/revistaautobus.com.br\/?p=16058","og_locale":"pt_BR","og_type":"article","og_title":"O universo dos quadrinhos pelas estradas - Revista AutoBus","og_description":"A Via\u00e7\u00e3o \u00c1guia Branca continua com o seu projeto de levar ao Brasil o conhecimento da cultura infantil","og_url":"https:\/\/revistaautobus.com.br\/?p=16058","og_site_name":"Revista AutoBus","article_publisher":"https:\/\/www.facebook.com\/antonio.ferro.3150","article_published_time":"2025-07-28T19:22:39+00:00","og_image":[{"width":1600,"height":900,"url":"https:\/\/revistaautobus.com.br\/wp-content\/uploads\/2025\/07\/IMG-20250721-WA0058.jpg","type":"image\/jpeg"}],"author":"Antonio Ferro","twitter_card":"summary_large_image","twitter_misc":{"Escrito por":"Antonio Ferro","Est. tempo de leitura":"3 minutos"},"schema":{"@context":"https:\/\/schema.org","@graph":[{"@type":"Article","@id":"https:\/\/revistaautobus.com.br\/?p=16058#article","isPartOf":{"@id":"https:\/\/revistaautobus.com.br\/?p=16058"},"author":{"name":"Antonio Ferro","@id":"https:\/\/revistaautobus.com.br\/#\/schema\/person\/54af7c3eb83a310e42ef686ef6d16f50"},"headline":"O universo dos quadrinhos pelas estradas","datePublished":"2025-07-28T19:22:39+00:00","mainEntityOfPage":{"@id":"https:\/\/revistaautobus.com.br\/?p=16058"},"wordCount":352,"commentCount":0,"publisher":{"@id":"https:\/\/revistaautobus.com.br\/#organization"},"image":{"@id":"https:\/\/revistaautobus.com.br\/?p=16058#primaryimage"},"thumbnailUrl":"https:\/\/revistaautobus.com.br\/wp-content\/uploads\/2025\/07\/IMG-20250721-WA0058.jpg","keywords":["Via\u00e7\u00e3o \u00c1guia Branca"],"articleSection":["Not\u00edcias","Transporte rodovi\u00e1rio"],"inLanguage":"pt-BR","potentialAction":[{"@type":"CommentAction","name":"Comment","target":["https:\/\/revistaautobus.com.br\/?p=16058#respond"]}]},{"@type":"WebPage","@id":"https:\/\/revistaautobus.com.br\/?p=16058","url":"https:\/\/revistaautobus.com.br\/?p=16058","name":"O universo dos quadrinhos pelas estradas - Revista AutoBus","isPartOf":{"@id":"https:\/\/revistaautobus.com.br\/#website"},"primaryImageOfPage":{"@id":"https:\/\/revistaautobus.com.br\/?p=16058#primaryimage"},"image":{"@id":"https:\/\/revistaautobus.com.br\/?p=16058#primaryimage"},"thumbnailUrl":"https:\/\/revistaautobus.com.br\/wp-content\/uploads\/2025\/07\/IMG-20250721-WA0058.jpg","datePublished":"2025-07-28T19:22:39+00:00","breadcrumb":{"@id":"https:\/\/revistaautobus.com.br\/?p=16058#breadcrumb"},"inLanguage":"pt-BR","potentialAction":[{"@type":"ReadAction","target":["https:\/\/revistaautobus.com.br\/?p=16058"]}]},{"@type":"ImageObject","inLanguage":"pt-BR","@id":"https:\/\/revistaautobus.com.br\/?p=16058#primaryimage","url":"https:\/\/revistaautobus.com.br\/wp-content\/uploads\/2025\/07\/IMG-20250721-WA0058.jpg","contentUrl":"https:\/\/revistaautobus.com.br\/wp-content\/uploads\/2025\/07\/IMG-20250721-WA0058.jpg","width":1600,"height":900},{"@type":"BreadcrumbList","@id":"https:\/\/revistaautobus.com.br\/?p=16058#breadcrumb","itemListElement":[{"@type":"ListItem","position":1,"name":"In\u00edcio","item":"https:\/\/revistaautobus.com.br\/"},{"@type":"ListItem","position":2,"name":"O universo dos quadrinhos pelas estradas"}]},{"@type":"WebSite","@id":"https:\/\/revistaautobus.com.br\/#website","url":"https:\/\/revistaautobus.com.br\/","name":"Revista AutoBus","description":"","publisher":{"@id":"https:\/\/revistaautobus.com.br\/#organization"},"potentialAction":[{"@type":"SearchAction","target":{"@type":"EntryPoint","urlTemplate":"https:\/\/revistaautobus.com.br\/?s={search_term_string}"},"query-input":{"@type":"PropertyValueSpecification","valueRequired":true,"valueName":"search_term_string"}}],"inLanguage":"pt-BR"},{"@type":"Organization","@id":"https:\/\/revistaautobus.com.br\/#organization","name":"Revista AutoBus","url":"https:\/\/revistaautobus.com.br\/","logo":{"@type":"ImageObject","inLanguage":"pt-BR","@id":"https:\/\/revistaautobus.com.br\/#\/schema\/logo\/image\/","url":"https:\/\/revistaautobus.com.br\/wp-content\/uploads\/2024\/11\/logo_revista_autobus_fb.png","contentUrl":"https:\/\/revistaautobus.com.br\/wp-content\/uploads\/2024\/11\/logo_revista_autobus_fb.png","width":836,"height":227,"caption":"Revista AutoBus"},"image":{"@id":"https:\/\/revistaautobus.com.br\/#\/schema\/logo\/image\/"},"sameAs":["https:\/\/www.facebook.com\/antonio.ferro.3150","https:\/\/www.instagram.com\/revistaautobus\/"]},{"@type":"Person","@id":"https:\/\/revistaautobus.com.br\/#\/schema\/person\/54af7c3eb83a310e42ef686ef6d16f50","name":"Antonio Ferro","image":{"@type":"ImageObject","inLanguage":"pt-BR","@id":"https:\/\/revistaautobus.com.br\/wp-content\/uploads\/2025\/12\/editor_antonio_ferro-150x150.jpg","url":"https:\/\/revistaautobus.com.br\/wp-content\/uploads\/2025\/12\/editor_antonio_ferro-150x150.jpg","contentUrl":"https:\/\/revistaautobus.com.br\/wp-content\/uploads\/2025\/12\/editor_antonio_ferro-150x150.jpg","caption":"Antonio Ferro"},"description":"infobus@uol.com.br","url":"https:\/\/revistaautobus.com.br\/?author=2"}]}},"jetpack_featured_media_url":"https:\/\/revistaautobus.com.br\/wp-content\/uploads\/2025\/07\/IMG-20250721-WA0058.jpg","jetpack_sharing_enabled":true,"_links":{"self":[{"href":"https:\/\/revistaautobus.com.br\/index.php?rest_route=\/wp\/v2\/posts\/16058","targetHints":{"allow":["GET"]}}],"collection":[{"href":"https:\/\/revistaautobus.com.br\/index.php?rest_route=\/wp\/v2\/posts"}],"about":[{"href":"https:\/\/revistaautobus.com.br\/index.php?rest_route=\/wp\/v2\/types\/post"}],"author":[{"embeddable":true,"href":"https:\/\/revistaautobus.com.br\/index.php?rest_route=\/wp\/v2\/users\/2"}],"replies":[{"embeddable":true,"href":"https:\/\/revistaautobus.com.br\/index.php?rest_route=%2Fwp%2Fv2%2Fcomments&post=16058"}],"version-history":[{"count":2,"href":"https:\/\/revistaautobus.com.br\/index.php?rest_route=\/wp\/v2\/posts\/16058\/revisions"}],"predecessor-version":[{"id":16062,"href":"https:\/\/revistaautobus.com.br\/index.php?rest_route=\/wp\/v2\/posts\/16058\/revisions\/16062"}],"wp:featuredmedia":[{"embeddable":true,"href":"https:\/\/revistaautobus.com.br\/index.php?rest_route=\/wp\/v2\/media\/16059"}],"wp:attachment":[{"href":"https:\/\/revistaautobus.com.br\/index.php?rest_route=%2Fwp%2Fv2%2Fmedia&parent=16058"}],"wp:term":[{"taxonomy":"category","embeddable":true,"href":"https:\/\/revistaautobus.com.br\/index.php?rest_route=%2Fwp%2Fv2%2Fcategories&post=16058"},{"taxonomy":"post_tag","embeddable":true,"href":"https:\/\/revistaautobus.com.br\/index.php?rest_route=%2Fwp%2Fv2%2Ftags&post=16058"}],"curies":[{"name":"wp","href":"https:\/\/api.w.org\/{rel}","templated":true}]}}