{"id":1623,"date":"2019-05-09T12:08:00","date_gmt":"2019-05-09T15:08:00","guid":{"rendered":"https:\/\/vila8.com.br\/clientes\/autobus\/?p=1623"},"modified":"2021-06-23T17:59:47","modified_gmt":"2021-06-23T20:59:47","slug":"byd-aumenta-sua-presenca-no-mercado-europeu","status":"publish","type":"post","link":"https:\/\/revistaautobus.com.br\/?p=1623","title":{"rendered":"BYD aumenta sua presen\u00e7a no mercado europeu"},"content":{"rendered":"\n<p>Para a marca chinesa de \u00f4nibus el\u00e9tricos BYD, o mercado europeu de transporte coletivo representa uma grande oportunidade para seus neg\u00f3cios. Prova recente disso \u00e9 que a Nobina, maior operadora de \u00f4nibus da Su\u00e9cia e da regi\u00e3o N\u00f3rdica, encomendou mais 20 \u00f4nibus 100% el\u00e9tricos. As entregas do modelo BYD K11 articulado come\u00e7ar\u00e3o no final de 2019. Os ve\u00edculos ser\u00e3o entregues em dois lotes, com quatro ve\u00edculos destinados ao distrito de Barkarby, em Estocolmo, e 16 para a cidade de Link\u00f6ping.<\/p>\n\n\n\n<p>Com mais este neg\u00f3cio, a marca atinge 700 \u00f4nibus el\u00e9tricos que se encontram em opera\u00e7\u00e3o ou est\u00e3o encomendados em toda a Europa. &#8220;Esta \u00e9 uma adi\u00e7\u00e3o significativa a um investimento j\u00e1 substancial da Nobina em nossos \u00f4nibus el\u00e9tricos. O mercado de \u00f4nibus el\u00e9tricos na Su\u00e9cia e nos demais pa\u00edses n\u00f3rdicos est\u00e1 crescendo rapidamente e a BYD permanece bem posicionada para fornecer os produtos certos para uma ampla gama de opera\u00e7\u00f5es&#8221;, observou Isbrand Ho, diretor executivo da BYD Europe.<\/p>\n\n\n\n<p>De acordo com a fabricante, as baterias utilizadas em seus \u00f4nibus s\u00e3o de fosfato de ferro l\u00edtio de nova gera\u00e7\u00e3o, livres de cobalto, e oferecem altos n\u00edveis de desempenho, seguran\u00e7a operacional e s\u00e3o produzidas sob rigorosos padr\u00f5es ambientais. 36 \u00f4nibus da BYD j\u00e1 operam com sucesso em v\u00e1rias cidades suecas, incluindo Eskilstuna, \u00c4ngelholm, Norrt\u00e4lje e Landskrona \u2013 com cerca de 70 outros a serem entregues na Noruega e na Dinamarca.<\/p>\n\n\n\n<p>Imagem &#8211; Divulga\u00e7\u00e3o<\/p>\n","protected":false},"excerpt":{"rendered":"<p>Com mais este neg\u00f3cio, a marca atinge 700 \u00f4nibus el\u00e9tricos que se encontram em opera\u00e7\u00e3o ou est\u00e3o encomendados em toda a Europa<\/p>\n","protected":false},"author":2,"featured_media":1624,"comment_status":"open","ping_status":"open","sticky":false,"template":"","format":"standard","meta":{"_et_pb_use_builder":"off","_et_pb_old_content":"","_et_gb_content_width":"","_jetpack_memberships_contains_paid_content":false,"footnotes":""},"categories":[90],"tags":[],"class_list":["post-1623","post","type-post","status-publish","format-standard","has-post-thumbnail","hentry","category-noticias","et-has-post-format-content","et_post_format-et-post-format-standard"],"yoast_head":"<!-- This site is optimized with the Yoast SEO plugin v27.2 - https:\/\/yoast.com\/product\/yoast-seo-wordpress\/ -->\n<title>BYD aumenta sua presen\u00e7a no mercado europeu - Revista AutoBus<\/title>\n<meta name=\"robots\" content=\"index, follow, max-snippet:-1, max-image-preview:large, max-video-preview:-1\" \/>\n<link rel=\"canonical\" href=\"https:\/\/revistaautobus.com.br\/?p=1623\" \/>\n<meta property=\"og:locale\" content=\"pt_BR\" \/>\n<meta property=\"og:type\" content=\"article\" \/>\n<meta property=\"og:title\" content=\"BYD aumenta sua presen\u00e7a no mercado europeu - Revista AutoBus\" \/>\n<meta property=\"og:description\" content=\"Com mais este neg\u00f3cio, a marca atinge 700 \u00f4nibus el\u00e9tricos que se encontram em opera\u00e7\u00e3o ou est\u00e3o encomendados em toda a Europa\" \/>\n<meta property=\"og:url\" content=\"https:\/\/revistaautobus.com.br\/?p=1623\" \/>\n<meta property=\"og:site_name\" content=\"Revista AutoBus\" \/>\n<meta property=\"article:publisher\" content=\"https:\/\/www.facebook.com\/antonio.ferro.3150\" \/>\n<meta property=\"article:published_time\" content=\"2019-05-09T15:08:00+00:00\" \/>\n<meta property=\"article:modified_time\" content=\"2021-06-23T20:59:47+00:00\" \/>\n<meta property=\"og:image\" content=\"https:\/\/revistaautobus.com.br\/wp-content\/uploads\/2021\/06\/byd-aumenta-sua-presenca-no-mercado-europeu-1557425417.png\" \/>\n\t<meta property=\"og:image:width\" content=\"1200\" \/>\n\t<meta property=\"og:image:height\" content=\"720\" \/>\n\t<meta property=\"og:image:type\" content=\"image\/png\" \/>\n<meta name=\"author\" content=\"Antonio Ferro\" \/>\n<meta name=\"twitter:card\" content=\"summary_large_image\" \/>\n<meta name=\"twitter:label1\" content=\"Escrito por\" \/>\n\t<meta name=\"twitter:data1\" content=\"Antonio Ferro\" \/>\n\t<meta name=\"twitter:label2\" content=\"Est. tempo de leitura\" \/>\n\t<meta name=\"twitter:data2\" content=\"1 minuto\" \/>\n<script type=\"application\/ld+json\" class=\"yoast-schema-graph\">{\"@context\":\"https:\/\/schema.org\",\"@graph\":[{\"@type\":\"Article\",\"@id\":\"https:\/\/revistaautobus.com.br\/?p=1623#article\",\"isPartOf\":{\"@id\":\"https:\/\/revistaautobus.com.br\/?p=1623\"},\"author\":{\"name\":\"Antonio Ferro\",\"@id\":\"https:\/\/revistaautobus.com.br\/#\/schema\/person\/54af7c3eb83a310e42ef686ef6d16f50\"},\"headline\":\"BYD aumenta sua presen\u00e7a no mercado europeu\",\"datePublished\":\"2019-05-09T15:08:00+00:00\",\"dateModified\":\"2021-06-23T20:59:47+00:00\",\"mainEntityOfPage\":{\"@id\":\"https:\/\/revistaautobus.com.br\/?p=1623\"},\"wordCount\":262,\"commentCount\":0,\"publisher\":{\"@id\":\"https:\/\/revistaautobus.com.br\/#organization\"},\"image\":{\"@id\":\"https:\/\/revistaautobus.com.br\/?p=1623#primaryimage\"},\"thumbnailUrl\":\"https:\/\/revistaautobus.com.br\/wp-content\/uploads\/2021\/06\/byd-aumenta-sua-presenca-no-mercado-europeu-1557425417.png\",\"articleSection\":[\"Not\u00edcias\"],\"inLanguage\":\"pt-BR\",\"potentialAction\":[{\"@type\":\"CommentAction\",\"name\":\"Comment\",\"target\":[\"https:\/\/revistaautobus.com.br\/?p=1623#respond\"]}]},{\"@type\":\"WebPage\",\"@id\":\"https:\/\/revistaautobus.com.br\/?p=1623\",\"url\":\"https:\/\/revistaautobus.com.br\/?p=1623\",\"name\":\"BYD aumenta sua presen\u00e7a no mercado europeu - Revista AutoBus\",\"isPartOf\":{\"@id\":\"https:\/\/revistaautobus.com.br\/#website\"},\"primaryImageOfPage\":{\"@id\":\"https:\/\/revistaautobus.com.br\/?p=1623#primaryimage\"},\"image\":{\"@id\":\"https:\/\/revistaautobus.com.br\/?p=1623#primaryimage\"},\"thumbnailUrl\":\"https:\/\/revistaautobus.com.br\/wp-content\/uploads\/2021\/06\/byd-aumenta-sua-presenca-no-mercado-europeu-1557425417.png\",\"datePublished\":\"2019-05-09T15:08:00+00:00\",\"dateModified\":\"2021-06-23T20:59:47+00:00\",\"breadcrumb\":{\"@id\":\"https:\/\/revistaautobus.com.br\/?p=1623#breadcrumb\"},\"inLanguage\":\"pt-BR\",\"potentialAction\":[{\"@type\":\"ReadAction\",\"target\":[\"https:\/\/revistaautobus.com.br\/?p=1623\"]}]},{\"@type\":\"ImageObject\",\"inLanguage\":\"pt-BR\",\"@id\":\"https:\/\/revistaautobus.com.br\/?p=1623#primaryimage\",\"url\":\"https:\/\/revistaautobus.com.br\/wp-content\/uploads\/2021\/06\/byd-aumenta-sua-presenca-no-mercado-europeu-1557425417.png\",\"contentUrl\":\"https:\/\/revistaautobus.com.br\/wp-content\/uploads\/2021\/06\/byd-aumenta-sua-presenca-no-mercado-europeu-1557425417.png\",\"width\":1200,\"height\":720},{\"@type\":\"BreadcrumbList\",\"@id\":\"https:\/\/revistaautobus.com.br\/?p=1623#breadcrumb\",\"itemListElement\":[{\"@type\":\"ListItem\",\"position\":1,\"name\":\"In\u00edcio\",\"item\":\"https:\/\/revistaautobus.com.br\/\"},{\"@type\":\"ListItem\",\"position\":2,\"name\":\"BYD aumenta sua presen\u00e7a no mercado europeu\"}]},{\"@type\":\"WebSite\",\"@id\":\"https:\/\/revistaautobus.com.br\/#website\",\"url\":\"https:\/\/revistaautobus.com.br\/\",\"name\":\"Revista AutoBus\",\"description\":\"\",\"publisher\":{\"@id\":\"https:\/\/revistaautobus.com.br\/#organization\"},\"potentialAction\":[{\"@type\":\"SearchAction\",\"target\":{\"@type\":\"EntryPoint\",\"urlTemplate\":\"https:\/\/revistaautobus.com.br\/?s={search_term_string}\"},\"query-input\":{\"@type\":\"PropertyValueSpecification\",\"valueRequired\":true,\"valueName\":\"search_term_string\"}}],\"inLanguage\":\"pt-BR\"},{\"@type\":\"Organization\",\"@id\":\"https:\/\/revistaautobus.com.br\/#organization\",\"name\":\"Revista AutoBus\",\"url\":\"https:\/\/revistaautobus.com.br\/\",\"logo\":{\"@type\":\"ImageObject\",\"inLanguage\":\"pt-BR\",\"@id\":\"https:\/\/revistaautobus.com.br\/#\/schema\/logo\/image\/\",\"url\":\"https:\/\/revistaautobus.com.br\/wp-content\/uploads\/2024\/11\/logo_revista_autobus_fb.png\",\"contentUrl\":\"https:\/\/revistaautobus.com.br\/wp-content\/uploads\/2024\/11\/logo_revista_autobus_fb.png\",\"width\":836,\"height\":227,\"caption\":\"Revista AutoBus\"},\"image\":{\"@id\":\"https:\/\/revistaautobus.com.br\/#\/schema\/logo\/image\/\"},\"sameAs\":[\"https:\/\/www.facebook.com\/antonio.ferro.3150\",\"https:\/\/www.instagram.com\/revistaautobus\/\"]},{\"@type\":\"Person\",\"@id\":\"https:\/\/revistaautobus.com.br\/#\/schema\/person\/54af7c3eb83a310e42ef686ef6d16f50\",\"name\":\"Antonio Ferro\",\"image\":{\"@type\":\"ImageObject\",\"inLanguage\":\"pt-BR\",\"@id\":\"https:\/\/revistaautobus.com.br\/wp-content\/uploads\/2025\/12\/editor_antonio_ferro-150x150.jpg\",\"url\":\"https:\/\/revistaautobus.com.br\/wp-content\/uploads\/2025\/12\/editor_antonio_ferro-150x150.jpg\",\"contentUrl\":\"https:\/\/revistaautobus.com.br\/wp-content\/uploads\/2025\/12\/editor_antonio_ferro-150x150.jpg\",\"caption\":\"Antonio Ferro\"},\"description\":\"infobus@uol.com.br\",\"url\":\"https:\/\/revistaautobus.com.br\/?author=2\"}]}<\/script>\n<!-- \/ Yoast SEO plugin. -->","yoast_head_json":{"title":"BYD aumenta sua presen\u00e7a no mercado europeu - Revista AutoBus","robots":{"index":"index","follow":"follow","max-snippet":"max-snippet:-1","max-image-preview":"max-image-preview:large","max-video-preview":"max-video-preview:-1"},"canonical":"https:\/\/revistaautobus.com.br\/?p=1623","og_locale":"pt_BR","og_type":"article","og_title":"BYD aumenta sua presen\u00e7a no mercado europeu - Revista AutoBus","og_description":"Com mais este neg\u00f3cio, a marca atinge 700 \u00f4nibus el\u00e9tricos que se encontram em opera\u00e7\u00e3o ou est\u00e3o encomendados em toda a Europa","og_url":"https:\/\/revistaautobus.com.br\/?p=1623","og_site_name":"Revista AutoBus","article_publisher":"https:\/\/www.facebook.com\/antonio.ferro.3150","article_published_time":"2019-05-09T15:08:00+00:00","article_modified_time":"2021-06-23T20:59:47+00:00","og_image":[{"width":1200,"height":720,"url":"https:\/\/revistaautobus.com.br\/wp-content\/uploads\/2021\/06\/byd-aumenta-sua-presenca-no-mercado-europeu-1557425417.png","type":"image\/png"}],"author":"Antonio Ferro","twitter_card":"summary_large_image","twitter_misc":{"Escrito por":"Antonio Ferro","Est. tempo de leitura":"1 minuto"},"schema":{"@context":"https:\/\/schema.org","@graph":[{"@type":"Article","@id":"https:\/\/revistaautobus.com.br\/?p=1623#article","isPartOf":{"@id":"https:\/\/revistaautobus.com.br\/?p=1623"},"author":{"name":"Antonio Ferro","@id":"https:\/\/revistaautobus.com.br\/#\/schema\/person\/54af7c3eb83a310e42ef686ef6d16f50"},"headline":"BYD aumenta sua presen\u00e7a no mercado europeu","datePublished":"2019-05-09T15:08:00+00:00","dateModified":"2021-06-23T20:59:47+00:00","mainEntityOfPage":{"@id":"https:\/\/revistaautobus.com.br\/?p=1623"},"wordCount":262,"commentCount":0,"publisher":{"@id":"https:\/\/revistaautobus.com.br\/#organization"},"image":{"@id":"https:\/\/revistaautobus.com.br\/?p=1623#primaryimage"},"thumbnailUrl":"https:\/\/revistaautobus.com.br\/wp-content\/uploads\/2021\/06\/byd-aumenta-sua-presenca-no-mercado-europeu-1557425417.png","articleSection":["Not\u00edcias"],"inLanguage":"pt-BR","potentialAction":[{"@type":"CommentAction","name":"Comment","target":["https:\/\/revistaautobus.com.br\/?p=1623#respond"]}]},{"@type":"WebPage","@id":"https:\/\/revistaautobus.com.br\/?p=1623","url":"https:\/\/revistaautobus.com.br\/?p=1623","name":"BYD aumenta sua presen\u00e7a no mercado europeu - Revista AutoBus","isPartOf":{"@id":"https:\/\/revistaautobus.com.br\/#website"},"primaryImageOfPage":{"@id":"https:\/\/revistaautobus.com.br\/?p=1623#primaryimage"},"image":{"@id":"https:\/\/revistaautobus.com.br\/?p=1623#primaryimage"},"thumbnailUrl":"https:\/\/revistaautobus.com.br\/wp-content\/uploads\/2021\/06\/byd-aumenta-sua-presenca-no-mercado-europeu-1557425417.png","datePublished":"2019-05-09T15:08:00+00:00","dateModified":"2021-06-23T20:59:47+00:00","breadcrumb":{"@id":"https:\/\/revistaautobus.com.br\/?p=1623#breadcrumb"},"inLanguage":"pt-BR","potentialAction":[{"@type":"ReadAction","target":["https:\/\/revistaautobus.com.br\/?p=1623"]}]},{"@type":"ImageObject","inLanguage":"pt-BR","@id":"https:\/\/revistaautobus.com.br\/?p=1623#primaryimage","url":"https:\/\/revistaautobus.com.br\/wp-content\/uploads\/2021\/06\/byd-aumenta-sua-presenca-no-mercado-europeu-1557425417.png","contentUrl":"https:\/\/revistaautobus.com.br\/wp-content\/uploads\/2021\/06\/byd-aumenta-sua-presenca-no-mercado-europeu-1557425417.png","width":1200,"height":720},{"@type":"BreadcrumbList","@id":"https:\/\/revistaautobus.com.br\/?p=1623#breadcrumb","itemListElement":[{"@type":"ListItem","position":1,"name":"In\u00edcio","item":"https:\/\/revistaautobus.com.br\/"},{"@type":"ListItem","position":2,"name":"BYD aumenta sua presen\u00e7a no mercado europeu"}]},{"@type":"WebSite","@id":"https:\/\/revistaautobus.com.br\/#website","url":"https:\/\/revistaautobus.com.br\/","name":"Revista AutoBus","description":"","publisher":{"@id":"https:\/\/revistaautobus.com.br\/#organization"},"potentialAction":[{"@type":"SearchAction","target":{"@type":"EntryPoint","urlTemplate":"https:\/\/revistaautobus.com.br\/?s={search_term_string}"},"query-input":{"@type":"PropertyValueSpecification","valueRequired":true,"valueName":"search_term_string"}}],"inLanguage":"pt-BR"},{"@type":"Organization","@id":"https:\/\/revistaautobus.com.br\/#organization","name":"Revista AutoBus","url":"https:\/\/revistaautobus.com.br\/","logo":{"@type":"ImageObject","inLanguage":"pt-BR","@id":"https:\/\/revistaautobus.com.br\/#\/schema\/logo\/image\/","url":"https:\/\/revistaautobus.com.br\/wp-content\/uploads\/2024\/11\/logo_revista_autobus_fb.png","contentUrl":"https:\/\/revistaautobus.com.br\/wp-content\/uploads\/2024\/11\/logo_revista_autobus_fb.png","width":836,"height":227,"caption":"Revista AutoBus"},"image":{"@id":"https:\/\/revistaautobus.com.br\/#\/schema\/logo\/image\/"},"sameAs":["https:\/\/www.facebook.com\/antonio.ferro.3150","https:\/\/www.instagram.com\/revistaautobus\/"]},{"@type":"Person","@id":"https:\/\/revistaautobus.com.br\/#\/schema\/person\/54af7c3eb83a310e42ef686ef6d16f50","name":"Antonio Ferro","image":{"@type":"ImageObject","inLanguage":"pt-BR","@id":"https:\/\/revistaautobus.com.br\/wp-content\/uploads\/2025\/12\/editor_antonio_ferro-150x150.jpg","url":"https:\/\/revistaautobus.com.br\/wp-content\/uploads\/2025\/12\/editor_antonio_ferro-150x150.jpg","contentUrl":"https:\/\/revistaautobus.com.br\/wp-content\/uploads\/2025\/12\/editor_antonio_ferro-150x150.jpg","caption":"Antonio Ferro"},"description":"infobus@uol.com.br","url":"https:\/\/revistaautobus.com.br\/?author=2"}]}},"jetpack_featured_media_url":"https:\/\/revistaautobus.com.br\/wp-content\/uploads\/2021\/06\/byd-aumenta-sua-presenca-no-mercado-europeu-1557425417.png","jetpack_sharing_enabled":true,"_links":{"self":[{"href":"https:\/\/revistaautobus.com.br\/index.php?rest_route=\/wp\/v2\/posts\/1623","targetHints":{"allow":["GET"]}}],"collection":[{"href":"https:\/\/revistaautobus.com.br\/index.php?rest_route=\/wp\/v2\/posts"}],"about":[{"href":"https:\/\/revistaautobus.com.br\/index.php?rest_route=\/wp\/v2\/types\/post"}],"author":[{"embeddable":true,"href":"https:\/\/revistaautobus.com.br\/index.php?rest_route=\/wp\/v2\/users\/2"}],"replies":[{"embeddable":true,"href":"https:\/\/revistaautobus.com.br\/index.php?rest_route=%2Fwp%2Fv2%2Fcomments&post=1623"}],"version-history":[{"count":1,"href":"https:\/\/revistaautobus.com.br\/index.php?rest_route=\/wp\/v2\/posts\/1623\/revisions"}],"predecessor-version":[{"id":1625,"href":"https:\/\/revistaautobus.com.br\/index.php?rest_route=\/wp\/v2\/posts\/1623\/revisions\/1625"}],"wp:featuredmedia":[{"embeddable":true,"href":"https:\/\/revistaautobus.com.br\/index.php?rest_route=\/wp\/v2\/media\/1624"}],"wp:attachment":[{"href":"https:\/\/revistaautobus.com.br\/index.php?rest_route=%2Fwp%2Fv2%2Fmedia&parent=1623"}],"wp:term":[{"taxonomy":"category","embeddable":true,"href":"https:\/\/revistaautobus.com.br\/index.php?rest_route=%2Fwp%2Fv2%2Fcategories&post=1623"},{"taxonomy":"post_tag","embeddable":true,"href":"https:\/\/revistaautobus.com.br\/index.php?rest_route=%2Fwp%2Fv2%2Ftags&post=1623"}],"curies":[{"name":"wp","href":"https:\/\/api.w.org\/{rel}","templated":true}]}}