{"id":1629,"date":"2019-05-10T08:31:00","date_gmt":"2019-05-10T11:31:00","guid":{"rendered":"https:\/\/vila8.com.br\/clientes\/autobus\/?p=1629"},"modified":"2021-06-23T18:01:54","modified_gmt":"2021-06-23T21:01:54","slug":"incentivo-ao-maio-amarelo","status":"publish","type":"post","link":"https:\/\/revistaautobus.com.br\/?p=1629","title":{"rendered":"Incentivo ao Maio Amarelo"},"content":{"rendered":"\n<p>Com uma frota composta por mais de 400 \u00f4nibus e outros 450 caminh\u00f5es envolvidos com seus servi\u00e7os de transporte de carga, o Expresso Princesa dos Campos, de Ponta Grossa (PR), est\u00e1 envolvido com a programa\u00e7\u00e3o do Maio Amarelo, movimento realizado com o objetivo de chamar a aten\u00e7\u00e3o da sociedade e colocar em pauta o tema seguran\u00e7a vi\u00e1ria. A operadora tem muitas a\u00e7\u00f5es voltadas \u00e0 qualidade da dire\u00e7\u00e3o, realizadas permanentemente em sua estrutura organizacional.<\/p>\n\n\n\n<p>De acordo com a empresa, durante todo o decorrer do ano, as tem\u00e1ticas seguran\u00e7a e educa\u00e7\u00e3o no tr\u00e2nsito e dire\u00e7\u00e3o defensiva s\u00e3o trabalhadas nas mais diversas oportunidades. Para iniciar as atividades na empresa, os motoristas, logo que s\u00e3o contratados, passam por uma capacita\u00e7\u00e3o espec\u00edfica e, anualmente, fazem reciclagem para garantir um desempenho sempre prudente e seguro ao volante. Paralelamente, os profissionais recebem treinamento sobre dire\u00e7\u00e3o defensiva. &#8220;A dire\u00e7\u00e3o est\u00e1 ligada a todas as nossas atividades e \u00e9 decisiva para o nosso trabalho, mas, principalmente para o nosso bem mais importante: as vidas dos nossos profissionais, dos nossos clientes e de todos os motoristas, passageiros e pedestres que circulam pelas mesmas que vias que os \u00f4nibus e caminh\u00f5es da Princesa dos Campos\u201d, destacou Florisvaldo Hudinik, diretor-presidente da Princesa dos Campos.<\/p>\n\n\n\n<p>Al\u00e9m do Maio Amarelo,&nbsp;durante outras&nbsp;programa\u00e7\u00f5es como Sipat (Semana Interna de Preven\u00e7\u00e3o de Acidentes de Trabalho) e Abril Verde, a empresa insere assuntos voltados \u00e0 seguran\u00e7a no tr\u00e2nsito. Na \u00faltima edi\u00e7\u00e3o da Sipat, por exemplo, foi feita uma a\u00e7\u00e3o com \u00f3culos que simulam embriaguez (como se os participantes tivessem ingerido uma garrafa de destilado). \u201cUtilizando o equipamento, os profissionais seguravam um volante e tinham que fazer um percurso com pequenos cones que simbolizavam pedestres. O resultado foi muito tocante porque eles se deram conta do efeito do \u00e1lcool em uma pessoa que est\u00e1 dirigindo e o quanto isso \u00e9 nocivo para a atividade deles\u201d,&nbsp;disse Jo\u00e3o Paulo Szymczak, t\u00e9cnico em Seguran\u00e7a do Trabalho e respons\u00e1vel pela organiza\u00e7\u00e3o das atividades do Maio Amarelo.&nbsp;<\/p>\n\n\n\n<p>Mais uma vez a operadora paranaense se destaca por a\u00e7\u00f5es voltadas ao bem estar das pessoas, sejam elas envolvidas com o trabalho interno ou externo, como seus clientes e cidad\u00e3os comuns. \u201cAs a\u00e7\u00f5es como essas t\u00eam como objetivo agir no comportamento dos nossos profissionais, faz\u00ea-los refletir sobre seus atos e tamb\u00e9m pensar em como evitar poss\u00edveis erros\u201d, completou Hudinik.&nbsp;<\/p>\n\n\n\n<p>Imagem&nbsp;&#8211; Divulga\u00e7\u00e3o<\/p>\n","protected":false},"excerpt":{"rendered":"<p>A operadora paranaense Expresso Princesa dos Campos promove o Maio Amarelo com uma programa\u00e7\u00e3o com o objetivo de aumentar a seguran\u00e7a em suas opera\u00e7\u00f5es<\/p>\n","protected":false},"author":2,"featured_media":1630,"comment_status":"open","ping_status":"open","sticky":false,"template":"","format":"standard","meta":{"_et_pb_use_builder":"off","_et_pb_old_content":"","_et_gb_content_width":"","_jetpack_memberships_contains_paid_content":false,"footnotes":""},"categories":[90],"tags":[],"class_list":["post-1629","post","type-post","status-publish","format-standard","has-post-thumbnail","hentry","category-noticias","et-has-post-format-content","et_post_format-et-post-format-standard"],"yoast_head":"<!-- This site is optimized with the Yoast SEO plugin v27.2 - https:\/\/yoast.com\/product\/yoast-seo-wordpress\/ -->\n<title>Incentivo ao Maio Amarelo - Revista AutoBus<\/title>\n<meta name=\"robots\" content=\"index, follow, max-snippet:-1, max-image-preview:large, max-video-preview:-1\" \/>\n<link rel=\"canonical\" href=\"https:\/\/revistaautobus.com.br\/?p=1629\" \/>\n<meta property=\"og:locale\" content=\"pt_BR\" \/>\n<meta property=\"og:type\" content=\"article\" \/>\n<meta property=\"og:title\" content=\"Incentivo ao Maio Amarelo - Revista AutoBus\" \/>\n<meta property=\"og:description\" content=\"A operadora paranaense Expresso Princesa dos Campos promove o Maio Amarelo com uma programa\u00e7\u00e3o com o objetivo de aumentar a seguran\u00e7a em suas opera\u00e7\u00f5es\" \/>\n<meta property=\"og:url\" content=\"https:\/\/revistaautobus.com.br\/?p=1629\" \/>\n<meta property=\"og:site_name\" content=\"Revista AutoBus\" \/>\n<meta property=\"article:publisher\" content=\"https:\/\/www.facebook.com\/antonio.ferro.3150\" \/>\n<meta property=\"article:published_time\" content=\"2019-05-10T11:31:00+00:00\" \/>\n<meta property=\"article:modified_time\" content=\"2021-06-23T21:01:54+00:00\" \/>\n<meta property=\"og:image\" content=\"https:\/\/revistaautobus.com.br\/wp-content\/uploads\/2021\/06\/incentivo-ao-maio-amarelo-1557499408.jpg\" \/>\n\t<meta property=\"og:image:width\" content=\"1200\" \/>\n\t<meta property=\"og:image:height\" content=\"800\" \/>\n\t<meta property=\"og:image:type\" content=\"image\/jpeg\" \/>\n<meta name=\"author\" content=\"Antonio Ferro\" \/>\n<meta name=\"twitter:card\" content=\"summary_large_image\" \/>\n<meta name=\"twitter:label1\" content=\"Escrito por\" \/>\n\t<meta name=\"twitter:data1\" content=\"Antonio Ferro\" \/>\n\t<meta name=\"twitter:label2\" content=\"Est. tempo de leitura\" \/>\n\t<meta name=\"twitter:data2\" content=\"2 minutos\" \/>\n<script type=\"application\/ld+json\" class=\"yoast-schema-graph\">{\"@context\":\"https:\/\/schema.org\",\"@graph\":[{\"@type\":\"Article\",\"@id\":\"https:\/\/revistaautobus.com.br\/?p=1629#article\",\"isPartOf\":{\"@id\":\"https:\/\/revistaautobus.com.br\/?p=1629\"},\"author\":{\"name\":\"Antonio Ferro\",\"@id\":\"https:\/\/revistaautobus.com.br\/#\/schema\/person\/54af7c3eb83a310e42ef686ef6d16f50\"},\"headline\":\"Incentivo ao Maio Amarelo\",\"datePublished\":\"2019-05-10T11:31:00+00:00\",\"dateModified\":\"2021-06-23T21:01:54+00:00\",\"mainEntityOfPage\":{\"@id\":\"https:\/\/revistaautobus.com.br\/?p=1629\"},\"wordCount\":431,\"commentCount\":0,\"publisher\":{\"@id\":\"https:\/\/revistaautobus.com.br\/#organization\"},\"image\":{\"@id\":\"https:\/\/revistaautobus.com.br\/?p=1629#primaryimage\"},\"thumbnailUrl\":\"https:\/\/revistaautobus.com.br\/wp-content\/uploads\/2021\/06\/incentivo-ao-maio-amarelo-1557499408.jpg\",\"articleSection\":[\"Not\u00edcias\"],\"inLanguage\":\"pt-BR\",\"potentialAction\":[{\"@type\":\"CommentAction\",\"name\":\"Comment\",\"target\":[\"https:\/\/revistaautobus.com.br\/?p=1629#respond\"]}]},{\"@type\":\"WebPage\",\"@id\":\"https:\/\/revistaautobus.com.br\/?p=1629\",\"url\":\"https:\/\/revistaautobus.com.br\/?p=1629\",\"name\":\"Incentivo ao Maio Amarelo - Revista AutoBus\",\"isPartOf\":{\"@id\":\"https:\/\/revistaautobus.com.br\/#website\"},\"primaryImageOfPage\":{\"@id\":\"https:\/\/revistaautobus.com.br\/?p=1629#primaryimage\"},\"image\":{\"@id\":\"https:\/\/revistaautobus.com.br\/?p=1629#primaryimage\"},\"thumbnailUrl\":\"https:\/\/revistaautobus.com.br\/wp-content\/uploads\/2021\/06\/incentivo-ao-maio-amarelo-1557499408.jpg\",\"datePublished\":\"2019-05-10T11:31:00+00:00\",\"dateModified\":\"2021-06-23T21:01:54+00:00\",\"breadcrumb\":{\"@id\":\"https:\/\/revistaautobus.com.br\/?p=1629#breadcrumb\"},\"inLanguage\":\"pt-BR\",\"potentialAction\":[{\"@type\":\"ReadAction\",\"target\":[\"https:\/\/revistaautobus.com.br\/?p=1629\"]}]},{\"@type\":\"ImageObject\",\"inLanguage\":\"pt-BR\",\"@id\":\"https:\/\/revistaautobus.com.br\/?p=1629#primaryimage\",\"url\":\"https:\/\/revistaautobus.com.br\/wp-content\/uploads\/2021\/06\/incentivo-ao-maio-amarelo-1557499408.jpg\",\"contentUrl\":\"https:\/\/revistaautobus.com.br\/wp-content\/uploads\/2021\/06\/incentivo-ao-maio-amarelo-1557499408.jpg\",\"width\":1200,\"height\":800},{\"@type\":\"BreadcrumbList\",\"@id\":\"https:\/\/revistaautobus.com.br\/?p=1629#breadcrumb\",\"itemListElement\":[{\"@type\":\"ListItem\",\"position\":1,\"name\":\"In\u00edcio\",\"item\":\"https:\/\/revistaautobus.com.br\/\"},{\"@type\":\"ListItem\",\"position\":2,\"name\":\"Incentivo ao Maio Amarelo\"}]},{\"@type\":\"WebSite\",\"@id\":\"https:\/\/revistaautobus.com.br\/#website\",\"url\":\"https:\/\/revistaautobus.com.br\/\",\"name\":\"Revista AutoBus\",\"description\":\"\",\"publisher\":{\"@id\":\"https:\/\/revistaautobus.com.br\/#organization\"},\"potentialAction\":[{\"@type\":\"SearchAction\",\"target\":{\"@type\":\"EntryPoint\",\"urlTemplate\":\"https:\/\/revistaautobus.com.br\/?s={search_term_string}\"},\"query-input\":{\"@type\":\"PropertyValueSpecification\",\"valueRequired\":true,\"valueName\":\"search_term_string\"}}],\"inLanguage\":\"pt-BR\"},{\"@type\":\"Organization\",\"@id\":\"https:\/\/revistaautobus.com.br\/#organization\",\"name\":\"Revista AutoBus\",\"url\":\"https:\/\/revistaautobus.com.br\/\",\"logo\":{\"@type\":\"ImageObject\",\"inLanguage\":\"pt-BR\",\"@id\":\"https:\/\/revistaautobus.com.br\/#\/schema\/logo\/image\/\",\"url\":\"https:\/\/revistaautobus.com.br\/wp-content\/uploads\/2024\/11\/logo_revista_autobus_fb.png\",\"contentUrl\":\"https:\/\/revistaautobus.com.br\/wp-content\/uploads\/2024\/11\/logo_revista_autobus_fb.png\",\"width\":836,\"height\":227,\"caption\":\"Revista AutoBus\"},\"image\":{\"@id\":\"https:\/\/revistaautobus.com.br\/#\/schema\/logo\/image\/\"},\"sameAs\":[\"https:\/\/www.facebook.com\/antonio.ferro.3150\",\"https:\/\/www.instagram.com\/revistaautobus\/\"]},{\"@type\":\"Person\",\"@id\":\"https:\/\/revistaautobus.com.br\/#\/schema\/person\/54af7c3eb83a310e42ef686ef6d16f50\",\"name\":\"Antonio Ferro\",\"image\":{\"@type\":\"ImageObject\",\"inLanguage\":\"pt-BR\",\"@id\":\"https:\/\/revistaautobus.com.br\/wp-content\/uploads\/2025\/12\/editor_antonio_ferro-150x150.jpg\",\"url\":\"https:\/\/revistaautobus.com.br\/wp-content\/uploads\/2025\/12\/editor_antonio_ferro-150x150.jpg\",\"contentUrl\":\"https:\/\/revistaautobus.com.br\/wp-content\/uploads\/2025\/12\/editor_antonio_ferro-150x150.jpg\",\"caption\":\"Antonio Ferro\"},\"description\":\"infobus@uol.com.br\",\"url\":\"https:\/\/revistaautobus.com.br\/?author=2\"}]}<\/script>\n<!-- \/ Yoast SEO plugin. -->","yoast_head_json":{"title":"Incentivo ao Maio Amarelo - Revista AutoBus","robots":{"index":"index","follow":"follow","max-snippet":"max-snippet:-1","max-image-preview":"max-image-preview:large","max-video-preview":"max-video-preview:-1"},"canonical":"https:\/\/revistaautobus.com.br\/?p=1629","og_locale":"pt_BR","og_type":"article","og_title":"Incentivo ao Maio Amarelo - Revista AutoBus","og_description":"A operadora paranaense Expresso Princesa dos Campos promove o Maio Amarelo com uma programa\u00e7\u00e3o com o objetivo de aumentar a seguran\u00e7a em suas opera\u00e7\u00f5es","og_url":"https:\/\/revistaautobus.com.br\/?p=1629","og_site_name":"Revista AutoBus","article_publisher":"https:\/\/www.facebook.com\/antonio.ferro.3150","article_published_time":"2019-05-10T11:31:00+00:00","article_modified_time":"2021-06-23T21:01:54+00:00","og_image":[{"width":1200,"height":800,"url":"https:\/\/revistaautobus.com.br\/wp-content\/uploads\/2021\/06\/incentivo-ao-maio-amarelo-1557499408.jpg","type":"image\/jpeg"}],"author":"Antonio Ferro","twitter_card":"summary_large_image","twitter_misc":{"Escrito por":"Antonio Ferro","Est. tempo de leitura":"2 minutos"},"schema":{"@context":"https:\/\/schema.org","@graph":[{"@type":"Article","@id":"https:\/\/revistaautobus.com.br\/?p=1629#article","isPartOf":{"@id":"https:\/\/revistaautobus.com.br\/?p=1629"},"author":{"name":"Antonio Ferro","@id":"https:\/\/revistaautobus.com.br\/#\/schema\/person\/54af7c3eb83a310e42ef686ef6d16f50"},"headline":"Incentivo ao Maio Amarelo","datePublished":"2019-05-10T11:31:00+00:00","dateModified":"2021-06-23T21:01:54+00:00","mainEntityOfPage":{"@id":"https:\/\/revistaautobus.com.br\/?p=1629"},"wordCount":431,"commentCount":0,"publisher":{"@id":"https:\/\/revistaautobus.com.br\/#organization"},"image":{"@id":"https:\/\/revistaautobus.com.br\/?p=1629#primaryimage"},"thumbnailUrl":"https:\/\/revistaautobus.com.br\/wp-content\/uploads\/2021\/06\/incentivo-ao-maio-amarelo-1557499408.jpg","articleSection":["Not\u00edcias"],"inLanguage":"pt-BR","potentialAction":[{"@type":"CommentAction","name":"Comment","target":["https:\/\/revistaautobus.com.br\/?p=1629#respond"]}]},{"@type":"WebPage","@id":"https:\/\/revistaautobus.com.br\/?p=1629","url":"https:\/\/revistaautobus.com.br\/?p=1629","name":"Incentivo ao Maio Amarelo - Revista AutoBus","isPartOf":{"@id":"https:\/\/revistaautobus.com.br\/#website"},"primaryImageOfPage":{"@id":"https:\/\/revistaautobus.com.br\/?p=1629#primaryimage"},"image":{"@id":"https:\/\/revistaautobus.com.br\/?p=1629#primaryimage"},"thumbnailUrl":"https:\/\/revistaautobus.com.br\/wp-content\/uploads\/2021\/06\/incentivo-ao-maio-amarelo-1557499408.jpg","datePublished":"2019-05-10T11:31:00+00:00","dateModified":"2021-06-23T21:01:54+00:00","breadcrumb":{"@id":"https:\/\/revistaautobus.com.br\/?p=1629#breadcrumb"},"inLanguage":"pt-BR","potentialAction":[{"@type":"ReadAction","target":["https:\/\/revistaautobus.com.br\/?p=1629"]}]},{"@type":"ImageObject","inLanguage":"pt-BR","@id":"https:\/\/revistaautobus.com.br\/?p=1629#primaryimage","url":"https:\/\/revistaautobus.com.br\/wp-content\/uploads\/2021\/06\/incentivo-ao-maio-amarelo-1557499408.jpg","contentUrl":"https:\/\/revistaautobus.com.br\/wp-content\/uploads\/2021\/06\/incentivo-ao-maio-amarelo-1557499408.jpg","width":1200,"height":800},{"@type":"BreadcrumbList","@id":"https:\/\/revistaautobus.com.br\/?p=1629#breadcrumb","itemListElement":[{"@type":"ListItem","position":1,"name":"In\u00edcio","item":"https:\/\/revistaautobus.com.br\/"},{"@type":"ListItem","position":2,"name":"Incentivo ao Maio Amarelo"}]},{"@type":"WebSite","@id":"https:\/\/revistaautobus.com.br\/#website","url":"https:\/\/revistaautobus.com.br\/","name":"Revista AutoBus","description":"","publisher":{"@id":"https:\/\/revistaautobus.com.br\/#organization"},"potentialAction":[{"@type":"SearchAction","target":{"@type":"EntryPoint","urlTemplate":"https:\/\/revistaautobus.com.br\/?s={search_term_string}"},"query-input":{"@type":"PropertyValueSpecification","valueRequired":true,"valueName":"search_term_string"}}],"inLanguage":"pt-BR"},{"@type":"Organization","@id":"https:\/\/revistaautobus.com.br\/#organization","name":"Revista AutoBus","url":"https:\/\/revistaautobus.com.br\/","logo":{"@type":"ImageObject","inLanguage":"pt-BR","@id":"https:\/\/revistaautobus.com.br\/#\/schema\/logo\/image\/","url":"https:\/\/revistaautobus.com.br\/wp-content\/uploads\/2024\/11\/logo_revista_autobus_fb.png","contentUrl":"https:\/\/revistaautobus.com.br\/wp-content\/uploads\/2024\/11\/logo_revista_autobus_fb.png","width":836,"height":227,"caption":"Revista AutoBus"},"image":{"@id":"https:\/\/revistaautobus.com.br\/#\/schema\/logo\/image\/"},"sameAs":["https:\/\/www.facebook.com\/antonio.ferro.3150","https:\/\/www.instagram.com\/revistaautobus\/"]},{"@type":"Person","@id":"https:\/\/revistaautobus.com.br\/#\/schema\/person\/54af7c3eb83a310e42ef686ef6d16f50","name":"Antonio Ferro","image":{"@type":"ImageObject","inLanguage":"pt-BR","@id":"https:\/\/revistaautobus.com.br\/wp-content\/uploads\/2025\/12\/editor_antonio_ferro-150x150.jpg","url":"https:\/\/revistaautobus.com.br\/wp-content\/uploads\/2025\/12\/editor_antonio_ferro-150x150.jpg","contentUrl":"https:\/\/revistaautobus.com.br\/wp-content\/uploads\/2025\/12\/editor_antonio_ferro-150x150.jpg","caption":"Antonio Ferro"},"description":"infobus@uol.com.br","url":"https:\/\/revistaautobus.com.br\/?author=2"}]}},"jetpack_featured_media_url":"https:\/\/revistaautobus.com.br\/wp-content\/uploads\/2021\/06\/incentivo-ao-maio-amarelo-1557499408.jpg","jetpack_sharing_enabled":true,"_links":{"self":[{"href":"https:\/\/revistaautobus.com.br\/index.php?rest_route=\/wp\/v2\/posts\/1629","targetHints":{"allow":["GET"]}}],"collection":[{"href":"https:\/\/revistaautobus.com.br\/index.php?rest_route=\/wp\/v2\/posts"}],"about":[{"href":"https:\/\/revistaautobus.com.br\/index.php?rest_route=\/wp\/v2\/types\/post"}],"author":[{"embeddable":true,"href":"https:\/\/revistaautobus.com.br\/index.php?rest_route=\/wp\/v2\/users\/2"}],"replies":[{"embeddable":true,"href":"https:\/\/revistaautobus.com.br\/index.php?rest_route=%2Fwp%2Fv2%2Fcomments&post=1629"}],"version-history":[{"count":1,"href":"https:\/\/revistaautobus.com.br\/index.php?rest_route=\/wp\/v2\/posts\/1629\/revisions"}],"predecessor-version":[{"id":1631,"href":"https:\/\/revistaautobus.com.br\/index.php?rest_route=\/wp\/v2\/posts\/1629\/revisions\/1631"}],"wp:featuredmedia":[{"embeddable":true,"href":"https:\/\/revistaautobus.com.br\/index.php?rest_route=\/wp\/v2\/media\/1630"}],"wp:attachment":[{"href":"https:\/\/revistaautobus.com.br\/index.php?rest_route=%2Fwp%2Fv2%2Fmedia&parent=1629"}],"wp:term":[{"taxonomy":"category","embeddable":true,"href":"https:\/\/revistaautobus.com.br\/index.php?rest_route=%2Fwp%2Fv2%2Fcategories&post=1629"},{"taxonomy":"post_tag","embeddable":true,"href":"https:\/\/revistaautobus.com.br\/index.php?rest_route=%2Fwp%2Fv2%2Ftags&post=1629"}],"curies":[{"name":"wp","href":"https:\/\/api.w.org\/{rel}","templated":true}]}}