{"id":1632,"date":"2019-05-10T10:26:00","date_gmt":"2019-05-10T13:26:00","guid":{"rendered":"https:\/\/vila8.com.br\/clientes\/autobus\/?p=1632"},"modified":"2021-06-23T18:02:46","modified_gmt":"2021-06-23T21:02:46","slug":"maior-abrangencia-sobre-a-mobilidade","status":"publish","type":"post","link":"https:\/\/revistaautobus.com.br\/?p=1632","title":{"rendered":"Maior abrang\u00eancia sobre a mobilidade"},"content":{"rendered":"\n<p>Criado pela Associa\u00e7\u00e3o Nacional das Empresas de Transportes Urbanos (NTU), o Coletivo \u00e9 um programa de inova\u00e7\u00e3o em mobilidade urbana, tendo como objetivo proporcionar ao transporte p\u00fablico inova\u00e7\u00f5es em modelos de neg\u00f3cios e em tecnologia, at\u00e9 inova\u00e7\u00f5es disruptivas (cria\u00e7\u00e3o de algo totalmente diferente). Para a NTU, essa iniciativa deve ser desenvolvida e promovida para toda sociedade, principalmente para os passageiros, pelos \u00f3rg\u00e3os gestores e pelas empresas operadoras do transporte p\u00fablico coletivo.<\/p>\n\n\n\n<p>Ainda, segundo a entidade, o Coletivo prev\u00ea um amplo leque de temas a serem trabalhados, de novos modelos de neg\u00f3cio a tecnologias voltadas para sistemas de informa\u00e7\u00e3o aos usu\u00e1rios, meios de pagamento, bilhetagem eletr\u00f4nica, telemetria, monitoramento de frota, entre outras, ou mesmo inova\u00e7\u00f5es disruptivas capazes de moldar o transporte p\u00fablico do futuro. &#8220;Sofremos com a falta de pol\u00edticas p\u00fablicas, de prioridade ao coletivo urbano nas vias, que geram congestionamentos, com o consequente aumento do pre\u00e7o das passagens e a fuga de passageiros, que levam \u00e0 perda de produtividade do servi\u00e7o&#8221; esclareceu Ot\u00e1vio Cunha, presidente executivo da NTU.<\/p>\n\n\n\n<figure class=\"wp-block-image\"><img decoding=\"async\" src=\"https:\/\/www.revistaautobus.com.br\/uploads\/images\/2019\/05\/343-1557505656.jpg\" alt=\"Maior abrang\u00eancia sobre a mobilidade\" title=\"Maior abrang\u00eancia sobre a mobilidade\"\/><\/figure>\n\n\n\n<pre class=\"wp-block-preformatted\"><em><strong>Ot\u00e1vio Cunha, da NTU<\/strong><\/em><\/pre>\n\n\n\n<p>O executivo ainda ressaltou que tal programa tem um objetivo ambicioso, que \u00e9 recuperar a demanda perdida com a\u00e7\u00f5es estrat\u00e9gicas e foco no passageiro&#8221;, aponta o presidente da NTU. &#8220;S\u00f3 podemos alcan\u00e7ar essa meta por meio do investimento em tecnologia e inova\u00e7\u00e3o. Para o setor, equacionar esses gargalos que afetam drasticamente o servi\u00e7o em todo o pa\u00eds passa pela flexibiliza\u00e7\u00e3o da legisla\u00e7\u00e3o que regula o setor, a fim de abrir espa\u00e7o para novos servi\u00e7os que permitam ampliar a oferta e alcan\u00e7ar o equil\u00edbrio financeiro da opera\u00e7\u00e3o&#8221;, observou Ot\u00e1vio.<\/p>\n\n\n\n<p>Segundo a NTU, os projetos ser\u00e3o realizados por meio de parceiras envolvendo toda a rede de inova\u00e7\u00e3o, que contempla passageiros, operadores, ind\u00fastria, prestadores de servi\u00e7os, pesquisadores, inovadores e financiadores, entre outros atores.<\/p>\n\n\n\n<p>Imagens &#8211; Divulga\u00e7\u00e3o\/NTU<\/p>\n","protected":false},"excerpt":{"rendered":"<p>O Coletivo prev\u00ea um amplo leque de temas a serem trabalhados, de novos modelos de neg\u00f3cio a tecnologias voltadas para sistemas de informa\u00e7\u00e3o aos usu\u00e1rios<\/p>\n","protected":false},"author":2,"featured_media":1633,"comment_status":"open","ping_status":"open","sticky":false,"template":"","format":"standard","meta":{"_et_pb_use_builder":"off","_et_pb_old_content":"","_et_gb_content_width":"","_jetpack_memberships_contains_paid_content":false,"footnotes":""},"categories":[90],"tags":[],"class_list":["post-1632","post","type-post","status-publish","format-standard","has-post-thumbnail","hentry","category-noticias","et-has-post-format-content","et_post_format-et-post-format-standard"],"yoast_head":"<!-- This site is optimized with the Yoast SEO plugin v27.2 - https:\/\/yoast.com\/product\/yoast-seo-wordpress\/ -->\n<title>Maior abrang\u00eancia sobre a mobilidade - Revista AutoBus<\/title>\n<meta name=\"robots\" content=\"index, follow, max-snippet:-1, max-image-preview:large, max-video-preview:-1\" \/>\n<link rel=\"canonical\" href=\"https:\/\/revistaautobus.com.br\/?p=1632\" \/>\n<meta property=\"og:locale\" content=\"pt_BR\" \/>\n<meta property=\"og:type\" content=\"article\" \/>\n<meta property=\"og:title\" content=\"Maior abrang\u00eancia sobre a mobilidade - Revista AutoBus\" \/>\n<meta property=\"og:description\" content=\"O Coletivo prev\u00ea um amplo leque de temas a serem trabalhados, de novos modelos de neg\u00f3cio a tecnologias voltadas para sistemas de informa\u00e7\u00e3o aos usu\u00e1rios\" \/>\n<meta property=\"og:url\" content=\"https:\/\/revistaautobus.com.br\/?p=1632\" \/>\n<meta property=\"og:site_name\" content=\"Revista AutoBus\" \/>\n<meta property=\"article:publisher\" content=\"https:\/\/www.facebook.com\/antonio.ferro.3150\" \/>\n<meta property=\"article:published_time\" content=\"2019-05-10T13:26:00+00:00\" \/>\n<meta property=\"article:modified_time\" content=\"2021-06-23T21:02:46+00:00\" \/>\n<meta property=\"og:image\" content=\"https:\/\/revistaautobus.com.br\/wp-content\/uploads\/2021\/06\/maior-abrangencia-sobre-a-mobilidade-1557505641.jpg\" \/>\n\t<meta property=\"og:image:width\" content=\"1200\" \/>\n\t<meta property=\"og:image:height\" content=\"628\" \/>\n\t<meta property=\"og:image:type\" content=\"image\/jpeg\" \/>\n<meta name=\"author\" content=\"Antonio Ferro\" \/>\n<meta name=\"twitter:card\" content=\"summary_large_image\" \/>\n<meta name=\"twitter:label1\" content=\"Escrito por\" \/>\n\t<meta name=\"twitter:data1\" content=\"Antonio Ferro\" \/>\n\t<meta name=\"twitter:label2\" content=\"Est. tempo de leitura\" \/>\n\t<meta name=\"twitter:data2\" content=\"2 minutos\" \/>\n<script type=\"application\/ld+json\" class=\"yoast-schema-graph\">{\"@context\":\"https:\/\/schema.org\",\"@graph\":[{\"@type\":\"Article\",\"@id\":\"https:\/\/revistaautobus.com.br\/?p=1632#article\",\"isPartOf\":{\"@id\":\"https:\/\/revistaautobus.com.br\/?p=1632\"},\"author\":{\"name\":\"Antonio Ferro\",\"@id\":\"https:\/\/revistaautobus.com.br\/#\/schema\/person\/54af7c3eb83a310e42ef686ef6d16f50\"},\"headline\":\"Maior abrang\u00eancia sobre a mobilidade\",\"datePublished\":\"2019-05-10T13:26:00+00:00\",\"dateModified\":\"2021-06-23T21:02:46+00:00\",\"mainEntityOfPage\":{\"@id\":\"https:\/\/revistaautobus.com.br\/?p=1632\"},\"wordCount\":334,\"commentCount\":0,\"publisher\":{\"@id\":\"https:\/\/revistaautobus.com.br\/#organization\"},\"image\":{\"@id\":\"https:\/\/revistaautobus.com.br\/?p=1632#primaryimage\"},\"thumbnailUrl\":\"https:\/\/revistaautobus.com.br\/wp-content\/uploads\/2021\/06\/maior-abrangencia-sobre-a-mobilidade-1557505641.jpg\",\"articleSection\":[\"Not\u00edcias\"],\"inLanguage\":\"pt-BR\",\"potentialAction\":[{\"@type\":\"CommentAction\",\"name\":\"Comment\",\"target\":[\"https:\/\/revistaautobus.com.br\/?p=1632#respond\"]}]},{\"@type\":\"WebPage\",\"@id\":\"https:\/\/revistaautobus.com.br\/?p=1632\",\"url\":\"https:\/\/revistaautobus.com.br\/?p=1632\",\"name\":\"Maior abrang\u00eancia sobre a mobilidade - Revista AutoBus\",\"isPartOf\":{\"@id\":\"https:\/\/revistaautobus.com.br\/#website\"},\"primaryImageOfPage\":{\"@id\":\"https:\/\/revistaautobus.com.br\/?p=1632#primaryimage\"},\"image\":{\"@id\":\"https:\/\/revistaautobus.com.br\/?p=1632#primaryimage\"},\"thumbnailUrl\":\"https:\/\/revistaautobus.com.br\/wp-content\/uploads\/2021\/06\/maior-abrangencia-sobre-a-mobilidade-1557505641.jpg\",\"datePublished\":\"2019-05-10T13:26:00+00:00\",\"dateModified\":\"2021-06-23T21:02:46+00:00\",\"breadcrumb\":{\"@id\":\"https:\/\/revistaautobus.com.br\/?p=1632#breadcrumb\"},\"inLanguage\":\"pt-BR\",\"potentialAction\":[{\"@type\":\"ReadAction\",\"target\":[\"https:\/\/revistaautobus.com.br\/?p=1632\"]}]},{\"@type\":\"ImageObject\",\"inLanguage\":\"pt-BR\",\"@id\":\"https:\/\/revistaautobus.com.br\/?p=1632#primaryimage\",\"url\":\"https:\/\/revistaautobus.com.br\/wp-content\/uploads\/2021\/06\/maior-abrangencia-sobre-a-mobilidade-1557505641.jpg\",\"contentUrl\":\"https:\/\/revistaautobus.com.br\/wp-content\/uploads\/2021\/06\/maior-abrangencia-sobre-a-mobilidade-1557505641.jpg\",\"width\":1200,\"height\":628},{\"@type\":\"BreadcrumbList\",\"@id\":\"https:\/\/revistaautobus.com.br\/?p=1632#breadcrumb\",\"itemListElement\":[{\"@type\":\"ListItem\",\"position\":1,\"name\":\"In\u00edcio\",\"item\":\"https:\/\/revistaautobus.com.br\/\"},{\"@type\":\"ListItem\",\"position\":2,\"name\":\"Maior abrang\u00eancia sobre a mobilidade\"}]},{\"@type\":\"WebSite\",\"@id\":\"https:\/\/revistaautobus.com.br\/#website\",\"url\":\"https:\/\/revistaautobus.com.br\/\",\"name\":\"Revista AutoBus\",\"description\":\"\",\"publisher\":{\"@id\":\"https:\/\/revistaautobus.com.br\/#organization\"},\"potentialAction\":[{\"@type\":\"SearchAction\",\"target\":{\"@type\":\"EntryPoint\",\"urlTemplate\":\"https:\/\/revistaautobus.com.br\/?s={search_term_string}\"},\"query-input\":{\"@type\":\"PropertyValueSpecification\",\"valueRequired\":true,\"valueName\":\"search_term_string\"}}],\"inLanguage\":\"pt-BR\"},{\"@type\":\"Organization\",\"@id\":\"https:\/\/revistaautobus.com.br\/#organization\",\"name\":\"Revista AutoBus\",\"url\":\"https:\/\/revistaautobus.com.br\/\",\"logo\":{\"@type\":\"ImageObject\",\"inLanguage\":\"pt-BR\",\"@id\":\"https:\/\/revistaautobus.com.br\/#\/schema\/logo\/image\/\",\"url\":\"https:\/\/revistaautobus.com.br\/wp-content\/uploads\/2024\/11\/logo_revista_autobus_fb.png\",\"contentUrl\":\"https:\/\/revistaautobus.com.br\/wp-content\/uploads\/2024\/11\/logo_revista_autobus_fb.png\",\"width\":836,\"height\":227,\"caption\":\"Revista AutoBus\"},\"image\":{\"@id\":\"https:\/\/revistaautobus.com.br\/#\/schema\/logo\/image\/\"},\"sameAs\":[\"https:\/\/www.facebook.com\/antonio.ferro.3150\",\"https:\/\/www.instagram.com\/revistaautobus\/\"]},{\"@type\":\"Person\",\"@id\":\"https:\/\/revistaautobus.com.br\/#\/schema\/person\/54af7c3eb83a310e42ef686ef6d16f50\",\"name\":\"Antonio Ferro\",\"image\":{\"@type\":\"ImageObject\",\"inLanguage\":\"pt-BR\",\"@id\":\"https:\/\/revistaautobus.com.br\/wp-content\/uploads\/2025\/12\/editor_antonio_ferro-150x150.jpg\",\"url\":\"https:\/\/revistaautobus.com.br\/wp-content\/uploads\/2025\/12\/editor_antonio_ferro-150x150.jpg\",\"contentUrl\":\"https:\/\/revistaautobus.com.br\/wp-content\/uploads\/2025\/12\/editor_antonio_ferro-150x150.jpg\",\"caption\":\"Antonio Ferro\"},\"description\":\"infobus@uol.com.br\",\"url\":\"https:\/\/revistaautobus.com.br\/?author=2\"}]}<\/script>\n<!-- \/ Yoast SEO plugin. -->","yoast_head_json":{"title":"Maior abrang\u00eancia sobre a mobilidade - Revista AutoBus","robots":{"index":"index","follow":"follow","max-snippet":"max-snippet:-1","max-image-preview":"max-image-preview:large","max-video-preview":"max-video-preview:-1"},"canonical":"https:\/\/revistaautobus.com.br\/?p=1632","og_locale":"pt_BR","og_type":"article","og_title":"Maior abrang\u00eancia sobre a mobilidade - Revista AutoBus","og_description":"O Coletivo prev\u00ea um amplo leque de temas a serem trabalhados, de novos modelos de neg\u00f3cio a tecnologias voltadas para sistemas de informa\u00e7\u00e3o aos usu\u00e1rios","og_url":"https:\/\/revistaautobus.com.br\/?p=1632","og_site_name":"Revista AutoBus","article_publisher":"https:\/\/www.facebook.com\/antonio.ferro.3150","article_published_time":"2019-05-10T13:26:00+00:00","article_modified_time":"2021-06-23T21:02:46+00:00","og_image":[{"width":1200,"height":628,"url":"https:\/\/revistaautobus.com.br\/wp-content\/uploads\/2021\/06\/maior-abrangencia-sobre-a-mobilidade-1557505641.jpg","type":"image\/jpeg"}],"author":"Antonio Ferro","twitter_card":"summary_large_image","twitter_misc":{"Escrito por":"Antonio Ferro","Est. tempo de leitura":"2 minutos"},"schema":{"@context":"https:\/\/schema.org","@graph":[{"@type":"Article","@id":"https:\/\/revistaautobus.com.br\/?p=1632#article","isPartOf":{"@id":"https:\/\/revistaautobus.com.br\/?p=1632"},"author":{"name":"Antonio Ferro","@id":"https:\/\/revistaautobus.com.br\/#\/schema\/person\/54af7c3eb83a310e42ef686ef6d16f50"},"headline":"Maior abrang\u00eancia sobre a mobilidade","datePublished":"2019-05-10T13:26:00+00:00","dateModified":"2021-06-23T21:02:46+00:00","mainEntityOfPage":{"@id":"https:\/\/revistaautobus.com.br\/?p=1632"},"wordCount":334,"commentCount":0,"publisher":{"@id":"https:\/\/revistaautobus.com.br\/#organization"},"image":{"@id":"https:\/\/revistaautobus.com.br\/?p=1632#primaryimage"},"thumbnailUrl":"https:\/\/revistaautobus.com.br\/wp-content\/uploads\/2021\/06\/maior-abrangencia-sobre-a-mobilidade-1557505641.jpg","articleSection":["Not\u00edcias"],"inLanguage":"pt-BR","potentialAction":[{"@type":"CommentAction","name":"Comment","target":["https:\/\/revistaautobus.com.br\/?p=1632#respond"]}]},{"@type":"WebPage","@id":"https:\/\/revistaautobus.com.br\/?p=1632","url":"https:\/\/revistaautobus.com.br\/?p=1632","name":"Maior abrang\u00eancia sobre a mobilidade - Revista AutoBus","isPartOf":{"@id":"https:\/\/revistaautobus.com.br\/#website"},"primaryImageOfPage":{"@id":"https:\/\/revistaautobus.com.br\/?p=1632#primaryimage"},"image":{"@id":"https:\/\/revistaautobus.com.br\/?p=1632#primaryimage"},"thumbnailUrl":"https:\/\/revistaautobus.com.br\/wp-content\/uploads\/2021\/06\/maior-abrangencia-sobre-a-mobilidade-1557505641.jpg","datePublished":"2019-05-10T13:26:00+00:00","dateModified":"2021-06-23T21:02:46+00:00","breadcrumb":{"@id":"https:\/\/revistaautobus.com.br\/?p=1632#breadcrumb"},"inLanguage":"pt-BR","potentialAction":[{"@type":"ReadAction","target":["https:\/\/revistaautobus.com.br\/?p=1632"]}]},{"@type":"ImageObject","inLanguage":"pt-BR","@id":"https:\/\/revistaautobus.com.br\/?p=1632#primaryimage","url":"https:\/\/revistaautobus.com.br\/wp-content\/uploads\/2021\/06\/maior-abrangencia-sobre-a-mobilidade-1557505641.jpg","contentUrl":"https:\/\/revistaautobus.com.br\/wp-content\/uploads\/2021\/06\/maior-abrangencia-sobre-a-mobilidade-1557505641.jpg","width":1200,"height":628},{"@type":"BreadcrumbList","@id":"https:\/\/revistaautobus.com.br\/?p=1632#breadcrumb","itemListElement":[{"@type":"ListItem","position":1,"name":"In\u00edcio","item":"https:\/\/revistaautobus.com.br\/"},{"@type":"ListItem","position":2,"name":"Maior abrang\u00eancia sobre a mobilidade"}]},{"@type":"WebSite","@id":"https:\/\/revistaautobus.com.br\/#website","url":"https:\/\/revistaautobus.com.br\/","name":"Revista AutoBus","description":"","publisher":{"@id":"https:\/\/revistaautobus.com.br\/#organization"},"potentialAction":[{"@type":"SearchAction","target":{"@type":"EntryPoint","urlTemplate":"https:\/\/revistaautobus.com.br\/?s={search_term_string}"},"query-input":{"@type":"PropertyValueSpecification","valueRequired":true,"valueName":"search_term_string"}}],"inLanguage":"pt-BR"},{"@type":"Organization","@id":"https:\/\/revistaautobus.com.br\/#organization","name":"Revista AutoBus","url":"https:\/\/revistaautobus.com.br\/","logo":{"@type":"ImageObject","inLanguage":"pt-BR","@id":"https:\/\/revistaautobus.com.br\/#\/schema\/logo\/image\/","url":"https:\/\/revistaautobus.com.br\/wp-content\/uploads\/2024\/11\/logo_revista_autobus_fb.png","contentUrl":"https:\/\/revistaautobus.com.br\/wp-content\/uploads\/2024\/11\/logo_revista_autobus_fb.png","width":836,"height":227,"caption":"Revista AutoBus"},"image":{"@id":"https:\/\/revistaautobus.com.br\/#\/schema\/logo\/image\/"},"sameAs":["https:\/\/www.facebook.com\/antonio.ferro.3150","https:\/\/www.instagram.com\/revistaautobus\/"]},{"@type":"Person","@id":"https:\/\/revistaautobus.com.br\/#\/schema\/person\/54af7c3eb83a310e42ef686ef6d16f50","name":"Antonio Ferro","image":{"@type":"ImageObject","inLanguage":"pt-BR","@id":"https:\/\/revistaautobus.com.br\/wp-content\/uploads\/2025\/12\/editor_antonio_ferro-150x150.jpg","url":"https:\/\/revistaautobus.com.br\/wp-content\/uploads\/2025\/12\/editor_antonio_ferro-150x150.jpg","contentUrl":"https:\/\/revistaautobus.com.br\/wp-content\/uploads\/2025\/12\/editor_antonio_ferro-150x150.jpg","caption":"Antonio Ferro"},"description":"infobus@uol.com.br","url":"https:\/\/revistaautobus.com.br\/?author=2"}]}},"jetpack_featured_media_url":"https:\/\/revistaautobus.com.br\/wp-content\/uploads\/2021\/06\/maior-abrangencia-sobre-a-mobilidade-1557505641.jpg","jetpack_sharing_enabled":true,"_links":{"self":[{"href":"https:\/\/revistaautobus.com.br\/index.php?rest_route=\/wp\/v2\/posts\/1632","targetHints":{"allow":["GET"]}}],"collection":[{"href":"https:\/\/revistaautobus.com.br\/index.php?rest_route=\/wp\/v2\/posts"}],"about":[{"href":"https:\/\/revistaautobus.com.br\/index.php?rest_route=\/wp\/v2\/types\/post"}],"author":[{"embeddable":true,"href":"https:\/\/revistaautobus.com.br\/index.php?rest_route=\/wp\/v2\/users\/2"}],"replies":[{"embeddable":true,"href":"https:\/\/revistaautobus.com.br\/index.php?rest_route=%2Fwp%2Fv2%2Fcomments&post=1632"}],"version-history":[{"count":1,"href":"https:\/\/revistaautobus.com.br\/index.php?rest_route=\/wp\/v2\/posts\/1632\/revisions"}],"predecessor-version":[{"id":1634,"href":"https:\/\/revistaautobus.com.br\/index.php?rest_route=\/wp\/v2\/posts\/1632\/revisions\/1634"}],"wp:featuredmedia":[{"embeddable":true,"href":"https:\/\/revistaautobus.com.br\/index.php?rest_route=\/wp\/v2\/media\/1633"}],"wp:attachment":[{"href":"https:\/\/revistaautobus.com.br\/index.php?rest_route=%2Fwp%2Fv2%2Fmedia&parent=1632"}],"wp:term":[{"taxonomy":"category","embeddable":true,"href":"https:\/\/revistaautobus.com.br\/index.php?rest_route=%2Fwp%2Fv2%2Fcategories&post=1632"},{"taxonomy":"post_tag","embeddable":true,"href":"https:\/\/revistaautobus.com.br\/index.php?rest_route=%2Fwp%2Fv2%2Ftags&post=1632"}],"curies":[{"name":"wp","href":"https:\/\/api.w.org\/{rel}","templated":true}]}}