{"id":16495,"date":"2025-09-08T07:56:59","date_gmt":"2025-09-08T10:56:59","guid":{"rendered":"https:\/\/revistaautobus.com.br\/?p=16495"},"modified":"2025-09-08T07:56:59","modified_gmt":"2025-09-08T10:56:59","slug":"na-capital-gaucha-o-eletrico-se-mostra-viavel","status":"publish","type":"post","link":"https:\/\/revistaautobus.com.br\/?p=16495","title":{"rendered":"Na capital ga\u00facha, o el\u00e9trico se mostra vi\u00e1vel"},"content":{"rendered":"<p>Ao todo, no sistema porto-alegrense de transporte coletivo, as tr\u00eas linhas 100% el\u00e9tricas que circulam pela capital ga\u00facha, a E178 &#8211; Praia de Belas, E378 &#8211; Integradora e E703 &#8211; Vila Farrapos, em opera\u00e7\u00e3o h\u00e1 um ano, alcan\u00e7aram resultados positivos. \u00c9 o que diz a prefeitura de Porto Alegre, destacando que os 12 \u00f4nibus el\u00e9tricos utilizados nos servi\u00e7os locais j\u00e1 transportaram mais de 1.240.375 passageiros, ultrapassando as 71.800 viagens e percorrendo 657.000 quil\u00f4metros no total.<\/p>\n<p>De acordo com a municipalidade, a iniciativa, tamb\u00e9m, gerou uma economia de combust\u00edvel de aproximadamente R$ 1 milh\u00e3o, apenas, com a opera\u00e7\u00e3o desses ve\u00edculos. O projeto de eletrifica\u00e7\u00e3o da frota integra o Programa Mais Transporte, criado para qualificar o servi\u00e7o prestado aos usu\u00e1rios no sistema da capital ga\u00facha.<\/p>\n<p>A prefeitura informou que entre 19 de agosto de 2024 e 18 de agosto de 2025, as tr\u00eas unidades de recarga r\u00e1pida abasteceram os ve\u00edculos com 811.520 kWh, com consumo m\u00e9dio de 1,25 kWh por quil\u00f4metro rodado. Dessa maneira, no citado per\u00edodo, a substitui\u00e7\u00e3o do diesel evitou a emiss\u00e3o de 874,02 toneladas de gases poluentes, equivalentes \u00e0 queima de 263.276 litros de combust\u00edvel f\u00f3ssil.<\/p>\n<p>E, os ve\u00edculos das marcas Caio e Marcopolo, trazem uma caracter\u00edstica relevante, que \u00e9 o sistema de freio regenerativo, tecnologia comum em ve\u00edculos el\u00e9tricos e h\u00edbridos, permitindo recuperar parte da energia cin\u00e9tica gerada durante as frenagens, convertendo-a em eletricidade e que \u00e9 reaproveitada e armazenada na bateria do ve\u00edculo.<\/p>\n<p>Para o secret\u00e1rio de Mobilidade Urbana, Ad\u00e3o de Castro J\u00fanior, a import\u00e2ncia da descarboniza\u00e7\u00e3o do transporte p\u00fablico \u00e9 um fator relevante nesse per\u00edodo em que h\u00e1 a necessidade por um transporte mais limpo. \u201cA eletrifica\u00e7\u00e3o do transporte coletivo \u00e9 fundamental para reduzir a polui\u00e7\u00e3o e tornar o sistema mais moderno, sustent\u00e1vel e eficiente, em que o maior beneficiado \u00e9 o passageiro. Com uma opera\u00e7\u00e3o de cerca de 65% mais barata que o diesel, vamos continuar os investimentos na eletromobilidade coletiva urbana e trazer mais \u00f4nibus el\u00e9tricos para Porto Alegre\u201d, disse.<\/p>\n<p>Imagem &#8211; Divulga\u00e7\u00e3o\/PMPA<\/p>\n","protected":false},"excerpt":{"rendered":"<p>As opera\u00e7\u00f5es com \u00f4nibus el\u00e9tricos em Porto Alegre apresentam n\u00fameros positivos<\/p>\n","protected":false},"author":2,"featured_media":16496,"comment_status":"open","ping_status":"open","sticky":false,"template":"","format":"standard","meta":{"_et_pb_use_builder":"","_et_pb_old_content":"","_et_gb_content_width":"","_jetpack_memberships_contains_paid_content":false,"footnotes":""},"categories":[562,7,90],"tags":[1006],"class_list":["post-16495","post","type-post","status-publish","format-standard","has-post-thumbnail","hentry","category-eletrificacao","category-mobilidade-urbana","category-noticias","tag-prefeitura-porto-alegre","et-has-post-format-content","et_post_format-et-post-format-standard"],"yoast_head":"<!-- This site is optimized with the Yoast SEO plugin v27.2 - https:\/\/yoast.com\/product\/yoast-seo-wordpress\/ -->\n<title>Na capital ga\u00facha, o el\u00e9trico se mostra vi\u00e1vel - Revista AutoBus<\/title>\n<meta name=\"robots\" content=\"index, follow, max-snippet:-1, max-image-preview:large, max-video-preview:-1\" \/>\n<link rel=\"canonical\" href=\"https:\/\/revistaautobus.com.br\/?p=16495\" \/>\n<meta property=\"og:locale\" content=\"pt_BR\" \/>\n<meta property=\"og:type\" content=\"article\" \/>\n<meta property=\"og:title\" content=\"Na capital ga\u00facha, o el\u00e9trico se mostra vi\u00e1vel - Revista AutoBus\" \/>\n<meta property=\"og:description\" content=\"As opera\u00e7\u00f5es com \u00f4nibus el\u00e9tricos em Porto Alegre apresentam n\u00fameros positivos\" \/>\n<meta property=\"og:url\" content=\"https:\/\/revistaautobus.com.br\/?p=16495\" \/>\n<meta property=\"og:site_name\" content=\"Revista AutoBus\" \/>\n<meta property=\"article:publisher\" content=\"https:\/\/www.facebook.com\/antonio.ferro.3150\" \/>\n<meta property=\"article:published_time\" content=\"2025-09-08T10:56:59+00:00\" \/>\n<meta property=\"og:image\" content=\"https:\/\/revistaautobus.com.br\/wp-content\/uploads\/2025\/09\/onibus_eletrico_filipe_karam3-1.jpeg\" \/>\n\t<meta property=\"og:image:width\" content=\"1000\" \/>\n\t<meta property=\"og:image:height\" content=\"666\" \/>\n\t<meta property=\"og:image:type\" content=\"image\/jpeg\" \/>\n<meta name=\"author\" content=\"Antonio Ferro\" \/>\n<meta name=\"twitter:card\" content=\"summary_large_image\" \/>\n<meta name=\"twitter:label1\" content=\"Escrito por\" \/>\n\t<meta name=\"twitter:data1\" content=\"Antonio Ferro\" \/>\n\t<meta name=\"twitter:label2\" content=\"Est. tempo de leitura\" \/>\n\t<meta name=\"twitter:data2\" content=\"2 minutos\" \/>\n<script type=\"application\/ld+json\" class=\"yoast-schema-graph\">{\"@context\":\"https:\/\/schema.org\",\"@graph\":[{\"@type\":\"Article\",\"@id\":\"https:\/\/revistaautobus.com.br\/?p=16495#article\",\"isPartOf\":{\"@id\":\"https:\/\/revistaautobus.com.br\/?p=16495\"},\"author\":{\"name\":\"Antonio Ferro\",\"@id\":\"https:\/\/revistaautobus.com.br\/#\/schema\/person\/54af7c3eb83a310e42ef686ef6d16f50\"},\"headline\":\"Na capital ga\u00facha, o el\u00e9trico se mostra vi\u00e1vel\",\"datePublished\":\"2025-09-08T10:56:59+00:00\",\"mainEntityOfPage\":{\"@id\":\"https:\/\/revistaautobus.com.br\/?p=16495\"},\"wordCount\":366,\"commentCount\":0,\"publisher\":{\"@id\":\"https:\/\/revistaautobus.com.br\/#organization\"},\"image\":{\"@id\":\"https:\/\/revistaautobus.com.br\/?p=16495#primaryimage\"},\"thumbnailUrl\":\"https:\/\/revistaautobus.com.br\/wp-content\/uploads\/2025\/09\/onibus_eletrico_filipe_karam3-1.jpeg\",\"keywords\":[\"Prefeitura Porto Alegre\"],\"articleSection\":[\"Eletrifica\u00e7\u00e3o\",\"Mobilidade Urbana\",\"Not\u00edcias\"],\"inLanguage\":\"pt-BR\",\"potentialAction\":[{\"@type\":\"CommentAction\",\"name\":\"Comment\",\"target\":[\"https:\/\/revistaautobus.com.br\/?p=16495#respond\"]}]},{\"@type\":\"WebPage\",\"@id\":\"https:\/\/revistaautobus.com.br\/?p=16495\",\"url\":\"https:\/\/revistaautobus.com.br\/?p=16495\",\"name\":\"Na capital ga\u00facha, o el\u00e9trico se mostra vi\u00e1vel - Revista AutoBus\",\"isPartOf\":{\"@id\":\"https:\/\/revistaautobus.com.br\/#website\"},\"primaryImageOfPage\":{\"@id\":\"https:\/\/revistaautobus.com.br\/?p=16495#primaryimage\"},\"image\":{\"@id\":\"https:\/\/revistaautobus.com.br\/?p=16495#primaryimage\"},\"thumbnailUrl\":\"https:\/\/revistaautobus.com.br\/wp-content\/uploads\/2025\/09\/onibus_eletrico_filipe_karam3-1.jpeg\",\"datePublished\":\"2025-09-08T10:56:59+00:00\",\"breadcrumb\":{\"@id\":\"https:\/\/revistaautobus.com.br\/?p=16495#breadcrumb\"},\"inLanguage\":\"pt-BR\",\"potentialAction\":[{\"@type\":\"ReadAction\",\"target\":[\"https:\/\/revistaautobus.com.br\/?p=16495\"]}]},{\"@type\":\"ImageObject\",\"inLanguage\":\"pt-BR\",\"@id\":\"https:\/\/revistaautobus.com.br\/?p=16495#primaryimage\",\"url\":\"https:\/\/revistaautobus.com.br\/wp-content\/uploads\/2025\/09\/onibus_eletrico_filipe_karam3-1.jpeg\",\"contentUrl\":\"https:\/\/revistaautobus.com.br\/wp-content\/uploads\/2025\/09\/onibus_eletrico_filipe_karam3-1.jpeg\",\"width\":1000,\"height\":666},{\"@type\":\"BreadcrumbList\",\"@id\":\"https:\/\/revistaautobus.com.br\/?p=16495#breadcrumb\",\"itemListElement\":[{\"@type\":\"ListItem\",\"position\":1,\"name\":\"In\u00edcio\",\"item\":\"https:\/\/revistaautobus.com.br\/\"},{\"@type\":\"ListItem\",\"position\":2,\"name\":\"Na capital ga\u00facha, o el\u00e9trico se mostra vi\u00e1vel\"}]},{\"@type\":\"WebSite\",\"@id\":\"https:\/\/revistaautobus.com.br\/#website\",\"url\":\"https:\/\/revistaautobus.com.br\/\",\"name\":\"Revista AutoBus\",\"description\":\"\",\"publisher\":{\"@id\":\"https:\/\/revistaautobus.com.br\/#organization\"},\"potentialAction\":[{\"@type\":\"SearchAction\",\"target\":{\"@type\":\"EntryPoint\",\"urlTemplate\":\"https:\/\/revistaautobus.com.br\/?s={search_term_string}\"},\"query-input\":{\"@type\":\"PropertyValueSpecification\",\"valueRequired\":true,\"valueName\":\"search_term_string\"}}],\"inLanguage\":\"pt-BR\"},{\"@type\":\"Organization\",\"@id\":\"https:\/\/revistaautobus.com.br\/#organization\",\"name\":\"Revista AutoBus\",\"url\":\"https:\/\/revistaautobus.com.br\/\",\"logo\":{\"@type\":\"ImageObject\",\"inLanguage\":\"pt-BR\",\"@id\":\"https:\/\/revistaautobus.com.br\/#\/schema\/logo\/image\/\",\"url\":\"https:\/\/revistaautobus.com.br\/wp-content\/uploads\/2024\/11\/logo_revista_autobus_fb.png\",\"contentUrl\":\"https:\/\/revistaautobus.com.br\/wp-content\/uploads\/2024\/11\/logo_revista_autobus_fb.png\",\"width\":836,\"height\":227,\"caption\":\"Revista AutoBus\"},\"image\":{\"@id\":\"https:\/\/revistaautobus.com.br\/#\/schema\/logo\/image\/\"},\"sameAs\":[\"https:\/\/www.facebook.com\/antonio.ferro.3150\",\"https:\/\/www.instagram.com\/revistaautobus\/\"]},{\"@type\":\"Person\",\"@id\":\"https:\/\/revistaautobus.com.br\/#\/schema\/person\/54af7c3eb83a310e42ef686ef6d16f50\",\"name\":\"Antonio Ferro\",\"image\":{\"@type\":\"ImageObject\",\"inLanguage\":\"pt-BR\",\"@id\":\"https:\/\/revistaautobus.com.br\/wp-content\/uploads\/2025\/12\/editor_antonio_ferro-150x150.jpg\",\"url\":\"https:\/\/revistaautobus.com.br\/wp-content\/uploads\/2025\/12\/editor_antonio_ferro-150x150.jpg\",\"contentUrl\":\"https:\/\/revistaautobus.com.br\/wp-content\/uploads\/2025\/12\/editor_antonio_ferro-150x150.jpg\",\"caption\":\"Antonio Ferro\"},\"description\":\"infobus@uol.com.br\",\"url\":\"https:\/\/revistaautobus.com.br\/?author=2\"}]}<\/script>\n<!-- \/ Yoast SEO plugin. -->","yoast_head_json":{"title":"Na capital ga\u00facha, o el\u00e9trico se mostra vi\u00e1vel - Revista AutoBus","robots":{"index":"index","follow":"follow","max-snippet":"max-snippet:-1","max-image-preview":"max-image-preview:large","max-video-preview":"max-video-preview:-1"},"canonical":"https:\/\/revistaautobus.com.br\/?p=16495","og_locale":"pt_BR","og_type":"article","og_title":"Na capital ga\u00facha, o el\u00e9trico se mostra vi\u00e1vel - Revista AutoBus","og_description":"As opera\u00e7\u00f5es com \u00f4nibus el\u00e9tricos em Porto Alegre apresentam n\u00fameros positivos","og_url":"https:\/\/revistaautobus.com.br\/?p=16495","og_site_name":"Revista AutoBus","article_publisher":"https:\/\/www.facebook.com\/antonio.ferro.3150","article_published_time":"2025-09-08T10:56:59+00:00","og_image":[{"width":1000,"height":666,"url":"https:\/\/revistaautobus.com.br\/wp-content\/uploads\/2025\/09\/onibus_eletrico_filipe_karam3-1.jpeg","type":"image\/jpeg"}],"author":"Antonio Ferro","twitter_card":"summary_large_image","twitter_misc":{"Escrito por":"Antonio Ferro","Est. tempo de leitura":"2 minutos"},"schema":{"@context":"https:\/\/schema.org","@graph":[{"@type":"Article","@id":"https:\/\/revistaautobus.com.br\/?p=16495#article","isPartOf":{"@id":"https:\/\/revistaautobus.com.br\/?p=16495"},"author":{"name":"Antonio Ferro","@id":"https:\/\/revistaautobus.com.br\/#\/schema\/person\/54af7c3eb83a310e42ef686ef6d16f50"},"headline":"Na capital ga\u00facha, o el\u00e9trico se mostra vi\u00e1vel","datePublished":"2025-09-08T10:56:59+00:00","mainEntityOfPage":{"@id":"https:\/\/revistaautobus.com.br\/?p=16495"},"wordCount":366,"commentCount":0,"publisher":{"@id":"https:\/\/revistaautobus.com.br\/#organization"},"image":{"@id":"https:\/\/revistaautobus.com.br\/?p=16495#primaryimage"},"thumbnailUrl":"https:\/\/revistaautobus.com.br\/wp-content\/uploads\/2025\/09\/onibus_eletrico_filipe_karam3-1.jpeg","keywords":["Prefeitura Porto Alegre"],"articleSection":["Eletrifica\u00e7\u00e3o","Mobilidade Urbana","Not\u00edcias"],"inLanguage":"pt-BR","potentialAction":[{"@type":"CommentAction","name":"Comment","target":["https:\/\/revistaautobus.com.br\/?p=16495#respond"]}]},{"@type":"WebPage","@id":"https:\/\/revistaautobus.com.br\/?p=16495","url":"https:\/\/revistaautobus.com.br\/?p=16495","name":"Na capital ga\u00facha, o el\u00e9trico se mostra vi\u00e1vel - Revista AutoBus","isPartOf":{"@id":"https:\/\/revistaautobus.com.br\/#website"},"primaryImageOfPage":{"@id":"https:\/\/revistaautobus.com.br\/?p=16495#primaryimage"},"image":{"@id":"https:\/\/revistaautobus.com.br\/?p=16495#primaryimage"},"thumbnailUrl":"https:\/\/revistaautobus.com.br\/wp-content\/uploads\/2025\/09\/onibus_eletrico_filipe_karam3-1.jpeg","datePublished":"2025-09-08T10:56:59+00:00","breadcrumb":{"@id":"https:\/\/revistaautobus.com.br\/?p=16495#breadcrumb"},"inLanguage":"pt-BR","potentialAction":[{"@type":"ReadAction","target":["https:\/\/revistaautobus.com.br\/?p=16495"]}]},{"@type":"ImageObject","inLanguage":"pt-BR","@id":"https:\/\/revistaautobus.com.br\/?p=16495#primaryimage","url":"https:\/\/revistaautobus.com.br\/wp-content\/uploads\/2025\/09\/onibus_eletrico_filipe_karam3-1.jpeg","contentUrl":"https:\/\/revistaautobus.com.br\/wp-content\/uploads\/2025\/09\/onibus_eletrico_filipe_karam3-1.jpeg","width":1000,"height":666},{"@type":"BreadcrumbList","@id":"https:\/\/revistaautobus.com.br\/?p=16495#breadcrumb","itemListElement":[{"@type":"ListItem","position":1,"name":"In\u00edcio","item":"https:\/\/revistaautobus.com.br\/"},{"@type":"ListItem","position":2,"name":"Na capital ga\u00facha, o el\u00e9trico se mostra vi\u00e1vel"}]},{"@type":"WebSite","@id":"https:\/\/revistaautobus.com.br\/#website","url":"https:\/\/revistaautobus.com.br\/","name":"Revista AutoBus","description":"","publisher":{"@id":"https:\/\/revistaautobus.com.br\/#organization"},"potentialAction":[{"@type":"SearchAction","target":{"@type":"EntryPoint","urlTemplate":"https:\/\/revistaautobus.com.br\/?s={search_term_string}"},"query-input":{"@type":"PropertyValueSpecification","valueRequired":true,"valueName":"search_term_string"}}],"inLanguage":"pt-BR"},{"@type":"Organization","@id":"https:\/\/revistaautobus.com.br\/#organization","name":"Revista AutoBus","url":"https:\/\/revistaautobus.com.br\/","logo":{"@type":"ImageObject","inLanguage":"pt-BR","@id":"https:\/\/revistaautobus.com.br\/#\/schema\/logo\/image\/","url":"https:\/\/revistaautobus.com.br\/wp-content\/uploads\/2024\/11\/logo_revista_autobus_fb.png","contentUrl":"https:\/\/revistaautobus.com.br\/wp-content\/uploads\/2024\/11\/logo_revista_autobus_fb.png","width":836,"height":227,"caption":"Revista AutoBus"},"image":{"@id":"https:\/\/revistaautobus.com.br\/#\/schema\/logo\/image\/"},"sameAs":["https:\/\/www.facebook.com\/antonio.ferro.3150","https:\/\/www.instagram.com\/revistaautobus\/"]},{"@type":"Person","@id":"https:\/\/revistaautobus.com.br\/#\/schema\/person\/54af7c3eb83a310e42ef686ef6d16f50","name":"Antonio Ferro","image":{"@type":"ImageObject","inLanguage":"pt-BR","@id":"https:\/\/revistaautobus.com.br\/wp-content\/uploads\/2025\/12\/editor_antonio_ferro-150x150.jpg","url":"https:\/\/revistaautobus.com.br\/wp-content\/uploads\/2025\/12\/editor_antonio_ferro-150x150.jpg","contentUrl":"https:\/\/revistaautobus.com.br\/wp-content\/uploads\/2025\/12\/editor_antonio_ferro-150x150.jpg","caption":"Antonio Ferro"},"description":"infobus@uol.com.br","url":"https:\/\/revistaautobus.com.br\/?author=2"}]}},"jetpack_featured_media_url":"https:\/\/revistaautobus.com.br\/wp-content\/uploads\/2025\/09\/onibus_eletrico_filipe_karam3-1.jpeg","jetpack_sharing_enabled":true,"_links":{"self":[{"href":"https:\/\/revistaautobus.com.br\/index.php?rest_route=\/wp\/v2\/posts\/16495","targetHints":{"allow":["GET"]}}],"collection":[{"href":"https:\/\/revistaautobus.com.br\/index.php?rest_route=\/wp\/v2\/posts"}],"about":[{"href":"https:\/\/revistaautobus.com.br\/index.php?rest_route=\/wp\/v2\/types\/post"}],"author":[{"embeddable":true,"href":"https:\/\/revistaautobus.com.br\/index.php?rest_route=\/wp\/v2\/users\/2"}],"replies":[{"embeddable":true,"href":"https:\/\/revistaautobus.com.br\/index.php?rest_route=%2Fwp%2Fv2%2Fcomments&post=16495"}],"version-history":[{"count":2,"href":"https:\/\/revistaautobus.com.br\/index.php?rest_route=\/wp\/v2\/posts\/16495\/revisions"}],"predecessor-version":[{"id":16498,"href":"https:\/\/revistaautobus.com.br\/index.php?rest_route=\/wp\/v2\/posts\/16495\/revisions\/16498"}],"wp:featuredmedia":[{"embeddable":true,"href":"https:\/\/revistaautobus.com.br\/index.php?rest_route=\/wp\/v2\/media\/16496"}],"wp:attachment":[{"href":"https:\/\/revistaautobus.com.br\/index.php?rest_route=%2Fwp%2Fv2%2Fmedia&parent=16495"}],"wp:term":[{"taxonomy":"category","embeddable":true,"href":"https:\/\/revistaautobus.com.br\/index.php?rest_route=%2Fwp%2Fv2%2Fcategories&post=16495"},{"taxonomy":"post_tag","embeddable":true,"href":"https:\/\/revistaautobus.com.br\/index.php?rest_route=%2Fwp%2Fv2%2Ftags&post=16495"}],"curies":[{"name":"wp","href":"https:\/\/api.w.org\/{rel}","templated":true}]}}