{"id":16499,"date":"2025-09-08T07:59:17","date_gmt":"2025-09-08T10:59:17","guid":{"rendered":"https:\/\/revistaautobus.com.br\/?p=16499"},"modified":"2025-09-08T07:59:17","modified_gmt":"2025-09-08T10:59:17","slug":"cummins-equipa-o-fly-12","status":"publish","type":"post","link":"https:\/\/revistaautobus.com.br\/?p=16499","title":{"rendered":"Cummins equipa o Fly 12"},"content":{"rendered":"<p>Dentre as categorias de \u00f4nibus produzidas aqui no Brasil, o modelo Volare Fly 12 traz um novo conceito para aqueles nichos operacionais que necessitam de um ve\u00edculo com robustez, agilidade e maior capacidade de passageiros numa dimens\u00e3o compacta, ideal para centros urbanos. Por sua dimens\u00e3o, com quase 12 metros de comprimento, tem na versatilidade uma proposta diferenciada em termos de utiliza\u00e7\u00e3o. Sua configura\u00e7\u00e3o interna permite a instala\u00e7\u00e3o de at\u00e9 45 poltronas na vers\u00e3o fretamento ou 64 poltronas para o transporte escolar, al\u00e9m do motorista e auxiliar.<\/p>\n<p>E, para viabilizar sua categoria inovadora, ele \u00e9 equipado com o motor Cummins F 4.5, com 213 cv de pot\u00eancia e 780 Nm de torque. De acordo com a fabricante desse propulsora, ele \u00e9 compacto e leve, o que contribui, diretamente, para o <em>layout<\/em> mais enxuto do ve\u00edculo, permitindo melhor aproveitamento dos espa\u00e7os, sem comprometer desempenho. \u201cDesde o lan\u00e7amento da plataforma F no Brasil, em 2011, a Cummins tem se dedicado a inovar essa motoriza\u00e7\u00e3o, desenvolvendo tecnologias sob medida para atender \u00e0s necessidades dos clientes\u201d, disse Antonio Almeida, diretor de Vendas On-Highway da Cummins Brasil.<\/p>\n<p>Outro destaque lembrando pelo executivo \u00e9 que a Cummins desenvolve motores sob medida e oferece suporte avan\u00e7ado de engenharia para integra\u00e7\u00e3o em todos os processos de produ\u00e7\u00e3o do ve\u00edculo, incluindo a expertise no ciclo de opera\u00e7\u00e3o para essa aplica\u00e7\u00e3o espec\u00edfica. \u201cOs ve\u00edculos de transporte urbano exigem respostas r\u00e1pidas do motor em sa\u00eddas (com torques elevados em rota\u00e7\u00f5es mais baixas) para melhor dirigibilidade e, consequentemente, mais conforto para os passageiros. Um motor dedicado ao ciclo de opera\u00e7\u00e3o, como o F 4.5, eleva a durabilidade e a performance do ve\u00edculo\u201d, explicou.<\/p>\n<p>Sidnei Vargas, gerente-executivo comercial mercado interno da Volare, observou que a vers\u00e3o Fly 12 representa uma revolu\u00e7\u00e3o no segmento escolar e de fretamento, sendo uma nova categoria ao unir um tamanho menor com robustez e capacidade ampliada. \u201cA excelente aceita\u00e7\u00e3o no mercado comprova que essa proposta vai ao encontro das necessidades dos operadores, que buscam efici\u00eancia, conforto e menor custo operacional. O motor Cummins F 4.5 \u00e9 pe\u00e7a-chave nessa equa\u00e7\u00e3o \u2014 com 213 cv e 780 Nm de torque -, oferece o desempenho, a economia e a confiabilidade que fazem toda a diferen\u00e7a em opera\u00e7\u00f5es intensas e variadas\u201d, afirmou Vargas.<\/p>\n<p>A Cummins disponibiliza ao mercado de transporte desde os motores at\u00e9 as solu\u00e7\u00f5es de turbocompressores, sistemas de p\u00f3s-tratamento, eixos e sistemas de freios. Sua plataforma de motores eletr\u00f4nicos Euro VI \u00e9 composta por vers\u00f5es com 3.8, 4.5, 6.7, 9, 12 e 15 litros, al\u00e9m das op\u00e7\u00f5es a g\u00e1s (B6.7, L9 e X15 litros), de classe Premium.<\/p>\n<p>Imagem &#8211; Divulga\u00e7\u00e3o<\/p>\n","protected":false},"excerpt":{"rendered":"<p>O modelo da marca ga\u00facha, Volare, vem equipado com um propulsor robusto<\/p>\n","protected":false},"author":2,"featured_media":16500,"comment_status":"open","ping_status":"open","sticky":false,"template":"","format":"standard","meta":{"_et_pb_use_builder":"","_et_pb_old_content":"","_et_gb_content_width":"","_jetpack_memberships_contains_paid_content":false,"footnotes":""},"categories":[10,90],"tags":[140],"class_list":["post-16499","post","type-post","status-publish","format-standard","has-post-thumbnail","hentry","category-montadoras","category-noticias","tag-cummins","et-has-post-format-content","et_post_format-et-post-format-standard"],"yoast_head":"<!-- This site is optimized with the Yoast SEO plugin v27.2 - https:\/\/yoast.com\/product\/yoast-seo-wordpress\/ -->\n<title>Cummins equipa o Fly 12 - Revista AutoBus<\/title>\n<meta name=\"robots\" content=\"index, follow, max-snippet:-1, max-image-preview:large, max-video-preview:-1\" \/>\n<link rel=\"canonical\" href=\"https:\/\/revistaautobus.com.br\/?p=16499\" \/>\n<meta property=\"og:locale\" content=\"pt_BR\" \/>\n<meta property=\"og:type\" content=\"article\" \/>\n<meta property=\"og:title\" content=\"Cummins equipa o Fly 12 - Revista AutoBus\" \/>\n<meta property=\"og:description\" content=\"O modelo da marca ga\u00facha, Volare, vem equipado com um propulsor robusto\" \/>\n<meta property=\"og:url\" content=\"https:\/\/revistaautobus.com.br\/?p=16499\" \/>\n<meta property=\"og:site_name\" content=\"Revista AutoBus\" \/>\n<meta property=\"article:publisher\" content=\"https:\/\/www.facebook.com\/antonio.ferro.3150\" \/>\n<meta property=\"article:published_time\" content=\"2025-09-08T10:59:17+00:00\" \/>\n<meta property=\"og:image\" content=\"https:\/\/revistaautobus.com.br\/wp-content\/uploads\/2025\/09\/QSF_45_V3-scaled.jpg\" \/>\n\t<meta property=\"og:image:width\" content=\"2560\" \/>\n\t<meta property=\"og:image:height\" content=\"2346\" \/>\n\t<meta property=\"og:image:type\" content=\"image\/jpeg\" \/>\n<meta name=\"author\" content=\"Antonio Ferro\" \/>\n<meta name=\"twitter:card\" content=\"summary_large_image\" \/>\n<meta name=\"twitter:label1\" content=\"Escrito por\" \/>\n\t<meta name=\"twitter:data1\" content=\"Antonio Ferro\" \/>\n\t<meta name=\"twitter:label2\" content=\"Est. tempo de leitura\" \/>\n\t<meta name=\"twitter:data2\" content=\"3 minutos\" \/>\n<script type=\"application\/ld+json\" class=\"yoast-schema-graph\">{\"@context\":\"https:\/\/schema.org\",\"@graph\":[{\"@type\":\"Article\",\"@id\":\"https:\/\/revistaautobus.com.br\/?p=16499#article\",\"isPartOf\":{\"@id\":\"https:\/\/revistaautobus.com.br\/?p=16499\"},\"author\":{\"name\":\"Antonio Ferro\",\"@id\":\"https:\/\/revistaautobus.com.br\/#\/schema\/person\/54af7c3eb83a310e42ef686ef6d16f50\"},\"headline\":\"Cummins equipa o Fly 12\",\"datePublished\":\"2025-09-08T10:59:17+00:00\",\"mainEntityOfPage\":{\"@id\":\"https:\/\/revistaautobus.com.br\/?p=16499\"},\"wordCount\":450,\"commentCount\":0,\"publisher\":{\"@id\":\"https:\/\/revistaautobus.com.br\/#organization\"},\"image\":{\"@id\":\"https:\/\/revistaautobus.com.br\/?p=16499#primaryimage\"},\"thumbnailUrl\":\"https:\/\/revistaautobus.com.br\/wp-content\/uploads\/2025\/09\/QSF_45_V3-scaled.jpg\",\"keywords\":[\"Cummins\"],\"articleSection\":[\"Montadoras\",\"Not\u00edcias\"],\"inLanguage\":\"pt-BR\",\"potentialAction\":[{\"@type\":\"CommentAction\",\"name\":\"Comment\",\"target\":[\"https:\/\/revistaautobus.com.br\/?p=16499#respond\"]}]},{\"@type\":\"WebPage\",\"@id\":\"https:\/\/revistaautobus.com.br\/?p=16499\",\"url\":\"https:\/\/revistaautobus.com.br\/?p=16499\",\"name\":\"Cummins equipa o Fly 12 - Revista AutoBus\",\"isPartOf\":{\"@id\":\"https:\/\/revistaautobus.com.br\/#website\"},\"primaryImageOfPage\":{\"@id\":\"https:\/\/revistaautobus.com.br\/?p=16499#primaryimage\"},\"image\":{\"@id\":\"https:\/\/revistaautobus.com.br\/?p=16499#primaryimage\"},\"thumbnailUrl\":\"https:\/\/revistaautobus.com.br\/wp-content\/uploads\/2025\/09\/QSF_45_V3-scaled.jpg\",\"datePublished\":\"2025-09-08T10:59:17+00:00\",\"breadcrumb\":{\"@id\":\"https:\/\/revistaautobus.com.br\/?p=16499#breadcrumb\"},\"inLanguage\":\"pt-BR\",\"potentialAction\":[{\"@type\":\"ReadAction\",\"target\":[\"https:\/\/revistaautobus.com.br\/?p=16499\"]}]},{\"@type\":\"ImageObject\",\"inLanguage\":\"pt-BR\",\"@id\":\"https:\/\/revistaautobus.com.br\/?p=16499#primaryimage\",\"url\":\"https:\/\/revistaautobus.com.br\/wp-content\/uploads\/2025\/09\/QSF_45_V3-scaled.jpg\",\"contentUrl\":\"https:\/\/revistaautobus.com.br\/wp-content\/uploads\/2025\/09\/QSF_45_V3-scaled.jpg\",\"width\":2560,\"height\":2346},{\"@type\":\"BreadcrumbList\",\"@id\":\"https:\/\/revistaautobus.com.br\/?p=16499#breadcrumb\",\"itemListElement\":[{\"@type\":\"ListItem\",\"position\":1,\"name\":\"In\u00edcio\",\"item\":\"https:\/\/revistaautobus.com.br\/\"},{\"@type\":\"ListItem\",\"position\":2,\"name\":\"Cummins equipa o Fly 12\"}]},{\"@type\":\"WebSite\",\"@id\":\"https:\/\/revistaautobus.com.br\/#website\",\"url\":\"https:\/\/revistaautobus.com.br\/\",\"name\":\"Revista AutoBus\",\"description\":\"\",\"publisher\":{\"@id\":\"https:\/\/revistaautobus.com.br\/#organization\"},\"potentialAction\":[{\"@type\":\"SearchAction\",\"target\":{\"@type\":\"EntryPoint\",\"urlTemplate\":\"https:\/\/revistaautobus.com.br\/?s={search_term_string}\"},\"query-input\":{\"@type\":\"PropertyValueSpecification\",\"valueRequired\":true,\"valueName\":\"search_term_string\"}}],\"inLanguage\":\"pt-BR\"},{\"@type\":\"Organization\",\"@id\":\"https:\/\/revistaautobus.com.br\/#organization\",\"name\":\"Revista AutoBus\",\"url\":\"https:\/\/revistaautobus.com.br\/\",\"logo\":{\"@type\":\"ImageObject\",\"inLanguage\":\"pt-BR\",\"@id\":\"https:\/\/revistaautobus.com.br\/#\/schema\/logo\/image\/\",\"url\":\"https:\/\/revistaautobus.com.br\/wp-content\/uploads\/2024\/11\/logo_revista_autobus_fb.png\",\"contentUrl\":\"https:\/\/revistaautobus.com.br\/wp-content\/uploads\/2024\/11\/logo_revista_autobus_fb.png\",\"width\":836,\"height\":227,\"caption\":\"Revista AutoBus\"},\"image\":{\"@id\":\"https:\/\/revistaautobus.com.br\/#\/schema\/logo\/image\/\"},\"sameAs\":[\"https:\/\/www.facebook.com\/antonio.ferro.3150\",\"https:\/\/www.instagram.com\/revistaautobus\/\"]},{\"@type\":\"Person\",\"@id\":\"https:\/\/revistaautobus.com.br\/#\/schema\/person\/54af7c3eb83a310e42ef686ef6d16f50\",\"name\":\"Antonio Ferro\",\"image\":{\"@type\":\"ImageObject\",\"inLanguage\":\"pt-BR\",\"@id\":\"https:\/\/revistaautobus.com.br\/wp-content\/uploads\/2025\/12\/editor_antonio_ferro-150x150.jpg\",\"url\":\"https:\/\/revistaautobus.com.br\/wp-content\/uploads\/2025\/12\/editor_antonio_ferro-150x150.jpg\",\"contentUrl\":\"https:\/\/revistaautobus.com.br\/wp-content\/uploads\/2025\/12\/editor_antonio_ferro-150x150.jpg\",\"caption\":\"Antonio Ferro\"},\"description\":\"infobus@uol.com.br\",\"url\":\"https:\/\/revistaautobus.com.br\/?author=2\"}]}<\/script>\n<!-- \/ Yoast SEO plugin. -->","yoast_head_json":{"title":"Cummins equipa o Fly 12 - Revista AutoBus","robots":{"index":"index","follow":"follow","max-snippet":"max-snippet:-1","max-image-preview":"max-image-preview:large","max-video-preview":"max-video-preview:-1"},"canonical":"https:\/\/revistaautobus.com.br\/?p=16499","og_locale":"pt_BR","og_type":"article","og_title":"Cummins equipa o Fly 12 - Revista AutoBus","og_description":"O modelo da marca ga\u00facha, Volare, vem equipado com um propulsor robusto","og_url":"https:\/\/revistaautobus.com.br\/?p=16499","og_site_name":"Revista AutoBus","article_publisher":"https:\/\/www.facebook.com\/antonio.ferro.3150","article_published_time":"2025-09-08T10:59:17+00:00","og_image":[{"width":2560,"height":2346,"url":"https:\/\/revistaautobus.com.br\/wp-content\/uploads\/2025\/09\/QSF_45_V3-scaled.jpg","type":"image\/jpeg"}],"author":"Antonio Ferro","twitter_card":"summary_large_image","twitter_misc":{"Escrito por":"Antonio Ferro","Est. tempo de leitura":"3 minutos"},"schema":{"@context":"https:\/\/schema.org","@graph":[{"@type":"Article","@id":"https:\/\/revistaautobus.com.br\/?p=16499#article","isPartOf":{"@id":"https:\/\/revistaautobus.com.br\/?p=16499"},"author":{"name":"Antonio Ferro","@id":"https:\/\/revistaautobus.com.br\/#\/schema\/person\/54af7c3eb83a310e42ef686ef6d16f50"},"headline":"Cummins equipa o Fly 12","datePublished":"2025-09-08T10:59:17+00:00","mainEntityOfPage":{"@id":"https:\/\/revistaautobus.com.br\/?p=16499"},"wordCount":450,"commentCount":0,"publisher":{"@id":"https:\/\/revistaautobus.com.br\/#organization"},"image":{"@id":"https:\/\/revistaautobus.com.br\/?p=16499#primaryimage"},"thumbnailUrl":"https:\/\/revistaautobus.com.br\/wp-content\/uploads\/2025\/09\/QSF_45_V3-scaled.jpg","keywords":["Cummins"],"articleSection":["Montadoras","Not\u00edcias"],"inLanguage":"pt-BR","potentialAction":[{"@type":"CommentAction","name":"Comment","target":["https:\/\/revistaautobus.com.br\/?p=16499#respond"]}]},{"@type":"WebPage","@id":"https:\/\/revistaautobus.com.br\/?p=16499","url":"https:\/\/revistaautobus.com.br\/?p=16499","name":"Cummins equipa o Fly 12 - Revista AutoBus","isPartOf":{"@id":"https:\/\/revistaautobus.com.br\/#website"},"primaryImageOfPage":{"@id":"https:\/\/revistaautobus.com.br\/?p=16499#primaryimage"},"image":{"@id":"https:\/\/revistaautobus.com.br\/?p=16499#primaryimage"},"thumbnailUrl":"https:\/\/revistaautobus.com.br\/wp-content\/uploads\/2025\/09\/QSF_45_V3-scaled.jpg","datePublished":"2025-09-08T10:59:17+00:00","breadcrumb":{"@id":"https:\/\/revistaautobus.com.br\/?p=16499#breadcrumb"},"inLanguage":"pt-BR","potentialAction":[{"@type":"ReadAction","target":["https:\/\/revistaautobus.com.br\/?p=16499"]}]},{"@type":"ImageObject","inLanguage":"pt-BR","@id":"https:\/\/revistaautobus.com.br\/?p=16499#primaryimage","url":"https:\/\/revistaautobus.com.br\/wp-content\/uploads\/2025\/09\/QSF_45_V3-scaled.jpg","contentUrl":"https:\/\/revistaautobus.com.br\/wp-content\/uploads\/2025\/09\/QSF_45_V3-scaled.jpg","width":2560,"height":2346},{"@type":"BreadcrumbList","@id":"https:\/\/revistaautobus.com.br\/?p=16499#breadcrumb","itemListElement":[{"@type":"ListItem","position":1,"name":"In\u00edcio","item":"https:\/\/revistaautobus.com.br\/"},{"@type":"ListItem","position":2,"name":"Cummins equipa o Fly 12"}]},{"@type":"WebSite","@id":"https:\/\/revistaautobus.com.br\/#website","url":"https:\/\/revistaautobus.com.br\/","name":"Revista AutoBus","description":"","publisher":{"@id":"https:\/\/revistaautobus.com.br\/#organization"},"potentialAction":[{"@type":"SearchAction","target":{"@type":"EntryPoint","urlTemplate":"https:\/\/revistaautobus.com.br\/?s={search_term_string}"},"query-input":{"@type":"PropertyValueSpecification","valueRequired":true,"valueName":"search_term_string"}}],"inLanguage":"pt-BR"},{"@type":"Organization","@id":"https:\/\/revistaautobus.com.br\/#organization","name":"Revista AutoBus","url":"https:\/\/revistaautobus.com.br\/","logo":{"@type":"ImageObject","inLanguage":"pt-BR","@id":"https:\/\/revistaautobus.com.br\/#\/schema\/logo\/image\/","url":"https:\/\/revistaautobus.com.br\/wp-content\/uploads\/2024\/11\/logo_revista_autobus_fb.png","contentUrl":"https:\/\/revistaautobus.com.br\/wp-content\/uploads\/2024\/11\/logo_revista_autobus_fb.png","width":836,"height":227,"caption":"Revista AutoBus"},"image":{"@id":"https:\/\/revistaautobus.com.br\/#\/schema\/logo\/image\/"},"sameAs":["https:\/\/www.facebook.com\/antonio.ferro.3150","https:\/\/www.instagram.com\/revistaautobus\/"]},{"@type":"Person","@id":"https:\/\/revistaautobus.com.br\/#\/schema\/person\/54af7c3eb83a310e42ef686ef6d16f50","name":"Antonio Ferro","image":{"@type":"ImageObject","inLanguage":"pt-BR","@id":"https:\/\/revistaautobus.com.br\/wp-content\/uploads\/2025\/12\/editor_antonio_ferro-150x150.jpg","url":"https:\/\/revistaautobus.com.br\/wp-content\/uploads\/2025\/12\/editor_antonio_ferro-150x150.jpg","contentUrl":"https:\/\/revistaautobus.com.br\/wp-content\/uploads\/2025\/12\/editor_antonio_ferro-150x150.jpg","caption":"Antonio Ferro"},"description":"infobus@uol.com.br","url":"https:\/\/revistaautobus.com.br\/?author=2"}]}},"jetpack_featured_media_url":"https:\/\/revistaautobus.com.br\/wp-content\/uploads\/2025\/09\/QSF_45_V3-scaled.jpg","jetpack_sharing_enabled":true,"_links":{"self":[{"href":"https:\/\/revistaautobus.com.br\/index.php?rest_route=\/wp\/v2\/posts\/16499","targetHints":{"allow":["GET"]}}],"collection":[{"href":"https:\/\/revistaautobus.com.br\/index.php?rest_route=\/wp\/v2\/posts"}],"about":[{"href":"https:\/\/revistaautobus.com.br\/index.php?rest_route=\/wp\/v2\/types\/post"}],"author":[{"embeddable":true,"href":"https:\/\/revistaautobus.com.br\/index.php?rest_route=\/wp\/v2\/users\/2"}],"replies":[{"embeddable":true,"href":"https:\/\/revistaautobus.com.br\/index.php?rest_route=%2Fwp%2Fv2%2Fcomments&post=16499"}],"version-history":[{"count":2,"href":"https:\/\/revistaautobus.com.br\/index.php?rest_route=\/wp\/v2\/posts\/16499\/revisions"}],"predecessor-version":[{"id":16502,"href":"https:\/\/revistaautobus.com.br\/index.php?rest_route=\/wp\/v2\/posts\/16499\/revisions\/16502"}],"wp:featuredmedia":[{"embeddable":true,"href":"https:\/\/revistaautobus.com.br\/index.php?rest_route=\/wp\/v2\/media\/16500"}],"wp:attachment":[{"href":"https:\/\/revistaautobus.com.br\/index.php?rest_route=%2Fwp%2Fv2%2Fmedia&parent=16499"}],"wp:term":[{"taxonomy":"category","embeddable":true,"href":"https:\/\/revistaautobus.com.br\/index.php?rest_route=%2Fwp%2Fv2%2Fcategories&post=16499"},{"taxonomy":"post_tag","embeddable":true,"href":"https:\/\/revistaautobus.com.br\/index.php?rest_route=%2Fwp%2Fv2%2Ftags&post=16499"}],"curies":[{"name":"wp","href":"https:\/\/api.w.org\/{rel}","templated":true}]}}