{"id":16503,"date":"2025-09-08T08:06:28","date_gmt":"2025-09-08T11:06:28","guid":{"rendered":"https:\/\/revistaautobus.com.br\/?p=16503"},"modified":"2025-09-08T08:06:28","modified_gmt":"2025-09-08T11:06:28","slug":"sao-paulo-e-o-destino-para-muitas-viagens-rodoviarias","status":"publish","type":"post","link":"https:\/\/revistaautobus.com.br\/?p=16503","title":{"rendered":"S\u00e3o Paulo \u00e9 o destino para muitas viagens rodovi\u00e1rias"},"content":{"rendered":"<p>Polo estrat\u00e9gico e de grande import\u00e2ncia no mundo dos neg\u00f3cios, a cidade de S\u00e3o Paulo \u00e9 o destino final para muitas pessoas que viajam a trabalho. \u00c9 o que diz o levantamento da Voll, ag\u00eancia digital de viagens, sobre deslocamentos rodovi\u00e1rios para S\u00e3o Paulo, ressaltando aumento nas viagens no primeiro semestre de 2025, acompanhando o aquecimento do turismo nacional.<\/p>\n<p>De acordo com a ag\u00eancia, apenas em maio, o transporte rodovi\u00e1rio registrou expans\u00e3o de 4,9%, conforme informou a Federa\u00e7\u00e3o do Com\u00e9rcio de Bens, Servi\u00e7os e Turismo do Estado de S\u00e3o Paulo (FecomercioSP), com base em dados do Instituto Brasileiro de Geografia e Estat\u00edstica (IBGE). O cen\u00e1rio refor\u00e7a a import\u00e2ncia da capital paulista como ponto de conex\u00e3o para as diferentes regi\u00f5es do Pa\u00eds, n\u00e3o apenas pelo volume, mas pela diversidade de perfis dos viajantes.<\/p>\n<p>Para a Via\u00e7\u00e3o \u00c1guia Branca essa movimenta\u00e7\u00e3o foi positiva. Ela registou um aumento de 12% no n\u00famero de passageiros levados a S\u00e3o Paulo no mesmo per\u00edodo do ano, ou seja, quase 290 mil clientes, sendo que a maioria dos viajantes tem origem do interior da Bahia, do Esp\u00edrito Santo, de Minas Gerais e do Rio de Janeiro, o que evidencia o papel da capital paulista como destino-chave para reuni\u00f5es, eventos e atividades profissionais, bem como o destino por motivos familiares, de lazer e at\u00e9 para tratamentos de sa\u00fade.<\/p>\n<p>A operadora capixaba, que se transformou numa refer\u00eancia no mercado nacional de linhas interestaduais, procurou saber do perfil de seus clientes e quais os servi\u00e7os que mais utilizam em suas viagens. Assim, ela pode saber que mais da metade dos clientes optam por poltronas semileito, enquanto mais de 40% preferem viajar em \u00f4nibus de dois pisos, com poltronas leito e servi\u00e7o cama, um conforto que tem se consolidado como prefer\u00eancia em trajetos mais longos.<\/p>\n<div id=\"attachment_16505\" style=\"width: 610px\" class=\"wp-caption aligncenter\"><img loading=\"lazy\" decoding=\"async\" aria-describedby=\"caption-attachment-16505\" class=\"wp-image-16505\" src=\"https:\/\/revistaautobus.com.br\/wp-content\/uploads\/2025\/09\/Thiago-Juffo-300x200.jpg\" alt=\"\" width=\"600\" height=\"400\" srcset=\"https:\/\/revistaautobus.com.br\/wp-content\/uploads\/2025\/09\/Thiago-Juffo-300x200.jpg 300w, https:\/\/revistaautobus.com.br\/wp-content\/uploads\/2025\/09\/Thiago-Juffo-768x511.jpg 768w, https:\/\/revistaautobus.com.br\/wp-content\/uploads\/2025\/09\/Thiago-Juffo.jpg 1000w\" sizes=\"(max-width: 600px) 100vw, 600px\" \/><p id=\"caption-attachment-16505\" class=\"wp-caption-text\"><span style=\"color: #003300;\"><em><strong>Thiago Juffo<\/strong><\/em><\/span><\/p><\/div>\n<p>Segundo a \u00c1guia Branca, por meio de um levantamento interno, que analisou mais de 3 milh\u00f5es de passageiros, quase metade das viagens tem a finalidade profissional e cerca de 30% dos passageiros realizam de 3 a 5 viagens ao ano para S\u00e3o Paulo, o que ressalta a voca\u00e7\u00e3o da cidade como destino estrat\u00e9gico e comercial do Pa\u00eds. \u201cS\u00e3o Paulo tem despontado como um dos destinos mais procurados pelos brasileiros e para melhor atender essa demanda, tamb\u00e9m temos feito investimentos no mercado, tanto em \u00f4nibus com maior capacidade de assentos, quanto em hor\u00e1rios alternativos e promo\u00e7\u00f5es nos pre\u00e7os das passagens. Nossa empresa j\u00e1 \u00e9 consolidada neste mercado e queremos cada vez mais ser a op\u00e7\u00e3o mais segura e confort\u00e1vel para quem precisa viajar para este destino\u201d, explicou o diretor de Neg\u00f3cios, Thiago Juffo.<\/p>\n<p>A transportadora do Esp\u00edrito Santo j\u00e1 tinha posi\u00e7\u00e3o de destaque no segmento e, agora, mostra muita vontade para ampliar sua malha de servi\u00e7os ao arrendar a opera\u00e7\u00e3o da Via\u00e7\u00e3o Itapemirim por um ano, numa estrat\u00e9gia de mercado que objetiva o aumento de suas fronteiras, chegando \u00e0 diversas localidades brasileiras.<\/p>\n<p><span style=\"color: #000080;\"><em>Fideliza\u00e7\u00e3o do cliente<\/em><\/span><\/p>\n<p>Como forma de fidelizar seus clientes, a \u00c1guia Branca tem o programa \u201cViaje Gr\u00e1tis com a \u00c1guia Branca\u201d, uma iniciativa que oferece at\u00e9 um ano de passagens gratuitas e pr\u00eamios de at\u00e9 R$ 10 mil para clientes que compram passagens de ida e volta em uma \u00fanica transa\u00e7\u00e3o. A campanha, que segue at\u00e9 14 de dezembro, j\u00e1 sorteou o primeiro ganhador e ter\u00e1 mais dois pr\u00eamios, um em outubro, quando o ganhador receber\u00e1 um cart\u00e3o de R$ 5 mil e seis meses de viagens gratuitas; e outro em dezembro, considerado o grande pr\u00eamio que ser\u00e1 um cart\u00e3o pr\u00e9-pago de R$ 10 mil e um ano inteiro de viagens gr\u00e1tis, benef\u00edcio estimado em R$ 22 mil.<\/p>\n<p>O ganhador do primeiro sorteio da promo\u00e7\u00e3o \u00e9 o farmac\u00eautico Phydel Palmeira Carvalho, de 34 anos, morador de Salvador (BA). Ele conquistou um cart\u00e3o pr\u00e9-pago no valor de R$ 5 mil e ainda garantiu tr\u00eas meses de viagens gratuitas pela empresa, ou seja, 12 passagens de ida e volta para qualquer linha operada pela companhia, com direito a acompanhante, v\u00e1lidas at\u00e9 fevereiro de 2026. Natural de Po\u00e7\u00f5es (BA), o vencedor viaja com a \u00c1guia Branca h\u00e1 5 anos e, ao menos, quatro vezes por ano costuma visitar a fam\u00edlia no interior.<\/p>\n<div id=\"attachment_16506\" style=\"width: 410px\" class=\"wp-caption aligncenter\"><img loading=\"lazy\" decoding=\"async\" aria-describedby=\"caption-attachment-16506\" class=\"wp-image-16506\" src=\"https:\/\/revistaautobus.com.br\/wp-content\/uploads\/2025\/09\/Ganhador-da-campanha-AB-225x300.jpg\" alt=\"\" width=\"400\" height=\"534\" srcset=\"https:\/\/revistaautobus.com.br\/wp-content\/uploads\/2025\/09\/Ganhador-da-campanha-AB-225x300.jpg 225w, https:\/\/revistaautobus.com.br\/wp-content\/uploads\/2025\/09\/Ganhador-da-campanha-AB-767x1024.jpg 767w, https:\/\/revistaautobus.com.br\/wp-content\/uploads\/2025\/09\/Ganhador-da-campanha-AB-768x1025.jpg 768w, https:\/\/revistaautobus.com.br\/wp-content\/uploads\/2025\/09\/Ganhador-da-campanha-AB.jpg 959w\" sizes=\"(max-width: 400px) 100vw, 400px\" \/><p id=\"caption-attachment-16506\" class=\"wp-caption-text\"><span style=\"color: #003300;\"><strong><em>Phydel Carvalho<\/em><\/strong><\/span><\/p><\/div>\n<p>Para participar, basta o cliente comprar passagens de ida e volta em uma \u00fanica transa\u00e7\u00e3o, viajar, e cadastrar os dados da compra no site oficial da promo\u00e7\u00e3o (https:\/\/aguiabrancapromocao.com.br\/). Cada viagem v\u00e1lida gera um n\u00famero da sorte para concorrer aos pr\u00eamios. Ao todo, mais de 750 destinos operados pela Via\u00e7\u00e3o \u00c1guia Branca no Brasil participam da a\u00e7\u00e3o.<\/p>\n<p>Imagens &#8211; Divulga\u00e7\u00e3o<\/p>\n","protected":false},"excerpt":{"rendered":"<p>A capital paulista \u00e9 o ponto final de quem se desloca pelo meio rodovi\u00e1rio visando cumprir suas fun\u00e7\u00f5es laborais<\/p>\n","protected":false},"author":2,"featured_media":16504,"comment_status":"open","ping_status":"open","sticky":false,"template":"","format":"standard","meta":{"_et_pb_use_builder":"","_et_pb_old_content":"","_et_gb_content_width":"","_jetpack_memberships_contains_paid_content":false,"footnotes":""},"categories":[90,80],"tags":[394],"class_list":["post-16503","post","type-post","status-publish","format-standard","has-post-thumbnail","hentry","category-noticias","category-transporte-rodoviario","tag-viacao-aguia-branca","et-has-post-format-content","et_post_format-et-post-format-standard"],"yoast_head":"<!-- This site is optimized with the Yoast SEO plugin v27.2 - https:\/\/yoast.com\/product\/yoast-seo-wordpress\/ -->\n<title>S\u00e3o Paulo \u00e9 o destino para muitas viagens rodovi\u00e1rias - Revista AutoBus<\/title>\n<meta name=\"robots\" content=\"index, follow, max-snippet:-1, max-image-preview:large, max-video-preview:-1\" \/>\n<link rel=\"canonical\" href=\"https:\/\/revistaautobus.com.br\/?p=16503\" \/>\n<meta property=\"og:locale\" content=\"pt_BR\" \/>\n<meta property=\"og:type\" content=\"article\" \/>\n<meta property=\"og:title\" content=\"S\u00e3o Paulo \u00e9 o destino para muitas viagens rodovi\u00e1rias - Revista AutoBus\" \/>\n<meta property=\"og:description\" content=\"A capital paulista \u00e9 o ponto final de quem se desloca pelo meio rodovi\u00e1rio visando cumprir suas fun\u00e7\u00f5es laborais\" \/>\n<meta property=\"og:url\" content=\"https:\/\/revistaautobus.com.br\/?p=16503\" \/>\n<meta property=\"og:site_name\" content=\"Revista AutoBus\" \/>\n<meta property=\"article:publisher\" content=\"https:\/\/www.facebook.com\/antonio.ferro.3150\" \/>\n<meta property=\"article:published_time\" content=\"2025-09-08T11:06:28+00:00\" \/>\n<meta property=\"og:image\" content=\"https:\/\/revistaautobus.com.br\/wp-content\/uploads\/2025\/09\/DD-AB.jpg\" \/>\n\t<meta property=\"og:image:width\" content=\"1000\" \/>\n\t<meta property=\"og:image:height\" content=\"666\" \/>\n\t<meta property=\"og:image:type\" content=\"image\/jpeg\" \/>\n<meta name=\"author\" content=\"Antonio Ferro\" \/>\n<meta name=\"twitter:card\" content=\"summary_large_image\" \/>\n<meta name=\"twitter:label1\" content=\"Escrito por\" \/>\n\t<meta name=\"twitter:data1\" content=\"Antonio Ferro\" \/>\n\t<meta name=\"twitter:label2\" content=\"Est. tempo de leitura\" \/>\n\t<meta name=\"twitter:data2\" content=\"5 minutos\" \/>\n<script type=\"application\/ld+json\" class=\"yoast-schema-graph\">{\"@context\":\"https:\/\/schema.org\",\"@graph\":[{\"@type\":\"Article\",\"@id\":\"https:\/\/revistaautobus.com.br\/?p=16503#article\",\"isPartOf\":{\"@id\":\"https:\/\/revistaautobus.com.br\/?p=16503\"},\"author\":{\"name\":\"Antonio Ferro\",\"@id\":\"https:\/\/revistaautobus.com.br\/#\/schema\/person\/54af7c3eb83a310e42ef686ef6d16f50\"},\"headline\":\"S\u00e3o Paulo \u00e9 o destino para muitas viagens rodovi\u00e1rias\",\"datePublished\":\"2025-09-08T11:06:28+00:00\",\"mainEntityOfPage\":{\"@id\":\"https:\/\/revistaautobus.com.br\/?p=16503\"},\"wordCount\":829,\"commentCount\":0,\"publisher\":{\"@id\":\"https:\/\/revistaautobus.com.br\/#organization\"},\"image\":{\"@id\":\"https:\/\/revistaautobus.com.br\/?p=16503#primaryimage\"},\"thumbnailUrl\":\"https:\/\/revistaautobus.com.br\/wp-content\/uploads\/2025\/09\/DD-AB.jpg\",\"keywords\":[\"Via\u00e7\u00e3o \u00c1guia Branca\"],\"articleSection\":[\"Not\u00edcias\",\"Transporte rodovi\u00e1rio\"],\"inLanguage\":\"pt-BR\",\"potentialAction\":[{\"@type\":\"CommentAction\",\"name\":\"Comment\",\"target\":[\"https:\/\/revistaautobus.com.br\/?p=16503#respond\"]}]},{\"@type\":\"WebPage\",\"@id\":\"https:\/\/revistaautobus.com.br\/?p=16503\",\"url\":\"https:\/\/revistaautobus.com.br\/?p=16503\",\"name\":\"S\u00e3o Paulo \u00e9 o destino para muitas viagens rodovi\u00e1rias - Revista AutoBus\",\"isPartOf\":{\"@id\":\"https:\/\/revistaautobus.com.br\/#website\"},\"primaryImageOfPage\":{\"@id\":\"https:\/\/revistaautobus.com.br\/?p=16503#primaryimage\"},\"image\":{\"@id\":\"https:\/\/revistaautobus.com.br\/?p=16503#primaryimage\"},\"thumbnailUrl\":\"https:\/\/revistaautobus.com.br\/wp-content\/uploads\/2025\/09\/DD-AB.jpg\",\"datePublished\":\"2025-09-08T11:06:28+00:00\",\"breadcrumb\":{\"@id\":\"https:\/\/revistaautobus.com.br\/?p=16503#breadcrumb\"},\"inLanguage\":\"pt-BR\",\"potentialAction\":[{\"@type\":\"ReadAction\",\"target\":[\"https:\/\/revistaautobus.com.br\/?p=16503\"]}]},{\"@type\":\"ImageObject\",\"inLanguage\":\"pt-BR\",\"@id\":\"https:\/\/revistaautobus.com.br\/?p=16503#primaryimage\",\"url\":\"https:\/\/revistaautobus.com.br\/wp-content\/uploads\/2025\/09\/DD-AB.jpg\",\"contentUrl\":\"https:\/\/revistaautobus.com.br\/wp-content\/uploads\/2025\/09\/DD-AB.jpg\",\"width\":1000,\"height\":666},{\"@type\":\"BreadcrumbList\",\"@id\":\"https:\/\/revistaautobus.com.br\/?p=16503#breadcrumb\",\"itemListElement\":[{\"@type\":\"ListItem\",\"position\":1,\"name\":\"In\u00edcio\",\"item\":\"https:\/\/revistaautobus.com.br\/\"},{\"@type\":\"ListItem\",\"position\":2,\"name\":\"S\u00e3o Paulo \u00e9 o destino para muitas viagens rodovi\u00e1rias\"}]},{\"@type\":\"WebSite\",\"@id\":\"https:\/\/revistaautobus.com.br\/#website\",\"url\":\"https:\/\/revistaautobus.com.br\/\",\"name\":\"Revista AutoBus\",\"description\":\"\",\"publisher\":{\"@id\":\"https:\/\/revistaautobus.com.br\/#organization\"},\"potentialAction\":[{\"@type\":\"SearchAction\",\"target\":{\"@type\":\"EntryPoint\",\"urlTemplate\":\"https:\/\/revistaautobus.com.br\/?s={search_term_string}\"},\"query-input\":{\"@type\":\"PropertyValueSpecification\",\"valueRequired\":true,\"valueName\":\"search_term_string\"}}],\"inLanguage\":\"pt-BR\"},{\"@type\":\"Organization\",\"@id\":\"https:\/\/revistaautobus.com.br\/#organization\",\"name\":\"Revista AutoBus\",\"url\":\"https:\/\/revistaautobus.com.br\/\",\"logo\":{\"@type\":\"ImageObject\",\"inLanguage\":\"pt-BR\",\"@id\":\"https:\/\/revistaautobus.com.br\/#\/schema\/logo\/image\/\",\"url\":\"https:\/\/revistaautobus.com.br\/wp-content\/uploads\/2024\/11\/logo_revista_autobus_fb.png\",\"contentUrl\":\"https:\/\/revistaautobus.com.br\/wp-content\/uploads\/2024\/11\/logo_revista_autobus_fb.png\",\"width\":836,\"height\":227,\"caption\":\"Revista AutoBus\"},\"image\":{\"@id\":\"https:\/\/revistaautobus.com.br\/#\/schema\/logo\/image\/\"},\"sameAs\":[\"https:\/\/www.facebook.com\/antonio.ferro.3150\",\"https:\/\/www.instagram.com\/revistaautobus\/\"]},{\"@type\":\"Person\",\"@id\":\"https:\/\/revistaautobus.com.br\/#\/schema\/person\/54af7c3eb83a310e42ef686ef6d16f50\",\"name\":\"Antonio Ferro\",\"image\":{\"@type\":\"ImageObject\",\"inLanguage\":\"pt-BR\",\"@id\":\"https:\/\/revistaautobus.com.br\/wp-content\/uploads\/2025\/12\/editor_antonio_ferro-150x150.jpg\",\"url\":\"https:\/\/revistaautobus.com.br\/wp-content\/uploads\/2025\/12\/editor_antonio_ferro-150x150.jpg\",\"contentUrl\":\"https:\/\/revistaautobus.com.br\/wp-content\/uploads\/2025\/12\/editor_antonio_ferro-150x150.jpg\",\"caption\":\"Antonio Ferro\"},\"description\":\"infobus@uol.com.br\",\"url\":\"https:\/\/revistaautobus.com.br\/?author=2\"}]}<\/script>\n<!-- \/ Yoast SEO plugin. -->","yoast_head_json":{"title":"S\u00e3o Paulo \u00e9 o destino para muitas viagens rodovi\u00e1rias - Revista AutoBus","robots":{"index":"index","follow":"follow","max-snippet":"max-snippet:-1","max-image-preview":"max-image-preview:large","max-video-preview":"max-video-preview:-1"},"canonical":"https:\/\/revistaautobus.com.br\/?p=16503","og_locale":"pt_BR","og_type":"article","og_title":"S\u00e3o Paulo \u00e9 o destino para muitas viagens rodovi\u00e1rias - Revista AutoBus","og_description":"A capital paulista \u00e9 o ponto final de quem se desloca pelo meio rodovi\u00e1rio visando cumprir suas fun\u00e7\u00f5es laborais","og_url":"https:\/\/revistaautobus.com.br\/?p=16503","og_site_name":"Revista AutoBus","article_publisher":"https:\/\/www.facebook.com\/antonio.ferro.3150","article_published_time":"2025-09-08T11:06:28+00:00","og_image":[{"width":1000,"height":666,"url":"https:\/\/revistaautobus.com.br\/wp-content\/uploads\/2025\/09\/DD-AB.jpg","type":"image\/jpeg"}],"author":"Antonio Ferro","twitter_card":"summary_large_image","twitter_misc":{"Escrito por":"Antonio Ferro","Est. tempo de leitura":"5 minutos"},"schema":{"@context":"https:\/\/schema.org","@graph":[{"@type":"Article","@id":"https:\/\/revistaautobus.com.br\/?p=16503#article","isPartOf":{"@id":"https:\/\/revistaautobus.com.br\/?p=16503"},"author":{"name":"Antonio Ferro","@id":"https:\/\/revistaautobus.com.br\/#\/schema\/person\/54af7c3eb83a310e42ef686ef6d16f50"},"headline":"S\u00e3o Paulo \u00e9 o destino para muitas viagens rodovi\u00e1rias","datePublished":"2025-09-08T11:06:28+00:00","mainEntityOfPage":{"@id":"https:\/\/revistaautobus.com.br\/?p=16503"},"wordCount":829,"commentCount":0,"publisher":{"@id":"https:\/\/revistaautobus.com.br\/#organization"},"image":{"@id":"https:\/\/revistaautobus.com.br\/?p=16503#primaryimage"},"thumbnailUrl":"https:\/\/revistaautobus.com.br\/wp-content\/uploads\/2025\/09\/DD-AB.jpg","keywords":["Via\u00e7\u00e3o \u00c1guia Branca"],"articleSection":["Not\u00edcias","Transporte rodovi\u00e1rio"],"inLanguage":"pt-BR","potentialAction":[{"@type":"CommentAction","name":"Comment","target":["https:\/\/revistaautobus.com.br\/?p=16503#respond"]}]},{"@type":"WebPage","@id":"https:\/\/revistaautobus.com.br\/?p=16503","url":"https:\/\/revistaautobus.com.br\/?p=16503","name":"S\u00e3o Paulo \u00e9 o destino para muitas viagens rodovi\u00e1rias - Revista AutoBus","isPartOf":{"@id":"https:\/\/revistaautobus.com.br\/#website"},"primaryImageOfPage":{"@id":"https:\/\/revistaautobus.com.br\/?p=16503#primaryimage"},"image":{"@id":"https:\/\/revistaautobus.com.br\/?p=16503#primaryimage"},"thumbnailUrl":"https:\/\/revistaautobus.com.br\/wp-content\/uploads\/2025\/09\/DD-AB.jpg","datePublished":"2025-09-08T11:06:28+00:00","breadcrumb":{"@id":"https:\/\/revistaautobus.com.br\/?p=16503#breadcrumb"},"inLanguage":"pt-BR","potentialAction":[{"@type":"ReadAction","target":["https:\/\/revistaautobus.com.br\/?p=16503"]}]},{"@type":"ImageObject","inLanguage":"pt-BR","@id":"https:\/\/revistaautobus.com.br\/?p=16503#primaryimage","url":"https:\/\/revistaautobus.com.br\/wp-content\/uploads\/2025\/09\/DD-AB.jpg","contentUrl":"https:\/\/revistaautobus.com.br\/wp-content\/uploads\/2025\/09\/DD-AB.jpg","width":1000,"height":666},{"@type":"BreadcrumbList","@id":"https:\/\/revistaautobus.com.br\/?p=16503#breadcrumb","itemListElement":[{"@type":"ListItem","position":1,"name":"In\u00edcio","item":"https:\/\/revistaautobus.com.br\/"},{"@type":"ListItem","position":2,"name":"S\u00e3o Paulo \u00e9 o destino para muitas viagens rodovi\u00e1rias"}]},{"@type":"WebSite","@id":"https:\/\/revistaautobus.com.br\/#website","url":"https:\/\/revistaautobus.com.br\/","name":"Revista AutoBus","description":"","publisher":{"@id":"https:\/\/revistaautobus.com.br\/#organization"},"potentialAction":[{"@type":"SearchAction","target":{"@type":"EntryPoint","urlTemplate":"https:\/\/revistaautobus.com.br\/?s={search_term_string}"},"query-input":{"@type":"PropertyValueSpecification","valueRequired":true,"valueName":"search_term_string"}}],"inLanguage":"pt-BR"},{"@type":"Organization","@id":"https:\/\/revistaautobus.com.br\/#organization","name":"Revista AutoBus","url":"https:\/\/revistaautobus.com.br\/","logo":{"@type":"ImageObject","inLanguage":"pt-BR","@id":"https:\/\/revistaautobus.com.br\/#\/schema\/logo\/image\/","url":"https:\/\/revistaautobus.com.br\/wp-content\/uploads\/2024\/11\/logo_revista_autobus_fb.png","contentUrl":"https:\/\/revistaautobus.com.br\/wp-content\/uploads\/2024\/11\/logo_revista_autobus_fb.png","width":836,"height":227,"caption":"Revista AutoBus"},"image":{"@id":"https:\/\/revistaautobus.com.br\/#\/schema\/logo\/image\/"},"sameAs":["https:\/\/www.facebook.com\/antonio.ferro.3150","https:\/\/www.instagram.com\/revistaautobus\/"]},{"@type":"Person","@id":"https:\/\/revistaautobus.com.br\/#\/schema\/person\/54af7c3eb83a310e42ef686ef6d16f50","name":"Antonio Ferro","image":{"@type":"ImageObject","inLanguage":"pt-BR","@id":"https:\/\/revistaautobus.com.br\/wp-content\/uploads\/2025\/12\/editor_antonio_ferro-150x150.jpg","url":"https:\/\/revistaautobus.com.br\/wp-content\/uploads\/2025\/12\/editor_antonio_ferro-150x150.jpg","contentUrl":"https:\/\/revistaautobus.com.br\/wp-content\/uploads\/2025\/12\/editor_antonio_ferro-150x150.jpg","caption":"Antonio Ferro"},"description":"infobus@uol.com.br","url":"https:\/\/revistaautobus.com.br\/?author=2"}]}},"jetpack_featured_media_url":"https:\/\/revistaautobus.com.br\/wp-content\/uploads\/2025\/09\/DD-AB.jpg","jetpack_sharing_enabled":true,"_links":{"self":[{"href":"https:\/\/revistaautobus.com.br\/index.php?rest_route=\/wp\/v2\/posts\/16503","targetHints":{"allow":["GET"]}}],"collection":[{"href":"https:\/\/revistaautobus.com.br\/index.php?rest_route=\/wp\/v2\/posts"}],"about":[{"href":"https:\/\/revistaautobus.com.br\/index.php?rest_route=\/wp\/v2\/types\/post"}],"author":[{"embeddable":true,"href":"https:\/\/revistaautobus.com.br\/index.php?rest_route=\/wp\/v2\/users\/2"}],"replies":[{"embeddable":true,"href":"https:\/\/revistaautobus.com.br\/index.php?rest_route=%2Fwp%2Fv2%2Fcomments&post=16503"}],"version-history":[{"count":2,"href":"https:\/\/revistaautobus.com.br\/index.php?rest_route=\/wp\/v2\/posts\/16503\/revisions"}],"predecessor-version":[{"id":16508,"href":"https:\/\/revistaautobus.com.br\/index.php?rest_route=\/wp\/v2\/posts\/16503\/revisions\/16508"}],"wp:featuredmedia":[{"embeddable":true,"href":"https:\/\/revistaautobus.com.br\/index.php?rest_route=\/wp\/v2\/media\/16504"}],"wp:attachment":[{"href":"https:\/\/revistaautobus.com.br\/index.php?rest_route=%2Fwp%2Fv2%2Fmedia&parent=16503"}],"wp:term":[{"taxonomy":"category","embeddable":true,"href":"https:\/\/revistaautobus.com.br\/index.php?rest_route=%2Fwp%2Fv2%2Fcategories&post=16503"},{"taxonomy":"post_tag","embeddable":true,"href":"https:\/\/revistaautobus.com.br\/index.php?rest_route=%2Fwp%2Fv2%2Ftags&post=16503"}],"curies":[{"name":"wp","href":"https:\/\/api.w.org\/{rel}","templated":true}]}}