{"id":16509,"date":"2025-09-08T08:09:21","date_gmt":"2025-09-08T11:09:21","guid":{"rendered":"https:\/\/revistaautobus.com.br\/?p=16509"},"modified":"2025-09-08T08:09:21","modified_gmt":"2025-09-08T11:09:21","slug":"os-primeiros-onibus-eletricos-volvo-em-sao-paulo","status":"publish","type":"post","link":"https:\/\/revistaautobus.com.br\/?p=16509","title":{"rendered":"Os primeiros \u00f4nibus el\u00e9tricos Volvo em S\u00e3o Paulo"},"content":{"rendered":"<p>Ap\u00f3s Goi\u00e2nia, agora \u00e9 a vez da maior metr\u00f3pole da Am\u00e9rica Latina escolher a marca Volvo para a eletrifica\u00e7\u00e3o de seu transporte coletivo. Uma das operadoras locais, a Santa Br\u00edgida, tradicional cliente da marca, adquiriu 20 unidades do chassi BZRLE, rec\u00e9m-lan\u00e7ado no mercado brasileiro.<\/p>\n<p>O mencionado chassi \u00e9 equipado com quatro ou cinco baterias de \u00edons-l\u00edtio de 90 kWh cada, que s\u00e3o recarregadas em tomada CCS2, de at\u00e9 250 kWh. De acordo com a Volvo, nessa pot\u00eancia, as baterias podem ser recarregadas em at\u00e9 uma hora, o que garante alta disponibilidade aos operadores.<\/p>\n<p>J\u00e1 a frota da Santa Br\u00edgida, com 656 ve\u00edculos, tem 489 \u00f4nibus Volvo, representando 74% do total. \u201cConhecemos muito bem o p\u00f3s-venda, a disponibilidade de pe\u00e7as, fatores important\u00edssimos para n\u00f3s. Ent\u00e3o, este relacionamento \u00e9 crucial na nossa decis\u00e3o&#8221;, disse Fernando Marques, diretor da operadora. Al\u00e9m disso, a reputa\u00e7\u00e3o de alta qualidade dos \u00f4nibus, tamb\u00e9m, pesou na escolha. Marques disse acreditar que, pela hist\u00f3ria da Volvo com ve\u00edculos el\u00e9tricos, \u00e9 um produto maturado, j\u00e1 testado na Europa e que chega ao Brasil com a confiabilidade da marca.<\/p>\n<p>O operador destacou que os \u00f4nibus el\u00e9tricos avan\u00e7ados trazem benef\u00edcios importantes para grandes centros urbanos como S\u00e3o Paulo. &#8220;A redu\u00e7\u00e3o de ru\u00eddo em uma metr\u00f3pole como S\u00e3o Paulo beneficia a popula\u00e7\u00e3o toda. Para passageiros e motoristas, o ganho \u00e9 imediato. &#8220;Aumenta o conforto pelo sil\u00eancio do ve\u00edculo em opera\u00e7\u00e3o&#8221;, comentou Marques.<\/p>\n<p>Paulo Arabian, <em>head<\/em> de vendas de \u00f4nibus da Volvo, disse que o novo modelo de piso baixo 100% el\u00e9trico atende cidades que precisam conciliar embarques e desembarques facilitados aos passageiros com a meta de zero emiss\u00f5es. \u201cComercializar as primeiras unidades para a Santa Br\u00edgida, tradicional frotista Volvo, atesta a boa experi\u00eancia dos clientes com nossos produtos e servi\u00e7os\u201d, afirmou.<\/p>\n<p>A escolha por \u00f4nibus el\u00e9tricos Volvo alinha-se com o perfil da empresa. A Santa Br\u00edgida tem uma cultura ambiental e de sustentabilidade muito enraizada. Por exemplo, em 1998, a garagem atual foi constru\u00edda, trazendo v\u00e1rias novidades sustent\u00e1veis para a \u00e9poca, como capta\u00e7\u00e3o de \u00e1gua de chuva e separador de \u00e1gua e \u00f3leo.<\/p>\n<p>Os novos Volvo BZRLE v\u00e3o operar na regi\u00e3o Noroeste da capital paulista, \u00e1rea onde a Santa Br\u00edgida concentra suas atividades: a \u00c1rea 1 do sistema de transporte p\u00fablico de S\u00e3o Paulo. A empresa faz parte do Cons\u00f3rcio Bandeirante desde 2002 e \u00e9 respons\u00e1vel por 87% da opera\u00e7\u00e3o do cons\u00f3rcio.<\/p>\n<p>Imagem &#8211; Divulga\u00e7\u00e3o<\/p>\n","protected":false},"excerpt":{"rendered":"<p>Fabricante concretiza sua primeira venda de chassis com tra\u00e7\u00e3o el\u00e9trica para o sistema paulistano de transporte coletivo<\/p>\n","protected":false},"author":2,"featured_media":16510,"comment_status":"open","ping_status":"open","sticky":false,"template":"","format":"standard","meta":{"_et_pb_use_builder":"","_et_pb_old_content":"","_et_gb_content_width":"","_jetpack_memberships_contains_paid_content":false,"footnotes":""},"categories":[562,10,90],"tags":[1007,172],"class_list":["post-16509","post","type-post","status-publish","format-standard","has-post-thumbnail","hentry","category-eletrificacao","category-montadoras","category-noticias","tag-bzle","tag-volvo-buses","et-has-post-format-content","et_post_format-et-post-format-standard"],"yoast_head":"<!-- This site is optimized with the Yoast SEO plugin v27.2 - https:\/\/yoast.com\/product\/yoast-seo-wordpress\/ -->\n<title>Os primeiros \u00f4nibus el\u00e9tricos Volvo em S\u00e3o Paulo - Revista AutoBus<\/title>\n<meta name=\"robots\" content=\"index, follow, max-snippet:-1, max-image-preview:large, max-video-preview:-1\" \/>\n<link rel=\"canonical\" href=\"https:\/\/revistaautobus.com.br\/?p=16509\" \/>\n<meta property=\"og:locale\" content=\"pt_BR\" \/>\n<meta property=\"og:type\" content=\"article\" \/>\n<meta property=\"og:title\" content=\"Os primeiros \u00f4nibus el\u00e9tricos Volvo em S\u00e3o Paulo - Revista AutoBus\" \/>\n<meta property=\"og:description\" content=\"Fabricante concretiza sua primeira venda de chassis com tra\u00e7\u00e3o el\u00e9trica para o sistema paulistano de transporte coletivo\" \/>\n<meta property=\"og:url\" content=\"https:\/\/revistaautobus.com.br\/?p=16509\" \/>\n<meta property=\"og:site_name\" content=\"Revista AutoBus\" \/>\n<meta property=\"article:publisher\" content=\"https:\/\/www.facebook.com\/antonio.ferro.3150\" \/>\n<meta property=\"article:published_time\" content=\"2025-09-08T11:09:21+00:00\" \/>\n<meta property=\"og:image\" content=\"https:\/\/revistaautobus.com.br\/wp-content\/uploads\/2025\/09\/IMG_7158.jpg\" \/>\n\t<meta property=\"og:image:width\" content=\"972\" \/>\n\t<meta property=\"og:image:height\" content=\"666\" \/>\n\t<meta property=\"og:image:type\" content=\"image\/jpeg\" \/>\n<meta name=\"author\" content=\"Antonio Ferro\" \/>\n<meta name=\"twitter:card\" content=\"summary_large_image\" \/>\n<meta name=\"twitter:label1\" content=\"Escrito por\" \/>\n\t<meta name=\"twitter:data1\" content=\"Antonio Ferro\" \/>\n\t<meta name=\"twitter:label2\" content=\"Est. tempo de leitura\" \/>\n\t<meta name=\"twitter:data2\" content=\"3 minutos\" \/>\n<script type=\"application\/ld+json\" class=\"yoast-schema-graph\">{\"@context\":\"https:\/\/schema.org\",\"@graph\":[{\"@type\":\"Article\",\"@id\":\"https:\/\/revistaautobus.com.br\/?p=16509#article\",\"isPartOf\":{\"@id\":\"https:\/\/revistaautobus.com.br\/?p=16509\"},\"author\":{\"name\":\"Antonio Ferro\",\"@id\":\"https:\/\/revistaautobus.com.br\/#\/schema\/person\/54af7c3eb83a310e42ef686ef6d16f50\"},\"headline\":\"Os primeiros \u00f4nibus el\u00e9tricos Volvo em S\u00e3o Paulo\",\"datePublished\":\"2025-09-08T11:09:21+00:00\",\"mainEntityOfPage\":{\"@id\":\"https:\/\/revistaautobus.com.br\/?p=16509\"},\"wordCount\":444,\"commentCount\":0,\"publisher\":{\"@id\":\"https:\/\/revistaautobus.com.br\/#organization\"},\"image\":{\"@id\":\"https:\/\/revistaautobus.com.br\/?p=16509#primaryimage\"},\"thumbnailUrl\":\"https:\/\/revistaautobus.com.br\/wp-content\/uploads\/2025\/09\/IMG_7158.jpg\",\"keywords\":[\"BZLE\",\"Volvo Buses\"],\"articleSection\":[\"Eletrifica\u00e7\u00e3o\",\"Montadoras\",\"Not\u00edcias\"],\"inLanguage\":\"pt-BR\",\"potentialAction\":[{\"@type\":\"CommentAction\",\"name\":\"Comment\",\"target\":[\"https:\/\/revistaautobus.com.br\/?p=16509#respond\"]}]},{\"@type\":\"WebPage\",\"@id\":\"https:\/\/revistaautobus.com.br\/?p=16509\",\"url\":\"https:\/\/revistaautobus.com.br\/?p=16509\",\"name\":\"Os primeiros \u00f4nibus el\u00e9tricos Volvo em S\u00e3o Paulo - Revista AutoBus\",\"isPartOf\":{\"@id\":\"https:\/\/revistaautobus.com.br\/#website\"},\"primaryImageOfPage\":{\"@id\":\"https:\/\/revistaautobus.com.br\/?p=16509#primaryimage\"},\"image\":{\"@id\":\"https:\/\/revistaautobus.com.br\/?p=16509#primaryimage\"},\"thumbnailUrl\":\"https:\/\/revistaautobus.com.br\/wp-content\/uploads\/2025\/09\/IMG_7158.jpg\",\"datePublished\":\"2025-09-08T11:09:21+00:00\",\"breadcrumb\":{\"@id\":\"https:\/\/revistaautobus.com.br\/?p=16509#breadcrumb\"},\"inLanguage\":\"pt-BR\",\"potentialAction\":[{\"@type\":\"ReadAction\",\"target\":[\"https:\/\/revistaautobus.com.br\/?p=16509\"]}]},{\"@type\":\"ImageObject\",\"inLanguage\":\"pt-BR\",\"@id\":\"https:\/\/revistaautobus.com.br\/?p=16509#primaryimage\",\"url\":\"https:\/\/revistaautobus.com.br\/wp-content\/uploads\/2025\/09\/IMG_7158.jpg\",\"contentUrl\":\"https:\/\/revistaautobus.com.br\/wp-content\/uploads\/2025\/09\/IMG_7158.jpg\",\"width\":972,\"height\":666},{\"@type\":\"BreadcrumbList\",\"@id\":\"https:\/\/revistaautobus.com.br\/?p=16509#breadcrumb\",\"itemListElement\":[{\"@type\":\"ListItem\",\"position\":1,\"name\":\"In\u00edcio\",\"item\":\"https:\/\/revistaautobus.com.br\/\"},{\"@type\":\"ListItem\",\"position\":2,\"name\":\"Os primeiros \u00f4nibus el\u00e9tricos Volvo em S\u00e3o Paulo\"}]},{\"@type\":\"WebSite\",\"@id\":\"https:\/\/revistaautobus.com.br\/#website\",\"url\":\"https:\/\/revistaautobus.com.br\/\",\"name\":\"Revista AutoBus\",\"description\":\"\",\"publisher\":{\"@id\":\"https:\/\/revistaautobus.com.br\/#organization\"},\"potentialAction\":[{\"@type\":\"SearchAction\",\"target\":{\"@type\":\"EntryPoint\",\"urlTemplate\":\"https:\/\/revistaautobus.com.br\/?s={search_term_string}\"},\"query-input\":{\"@type\":\"PropertyValueSpecification\",\"valueRequired\":true,\"valueName\":\"search_term_string\"}}],\"inLanguage\":\"pt-BR\"},{\"@type\":\"Organization\",\"@id\":\"https:\/\/revistaautobus.com.br\/#organization\",\"name\":\"Revista AutoBus\",\"url\":\"https:\/\/revistaautobus.com.br\/\",\"logo\":{\"@type\":\"ImageObject\",\"inLanguage\":\"pt-BR\",\"@id\":\"https:\/\/revistaautobus.com.br\/#\/schema\/logo\/image\/\",\"url\":\"https:\/\/revistaautobus.com.br\/wp-content\/uploads\/2024\/11\/logo_revista_autobus_fb.png\",\"contentUrl\":\"https:\/\/revistaautobus.com.br\/wp-content\/uploads\/2024\/11\/logo_revista_autobus_fb.png\",\"width\":836,\"height\":227,\"caption\":\"Revista AutoBus\"},\"image\":{\"@id\":\"https:\/\/revistaautobus.com.br\/#\/schema\/logo\/image\/\"},\"sameAs\":[\"https:\/\/www.facebook.com\/antonio.ferro.3150\",\"https:\/\/www.instagram.com\/revistaautobus\/\"]},{\"@type\":\"Person\",\"@id\":\"https:\/\/revistaautobus.com.br\/#\/schema\/person\/54af7c3eb83a310e42ef686ef6d16f50\",\"name\":\"Antonio Ferro\",\"image\":{\"@type\":\"ImageObject\",\"inLanguage\":\"pt-BR\",\"@id\":\"https:\/\/revistaautobus.com.br\/wp-content\/uploads\/2025\/12\/editor_antonio_ferro-150x150.jpg\",\"url\":\"https:\/\/revistaautobus.com.br\/wp-content\/uploads\/2025\/12\/editor_antonio_ferro-150x150.jpg\",\"contentUrl\":\"https:\/\/revistaautobus.com.br\/wp-content\/uploads\/2025\/12\/editor_antonio_ferro-150x150.jpg\",\"caption\":\"Antonio Ferro\"},\"description\":\"infobus@uol.com.br\",\"url\":\"https:\/\/revistaautobus.com.br\/?author=2\"}]}<\/script>\n<!-- \/ Yoast SEO plugin. -->","yoast_head_json":{"title":"Os primeiros \u00f4nibus el\u00e9tricos Volvo em S\u00e3o Paulo - Revista AutoBus","robots":{"index":"index","follow":"follow","max-snippet":"max-snippet:-1","max-image-preview":"max-image-preview:large","max-video-preview":"max-video-preview:-1"},"canonical":"https:\/\/revistaautobus.com.br\/?p=16509","og_locale":"pt_BR","og_type":"article","og_title":"Os primeiros \u00f4nibus el\u00e9tricos Volvo em S\u00e3o Paulo - Revista AutoBus","og_description":"Fabricante concretiza sua primeira venda de chassis com tra\u00e7\u00e3o el\u00e9trica para o sistema paulistano de transporte coletivo","og_url":"https:\/\/revistaautobus.com.br\/?p=16509","og_site_name":"Revista AutoBus","article_publisher":"https:\/\/www.facebook.com\/antonio.ferro.3150","article_published_time":"2025-09-08T11:09:21+00:00","og_image":[{"width":972,"height":666,"url":"https:\/\/revistaautobus.com.br\/wp-content\/uploads\/2025\/09\/IMG_7158.jpg","type":"image\/jpeg"}],"author":"Antonio Ferro","twitter_card":"summary_large_image","twitter_misc":{"Escrito por":"Antonio Ferro","Est. tempo de leitura":"3 minutos"},"schema":{"@context":"https:\/\/schema.org","@graph":[{"@type":"Article","@id":"https:\/\/revistaautobus.com.br\/?p=16509#article","isPartOf":{"@id":"https:\/\/revistaautobus.com.br\/?p=16509"},"author":{"name":"Antonio Ferro","@id":"https:\/\/revistaautobus.com.br\/#\/schema\/person\/54af7c3eb83a310e42ef686ef6d16f50"},"headline":"Os primeiros \u00f4nibus el\u00e9tricos Volvo em S\u00e3o Paulo","datePublished":"2025-09-08T11:09:21+00:00","mainEntityOfPage":{"@id":"https:\/\/revistaautobus.com.br\/?p=16509"},"wordCount":444,"commentCount":0,"publisher":{"@id":"https:\/\/revistaautobus.com.br\/#organization"},"image":{"@id":"https:\/\/revistaautobus.com.br\/?p=16509#primaryimage"},"thumbnailUrl":"https:\/\/revistaautobus.com.br\/wp-content\/uploads\/2025\/09\/IMG_7158.jpg","keywords":["BZLE","Volvo Buses"],"articleSection":["Eletrifica\u00e7\u00e3o","Montadoras","Not\u00edcias"],"inLanguage":"pt-BR","potentialAction":[{"@type":"CommentAction","name":"Comment","target":["https:\/\/revistaautobus.com.br\/?p=16509#respond"]}]},{"@type":"WebPage","@id":"https:\/\/revistaautobus.com.br\/?p=16509","url":"https:\/\/revistaautobus.com.br\/?p=16509","name":"Os primeiros \u00f4nibus el\u00e9tricos Volvo em S\u00e3o Paulo - Revista AutoBus","isPartOf":{"@id":"https:\/\/revistaautobus.com.br\/#website"},"primaryImageOfPage":{"@id":"https:\/\/revistaautobus.com.br\/?p=16509#primaryimage"},"image":{"@id":"https:\/\/revistaautobus.com.br\/?p=16509#primaryimage"},"thumbnailUrl":"https:\/\/revistaautobus.com.br\/wp-content\/uploads\/2025\/09\/IMG_7158.jpg","datePublished":"2025-09-08T11:09:21+00:00","breadcrumb":{"@id":"https:\/\/revistaautobus.com.br\/?p=16509#breadcrumb"},"inLanguage":"pt-BR","potentialAction":[{"@type":"ReadAction","target":["https:\/\/revistaautobus.com.br\/?p=16509"]}]},{"@type":"ImageObject","inLanguage":"pt-BR","@id":"https:\/\/revistaautobus.com.br\/?p=16509#primaryimage","url":"https:\/\/revistaautobus.com.br\/wp-content\/uploads\/2025\/09\/IMG_7158.jpg","contentUrl":"https:\/\/revistaautobus.com.br\/wp-content\/uploads\/2025\/09\/IMG_7158.jpg","width":972,"height":666},{"@type":"BreadcrumbList","@id":"https:\/\/revistaautobus.com.br\/?p=16509#breadcrumb","itemListElement":[{"@type":"ListItem","position":1,"name":"In\u00edcio","item":"https:\/\/revistaautobus.com.br\/"},{"@type":"ListItem","position":2,"name":"Os primeiros \u00f4nibus el\u00e9tricos Volvo em S\u00e3o Paulo"}]},{"@type":"WebSite","@id":"https:\/\/revistaautobus.com.br\/#website","url":"https:\/\/revistaautobus.com.br\/","name":"Revista AutoBus","description":"","publisher":{"@id":"https:\/\/revistaautobus.com.br\/#organization"},"potentialAction":[{"@type":"SearchAction","target":{"@type":"EntryPoint","urlTemplate":"https:\/\/revistaautobus.com.br\/?s={search_term_string}"},"query-input":{"@type":"PropertyValueSpecification","valueRequired":true,"valueName":"search_term_string"}}],"inLanguage":"pt-BR"},{"@type":"Organization","@id":"https:\/\/revistaautobus.com.br\/#organization","name":"Revista AutoBus","url":"https:\/\/revistaautobus.com.br\/","logo":{"@type":"ImageObject","inLanguage":"pt-BR","@id":"https:\/\/revistaautobus.com.br\/#\/schema\/logo\/image\/","url":"https:\/\/revistaautobus.com.br\/wp-content\/uploads\/2024\/11\/logo_revista_autobus_fb.png","contentUrl":"https:\/\/revistaautobus.com.br\/wp-content\/uploads\/2024\/11\/logo_revista_autobus_fb.png","width":836,"height":227,"caption":"Revista AutoBus"},"image":{"@id":"https:\/\/revistaautobus.com.br\/#\/schema\/logo\/image\/"},"sameAs":["https:\/\/www.facebook.com\/antonio.ferro.3150","https:\/\/www.instagram.com\/revistaautobus\/"]},{"@type":"Person","@id":"https:\/\/revistaautobus.com.br\/#\/schema\/person\/54af7c3eb83a310e42ef686ef6d16f50","name":"Antonio Ferro","image":{"@type":"ImageObject","inLanguage":"pt-BR","@id":"https:\/\/revistaautobus.com.br\/wp-content\/uploads\/2025\/12\/editor_antonio_ferro-150x150.jpg","url":"https:\/\/revistaautobus.com.br\/wp-content\/uploads\/2025\/12\/editor_antonio_ferro-150x150.jpg","contentUrl":"https:\/\/revistaautobus.com.br\/wp-content\/uploads\/2025\/12\/editor_antonio_ferro-150x150.jpg","caption":"Antonio Ferro"},"description":"infobus@uol.com.br","url":"https:\/\/revistaautobus.com.br\/?author=2"}]}},"jetpack_featured_media_url":"https:\/\/revistaautobus.com.br\/wp-content\/uploads\/2025\/09\/IMG_7158.jpg","jetpack_sharing_enabled":true,"_links":{"self":[{"href":"https:\/\/revistaautobus.com.br\/index.php?rest_route=\/wp\/v2\/posts\/16509","targetHints":{"allow":["GET"]}}],"collection":[{"href":"https:\/\/revistaautobus.com.br\/index.php?rest_route=\/wp\/v2\/posts"}],"about":[{"href":"https:\/\/revistaautobus.com.br\/index.php?rest_route=\/wp\/v2\/types\/post"}],"author":[{"embeddable":true,"href":"https:\/\/revistaautobus.com.br\/index.php?rest_route=\/wp\/v2\/users\/2"}],"replies":[{"embeddable":true,"href":"https:\/\/revistaautobus.com.br\/index.php?rest_route=%2Fwp%2Fv2%2Fcomments&post=16509"}],"version-history":[{"count":2,"href":"https:\/\/revistaautobus.com.br\/index.php?rest_route=\/wp\/v2\/posts\/16509\/revisions"}],"predecessor-version":[{"id":16512,"href":"https:\/\/revistaautobus.com.br\/index.php?rest_route=\/wp\/v2\/posts\/16509\/revisions\/16512"}],"wp:featuredmedia":[{"embeddable":true,"href":"https:\/\/revistaautobus.com.br\/index.php?rest_route=\/wp\/v2\/media\/16510"}],"wp:attachment":[{"href":"https:\/\/revistaautobus.com.br\/index.php?rest_route=%2Fwp%2Fv2%2Fmedia&parent=16509"}],"wp:term":[{"taxonomy":"category","embeddable":true,"href":"https:\/\/revistaautobus.com.br\/index.php?rest_route=%2Fwp%2Fv2%2Fcategories&post=16509"},{"taxonomy":"post_tag","embeddable":true,"href":"https:\/\/revistaautobus.com.br\/index.php?rest_route=%2Fwp%2Fv2%2Ftags&post=16509"}],"curies":[{"name":"wp","href":"https:\/\/api.w.org\/{rel}","templated":true}]}}