{"id":16513,"date":"2025-09-08T09:06:11","date_gmt":"2025-09-08T12:06:11","guid":{"rendered":"https:\/\/revistaautobus.com.br\/?p=16513"},"modified":"2025-09-08T11:49:08","modified_gmt":"2025-09-08T14:49:08","slug":"sem-carros-mas-com-ousadia","status":"publish","type":"post","link":"https:\/\/revistaautobus.com.br\/?p=16513","title":{"rendered":"Sem carros, mas com ousadia"},"content":{"rendered":"<p>Leipzig \u00e9 uma cidade situada no leste da Alemanha. Estando l\u00e1 este ano para palestrar em um semin\u00e1rio, me vi reparando em algo que n\u00e3o havia chamado minha aten\u00e7\u00e3o em outras oportunidades: \u201ccad\u00ea os carros\u201d?<\/p>\n<p>Para n\u00f3s brasileiros, acostumados com ruas e avenidas congestionadas, \u00e9 um choque perceber uma cidade inteira funcionando normal e organizadamente sem o frenesi de carros e motos por toda parte. E um detalhe que fez toda a diferen\u00e7a: eu estava observando o centro da cidade, e n\u00e3o uma \u00e1rea de um bairro residencial distante.<\/p>\n<p>Ent\u00e3o, qual \u00e9 a m\u00e1gica? Uma rede ampla, consolidada e integrada de transporte p\u00fablico que conjuga diferentes modalidades que se complementam e que, ao final, torna desnecess\u00e1rio (ou ao menos n\u00e3o imprescind\u00edvel) ter que se possuir um ve\u00edculo individual para a vida cotidiana.<\/p>\n<p>O sistema de transporte p\u00fablico de Leipzig \u00e9 formado principalmente por uma ampla e abrangente rede de bondes que, com treze linhas, cobre um total de 218 km de vias. Para efeito de compara\u00e7\u00e3o, S\u00e3o Paulo, com a maior malha do pa\u00eds, tem 104 Km de metr\u00f4. H\u00e1, ainda, 61 linhas de \u00f4nibus, que atendem principalmente os bairros da cidade.<\/p>\n<p>Al\u00e9m disso, as bicicletas n\u00e3o s\u00e3o populares apenas como equipamento recreativo e esportivo, mas tamb\u00e9m como um meio pr\u00e1tico de transporte di\u00e1rio. No centro da cidade, que conta com milhares de biciclet\u00e1rios (sim, mais de mil), elas s\u00e3o o meio mais r\u00e1pido de ir de um ponto a outro e o que melhor contribui para os esfor\u00e7os de controle clim\u00e1tico da cidade. Lembrando que elas s\u00e3o comumente transportadas em bondes, trens e metr\u00f4s, como complemento \u00e0s viagens.<\/p>\n<div id=\"attachment_16515\" style=\"width: 1034px\" class=\"wp-caption alignnone\"><img loading=\"lazy\" decoding=\"async\" aria-describedby=\"caption-attachment-16515\" class=\"wp-image-16515 size-large\" src=\"https:\/\/revistaautobus.com.br\/wp-content\/uploads\/2025\/09\/IMG-20250908-WA0102-1024x768.jpg\" alt=\"\" width=\"1024\" height=\"768\" srcset=\"https:\/\/revistaautobus.com.br\/wp-content\/uploads\/2025\/09\/IMG-20250908-WA0102-1024x768.jpg 1024w, https:\/\/revistaautobus.com.br\/wp-content\/uploads\/2025\/09\/IMG-20250908-WA0102-300x225.jpg 300w, https:\/\/revistaautobus.com.br\/wp-content\/uploads\/2025\/09\/IMG-20250908-WA0102-768x576.jpg 768w, https:\/\/revistaautobus.com.br\/wp-content\/uploads\/2025\/09\/IMG-20250908-WA0102-1536x1152.jpg 1536w, https:\/\/revistaautobus.com.br\/wp-content\/uploads\/2025\/09\/IMG-20250908-WA0102-1080x810.jpg 1080w, https:\/\/revistaautobus.com.br\/wp-content\/uploads\/2025\/09\/IMG-20250908-WA0102.jpg 1600w\" sizes=\"(max-width: 1024px) 100vw, 1024px\" \/><p id=\"caption-attachment-16515\" class=\"wp-caption-text\"><span style=\"color: #800000;\"><em><strong>Mapa da bem servida rede de transporte coletivo da cidade<\/strong><\/em><\/span><\/p><\/div>\n<p>Destru\u00edda na 2\u00aa Guerra e localizada no ent\u00e3o territ\u00f3rio da Alemanha Oriental, n\u00e3o era f\u00e1cil comprar um ve\u00edculo por l\u00e1 naquele per\u00edodo. Durante o regime comunista, o tempo m\u00e9dio de espera para se conseguir um Trabant (praticamente o \u00fanico modelo de carro dispon\u00edvel) era de 13 anos! Dessa forma, tamb\u00e9m por n\u00e3o poder contar com alternativas durante d\u00e9cadas a fio, a cultura do transporte p\u00fablico se consolidou. Isso me foi confirmado pelo prefeito da cidade, Dr. Burkhard Jung, em conversa durante o semin\u00e1rio: \u201cO transporte p\u00fablico \u00e9 um orgulho da cidade. Menos carros \u00e9 mais progresso e qualidade de vida\u201d.<\/p>\n<p>N\u00e3o ter carros faz parte da hist\u00f3ria dessa cidade, mas isso n\u00e3o explica tudo. Leipzig n\u00e3o \u00e9 uma cidade pequena, tem cerca de 630 mil habitantes. A renda m\u00e9dia da popula\u00e7\u00e3o alem\u00e3 \u00e9 8 vezes maior que a brasileira, o que facilita comprar um carro &#8211; e os alem\u00e3es s\u00e3o apaixonados por eles, que inclusive foram inventados l\u00e1. E, ainda assim, o transporte p\u00fablico \u00e9 majoritariamente utilizado pela popula\u00e7\u00e3o.<\/p>\n<div id=\"attachment_16516\" style=\"width: 1034px\" class=\"wp-caption alignnone\"><img loading=\"lazy\" decoding=\"async\" aria-describedby=\"caption-attachment-16516\" class=\"wp-image-16516 size-large\" src=\"https:\/\/revistaautobus.com.br\/wp-content\/uploads\/2025\/09\/IMG-20250908-WA0101-1024x768.jpg\" alt=\"\" width=\"1024\" height=\"768\" srcset=\"https:\/\/revistaautobus.com.br\/wp-content\/uploads\/2025\/09\/IMG-20250908-WA0101-1024x768.jpg 1024w, https:\/\/revistaautobus.com.br\/wp-content\/uploads\/2025\/09\/IMG-20250908-WA0101-300x225.jpg 300w, https:\/\/revistaautobus.com.br\/wp-content\/uploads\/2025\/09\/IMG-20250908-WA0101-768x576.jpg 768w, https:\/\/revistaautobus.com.br\/wp-content\/uploads\/2025\/09\/IMG-20250908-WA0101-1536x1152.jpg 1536w, https:\/\/revistaautobus.com.br\/wp-content\/uploads\/2025\/09\/IMG-20250908-WA0101-1080x810.jpg 1080w, https:\/\/revistaautobus.com.br\/wp-content\/uploads\/2025\/09\/IMG-20250908-WA0101.jpg 1600w\" sizes=\"(max-width: 1024px) 100vw, 1024px\" \/><p id=\"caption-attachment-16516\" class=\"wp-caption-text\"><span style=\"color: #800000;\"><em><strong>A diversifica\u00e7\u00e3o dos modais \u00e9 pe\u00e7a chave para o desempenho da mobilidade da Leipzig<\/strong><\/em><\/span><\/p><\/div>\n<p>Ver esse \u201cexperimento\u201d funcionar em escala real mostra que a conjun\u00e7\u00e3o de estrutura\u00e7\u00e3o, investimento, valoriza\u00e7\u00e3o e vontade pol\u00edtica pode transformar cidades inteiras. Sim, no plural, vez que h\u00e1 outras \u201cLeipzig\u201d espalhadas por outros pa\u00edses. Mas nenhuma no Brasil. Por que? O que nos falta?<\/p>\n<p>Creio que um fator preponderante seja que aqui somos escravos da solu\u00e7\u00e3o \u00fanica, mesmo sendo um pa\u00eds continental com nuances diversas &#8211; econ\u00f4micas, sociais, geogr\u00e1ficas, culturais. Parecemos gostar de grandes pol\u00edticas nacionais. Dif\u00edcil mudar assim. Nosso planejamento parece ter se esquecido dos benef\u00edcios de um bom projeto piloto. E temos 288 munic\u00edpios com popula\u00e7\u00e3o entre 100 mil e 500 mil habitantes que seriam perfeitos como laborat\u00f3rio para testarmos e ajustarmos f\u00f3rmulas diversas que deram certo em outros lugares e que tamb\u00e9m poderiam funcionar aqui.<\/p>\n<p>Ent\u00e3o, ver uma cidade de porte m\u00e9dio que conseguiu construir e manter um sistema p\u00fablico de transporte de passageiros que fez sua popula\u00e7\u00e3o sentir orgulho dele e, mais ainda, n\u00e3o ansiar ter um carro <em>made<\/em> in Germany, me fez lembrar que grandes transforma\u00e7\u00f5es e inova\u00e7\u00f5es s\u00e3o sempre precedidas de ousadia. Que, por sinal, tamb\u00e9m pode ser <em>made<\/em> in Brazil.<\/p>\n<p>Imagens &#8211; Bruno Batista<\/p>\n<div id=\"attachment_16517\" style=\"width: 1034px\" class=\"wp-caption alignnone\"><img loading=\"lazy\" decoding=\"async\" aria-describedby=\"caption-attachment-16517\" class=\"wp-image-16517 size-large\" src=\"https:\/\/revistaautobus.com.br\/wp-content\/uploads\/2025\/09\/IMG-20250908-WA0104-1024x768.jpg\" alt=\"\" width=\"1024\" height=\"768\" srcset=\"https:\/\/revistaautobus.com.br\/wp-content\/uploads\/2025\/09\/IMG-20250908-WA0104-1024x768.jpg 1024w, https:\/\/revistaautobus.com.br\/wp-content\/uploads\/2025\/09\/IMG-20250908-WA0104-300x225.jpg 300w, https:\/\/revistaautobus.com.br\/wp-content\/uploads\/2025\/09\/IMG-20250908-WA0104-768x576.jpg 768w, https:\/\/revistaautobus.com.br\/wp-content\/uploads\/2025\/09\/IMG-20250908-WA0104-1536x1152.jpg 1536w, https:\/\/revistaautobus.com.br\/wp-content\/uploads\/2025\/09\/IMG-20250908-WA0104-1080x810.jpg 1080w, https:\/\/revistaautobus.com.br\/wp-content\/uploads\/2025\/09\/IMG-20250908-WA0104.jpg 1600w\" sizes=\"(max-width: 1024px) 100vw, 1024px\" \/><p id=\"caption-attachment-16517\" class=\"wp-caption-text\"><em><strong><span style=\"color: #800000;\">Tradi\u00e7\u00e3o, cultura e espa\u00e7o p\u00fablico \u00e0s pessoas<\/span><\/strong><\/em><\/p><\/div>\n","protected":false},"excerpt":{"rendered":"<p>Imagine uma cidade de m\u00e9dio porte onde seu funcionamento \u00e9 eficaz, mesmo sem ter a depend\u00eancia do autom\u00f3vel particular<\/p>\n","protected":false},"author":11,"featured_media":16514,"comment_status":"open","ping_status":"open","sticky":false,"template":"","format":"standard","meta":{"_et_pb_use_builder":"","_et_pb_old_content":"","_et_gb_content_width":"","_jetpack_memberships_contains_paid_content":false,"footnotes":""},"categories":[52,41],"tags":[1008],"class_list":["post-16513","post","type-post","status-publish","format-standard","has-post-thumbnail","hentry","category-especialistas","category-ponto-de-vista","tag-mobilidade-urbana-sem-carros","et-has-post-format-content","et_post_format-et-post-format-standard"],"yoast_head":"<!-- This site is optimized with the Yoast SEO plugin v27.2 - https:\/\/yoast.com\/product\/yoast-seo-wordpress\/ -->\n<title>Sem carros, mas com ousadia - Revista AutoBus<\/title>\n<meta name=\"robots\" content=\"index, follow, max-snippet:-1, max-image-preview:large, max-video-preview:-1\" \/>\n<link rel=\"canonical\" href=\"https:\/\/revistaautobus.com.br\/?p=16513\" \/>\n<meta property=\"og:locale\" content=\"pt_BR\" \/>\n<meta property=\"og:type\" content=\"article\" \/>\n<meta property=\"og:title\" content=\"Sem carros, mas com ousadia - Revista AutoBus\" \/>\n<meta property=\"og:description\" content=\"Imagine uma cidade de m\u00e9dio porte onde seu funcionamento \u00e9 eficaz, mesmo sem ter a depend\u00eancia do autom\u00f3vel particular\" \/>\n<meta property=\"og:url\" content=\"https:\/\/revistaautobus.com.br\/?p=16513\" \/>\n<meta property=\"og:site_name\" content=\"Revista AutoBus\" \/>\n<meta property=\"article:publisher\" content=\"https:\/\/www.facebook.com\/antonio.ferro.3150\" \/>\n<meta property=\"article:published_time\" content=\"2025-09-08T12:06:11+00:00\" \/>\n<meta property=\"article:modified_time\" content=\"2025-09-08T14:49:08+00:00\" \/>\n<meta property=\"og:image\" content=\"https:\/\/revistaautobus.com.br\/wp-content\/uploads\/2025\/09\/IMG-20250908-WA0105.jpg\" \/>\n\t<meta property=\"og:image:width\" content=\"1600\" \/>\n\t<meta property=\"og:image:height\" content=\"1200\" \/>\n\t<meta property=\"og:image:type\" content=\"image\/jpeg\" \/>\n<meta name=\"author\" content=\"Bruno Batista\" \/>\n<meta name=\"twitter:card\" content=\"summary_large_image\" \/>\n<meta name=\"twitter:label1\" content=\"Escrito por\" \/>\n\t<meta name=\"twitter:data1\" content=\"Bruno Batista\" \/>\n\t<meta name=\"twitter:label2\" content=\"Est. tempo de leitura\" \/>\n\t<meta name=\"twitter:data2\" content=\"5 minutos\" \/>\n<script type=\"application\/ld+json\" class=\"yoast-schema-graph\">{\"@context\":\"https:\/\/schema.org\",\"@graph\":[{\"@type\":\"Article\",\"@id\":\"https:\/\/revistaautobus.com.br\/?p=16513#article\",\"isPartOf\":{\"@id\":\"https:\/\/revistaautobus.com.br\/?p=16513\"},\"author\":{\"name\":\"Bruno Batista\",\"@id\":\"https:\/\/revistaautobus.com.br\/#\/schema\/person\/c1aebedd3175b2689ceec2770b34d576\"},\"headline\":\"Sem carros, mas com ousadia\",\"datePublished\":\"2025-09-08T12:06:11+00:00\",\"dateModified\":\"2025-09-08T14:49:08+00:00\",\"mainEntityOfPage\":{\"@id\":\"https:\/\/revistaautobus.com.br\/?p=16513\"},\"wordCount\":752,\"commentCount\":0,\"publisher\":{\"@id\":\"https:\/\/revistaautobus.com.br\/#organization\"},\"image\":{\"@id\":\"https:\/\/revistaautobus.com.br\/?p=16513#primaryimage\"},\"thumbnailUrl\":\"https:\/\/revistaautobus.com.br\/wp-content\/uploads\/2025\/09\/IMG-20250908-WA0105.jpg\",\"keywords\":[\"Mobilidade urbana sem carros\"],\"articleSection\":[\"Especialistas\",\"Ponto de Vista\"],\"inLanguage\":\"pt-BR\",\"potentialAction\":[{\"@type\":\"CommentAction\",\"name\":\"Comment\",\"target\":[\"https:\/\/revistaautobus.com.br\/?p=16513#respond\"]}]},{\"@type\":\"WebPage\",\"@id\":\"https:\/\/revistaautobus.com.br\/?p=16513\",\"url\":\"https:\/\/revistaautobus.com.br\/?p=16513\",\"name\":\"Sem carros, mas com ousadia - Revista AutoBus\",\"isPartOf\":{\"@id\":\"https:\/\/revistaautobus.com.br\/#website\"},\"primaryImageOfPage\":{\"@id\":\"https:\/\/revistaautobus.com.br\/?p=16513#primaryimage\"},\"image\":{\"@id\":\"https:\/\/revistaautobus.com.br\/?p=16513#primaryimage\"},\"thumbnailUrl\":\"https:\/\/revistaautobus.com.br\/wp-content\/uploads\/2025\/09\/IMG-20250908-WA0105.jpg\",\"datePublished\":\"2025-09-08T12:06:11+00:00\",\"dateModified\":\"2025-09-08T14:49:08+00:00\",\"breadcrumb\":{\"@id\":\"https:\/\/revistaautobus.com.br\/?p=16513#breadcrumb\"},\"inLanguage\":\"pt-BR\",\"potentialAction\":[{\"@type\":\"ReadAction\",\"target\":[\"https:\/\/revistaautobus.com.br\/?p=16513\"]}]},{\"@type\":\"ImageObject\",\"inLanguage\":\"pt-BR\",\"@id\":\"https:\/\/revistaautobus.com.br\/?p=16513#primaryimage\",\"url\":\"https:\/\/revistaautobus.com.br\/wp-content\/uploads\/2025\/09\/IMG-20250908-WA0105.jpg\",\"contentUrl\":\"https:\/\/revistaautobus.com.br\/wp-content\/uploads\/2025\/09\/IMG-20250908-WA0105.jpg\",\"width\":1600,\"height\":1200},{\"@type\":\"BreadcrumbList\",\"@id\":\"https:\/\/revistaautobus.com.br\/?p=16513#breadcrumb\",\"itemListElement\":[{\"@type\":\"ListItem\",\"position\":1,\"name\":\"In\u00edcio\",\"item\":\"https:\/\/revistaautobus.com.br\/\"},{\"@type\":\"ListItem\",\"position\":2,\"name\":\"Sem carros, mas com ousadia\"}]},{\"@type\":\"WebSite\",\"@id\":\"https:\/\/revistaautobus.com.br\/#website\",\"url\":\"https:\/\/revistaautobus.com.br\/\",\"name\":\"Revista AutoBus\",\"description\":\"\",\"publisher\":{\"@id\":\"https:\/\/revistaautobus.com.br\/#organization\"},\"potentialAction\":[{\"@type\":\"SearchAction\",\"target\":{\"@type\":\"EntryPoint\",\"urlTemplate\":\"https:\/\/revistaautobus.com.br\/?s={search_term_string}\"},\"query-input\":{\"@type\":\"PropertyValueSpecification\",\"valueRequired\":true,\"valueName\":\"search_term_string\"}}],\"inLanguage\":\"pt-BR\"},{\"@type\":\"Organization\",\"@id\":\"https:\/\/revistaautobus.com.br\/#organization\",\"name\":\"Revista AutoBus\",\"url\":\"https:\/\/revistaautobus.com.br\/\",\"logo\":{\"@type\":\"ImageObject\",\"inLanguage\":\"pt-BR\",\"@id\":\"https:\/\/revistaautobus.com.br\/#\/schema\/logo\/image\/\",\"url\":\"https:\/\/revistaautobus.com.br\/wp-content\/uploads\/2024\/11\/logo_revista_autobus_fb.png\",\"contentUrl\":\"https:\/\/revistaautobus.com.br\/wp-content\/uploads\/2024\/11\/logo_revista_autobus_fb.png\",\"width\":836,\"height\":227,\"caption\":\"Revista AutoBus\"},\"image\":{\"@id\":\"https:\/\/revistaautobus.com.br\/#\/schema\/logo\/image\/\"},\"sameAs\":[\"https:\/\/www.facebook.com\/antonio.ferro.3150\",\"https:\/\/www.instagram.com\/revistaautobus\/\"]},{\"@type\":\"Person\",\"@id\":\"https:\/\/revistaautobus.com.br\/#\/schema\/person\/c1aebedd3175b2689ceec2770b34d576\",\"name\":\"Bruno Batista\",\"image\":{\"@type\":\"ImageObject\",\"inLanguage\":\"pt-BR\",\"@id\":\"https:\/\/revistaautobus.com.br\/wp-content\/uploads\/2025\/04\/especialista_bruno_batista-150x150.jpg\",\"url\":\"https:\/\/revistaautobus.com.br\/wp-content\/uploads\/2025\/04\/especialista_bruno_batista-150x150.jpg\",\"contentUrl\":\"https:\/\/revistaautobus.com.br\/wp-content\/uploads\/2025\/04\/especialista_bruno_batista-150x150.jpg\",\"caption\":\"Bruno Batista\"},\"description\":\"brunobatista@2inn.com.br\",\"url\":\"https:\/\/revistaautobus.com.br\/?author=11\"}]}<\/script>\n<!-- \/ Yoast SEO plugin. -->","yoast_head_json":{"title":"Sem carros, mas com ousadia - Revista AutoBus","robots":{"index":"index","follow":"follow","max-snippet":"max-snippet:-1","max-image-preview":"max-image-preview:large","max-video-preview":"max-video-preview:-1"},"canonical":"https:\/\/revistaautobus.com.br\/?p=16513","og_locale":"pt_BR","og_type":"article","og_title":"Sem carros, mas com ousadia - Revista AutoBus","og_description":"Imagine uma cidade de m\u00e9dio porte onde seu funcionamento \u00e9 eficaz, mesmo sem ter a depend\u00eancia do autom\u00f3vel particular","og_url":"https:\/\/revistaautobus.com.br\/?p=16513","og_site_name":"Revista AutoBus","article_publisher":"https:\/\/www.facebook.com\/antonio.ferro.3150","article_published_time":"2025-09-08T12:06:11+00:00","article_modified_time":"2025-09-08T14:49:08+00:00","og_image":[{"width":1600,"height":1200,"url":"https:\/\/revistaautobus.com.br\/wp-content\/uploads\/2025\/09\/IMG-20250908-WA0105.jpg","type":"image\/jpeg"}],"author":"Bruno Batista","twitter_card":"summary_large_image","twitter_misc":{"Escrito por":"Bruno Batista","Est. tempo de leitura":"5 minutos"},"schema":{"@context":"https:\/\/schema.org","@graph":[{"@type":"Article","@id":"https:\/\/revistaautobus.com.br\/?p=16513#article","isPartOf":{"@id":"https:\/\/revistaautobus.com.br\/?p=16513"},"author":{"name":"Bruno Batista","@id":"https:\/\/revistaautobus.com.br\/#\/schema\/person\/c1aebedd3175b2689ceec2770b34d576"},"headline":"Sem carros, mas com ousadia","datePublished":"2025-09-08T12:06:11+00:00","dateModified":"2025-09-08T14:49:08+00:00","mainEntityOfPage":{"@id":"https:\/\/revistaautobus.com.br\/?p=16513"},"wordCount":752,"commentCount":0,"publisher":{"@id":"https:\/\/revistaautobus.com.br\/#organization"},"image":{"@id":"https:\/\/revistaautobus.com.br\/?p=16513#primaryimage"},"thumbnailUrl":"https:\/\/revistaautobus.com.br\/wp-content\/uploads\/2025\/09\/IMG-20250908-WA0105.jpg","keywords":["Mobilidade urbana sem carros"],"articleSection":["Especialistas","Ponto de Vista"],"inLanguage":"pt-BR","potentialAction":[{"@type":"CommentAction","name":"Comment","target":["https:\/\/revistaautobus.com.br\/?p=16513#respond"]}]},{"@type":"WebPage","@id":"https:\/\/revistaautobus.com.br\/?p=16513","url":"https:\/\/revistaautobus.com.br\/?p=16513","name":"Sem carros, mas com ousadia - Revista AutoBus","isPartOf":{"@id":"https:\/\/revistaautobus.com.br\/#website"},"primaryImageOfPage":{"@id":"https:\/\/revistaautobus.com.br\/?p=16513#primaryimage"},"image":{"@id":"https:\/\/revistaautobus.com.br\/?p=16513#primaryimage"},"thumbnailUrl":"https:\/\/revistaautobus.com.br\/wp-content\/uploads\/2025\/09\/IMG-20250908-WA0105.jpg","datePublished":"2025-09-08T12:06:11+00:00","dateModified":"2025-09-08T14:49:08+00:00","breadcrumb":{"@id":"https:\/\/revistaautobus.com.br\/?p=16513#breadcrumb"},"inLanguage":"pt-BR","potentialAction":[{"@type":"ReadAction","target":["https:\/\/revistaautobus.com.br\/?p=16513"]}]},{"@type":"ImageObject","inLanguage":"pt-BR","@id":"https:\/\/revistaautobus.com.br\/?p=16513#primaryimage","url":"https:\/\/revistaautobus.com.br\/wp-content\/uploads\/2025\/09\/IMG-20250908-WA0105.jpg","contentUrl":"https:\/\/revistaautobus.com.br\/wp-content\/uploads\/2025\/09\/IMG-20250908-WA0105.jpg","width":1600,"height":1200},{"@type":"BreadcrumbList","@id":"https:\/\/revistaautobus.com.br\/?p=16513#breadcrumb","itemListElement":[{"@type":"ListItem","position":1,"name":"In\u00edcio","item":"https:\/\/revistaautobus.com.br\/"},{"@type":"ListItem","position":2,"name":"Sem carros, mas com ousadia"}]},{"@type":"WebSite","@id":"https:\/\/revistaautobus.com.br\/#website","url":"https:\/\/revistaautobus.com.br\/","name":"Revista AutoBus","description":"","publisher":{"@id":"https:\/\/revistaautobus.com.br\/#organization"},"potentialAction":[{"@type":"SearchAction","target":{"@type":"EntryPoint","urlTemplate":"https:\/\/revistaautobus.com.br\/?s={search_term_string}"},"query-input":{"@type":"PropertyValueSpecification","valueRequired":true,"valueName":"search_term_string"}}],"inLanguage":"pt-BR"},{"@type":"Organization","@id":"https:\/\/revistaautobus.com.br\/#organization","name":"Revista AutoBus","url":"https:\/\/revistaautobus.com.br\/","logo":{"@type":"ImageObject","inLanguage":"pt-BR","@id":"https:\/\/revistaautobus.com.br\/#\/schema\/logo\/image\/","url":"https:\/\/revistaautobus.com.br\/wp-content\/uploads\/2024\/11\/logo_revista_autobus_fb.png","contentUrl":"https:\/\/revistaautobus.com.br\/wp-content\/uploads\/2024\/11\/logo_revista_autobus_fb.png","width":836,"height":227,"caption":"Revista AutoBus"},"image":{"@id":"https:\/\/revistaautobus.com.br\/#\/schema\/logo\/image\/"},"sameAs":["https:\/\/www.facebook.com\/antonio.ferro.3150","https:\/\/www.instagram.com\/revistaautobus\/"]},{"@type":"Person","@id":"https:\/\/revistaautobus.com.br\/#\/schema\/person\/c1aebedd3175b2689ceec2770b34d576","name":"Bruno Batista","image":{"@type":"ImageObject","inLanguage":"pt-BR","@id":"https:\/\/revistaautobus.com.br\/wp-content\/uploads\/2025\/04\/especialista_bruno_batista-150x150.jpg","url":"https:\/\/revistaautobus.com.br\/wp-content\/uploads\/2025\/04\/especialista_bruno_batista-150x150.jpg","contentUrl":"https:\/\/revistaautobus.com.br\/wp-content\/uploads\/2025\/04\/especialista_bruno_batista-150x150.jpg","caption":"Bruno Batista"},"description":"brunobatista@2inn.com.br","url":"https:\/\/revistaautobus.com.br\/?author=11"}]}},"jetpack_featured_media_url":"https:\/\/revistaautobus.com.br\/wp-content\/uploads\/2025\/09\/IMG-20250908-WA0105.jpg","jetpack_sharing_enabled":true,"_links":{"self":[{"href":"https:\/\/revistaautobus.com.br\/index.php?rest_route=\/wp\/v2\/posts\/16513","targetHints":{"allow":["GET"]}}],"collection":[{"href":"https:\/\/revistaautobus.com.br\/index.php?rest_route=\/wp\/v2\/posts"}],"about":[{"href":"https:\/\/revistaautobus.com.br\/index.php?rest_route=\/wp\/v2\/types\/post"}],"author":[{"embeddable":true,"href":"https:\/\/revistaautobus.com.br\/index.php?rest_route=\/wp\/v2\/users\/11"}],"replies":[{"embeddable":true,"href":"https:\/\/revistaautobus.com.br\/index.php?rest_route=%2Fwp%2Fv2%2Fcomments&post=16513"}],"version-history":[{"count":2,"href":"https:\/\/revistaautobus.com.br\/index.php?rest_route=\/wp\/v2\/posts\/16513\/revisions"}],"predecessor-version":[{"id":16532,"href":"https:\/\/revistaautobus.com.br\/index.php?rest_route=\/wp\/v2\/posts\/16513\/revisions\/16532"}],"wp:featuredmedia":[{"embeddable":true,"href":"https:\/\/revistaautobus.com.br\/index.php?rest_route=\/wp\/v2\/media\/16514"}],"wp:attachment":[{"href":"https:\/\/revistaautobus.com.br\/index.php?rest_route=%2Fwp%2Fv2%2Fmedia&parent=16513"}],"wp:term":[{"taxonomy":"category","embeddable":true,"href":"https:\/\/revistaautobus.com.br\/index.php?rest_route=%2Fwp%2Fv2%2Fcategories&post=16513"},{"taxonomy":"post_tag","embeddable":true,"href":"https:\/\/revistaautobus.com.br\/index.php?rest_route=%2Fwp%2Fv2%2Ftags&post=16513"}],"curies":[{"name":"wp","href":"https:\/\/api.w.org\/{rel}","templated":true}]}}