{"id":16520,"date":"2025-09-08T10:09:34","date_gmt":"2025-09-08T13:09:34","guid":{"rendered":"https:\/\/revistaautobus.com.br\/?p=16520"},"modified":"2025-09-08T10:09:34","modified_gmt":"2025-09-08T13:09:34","slug":"a-expansao-do-biometano-para-o-transporte-e-industria","status":"publish","type":"post","link":"https:\/\/revistaautobus.com.br\/?p=16520","title":{"rendered":"A expans\u00e3o do biometano para o transporte e ind\u00fastria"},"content":{"rendered":"<p>O estado de S\u00e3o Paulo tem um potencial para produzir cerca de 6,4 milh\u00f5es de metros c\u00fabicos por dia de biometano, o equivalente a 32% do consumo de g\u00e1s natural em S\u00e3o Paulo. Essa \u00e9 a previs\u00e3o da Fiesp, entidade que congrega o setor industrial paulista. Outro dado informado pela Federa\u00e7\u00e3o foi que, atingido esse potencial, 20 mil novos empregos poderiam ser criados, al\u00e9m de haver outros ganhos, como a substitui\u00e7\u00e3o de parte do diesel usado no transporte e a redu\u00e7\u00e3o das emiss\u00f5es de carbono em at\u00e9 16%.<\/p>\n<p>Andr\u00e9 Rebelo, diretor-executivo de Gest\u00e3o da Fiesp, disse que para montar um mercado grande e organizado \u00e9 preciso de uma massa cr\u00edtica, o que somente alguns segmentos podem fornecer. Segundo ele, o estudo \u201cBiometano em S\u00e3o Paulo: Potencial e Medidas para Alavancar a Produ\u00e7\u00e3o\u201d, elaborado pela entidade paulista, tem o objetivo de trazer uma estimativa com uma metodologia clara, identificando tanto o potencial de produ\u00e7\u00e3o quanto o potencial fact\u00edvel.<\/p>\n<p>Recentemente, durante a apresenta\u00e7\u00e3o do referido estudo, houve um consenso de que o biometano n\u00e3o concorre, mas complementa outras solu\u00e7\u00f5es, como a eletrifica\u00e7\u00e3o e o futuro uso do hidrog\u00eanio verde, sendo necess\u00e1rio investimentos em log\u00edstica, certifica\u00e7\u00e3o de origem e incentivos fiscais, al\u00e9m de alinhar pol\u00edticas de oferta e demanda.<\/p>\n<p>A origem do biometano pode ser diversa \u2013 do lixo, esgoto, dejeto animal e da vinha\u00e7a da cana-de-a\u00e7\u00facar -, o que representa um enorme potencial brasileiro, pois o Pa\u00eds tem de sobra essas diversas fontes. Para o diretor-comercial e de log\u00edstica da Uni\u00e3o da Ind\u00fastria de Cana-de-A\u00e7\u00facar e Bioenergia (\u00danica), Helder Gosling, as usinas sucroalcooleiras se transformaram e expandiram sua atua\u00e7\u00e3o. \u201cElas n\u00e3o s\u00e3o mais unidades de produ\u00e7\u00e3o de a\u00e7\u00facar e \u00e1lcool, mas tamb\u00e9m de energia el\u00e9trica, etanol e, agora, de biometano\u201d, pontuou.<\/p>\n<p><img loading=\"lazy\" decoding=\"async\" class=\"alignnone wp-image-16523 size-full\" src=\"https:\/\/revistaautobus.com.br\/wp-content\/uploads\/2025\/09\/BIOGA-769S-01-258.jpg\" alt=\"\" width=\"1000\" height=\"666\" srcset=\"https:\/\/revistaautobus.com.br\/wp-content\/uploads\/2025\/09\/BIOGA-769S-01-258.jpg 1000w, https:\/\/revistaautobus.com.br\/wp-content\/uploads\/2025\/09\/BIOGA-769S-01-258-300x200.jpg 300w, https:\/\/revistaautobus.com.br\/wp-content\/uploads\/2025\/09\/BIOGA-769S-01-258-768x511.jpg 768w\" sizes=\"(max-width: 1000px) 100vw, 1000px\" \/><\/p>\n<p>Representando a capital paulista, o secret\u00e1rio executivo de Mudan\u00e7as Clim\u00e1ticas da Prefeitura de S\u00e3o Paulo, Jos\u00e9 Renato Nalini, apresentou algumas iniciativas do poder municipal. De acordo com ele, a cidade j\u00e1 opera 27 carretas e 22 caminh\u00f5es movidos a biometano, economizando 65 mil litros de diesel por m\u00eas e reduzindo 95% das emiss\u00f5es de CO\u00b2, o equivalente ao plantio de 134 mil \u00e1rvores por ano. \u201cCom a expans\u00e3o da produ\u00e7\u00e3o seria poss\u00edvel abastecer metade da frota de \u00f4nibus da capital\u201d, sintetizou.<\/p>\n<p>Tiago Santovito, diretor-executivo da Associa\u00e7\u00e3o Brasileira de Biog\u00e1s e Biometano (ABiog\u00e1s), destacou a iniciativa do estado de S\u00e3o Paulo como fundamental para alavancar esse mercado. \u201cS\u00e3o Paulo vai liderar a produ\u00e7\u00e3o de biometano. Hoje, temos a capacidade de instalar 400 mil metros c\u00fabicos por dia, mas at\u00e9 2030 o potencial pode chegar a 6 milh\u00f5es de metros c\u00fabicos no estado\u201d, diz ele.<\/p>\n<p>Contudo, o grande entrave, de acordo com Santovito, reside na infraestrutura log\u00edstica. \u201cO Brasil \u00e9 um territ\u00f3rio extenso. Precisamos de rodovias, dutos e sistemas que conectem oferta e demanda\u201d, explicou.<\/p>\n<p>Durante o 12\u00ba F\u00f3rum do Biog\u00e1s, realizado h\u00e1 poucos dias em S\u00e3o Paulo (SP), a transi\u00e7\u00e3o energ\u00e9tica do transporte coletivo urbano foi ressaltada como oportunidade para que o biometano tenha maior presen\u00e7a em escala comercial. O biocombust\u00edvel j\u00e1 entrou na agenda de descarboniza\u00e7\u00e3o da maior metr\u00f3pole brasileira, como uma alternativa \u00e0 eletrifica\u00e7\u00e3o de \u00f4nibus e caminh\u00f5es de coleta de res\u00edduos.<\/p>\n<p>Com isso, por meio de decreto municipal, institui-se o programa Bio SP, com regras para aquisi\u00e7\u00e3o de biometano e sua incorpora\u00e7\u00e3o progressiva no transporte coletivo. Al\u00e9m disso, esse instrumento p\u00fablico pode fomentar o potencial de gera\u00e7\u00e3o do g\u00e1s renov\u00e1vel por interm\u00e9dio de res\u00edduos urbanos da cidade e do setor sucroenerg\u00e9tico do estado.<\/p>\n<p>De acordo com dados da ABiog\u00e1s, apenas os res\u00edduos produzidos na cidade de S\u00e3o Paulo poderiam substituir 50% do diesel consumido pelo transporte p\u00fablico municipal. \u201cRegistramos recorde de p\u00fablico e de patrocinadores, com a presen\u00e7a de autoridades estrat\u00e9gicas como a presidente da Petrobras e o prefeito de S\u00e3o Paulo. Essas lideran\u00e7as mostraram que o biometano n\u00e3o \u00e9 mais uma promessa futura: \u00e9 uma realidade em expans\u00e3o, com papel central na transi\u00e7\u00e3o energ\u00e9tica do pa\u00eds\u201d, disse a presidente-executiva da ABiog\u00e1s, Renata Isfer.<\/p>\n<div id=\"attachment_16522\" style=\"width: 310px\" class=\"wp-caption aligncenter\"><img loading=\"lazy\" decoding=\"async\" aria-describedby=\"caption-attachment-16522\" class=\"wp-image-16522\" src=\"https:\/\/revistaautobus.com.br\/wp-content\/uploads\/2025\/09\/BIOGA-769S-01-1283-200x300.jpg\" alt=\"\" width=\"300\" height=\"450\" srcset=\"https:\/\/revistaautobus.com.br\/wp-content\/uploads\/2025\/09\/BIOGA-769S-01-1283-200x300.jpg 200w, https:\/\/revistaautobus.com.br\/wp-content\/uploads\/2025\/09\/BIOGA-769S-01-1283.jpg 666w\" sizes=\"(max-width: 300px) 100vw, 300px\" \/><p id=\"caption-attachment-16522\" class=\"wp-caption-text\"><span style=\"color: #003366;\"><em><strong>Renata Isfer<\/strong><\/em><\/span><\/p><\/div>\n<p>E, segundo ela, o lan\u00e7amento da plataforma estrat\u00e9gica em Power BI desenvolvida pela Associa\u00e7\u00e3o foi outra novidade de relev\u00e2ncia da programa\u00e7\u00e3o. \u201cA ferramenta organiza e disponibiliza dados regulat\u00f3rios, tribut\u00e1rios e financeiros em um \u00fanico ambiente digital. O lan\u00e7amento da entidade busca reduzir assimetrias de informa\u00e7\u00e3o e apoiar investidores, empresas e formuladores de pol\u00edticas p\u00fablicas, promovendo maior transpar\u00eancia e agilidade nas decis\u00f5es de mercado\u201d, explicou Isfer.<\/p>\n<p>Ainda, no contexto do transporte de passageiros, o estado paulista (plano estadual de energia que prev\u00ea descarbonizar a economia at\u00e9 2050) tem interesse em proporcionar o uso do biometano em diversas frentes, inclusive em \u00f4nibus rodovi\u00e1rios. Um exemplo pode ser visto com o projeto piloto de sustentabilidade ambiental proporcionado pela Via\u00e7\u00e3o Santa Cruz em parceria com a Scania e a Comg\u00e1s. O intuito \u00e9 fazer uma avalia\u00e7\u00e3o, por seis meses, da opera\u00e7\u00e3o numa rota fixa, ligando S\u00e3o Paulo \u00e0 Campinas, distantes 100 km, onde os aspectos financeiro e t\u00e9cnico ser\u00e3o conhecidos para que haja a viabilidade desse conceito de descarboniza\u00e7\u00e3o.<\/p>\n<p>Artigo compartilhado do portal Sou + \u00d4nibus<\/p>\n<p>Imagens &#8211; Revista AutoBus e Divulga\u00e7\u00e3o<\/p>\n","protected":false},"excerpt":{"rendered":"<p>O uso do combust\u00edvel renov\u00e1vel est\u00e1 no radar da mobilidade coletiva e do setor industrial<\/p>\n","protected":false},"author":2,"featured_media":16521,"comment_status":"open","ping_status":"open","sticky":false,"template":"","format":"standard","meta":{"_et_pb_use_builder":"","_et_pb_old_content":"","_et_gb_content_width":"","_jetpack_memberships_contains_paid_content":false,"footnotes":""},"categories":[485,90],"tags":[924],"class_list":["post-16520","post","type-post","status-publish","format-standard","has-post-thumbnail","hentry","category-biometano","category-noticias","tag-biometano-no-transporte","et-has-post-format-content","et_post_format-et-post-format-standard"],"yoast_head":"<!-- This site is optimized with the Yoast SEO plugin v27.2 - https:\/\/yoast.com\/product\/yoast-seo-wordpress\/ -->\n<title>A expans\u00e3o do biometano para o transporte e ind\u00fastria - Revista AutoBus<\/title>\n<meta name=\"robots\" content=\"index, follow, max-snippet:-1, max-image-preview:large, max-video-preview:-1\" \/>\n<link rel=\"canonical\" href=\"https:\/\/revistaautobus.com.br\/?p=16520\" \/>\n<meta property=\"og:locale\" content=\"pt_BR\" \/>\n<meta property=\"og:type\" content=\"article\" \/>\n<meta property=\"og:title\" content=\"A expans\u00e3o do biometano para o transporte e ind\u00fastria - Revista AutoBus\" \/>\n<meta property=\"og:description\" content=\"O uso do combust\u00edvel renov\u00e1vel est\u00e1 no radar da mobilidade coletiva e do setor industrial\" \/>\n<meta property=\"og:url\" content=\"https:\/\/revistaautobus.com.br\/?p=16520\" \/>\n<meta property=\"og:site_name\" content=\"Revista AutoBus\" \/>\n<meta property=\"article:publisher\" content=\"https:\/\/www.facebook.com\/antonio.ferro.3150\" \/>\n<meta property=\"article:published_time\" content=\"2025-09-08T13:09:34+00:00\" \/>\n<meta property=\"og:image\" content=\"https:\/\/revistaautobus.com.br\/wp-content\/uploads\/2025\/09\/IMG_20250325_081819827_HDR_AE.jpg\" \/>\n\t<meta property=\"og:image:width\" content=\"1000\" \/>\n\t<meta property=\"og:image:height\" content=\"752\" \/>\n\t<meta property=\"og:image:type\" content=\"image\/jpeg\" \/>\n<meta name=\"author\" content=\"Antonio Ferro\" \/>\n<meta name=\"twitter:card\" content=\"summary_large_image\" \/>\n<meta name=\"twitter:label1\" content=\"Escrito por\" \/>\n\t<meta name=\"twitter:data1\" content=\"Antonio Ferro\" \/>\n\t<meta name=\"twitter:label2\" content=\"Est. tempo de leitura\" \/>\n\t<meta name=\"twitter:data2\" content=\"6 minutos\" \/>\n<script type=\"application\/ld+json\" class=\"yoast-schema-graph\">{\"@context\":\"https:\/\/schema.org\",\"@graph\":[{\"@type\":\"Article\",\"@id\":\"https:\/\/revistaautobus.com.br\/?p=16520#article\",\"isPartOf\":{\"@id\":\"https:\/\/revistaautobus.com.br\/?p=16520\"},\"author\":{\"name\":\"Antonio Ferro\",\"@id\":\"https:\/\/revistaautobus.com.br\/#\/schema\/person\/54af7c3eb83a310e42ef686ef6d16f50\"},\"headline\":\"A expans\u00e3o do biometano para o transporte e ind\u00fastria\",\"datePublished\":\"2025-09-08T13:09:34+00:00\",\"mainEntityOfPage\":{\"@id\":\"https:\/\/revistaautobus.com.br\/?p=16520\"},\"wordCount\":949,\"commentCount\":0,\"publisher\":{\"@id\":\"https:\/\/revistaautobus.com.br\/#organization\"},\"image\":{\"@id\":\"https:\/\/revistaautobus.com.br\/?p=16520#primaryimage\"},\"thumbnailUrl\":\"https:\/\/revistaautobus.com.br\/wp-content\/uploads\/2025\/09\/IMG_20250325_081819827_HDR_AE.jpg\",\"keywords\":[\"Biometano no transporte\"],\"articleSection\":[\"Biometano\",\"Not\u00edcias\"],\"inLanguage\":\"pt-BR\",\"potentialAction\":[{\"@type\":\"CommentAction\",\"name\":\"Comment\",\"target\":[\"https:\/\/revistaautobus.com.br\/?p=16520#respond\"]}]},{\"@type\":\"WebPage\",\"@id\":\"https:\/\/revistaautobus.com.br\/?p=16520\",\"url\":\"https:\/\/revistaautobus.com.br\/?p=16520\",\"name\":\"A expans\u00e3o do biometano para o transporte e ind\u00fastria - Revista AutoBus\",\"isPartOf\":{\"@id\":\"https:\/\/revistaautobus.com.br\/#website\"},\"primaryImageOfPage\":{\"@id\":\"https:\/\/revistaautobus.com.br\/?p=16520#primaryimage\"},\"image\":{\"@id\":\"https:\/\/revistaautobus.com.br\/?p=16520#primaryimage\"},\"thumbnailUrl\":\"https:\/\/revistaautobus.com.br\/wp-content\/uploads\/2025\/09\/IMG_20250325_081819827_HDR_AE.jpg\",\"datePublished\":\"2025-09-08T13:09:34+00:00\",\"breadcrumb\":{\"@id\":\"https:\/\/revistaautobus.com.br\/?p=16520#breadcrumb\"},\"inLanguage\":\"pt-BR\",\"potentialAction\":[{\"@type\":\"ReadAction\",\"target\":[\"https:\/\/revistaautobus.com.br\/?p=16520\"]}]},{\"@type\":\"ImageObject\",\"inLanguage\":\"pt-BR\",\"@id\":\"https:\/\/revistaautobus.com.br\/?p=16520#primaryimage\",\"url\":\"https:\/\/revistaautobus.com.br\/wp-content\/uploads\/2025\/09\/IMG_20250325_081819827_HDR_AE.jpg\",\"contentUrl\":\"https:\/\/revistaautobus.com.br\/wp-content\/uploads\/2025\/09\/IMG_20250325_081819827_HDR_AE.jpg\",\"width\":1000,\"height\":752},{\"@type\":\"BreadcrumbList\",\"@id\":\"https:\/\/revistaautobus.com.br\/?p=16520#breadcrumb\",\"itemListElement\":[{\"@type\":\"ListItem\",\"position\":1,\"name\":\"In\u00edcio\",\"item\":\"https:\/\/revistaautobus.com.br\/\"},{\"@type\":\"ListItem\",\"position\":2,\"name\":\"A expans\u00e3o do biometano para o transporte e ind\u00fastria\"}]},{\"@type\":\"WebSite\",\"@id\":\"https:\/\/revistaautobus.com.br\/#website\",\"url\":\"https:\/\/revistaautobus.com.br\/\",\"name\":\"Revista AutoBus\",\"description\":\"\",\"publisher\":{\"@id\":\"https:\/\/revistaautobus.com.br\/#organization\"},\"potentialAction\":[{\"@type\":\"SearchAction\",\"target\":{\"@type\":\"EntryPoint\",\"urlTemplate\":\"https:\/\/revistaautobus.com.br\/?s={search_term_string}\"},\"query-input\":{\"@type\":\"PropertyValueSpecification\",\"valueRequired\":true,\"valueName\":\"search_term_string\"}}],\"inLanguage\":\"pt-BR\"},{\"@type\":\"Organization\",\"@id\":\"https:\/\/revistaautobus.com.br\/#organization\",\"name\":\"Revista AutoBus\",\"url\":\"https:\/\/revistaautobus.com.br\/\",\"logo\":{\"@type\":\"ImageObject\",\"inLanguage\":\"pt-BR\",\"@id\":\"https:\/\/revistaautobus.com.br\/#\/schema\/logo\/image\/\",\"url\":\"https:\/\/revistaautobus.com.br\/wp-content\/uploads\/2024\/11\/logo_revista_autobus_fb.png\",\"contentUrl\":\"https:\/\/revistaautobus.com.br\/wp-content\/uploads\/2024\/11\/logo_revista_autobus_fb.png\",\"width\":836,\"height\":227,\"caption\":\"Revista AutoBus\"},\"image\":{\"@id\":\"https:\/\/revistaautobus.com.br\/#\/schema\/logo\/image\/\"},\"sameAs\":[\"https:\/\/www.facebook.com\/antonio.ferro.3150\",\"https:\/\/www.instagram.com\/revistaautobus\/\"]},{\"@type\":\"Person\",\"@id\":\"https:\/\/revistaautobus.com.br\/#\/schema\/person\/54af7c3eb83a310e42ef686ef6d16f50\",\"name\":\"Antonio Ferro\",\"image\":{\"@type\":\"ImageObject\",\"inLanguage\":\"pt-BR\",\"@id\":\"https:\/\/revistaautobus.com.br\/wp-content\/uploads\/2025\/12\/editor_antonio_ferro-150x150.jpg\",\"url\":\"https:\/\/revistaautobus.com.br\/wp-content\/uploads\/2025\/12\/editor_antonio_ferro-150x150.jpg\",\"contentUrl\":\"https:\/\/revistaautobus.com.br\/wp-content\/uploads\/2025\/12\/editor_antonio_ferro-150x150.jpg\",\"caption\":\"Antonio Ferro\"},\"description\":\"infobus@uol.com.br\",\"url\":\"https:\/\/revistaautobus.com.br\/?author=2\"}]}<\/script>\n<!-- \/ Yoast SEO plugin. -->","yoast_head_json":{"title":"A expans\u00e3o do biometano para o transporte e ind\u00fastria - Revista AutoBus","robots":{"index":"index","follow":"follow","max-snippet":"max-snippet:-1","max-image-preview":"max-image-preview:large","max-video-preview":"max-video-preview:-1"},"canonical":"https:\/\/revistaautobus.com.br\/?p=16520","og_locale":"pt_BR","og_type":"article","og_title":"A expans\u00e3o do biometano para o transporte e ind\u00fastria - Revista AutoBus","og_description":"O uso do combust\u00edvel renov\u00e1vel est\u00e1 no radar da mobilidade coletiva e do setor industrial","og_url":"https:\/\/revistaautobus.com.br\/?p=16520","og_site_name":"Revista AutoBus","article_publisher":"https:\/\/www.facebook.com\/antonio.ferro.3150","article_published_time":"2025-09-08T13:09:34+00:00","og_image":[{"width":1000,"height":752,"url":"https:\/\/revistaautobus.com.br\/wp-content\/uploads\/2025\/09\/IMG_20250325_081819827_HDR_AE.jpg","type":"image\/jpeg"}],"author":"Antonio Ferro","twitter_card":"summary_large_image","twitter_misc":{"Escrito por":"Antonio Ferro","Est. tempo de leitura":"6 minutos"},"schema":{"@context":"https:\/\/schema.org","@graph":[{"@type":"Article","@id":"https:\/\/revistaautobus.com.br\/?p=16520#article","isPartOf":{"@id":"https:\/\/revistaautobus.com.br\/?p=16520"},"author":{"name":"Antonio Ferro","@id":"https:\/\/revistaautobus.com.br\/#\/schema\/person\/54af7c3eb83a310e42ef686ef6d16f50"},"headline":"A expans\u00e3o do biometano para o transporte e ind\u00fastria","datePublished":"2025-09-08T13:09:34+00:00","mainEntityOfPage":{"@id":"https:\/\/revistaautobus.com.br\/?p=16520"},"wordCount":949,"commentCount":0,"publisher":{"@id":"https:\/\/revistaautobus.com.br\/#organization"},"image":{"@id":"https:\/\/revistaautobus.com.br\/?p=16520#primaryimage"},"thumbnailUrl":"https:\/\/revistaautobus.com.br\/wp-content\/uploads\/2025\/09\/IMG_20250325_081819827_HDR_AE.jpg","keywords":["Biometano no transporte"],"articleSection":["Biometano","Not\u00edcias"],"inLanguage":"pt-BR","potentialAction":[{"@type":"CommentAction","name":"Comment","target":["https:\/\/revistaautobus.com.br\/?p=16520#respond"]}]},{"@type":"WebPage","@id":"https:\/\/revistaautobus.com.br\/?p=16520","url":"https:\/\/revistaautobus.com.br\/?p=16520","name":"A expans\u00e3o do biometano para o transporte e ind\u00fastria - Revista AutoBus","isPartOf":{"@id":"https:\/\/revistaautobus.com.br\/#website"},"primaryImageOfPage":{"@id":"https:\/\/revistaautobus.com.br\/?p=16520#primaryimage"},"image":{"@id":"https:\/\/revistaautobus.com.br\/?p=16520#primaryimage"},"thumbnailUrl":"https:\/\/revistaautobus.com.br\/wp-content\/uploads\/2025\/09\/IMG_20250325_081819827_HDR_AE.jpg","datePublished":"2025-09-08T13:09:34+00:00","breadcrumb":{"@id":"https:\/\/revistaautobus.com.br\/?p=16520#breadcrumb"},"inLanguage":"pt-BR","potentialAction":[{"@type":"ReadAction","target":["https:\/\/revistaautobus.com.br\/?p=16520"]}]},{"@type":"ImageObject","inLanguage":"pt-BR","@id":"https:\/\/revistaautobus.com.br\/?p=16520#primaryimage","url":"https:\/\/revistaautobus.com.br\/wp-content\/uploads\/2025\/09\/IMG_20250325_081819827_HDR_AE.jpg","contentUrl":"https:\/\/revistaautobus.com.br\/wp-content\/uploads\/2025\/09\/IMG_20250325_081819827_HDR_AE.jpg","width":1000,"height":752},{"@type":"BreadcrumbList","@id":"https:\/\/revistaautobus.com.br\/?p=16520#breadcrumb","itemListElement":[{"@type":"ListItem","position":1,"name":"In\u00edcio","item":"https:\/\/revistaautobus.com.br\/"},{"@type":"ListItem","position":2,"name":"A expans\u00e3o do biometano para o transporte e ind\u00fastria"}]},{"@type":"WebSite","@id":"https:\/\/revistaautobus.com.br\/#website","url":"https:\/\/revistaautobus.com.br\/","name":"Revista AutoBus","description":"","publisher":{"@id":"https:\/\/revistaautobus.com.br\/#organization"},"potentialAction":[{"@type":"SearchAction","target":{"@type":"EntryPoint","urlTemplate":"https:\/\/revistaautobus.com.br\/?s={search_term_string}"},"query-input":{"@type":"PropertyValueSpecification","valueRequired":true,"valueName":"search_term_string"}}],"inLanguage":"pt-BR"},{"@type":"Organization","@id":"https:\/\/revistaautobus.com.br\/#organization","name":"Revista AutoBus","url":"https:\/\/revistaautobus.com.br\/","logo":{"@type":"ImageObject","inLanguage":"pt-BR","@id":"https:\/\/revistaautobus.com.br\/#\/schema\/logo\/image\/","url":"https:\/\/revistaautobus.com.br\/wp-content\/uploads\/2024\/11\/logo_revista_autobus_fb.png","contentUrl":"https:\/\/revistaautobus.com.br\/wp-content\/uploads\/2024\/11\/logo_revista_autobus_fb.png","width":836,"height":227,"caption":"Revista AutoBus"},"image":{"@id":"https:\/\/revistaautobus.com.br\/#\/schema\/logo\/image\/"},"sameAs":["https:\/\/www.facebook.com\/antonio.ferro.3150","https:\/\/www.instagram.com\/revistaautobus\/"]},{"@type":"Person","@id":"https:\/\/revistaautobus.com.br\/#\/schema\/person\/54af7c3eb83a310e42ef686ef6d16f50","name":"Antonio Ferro","image":{"@type":"ImageObject","inLanguage":"pt-BR","@id":"https:\/\/revistaautobus.com.br\/wp-content\/uploads\/2025\/12\/editor_antonio_ferro-150x150.jpg","url":"https:\/\/revistaautobus.com.br\/wp-content\/uploads\/2025\/12\/editor_antonio_ferro-150x150.jpg","contentUrl":"https:\/\/revistaautobus.com.br\/wp-content\/uploads\/2025\/12\/editor_antonio_ferro-150x150.jpg","caption":"Antonio Ferro"},"description":"infobus@uol.com.br","url":"https:\/\/revistaautobus.com.br\/?author=2"}]}},"jetpack_featured_media_url":"https:\/\/revistaautobus.com.br\/wp-content\/uploads\/2025\/09\/IMG_20250325_081819827_HDR_AE.jpg","jetpack_sharing_enabled":true,"_links":{"self":[{"href":"https:\/\/revistaautobus.com.br\/index.php?rest_route=\/wp\/v2\/posts\/16520","targetHints":{"allow":["GET"]}}],"collection":[{"href":"https:\/\/revistaautobus.com.br\/index.php?rest_route=\/wp\/v2\/posts"}],"about":[{"href":"https:\/\/revistaautobus.com.br\/index.php?rest_route=\/wp\/v2\/types\/post"}],"author":[{"embeddable":true,"href":"https:\/\/revistaautobus.com.br\/index.php?rest_route=\/wp\/v2\/users\/2"}],"replies":[{"embeddable":true,"href":"https:\/\/revistaautobus.com.br\/index.php?rest_route=%2Fwp%2Fv2%2Fcomments&post=16520"}],"version-history":[{"count":2,"href":"https:\/\/revistaautobus.com.br\/index.php?rest_route=\/wp\/v2\/posts\/16520\/revisions"}],"predecessor-version":[{"id":16525,"href":"https:\/\/revistaautobus.com.br\/index.php?rest_route=\/wp\/v2\/posts\/16520\/revisions\/16525"}],"wp:featuredmedia":[{"embeddable":true,"href":"https:\/\/revistaautobus.com.br\/index.php?rest_route=\/wp\/v2\/media\/16521"}],"wp:attachment":[{"href":"https:\/\/revistaautobus.com.br\/index.php?rest_route=%2Fwp%2Fv2%2Fmedia&parent=16520"}],"wp:term":[{"taxonomy":"category","embeddable":true,"href":"https:\/\/revistaautobus.com.br\/index.php?rest_route=%2Fwp%2Fv2%2Fcategories&post=16520"},{"taxonomy":"post_tag","embeddable":true,"href":"https:\/\/revistaautobus.com.br\/index.php?rest_route=%2Fwp%2Fv2%2Ftags&post=16520"}],"curies":[{"name":"wp","href":"https:\/\/api.w.org\/{rel}","templated":true}]}}