{"id":16526,"date":"2025-09-08T10:23:08","date_gmt":"2025-09-08T13:23:08","guid":{"rendered":"https:\/\/revistaautobus.com.br\/?p=16526"},"modified":"2025-09-11T10:56:08","modified_gmt":"2025-09-11T13:56:08","slug":"setembro-uma-data-especial-para-a-ouro-e-prata","status":"publish","type":"post","link":"https:\/\/revistaautobus.com.br\/?p=16526","title":{"rendered":"Setembro, uma data especial para a Ouro e Prata"},"content":{"rendered":"<p>De 1\u00ba de setembro de 1939 at\u00e9 hoje, muita coisa se passou, o tempo n\u00e3o parou, a evolu\u00e7\u00e3o manteve-se em ritmo acelerado e o transporte foi fundamental para o desenvolvimento da nossa sociedade. E foi naquele fim de d\u00e9cada de 1930 que os irm\u00e3os Willy Fleck e Raimundo Fleck fundaram a empresa Crissiumal para o transporte de carga e de passageiros. Tempos dif\u00edceis, onde os desafios eram quase di\u00e1rios pela falta de recursos e infraestrutura. Mas, a vontade de promover o transporte era maior que qualquer dificuldade na liga\u00e7\u00e3o entre Crissiumal e Iju\u00ed, ambas cidades ga\u00fachas.<\/p>\n<p>O princ\u00edpio de tudo foi com tr\u00eas caminh\u00f5es que levavam pessoas e cargas, quando, ainda, nem existia o transporte regularizado. Um ano depois, a opera\u00e7\u00e3o dessa linha come\u00e7ou a ser realizada com um \u00f4nibus totalmente fechado. Aos poucos, a operadora foi se expandindo e conquistando novos mercados e, em 1948, seu nome muda para Via\u00e7\u00e3o Ouro e Prata.<\/p>\n<p>Os pioneiros sempre trabalharam para atender as demandas da popula\u00e7\u00e3o ga\u00facha em suas \u00e1reas operacionais regionais. Dessa maneira, a transportadora viu o aumento de suas atividades, acompanhando a evolu\u00e7\u00e3o do setor, seja em tecnologia veicular, como na forma de administrar e nos servi\u00e7os disponibilizados.<\/p>\n<p>Dessa maneira, ligar Porto Alegre com diversas cidades do Rio Grande do Sul e de estados distantes tem sido a t\u00f4nica da transportadora em poder atender um mercado competitivo, com dedica\u00e7\u00e3o e aten\u00e7\u00e3o aos detalhes, onde o trabalho envolvido requer muito profissionalismo e valor humano, com destaque para a capacita\u00e7\u00e3o e investimentos cont\u00ednuos na opera\u00e7\u00e3o.<\/p>\n<div id=\"attachment_16528\" style=\"width: 1088px\" class=\"wp-caption alignnone\"><img loading=\"lazy\" decoding=\"async\" aria-describedby=\"caption-attachment-16528\" class=\"wp-image-16528 size-full\" src=\"https:\/\/revistaautobus.com.br\/wp-content\/uploads\/2025\/09\/Onibus-OP.jpg\" alt=\"\" width=\"1078\" height=\"1301\" srcset=\"https:\/\/revistaautobus.com.br\/wp-content\/uploads\/2025\/09\/Onibus-OP.jpg 1078w, https:\/\/revistaautobus.com.br\/wp-content\/uploads\/2025\/09\/Onibus-OP-249x300.jpg 249w, https:\/\/revistaautobus.com.br\/wp-content\/uploads\/2025\/09\/Onibus-OP-848x1024.jpg 848w, https:\/\/revistaautobus.com.br\/wp-content\/uploads\/2025\/09\/Onibus-OP-768x927.jpg 768w\" sizes=\"(max-width: 1078px) 100vw, 1078px\" \/><p id=\"caption-attachment-16528\" class=\"wp-caption-text\"><span style=\"color: #993300;\"><em><strong>Linha do tempo com algumas vers\u00f5es de \u00f4nibus operadoras pela empresa ga\u00facha. Destaque para o seu primeiro, no alto, quando a hist\u00f3ria da Ouro e Prata se iniciou<\/strong><\/em><\/span><\/p><\/div>\n<p>Hoje, a Ouro e Prata atua em 10 estados brasileiros, alcan\u00e7ado mais de 400 destinos e apoiada por mais de 1.000 colaboradores. Seus \u00f4nibus, os mais modernos, diga-se, transportaram dois milh\u00f5es de passageiros em 2024 e rodaram mais de 40 milh\u00f5es de quil\u00f4metros no mesmo per\u00edodo.<\/p>\n<p>A empresa se destaca por ter uma pol\u00edtica interna de incentivo \u00e0 boa administra\u00e7\u00e3o, com uma gest\u00e3o voltada para as quest\u00f5es ambientais, sociais e da melhor opera\u00e7\u00e3o, com \u00eanfase \u00e0 seguran\u00e7a e o conforto, al\u00e9m das atratividades oferecidas aos seus passageiros durante as viagens, como a internet via sat\u00e9lite e configura\u00e7\u00f5es diferenciadas no <em>layout<\/em> das poltronas.<\/p>\n<p>A frota da empresa contempla ve\u00edculos com um ou dois pisos, com modelos de \u00faltima gera\u00e7\u00e3o, que trazem tecnologia embarcada e recursos que promovem experi\u00eancias positivas aos seus clientes. Lembrando que a rela\u00e7\u00e3o comercial entre a operadora ga\u00facha e a fabricante de carro\u00e7arias, Marcopolo, rendeu muitos frutos nessa linha do tempo, sendo que a frota da empresa rodovi\u00e1ria \u00e9 composta por modelos da encarro\u00e7adora de Caxias do Sul h\u00e1 muitos anos.<\/p>\n<p>De acordo com a diretora da empresa, Luana Fleck, celebrar 86 anos \u00e9 reafirmar o compromisso da Ouro e Prata com a evolu\u00e7\u00e3o. &#8220;Nascemos como uma empresa familiar e seguimos crescendo com o olhar voltado para o futuro. Investimos em tecnologia, em solu\u00e7\u00f5es digitais e em projetos que tornam cada jornada do cliente mais simples, conectada e sustent\u00e1vel. Mais do que transportar passageiros, queremos oferecer experi\u00eancias. Esse \u00e9 o nosso jeito de honrar nossa hist\u00f3ria: inovando sempre para continuar transformando o futuro da mobilidade&#8221;, afirmou.<\/p>\n<div id=\"attachment_16529\" style=\"width: 1010px\" class=\"wp-caption alignnone\"><img loading=\"lazy\" decoding=\"async\" aria-describedby=\"caption-attachment-16529\" class=\"wp-image-16529 size-full\" src=\"https:\/\/revistaautobus.com.br\/wp-content\/uploads\/2025\/09\/MG_4276.jpg\" alt=\"\" width=\"1000\" height=\"666\" srcset=\"https:\/\/revistaautobus.com.br\/wp-content\/uploads\/2025\/09\/MG_4276.jpg 1000w, https:\/\/revistaautobus.com.br\/wp-content\/uploads\/2025\/09\/MG_4276-300x200.jpg 300w, https:\/\/revistaautobus.com.br\/wp-content\/uploads\/2025\/09\/MG_4276-768x511.jpg 768w\" sizes=\"(max-width: 1000px) 100vw, 1000px\" \/><p id=\"caption-attachment-16529\" class=\"wp-caption-text\"><span style=\"color: #800000;\"><em><strong>A frota atual \u00e9 composta por modelos de \u00faltima gera\u00e7\u00e3o que trazem o melhor da tecnologia embarcada<\/strong><\/em><\/span><\/p><\/div>\n<p>Imagens &#8211; Divulga\u00e7\u00e3o Ouro e Prata e Mem\u00f3ria Marcopolo<\/p>\n","protected":false},"excerpt":{"rendered":"<p>Operadora ga\u00facha chega aos seus 86 anos, umas das mais longevas no setor<\/p>\n","protected":false},"author":2,"featured_media":16527,"comment_status":"open","ping_status":"open","sticky":false,"template":"","format":"standard","meta":{"_et_pb_use_builder":"","_et_pb_old_content":"","_et_gb_content_width":"","_jetpack_memberships_contains_paid_content":false,"footnotes":""},"categories":[90,80],"tags":[1009],"class_list":["post-16526","post","type-post","status-publish","format-standard","has-post-thumbnail","hentry","category-noticias","category-transporte-rodoviario","tag-viacao-ouro-e-prata-86-anos","et-has-post-format-content","et_post_format-et-post-format-standard"],"yoast_head":"<!-- This site is optimized with the Yoast SEO plugin v27.2 - https:\/\/yoast.com\/product\/yoast-seo-wordpress\/ -->\n<title>Setembro, uma data especial para a Ouro e Prata - Revista AutoBus<\/title>\n<meta name=\"robots\" content=\"index, follow, max-snippet:-1, max-image-preview:large, max-video-preview:-1\" \/>\n<link rel=\"canonical\" href=\"https:\/\/revistaautobus.com.br\/?p=16526\" \/>\n<meta property=\"og:locale\" content=\"pt_BR\" \/>\n<meta property=\"og:type\" content=\"article\" \/>\n<meta property=\"og:title\" content=\"Setembro, uma data especial para a Ouro e Prata - Revista AutoBus\" \/>\n<meta property=\"og:description\" content=\"Operadora ga\u00facha chega aos seus 86 anos, umas das mais longevas no setor\" \/>\n<meta property=\"og:url\" content=\"https:\/\/revistaautobus.com.br\/?p=16526\" \/>\n<meta property=\"og:site_name\" content=\"Revista AutoBus\" \/>\n<meta property=\"article:publisher\" content=\"https:\/\/www.facebook.com\/antonio.ferro.3150\" \/>\n<meta property=\"article:published_time\" content=\"2025-09-08T13:23:08+00:00\" \/>\n<meta property=\"article:modified_time\" content=\"2025-09-11T13:56:08+00:00\" \/>\n<meta property=\"og:image\" content=\"https:\/\/revistaautobus.com.br\/wp-content\/uploads\/2025\/09\/IMG-20250904-WA0069.jpg\" \/>\n\t<meta property=\"og:image:width\" content=\"1600\" \/>\n\t<meta property=\"og:image:height\" content=\"1027\" \/>\n\t<meta property=\"og:image:type\" content=\"image\/jpeg\" \/>\n<meta name=\"author\" content=\"Antonio Ferro\" \/>\n<meta name=\"twitter:card\" content=\"summary_large_image\" \/>\n<meta name=\"twitter:label1\" content=\"Escrito por\" \/>\n\t<meta name=\"twitter:data1\" content=\"Antonio Ferro\" \/>\n\t<meta name=\"twitter:label2\" content=\"Est. tempo de leitura\" \/>\n\t<meta name=\"twitter:data2\" content=\"4 minutos\" \/>\n<script type=\"application\/ld+json\" class=\"yoast-schema-graph\">{\"@context\":\"https:\/\/schema.org\",\"@graph\":[{\"@type\":\"Article\",\"@id\":\"https:\/\/revistaautobus.com.br\/?p=16526#article\",\"isPartOf\":{\"@id\":\"https:\/\/revistaautobus.com.br\/?p=16526\"},\"author\":{\"name\":\"Antonio Ferro\",\"@id\":\"https:\/\/revistaautobus.com.br\/#\/schema\/person\/54af7c3eb83a310e42ef686ef6d16f50\"},\"headline\":\"Setembro, uma data especial para a Ouro e Prata\",\"datePublished\":\"2025-09-08T13:23:08+00:00\",\"dateModified\":\"2025-09-11T13:56:08+00:00\",\"mainEntityOfPage\":{\"@id\":\"https:\/\/revistaautobus.com.br\/?p=16526\"},\"wordCount\":629,\"commentCount\":0,\"publisher\":{\"@id\":\"https:\/\/revistaautobus.com.br\/#organization\"},\"image\":{\"@id\":\"https:\/\/revistaautobus.com.br\/?p=16526#primaryimage\"},\"thumbnailUrl\":\"https:\/\/revistaautobus.com.br\/wp-content\/uploads\/2025\/09\/IMG-20250904-WA0069.jpg\",\"keywords\":[\"Via\u00e7\u00e3o Ouro e Prata 86 anos\"],\"articleSection\":[\"Not\u00edcias\",\"Transporte rodovi\u00e1rio\"],\"inLanguage\":\"pt-BR\",\"potentialAction\":[{\"@type\":\"CommentAction\",\"name\":\"Comment\",\"target\":[\"https:\/\/revistaautobus.com.br\/?p=16526#respond\"]}]},{\"@type\":\"WebPage\",\"@id\":\"https:\/\/revistaautobus.com.br\/?p=16526\",\"url\":\"https:\/\/revistaautobus.com.br\/?p=16526\",\"name\":\"Setembro, uma data especial para a Ouro e Prata - Revista AutoBus\",\"isPartOf\":{\"@id\":\"https:\/\/revistaautobus.com.br\/#website\"},\"primaryImageOfPage\":{\"@id\":\"https:\/\/revistaautobus.com.br\/?p=16526#primaryimage\"},\"image\":{\"@id\":\"https:\/\/revistaautobus.com.br\/?p=16526#primaryimage\"},\"thumbnailUrl\":\"https:\/\/revistaautobus.com.br\/wp-content\/uploads\/2025\/09\/IMG-20250904-WA0069.jpg\",\"datePublished\":\"2025-09-08T13:23:08+00:00\",\"dateModified\":\"2025-09-11T13:56:08+00:00\",\"breadcrumb\":{\"@id\":\"https:\/\/revistaautobus.com.br\/?p=16526#breadcrumb\"},\"inLanguage\":\"pt-BR\",\"potentialAction\":[{\"@type\":\"ReadAction\",\"target\":[\"https:\/\/revistaautobus.com.br\/?p=16526\"]}]},{\"@type\":\"ImageObject\",\"inLanguage\":\"pt-BR\",\"@id\":\"https:\/\/revistaautobus.com.br\/?p=16526#primaryimage\",\"url\":\"https:\/\/revistaautobus.com.br\/wp-content\/uploads\/2025\/09\/IMG-20250904-WA0069.jpg\",\"contentUrl\":\"https:\/\/revistaautobus.com.br\/wp-content\/uploads\/2025\/09\/IMG-20250904-WA0069.jpg\",\"width\":1600,\"height\":1027},{\"@type\":\"BreadcrumbList\",\"@id\":\"https:\/\/revistaautobus.com.br\/?p=16526#breadcrumb\",\"itemListElement\":[{\"@type\":\"ListItem\",\"position\":1,\"name\":\"In\u00edcio\",\"item\":\"https:\/\/revistaautobus.com.br\/\"},{\"@type\":\"ListItem\",\"position\":2,\"name\":\"Setembro, uma data especial para a Ouro e Prata\"}]},{\"@type\":\"WebSite\",\"@id\":\"https:\/\/revistaautobus.com.br\/#website\",\"url\":\"https:\/\/revistaautobus.com.br\/\",\"name\":\"Revista AutoBus\",\"description\":\"\",\"publisher\":{\"@id\":\"https:\/\/revistaautobus.com.br\/#organization\"},\"potentialAction\":[{\"@type\":\"SearchAction\",\"target\":{\"@type\":\"EntryPoint\",\"urlTemplate\":\"https:\/\/revistaautobus.com.br\/?s={search_term_string}\"},\"query-input\":{\"@type\":\"PropertyValueSpecification\",\"valueRequired\":true,\"valueName\":\"search_term_string\"}}],\"inLanguage\":\"pt-BR\"},{\"@type\":\"Organization\",\"@id\":\"https:\/\/revistaautobus.com.br\/#organization\",\"name\":\"Revista AutoBus\",\"url\":\"https:\/\/revistaautobus.com.br\/\",\"logo\":{\"@type\":\"ImageObject\",\"inLanguage\":\"pt-BR\",\"@id\":\"https:\/\/revistaautobus.com.br\/#\/schema\/logo\/image\/\",\"url\":\"https:\/\/revistaautobus.com.br\/wp-content\/uploads\/2024\/11\/logo_revista_autobus_fb.png\",\"contentUrl\":\"https:\/\/revistaautobus.com.br\/wp-content\/uploads\/2024\/11\/logo_revista_autobus_fb.png\",\"width\":836,\"height\":227,\"caption\":\"Revista AutoBus\"},\"image\":{\"@id\":\"https:\/\/revistaautobus.com.br\/#\/schema\/logo\/image\/\"},\"sameAs\":[\"https:\/\/www.facebook.com\/antonio.ferro.3150\",\"https:\/\/www.instagram.com\/revistaautobus\/\"]},{\"@type\":\"Person\",\"@id\":\"https:\/\/revistaautobus.com.br\/#\/schema\/person\/54af7c3eb83a310e42ef686ef6d16f50\",\"name\":\"Antonio Ferro\",\"image\":{\"@type\":\"ImageObject\",\"inLanguage\":\"pt-BR\",\"@id\":\"https:\/\/revistaautobus.com.br\/wp-content\/uploads\/2025\/12\/editor_antonio_ferro-150x150.jpg\",\"url\":\"https:\/\/revistaautobus.com.br\/wp-content\/uploads\/2025\/12\/editor_antonio_ferro-150x150.jpg\",\"contentUrl\":\"https:\/\/revistaautobus.com.br\/wp-content\/uploads\/2025\/12\/editor_antonio_ferro-150x150.jpg\",\"caption\":\"Antonio Ferro\"},\"description\":\"infobus@uol.com.br\",\"url\":\"https:\/\/revistaautobus.com.br\/?author=2\"}]}<\/script>\n<!-- \/ Yoast SEO plugin. -->","yoast_head_json":{"title":"Setembro, uma data especial para a Ouro e Prata - Revista AutoBus","robots":{"index":"index","follow":"follow","max-snippet":"max-snippet:-1","max-image-preview":"max-image-preview:large","max-video-preview":"max-video-preview:-1"},"canonical":"https:\/\/revistaautobus.com.br\/?p=16526","og_locale":"pt_BR","og_type":"article","og_title":"Setembro, uma data especial para a Ouro e Prata - Revista AutoBus","og_description":"Operadora ga\u00facha chega aos seus 86 anos, umas das mais longevas no setor","og_url":"https:\/\/revistaautobus.com.br\/?p=16526","og_site_name":"Revista AutoBus","article_publisher":"https:\/\/www.facebook.com\/antonio.ferro.3150","article_published_time":"2025-09-08T13:23:08+00:00","article_modified_time":"2025-09-11T13:56:08+00:00","og_image":[{"width":1600,"height":1027,"url":"https:\/\/revistaautobus.com.br\/wp-content\/uploads\/2025\/09\/IMG-20250904-WA0069.jpg","type":"image\/jpeg"}],"author":"Antonio Ferro","twitter_card":"summary_large_image","twitter_misc":{"Escrito por":"Antonio Ferro","Est. tempo de leitura":"4 minutos"},"schema":{"@context":"https:\/\/schema.org","@graph":[{"@type":"Article","@id":"https:\/\/revistaautobus.com.br\/?p=16526#article","isPartOf":{"@id":"https:\/\/revistaautobus.com.br\/?p=16526"},"author":{"name":"Antonio Ferro","@id":"https:\/\/revistaautobus.com.br\/#\/schema\/person\/54af7c3eb83a310e42ef686ef6d16f50"},"headline":"Setembro, uma data especial para a Ouro e Prata","datePublished":"2025-09-08T13:23:08+00:00","dateModified":"2025-09-11T13:56:08+00:00","mainEntityOfPage":{"@id":"https:\/\/revistaautobus.com.br\/?p=16526"},"wordCount":629,"commentCount":0,"publisher":{"@id":"https:\/\/revistaautobus.com.br\/#organization"},"image":{"@id":"https:\/\/revistaautobus.com.br\/?p=16526#primaryimage"},"thumbnailUrl":"https:\/\/revistaautobus.com.br\/wp-content\/uploads\/2025\/09\/IMG-20250904-WA0069.jpg","keywords":["Via\u00e7\u00e3o Ouro e Prata 86 anos"],"articleSection":["Not\u00edcias","Transporte rodovi\u00e1rio"],"inLanguage":"pt-BR","potentialAction":[{"@type":"CommentAction","name":"Comment","target":["https:\/\/revistaautobus.com.br\/?p=16526#respond"]}]},{"@type":"WebPage","@id":"https:\/\/revistaautobus.com.br\/?p=16526","url":"https:\/\/revistaautobus.com.br\/?p=16526","name":"Setembro, uma data especial para a Ouro e Prata - Revista AutoBus","isPartOf":{"@id":"https:\/\/revistaautobus.com.br\/#website"},"primaryImageOfPage":{"@id":"https:\/\/revistaautobus.com.br\/?p=16526#primaryimage"},"image":{"@id":"https:\/\/revistaautobus.com.br\/?p=16526#primaryimage"},"thumbnailUrl":"https:\/\/revistaautobus.com.br\/wp-content\/uploads\/2025\/09\/IMG-20250904-WA0069.jpg","datePublished":"2025-09-08T13:23:08+00:00","dateModified":"2025-09-11T13:56:08+00:00","breadcrumb":{"@id":"https:\/\/revistaautobus.com.br\/?p=16526#breadcrumb"},"inLanguage":"pt-BR","potentialAction":[{"@type":"ReadAction","target":["https:\/\/revistaautobus.com.br\/?p=16526"]}]},{"@type":"ImageObject","inLanguage":"pt-BR","@id":"https:\/\/revistaautobus.com.br\/?p=16526#primaryimage","url":"https:\/\/revistaautobus.com.br\/wp-content\/uploads\/2025\/09\/IMG-20250904-WA0069.jpg","contentUrl":"https:\/\/revistaautobus.com.br\/wp-content\/uploads\/2025\/09\/IMG-20250904-WA0069.jpg","width":1600,"height":1027},{"@type":"BreadcrumbList","@id":"https:\/\/revistaautobus.com.br\/?p=16526#breadcrumb","itemListElement":[{"@type":"ListItem","position":1,"name":"In\u00edcio","item":"https:\/\/revistaautobus.com.br\/"},{"@type":"ListItem","position":2,"name":"Setembro, uma data especial para a Ouro e Prata"}]},{"@type":"WebSite","@id":"https:\/\/revistaautobus.com.br\/#website","url":"https:\/\/revistaautobus.com.br\/","name":"Revista AutoBus","description":"","publisher":{"@id":"https:\/\/revistaautobus.com.br\/#organization"},"potentialAction":[{"@type":"SearchAction","target":{"@type":"EntryPoint","urlTemplate":"https:\/\/revistaautobus.com.br\/?s={search_term_string}"},"query-input":{"@type":"PropertyValueSpecification","valueRequired":true,"valueName":"search_term_string"}}],"inLanguage":"pt-BR"},{"@type":"Organization","@id":"https:\/\/revistaautobus.com.br\/#organization","name":"Revista AutoBus","url":"https:\/\/revistaautobus.com.br\/","logo":{"@type":"ImageObject","inLanguage":"pt-BR","@id":"https:\/\/revistaautobus.com.br\/#\/schema\/logo\/image\/","url":"https:\/\/revistaautobus.com.br\/wp-content\/uploads\/2024\/11\/logo_revista_autobus_fb.png","contentUrl":"https:\/\/revistaautobus.com.br\/wp-content\/uploads\/2024\/11\/logo_revista_autobus_fb.png","width":836,"height":227,"caption":"Revista AutoBus"},"image":{"@id":"https:\/\/revistaautobus.com.br\/#\/schema\/logo\/image\/"},"sameAs":["https:\/\/www.facebook.com\/antonio.ferro.3150","https:\/\/www.instagram.com\/revistaautobus\/"]},{"@type":"Person","@id":"https:\/\/revistaautobus.com.br\/#\/schema\/person\/54af7c3eb83a310e42ef686ef6d16f50","name":"Antonio Ferro","image":{"@type":"ImageObject","inLanguage":"pt-BR","@id":"https:\/\/revistaautobus.com.br\/wp-content\/uploads\/2025\/12\/editor_antonio_ferro-150x150.jpg","url":"https:\/\/revistaautobus.com.br\/wp-content\/uploads\/2025\/12\/editor_antonio_ferro-150x150.jpg","contentUrl":"https:\/\/revistaautobus.com.br\/wp-content\/uploads\/2025\/12\/editor_antonio_ferro-150x150.jpg","caption":"Antonio Ferro"},"description":"infobus@uol.com.br","url":"https:\/\/revistaautobus.com.br\/?author=2"}]}},"jetpack_featured_media_url":"https:\/\/revistaautobus.com.br\/wp-content\/uploads\/2025\/09\/IMG-20250904-WA0069.jpg","jetpack_sharing_enabled":true,"_links":{"self":[{"href":"https:\/\/revistaautobus.com.br\/index.php?rest_route=\/wp\/v2\/posts\/16526","targetHints":{"allow":["GET"]}}],"collection":[{"href":"https:\/\/revistaautobus.com.br\/index.php?rest_route=\/wp\/v2\/posts"}],"about":[{"href":"https:\/\/revistaautobus.com.br\/index.php?rest_route=\/wp\/v2\/types\/post"}],"author":[{"embeddable":true,"href":"https:\/\/revistaautobus.com.br\/index.php?rest_route=\/wp\/v2\/users\/2"}],"replies":[{"embeddable":true,"href":"https:\/\/revistaautobus.com.br\/index.php?rest_route=%2Fwp%2Fv2%2Fcomments&post=16526"}],"version-history":[{"count":5,"href":"https:\/\/revistaautobus.com.br\/index.php?rest_route=\/wp\/v2\/posts\/16526\/revisions"}],"predecessor-version":[{"id":16544,"href":"https:\/\/revistaautobus.com.br\/index.php?rest_route=\/wp\/v2\/posts\/16526\/revisions\/16544"}],"wp:featuredmedia":[{"embeddable":true,"href":"https:\/\/revistaautobus.com.br\/index.php?rest_route=\/wp\/v2\/media\/16527"}],"wp:attachment":[{"href":"https:\/\/revistaautobus.com.br\/index.php?rest_route=%2Fwp%2Fv2%2Fmedia&parent=16526"}],"wp:term":[{"taxonomy":"category","embeddable":true,"href":"https:\/\/revistaautobus.com.br\/index.php?rest_route=%2Fwp%2Fv2%2Fcategories&post=16526"},{"taxonomy":"post_tag","embeddable":true,"href":"https:\/\/revistaautobus.com.br\/index.php?rest_route=%2Fwp%2Fv2%2Ftags&post=16526"}],"curies":[{"name":"wp","href":"https:\/\/api.w.org\/{rel}","templated":true}]}}