{"id":1656,"date":"2019-05-16T12:14:00","date_gmt":"2019-05-16T15:14:00","guid":{"rendered":"https:\/\/vila8.com.br\/clientes\/autobus\/?p=1656"},"modified":"2021-06-23T18:10:47","modified_gmt":"2021-06-23T21:10:47","slug":"visate-renova-sua-frota","status":"publish","type":"post","link":"https:\/\/revistaautobus.com.br\/?p=1656","title":{"rendered":"VISATE renova sua frota"},"content":{"rendered":"\n<p>Reconhecida pelos servi\u00e7os realizados na cidade ga\u00facha de Caxias do Sul, a Via\u00e7\u00e3o Santa Tereza (VISATE) renovou sua frota de \u00f4nibus, com a aquisi\u00e7\u00e3o de mais 32 unidades, encarro\u00e7adas pela Marcopolo, com chassis Mercedes-Benz e Volvo. Os ve\u00edculos, com vers\u00f5es da carro\u00e7aria Torino, est\u00e3o distribu\u00eddos da seguinte forma: 20 unidades em tr\u00eas diferentes configura\u00e7\u00f5es, com 12.740 mm, 11.250 mm e 10.500 mm de comprimento sobre chassis Mercedes-Benz OF1721 e OF1519, com capacidade para transportar entre 32 e 40 passageiros em poltronas City estofadas, al\u00e9m de sistema de monitoramento com grava-\u00e7\u00e3o de imagens, portas USB e Luz Diurna (Day Time Running); seis ve\u00edculos articulados com 20.390 mm de comprimento e capacidade para 180 passageiros, sobre chassis Volvo B340M, tendo c\u00e2mbio autom\u00e1tico, suspens\u00e3o pneum\u00e1tica; e outras seis carro\u00e7arias na vers\u00e3o Low Entry (entrada baixa), com chassi Mercedes-Benz O500 U (motor traseiro), 13.460 mm de comprimento, capacidade para 40 passageiros sentados em poltrona City estofadas e rampa de acesso para pessoas com defici\u00eancia.<\/p>\n\n\n\n<p>A frota da VISATE \u00e9 composta por 100% de carro\u00e7arias Marcopolo. &#8220;A operadora investe constantemente na valoriza\u00e7\u00e3o do transporte p\u00fablico e em novos ve\u00edculos para oferecer um servi\u00e7o de elevado padr\u00e3o de qualidade e efici\u00eancia. \u00c9 muito gratificante colaborar com o excelente padr\u00e3o de qualidade do transporte coletivo do munic\u00edpio, amplamente aprovado pela comunidade. Nossa parceria \u00e9 estreita, longa e forte, e temos fornecido os mais avan\u00e7ados ve\u00edculos para garantir um transporte com aprova\u00e7\u00e3o cada vez maior dos usu\u00e1rios&#8221;, destacou Rodrigo Pikussa, diretor do Neg\u00f3cio \u00d4nibus da Marcopolo.<\/p>\n\n\n\n<p>A concession\u00e1ria do transporte coletivo urbano de Caxias do Sul opera desde 1986. Hoje s\u00e3o 80 linhas, com 7.780 hor\u00e1rios e 100% da frota \u00e9 adaptada de acordo com as Leis de Acessibilidade. Segundo o Instituto Methodus, o transporte p\u00fablico local obteve o resultado geral de 75,9% de satisfa\u00e7\u00e3o dos clientes, o que demonstra a aprova\u00e7\u00e3o da qualidade do servi\u00e7o pelos caxienses.<\/p>\n\n\n\n<p>Imagem &#8211; Gelson Mello da Costa<\/p>\n","protected":false},"excerpt":{"rendered":"<p>A frota da VISATE \u00e9 composta por 100% de carro\u00e7arias Marcopolo. A concession\u00e1ria do transporte coletivo urbano de Caxias do Sul opera desde 1986. Hoje s\u00e3o 80 linhas, com 7.780 hor\u00e1rios <\/p>\n","protected":false},"author":2,"featured_media":1657,"comment_status":"open","ping_status":"open","sticky":false,"template":"","format":"standard","meta":{"_et_pb_use_builder":"off","_et_pb_old_content":"","_et_gb_content_width":"","_jetpack_memberships_contains_paid_content":false,"footnotes":""},"categories":[90],"tags":[],"class_list":["post-1656","post","type-post","status-publish","format-standard","has-post-thumbnail","hentry","category-noticias","et-has-post-format-content","et_post_format-et-post-format-standard"],"yoast_head":"<!-- This site is optimized with the Yoast SEO plugin v27.2 - https:\/\/yoast.com\/product\/yoast-seo-wordpress\/ -->\n<title>VISATE renova sua frota - Revista AutoBus<\/title>\n<meta name=\"robots\" content=\"index, follow, max-snippet:-1, max-image-preview:large, max-video-preview:-1\" \/>\n<link rel=\"canonical\" href=\"https:\/\/revistaautobus.com.br\/?p=1656\" \/>\n<meta property=\"og:locale\" content=\"pt_BR\" \/>\n<meta property=\"og:type\" content=\"article\" \/>\n<meta property=\"og:title\" content=\"VISATE renova sua frota - Revista AutoBus\" \/>\n<meta property=\"og:description\" content=\"A frota da VISATE \u00e9 composta por 100% de carro\u00e7arias Marcopolo. A concession\u00e1ria do transporte coletivo urbano de Caxias do Sul opera desde 1986. Hoje s\u00e3o 80 linhas, com 7.780 hor\u00e1rios\" \/>\n<meta property=\"og:url\" content=\"https:\/\/revistaautobus.com.br\/?p=1656\" \/>\n<meta property=\"og:site_name\" content=\"Revista AutoBus\" \/>\n<meta property=\"article:publisher\" content=\"https:\/\/www.facebook.com\/antonio.ferro.3150\" \/>\n<meta property=\"article:published_time\" content=\"2019-05-16T15:14:00+00:00\" \/>\n<meta property=\"article:modified_time\" content=\"2021-06-23T21:10:47+00:00\" \/>\n<meta property=\"og:image\" content=\"https:\/\/revistaautobus.com.br\/wp-content\/uploads\/2021\/06\/visate-renova-sua-frota-1558030508.jpg\" \/>\n\t<meta property=\"og:image:width\" content=\"1200\" \/>\n\t<meta property=\"og:image:height\" content=\"633\" \/>\n\t<meta property=\"og:image:type\" content=\"image\/jpeg\" \/>\n<meta name=\"author\" content=\"Antonio Ferro\" \/>\n<meta name=\"twitter:card\" content=\"summary_large_image\" \/>\n<meta name=\"twitter:label1\" content=\"Escrito por\" \/>\n\t<meta name=\"twitter:data1\" content=\"Antonio Ferro\" \/>\n\t<meta name=\"twitter:label2\" content=\"Est. tempo de leitura\" \/>\n\t<meta name=\"twitter:data2\" content=\"2 minutos\" \/>\n<script type=\"application\/ld+json\" class=\"yoast-schema-graph\">{\"@context\":\"https:\/\/schema.org\",\"@graph\":[{\"@type\":\"Article\",\"@id\":\"https:\/\/revistaautobus.com.br\/?p=1656#article\",\"isPartOf\":{\"@id\":\"https:\/\/revistaautobus.com.br\/?p=1656\"},\"author\":{\"name\":\"Antonio Ferro\",\"@id\":\"https:\/\/revistaautobus.com.br\/#\/schema\/person\/54af7c3eb83a310e42ef686ef6d16f50\"},\"headline\":\"VISATE renova sua frota\",\"datePublished\":\"2019-05-16T15:14:00+00:00\",\"dateModified\":\"2021-06-23T21:10:47+00:00\",\"mainEntityOfPage\":{\"@id\":\"https:\/\/revistaautobus.com.br\/?p=1656\"},\"wordCount\":343,\"commentCount\":0,\"publisher\":{\"@id\":\"https:\/\/revistaautobus.com.br\/#organization\"},\"image\":{\"@id\":\"https:\/\/revistaautobus.com.br\/?p=1656#primaryimage\"},\"thumbnailUrl\":\"https:\/\/revistaautobus.com.br\/wp-content\/uploads\/2021\/06\/visate-renova-sua-frota-1558030508.jpg\",\"articleSection\":[\"Not\u00edcias\"],\"inLanguage\":\"pt-BR\",\"potentialAction\":[{\"@type\":\"CommentAction\",\"name\":\"Comment\",\"target\":[\"https:\/\/revistaautobus.com.br\/?p=1656#respond\"]}]},{\"@type\":\"WebPage\",\"@id\":\"https:\/\/revistaautobus.com.br\/?p=1656\",\"url\":\"https:\/\/revistaautobus.com.br\/?p=1656\",\"name\":\"VISATE renova sua frota - Revista AutoBus\",\"isPartOf\":{\"@id\":\"https:\/\/revistaautobus.com.br\/#website\"},\"primaryImageOfPage\":{\"@id\":\"https:\/\/revistaautobus.com.br\/?p=1656#primaryimage\"},\"image\":{\"@id\":\"https:\/\/revistaautobus.com.br\/?p=1656#primaryimage\"},\"thumbnailUrl\":\"https:\/\/revistaautobus.com.br\/wp-content\/uploads\/2021\/06\/visate-renova-sua-frota-1558030508.jpg\",\"datePublished\":\"2019-05-16T15:14:00+00:00\",\"dateModified\":\"2021-06-23T21:10:47+00:00\",\"breadcrumb\":{\"@id\":\"https:\/\/revistaautobus.com.br\/?p=1656#breadcrumb\"},\"inLanguage\":\"pt-BR\",\"potentialAction\":[{\"@type\":\"ReadAction\",\"target\":[\"https:\/\/revistaautobus.com.br\/?p=1656\"]}]},{\"@type\":\"ImageObject\",\"inLanguage\":\"pt-BR\",\"@id\":\"https:\/\/revistaautobus.com.br\/?p=1656#primaryimage\",\"url\":\"https:\/\/revistaautobus.com.br\/wp-content\/uploads\/2021\/06\/visate-renova-sua-frota-1558030508.jpg\",\"contentUrl\":\"https:\/\/revistaautobus.com.br\/wp-content\/uploads\/2021\/06\/visate-renova-sua-frota-1558030508.jpg\",\"width\":1200,\"height\":633},{\"@type\":\"BreadcrumbList\",\"@id\":\"https:\/\/revistaautobus.com.br\/?p=1656#breadcrumb\",\"itemListElement\":[{\"@type\":\"ListItem\",\"position\":1,\"name\":\"In\u00edcio\",\"item\":\"https:\/\/revistaautobus.com.br\/\"},{\"@type\":\"ListItem\",\"position\":2,\"name\":\"VISATE renova sua frota\"}]},{\"@type\":\"WebSite\",\"@id\":\"https:\/\/revistaautobus.com.br\/#website\",\"url\":\"https:\/\/revistaautobus.com.br\/\",\"name\":\"Revista AutoBus\",\"description\":\"\",\"publisher\":{\"@id\":\"https:\/\/revistaautobus.com.br\/#organization\"},\"potentialAction\":[{\"@type\":\"SearchAction\",\"target\":{\"@type\":\"EntryPoint\",\"urlTemplate\":\"https:\/\/revistaautobus.com.br\/?s={search_term_string}\"},\"query-input\":{\"@type\":\"PropertyValueSpecification\",\"valueRequired\":true,\"valueName\":\"search_term_string\"}}],\"inLanguage\":\"pt-BR\"},{\"@type\":\"Organization\",\"@id\":\"https:\/\/revistaautobus.com.br\/#organization\",\"name\":\"Revista AutoBus\",\"url\":\"https:\/\/revistaautobus.com.br\/\",\"logo\":{\"@type\":\"ImageObject\",\"inLanguage\":\"pt-BR\",\"@id\":\"https:\/\/revistaautobus.com.br\/#\/schema\/logo\/image\/\",\"url\":\"https:\/\/revistaautobus.com.br\/wp-content\/uploads\/2024\/11\/logo_revista_autobus_fb.png\",\"contentUrl\":\"https:\/\/revistaautobus.com.br\/wp-content\/uploads\/2024\/11\/logo_revista_autobus_fb.png\",\"width\":836,\"height\":227,\"caption\":\"Revista AutoBus\"},\"image\":{\"@id\":\"https:\/\/revistaautobus.com.br\/#\/schema\/logo\/image\/\"},\"sameAs\":[\"https:\/\/www.facebook.com\/antonio.ferro.3150\",\"https:\/\/www.instagram.com\/revistaautobus\/\"]},{\"@type\":\"Person\",\"@id\":\"https:\/\/revistaautobus.com.br\/#\/schema\/person\/54af7c3eb83a310e42ef686ef6d16f50\",\"name\":\"Antonio Ferro\",\"image\":{\"@type\":\"ImageObject\",\"inLanguage\":\"pt-BR\",\"@id\":\"https:\/\/revistaautobus.com.br\/wp-content\/uploads\/2025\/12\/editor_antonio_ferro-150x150.jpg\",\"url\":\"https:\/\/revistaautobus.com.br\/wp-content\/uploads\/2025\/12\/editor_antonio_ferro-150x150.jpg\",\"contentUrl\":\"https:\/\/revistaautobus.com.br\/wp-content\/uploads\/2025\/12\/editor_antonio_ferro-150x150.jpg\",\"caption\":\"Antonio Ferro\"},\"description\":\"infobus@uol.com.br\",\"url\":\"https:\/\/revistaautobus.com.br\/?author=2\"}]}<\/script>\n<!-- \/ Yoast SEO plugin. -->","yoast_head_json":{"title":"VISATE renova sua frota - Revista AutoBus","robots":{"index":"index","follow":"follow","max-snippet":"max-snippet:-1","max-image-preview":"max-image-preview:large","max-video-preview":"max-video-preview:-1"},"canonical":"https:\/\/revistaautobus.com.br\/?p=1656","og_locale":"pt_BR","og_type":"article","og_title":"VISATE renova sua frota - Revista AutoBus","og_description":"A frota da VISATE \u00e9 composta por 100% de carro\u00e7arias Marcopolo. A concession\u00e1ria do transporte coletivo urbano de Caxias do Sul opera desde 1986. Hoje s\u00e3o 80 linhas, com 7.780 hor\u00e1rios","og_url":"https:\/\/revistaautobus.com.br\/?p=1656","og_site_name":"Revista AutoBus","article_publisher":"https:\/\/www.facebook.com\/antonio.ferro.3150","article_published_time":"2019-05-16T15:14:00+00:00","article_modified_time":"2021-06-23T21:10:47+00:00","og_image":[{"width":1200,"height":633,"url":"https:\/\/revistaautobus.com.br\/wp-content\/uploads\/2021\/06\/visate-renova-sua-frota-1558030508.jpg","type":"image\/jpeg"}],"author":"Antonio Ferro","twitter_card":"summary_large_image","twitter_misc":{"Escrito por":"Antonio Ferro","Est. tempo de leitura":"2 minutos"},"schema":{"@context":"https:\/\/schema.org","@graph":[{"@type":"Article","@id":"https:\/\/revistaautobus.com.br\/?p=1656#article","isPartOf":{"@id":"https:\/\/revistaautobus.com.br\/?p=1656"},"author":{"name":"Antonio Ferro","@id":"https:\/\/revistaautobus.com.br\/#\/schema\/person\/54af7c3eb83a310e42ef686ef6d16f50"},"headline":"VISATE renova sua frota","datePublished":"2019-05-16T15:14:00+00:00","dateModified":"2021-06-23T21:10:47+00:00","mainEntityOfPage":{"@id":"https:\/\/revistaautobus.com.br\/?p=1656"},"wordCount":343,"commentCount":0,"publisher":{"@id":"https:\/\/revistaautobus.com.br\/#organization"},"image":{"@id":"https:\/\/revistaautobus.com.br\/?p=1656#primaryimage"},"thumbnailUrl":"https:\/\/revistaautobus.com.br\/wp-content\/uploads\/2021\/06\/visate-renova-sua-frota-1558030508.jpg","articleSection":["Not\u00edcias"],"inLanguage":"pt-BR","potentialAction":[{"@type":"CommentAction","name":"Comment","target":["https:\/\/revistaautobus.com.br\/?p=1656#respond"]}]},{"@type":"WebPage","@id":"https:\/\/revistaautobus.com.br\/?p=1656","url":"https:\/\/revistaautobus.com.br\/?p=1656","name":"VISATE renova sua frota - Revista AutoBus","isPartOf":{"@id":"https:\/\/revistaautobus.com.br\/#website"},"primaryImageOfPage":{"@id":"https:\/\/revistaautobus.com.br\/?p=1656#primaryimage"},"image":{"@id":"https:\/\/revistaautobus.com.br\/?p=1656#primaryimage"},"thumbnailUrl":"https:\/\/revistaautobus.com.br\/wp-content\/uploads\/2021\/06\/visate-renova-sua-frota-1558030508.jpg","datePublished":"2019-05-16T15:14:00+00:00","dateModified":"2021-06-23T21:10:47+00:00","breadcrumb":{"@id":"https:\/\/revistaautobus.com.br\/?p=1656#breadcrumb"},"inLanguage":"pt-BR","potentialAction":[{"@type":"ReadAction","target":["https:\/\/revistaautobus.com.br\/?p=1656"]}]},{"@type":"ImageObject","inLanguage":"pt-BR","@id":"https:\/\/revistaautobus.com.br\/?p=1656#primaryimage","url":"https:\/\/revistaautobus.com.br\/wp-content\/uploads\/2021\/06\/visate-renova-sua-frota-1558030508.jpg","contentUrl":"https:\/\/revistaautobus.com.br\/wp-content\/uploads\/2021\/06\/visate-renova-sua-frota-1558030508.jpg","width":1200,"height":633},{"@type":"BreadcrumbList","@id":"https:\/\/revistaautobus.com.br\/?p=1656#breadcrumb","itemListElement":[{"@type":"ListItem","position":1,"name":"In\u00edcio","item":"https:\/\/revistaautobus.com.br\/"},{"@type":"ListItem","position":2,"name":"VISATE renova sua frota"}]},{"@type":"WebSite","@id":"https:\/\/revistaautobus.com.br\/#website","url":"https:\/\/revistaautobus.com.br\/","name":"Revista AutoBus","description":"","publisher":{"@id":"https:\/\/revistaautobus.com.br\/#organization"},"potentialAction":[{"@type":"SearchAction","target":{"@type":"EntryPoint","urlTemplate":"https:\/\/revistaautobus.com.br\/?s={search_term_string}"},"query-input":{"@type":"PropertyValueSpecification","valueRequired":true,"valueName":"search_term_string"}}],"inLanguage":"pt-BR"},{"@type":"Organization","@id":"https:\/\/revistaautobus.com.br\/#organization","name":"Revista AutoBus","url":"https:\/\/revistaautobus.com.br\/","logo":{"@type":"ImageObject","inLanguage":"pt-BR","@id":"https:\/\/revistaautobus.com.br\/#\/schema\/logo\/image\/","url":"https:\/\/revistaautobus.com.br\/wp-content\/uploads\/2024\/11\/logo_revista_autobus_fb.png","contentUrl":"https:\/\/revistaautobus.com.br\/wp-content\/uploads\/2024\/11\/logo_revista_autobus_fb.png","width":836,"height":227,"caption":"Revista AutoBus"},"image":{"@id":"https:\/\/revistaautobus.com.br\/#\/schema\/logo\/image\/"},"sameAs":["https:\/\/www.facebook.com\/antonio.ferro.3150","https:\/\/www.instagram.com\/revistaautobus\/"]},{"@type":"Person","@id":"https:\/\/revistaautobus.com.br\/#\/schema\/person\/54af7c3eb83a310e42ef686ef6d16f50","name":"Antonio Ferro","image":{"@type":"ImageObject","inLanguage":"pt-BR","@id":"https:\/\/revistaautobus.com.br\/wp-content\/uploads\/2025\/12\/editor_antonio_ferro-150x150.jpg","url":"https:\/\/revistaautobus.com.br\/wp-content\/uploads\/2025\/12\/editor_antonio_ferro-150x150.jpg","contentUrl":"https:\/\/revistaautobus.com.br\/wp-content\/uploads\/2025\/12\/editor_antonio_ferro-150x150.jpg","caption":"Antonio Ferro"},"description":"infobus@uol.com.br","url":"https:\/\/revistaautobus.com.br\/?author=2"}]}},"jetpack_featured_media_url":"https:\/\/revistaautobus.com.br\/wp-content\/uploads\/2021\/06\/visate-renova-sua-frota-1558030508.jpg","jetpack_sharing_enabled":true,"_links":{"self":[{"href":"https:\/\/revistaautobus.com.br\/index.php?rest_route=\/wp\/v2\/posts\/1656","targetHints":{"allow":["GET"]}}],"collection":[{"href":"https:\/\/revistaautobus.com.br\/index.php?rest_route=\/wp\/v2\/posts"}],"about":[{"href":"https:\/\/revistaautobus.com.br\/index.php?rest_route=\/wp\/v2\/types\/post"}],"author":[{"embeddable":true,"href":"https:\/\/revistaautobus.com.br\/index.php?rest_route=\/wp\/v2\/users\/2"}],"replies":[{"embeddable":true,"href":"https:\/\/revistaautobus.com.br\/index.php?rest_route=%2Fwp%2Fv2%2Fcomments&post=1656"}],"version-history":[{"count":1,"href":"https:\/\/revistaautobus.com.br\/index.php?rest_route=\/wp\/v2\/posts\/1656\/revisions"}],"predecessor-version":[{"id":1658,"href":"https:\/\/revistaautobus.com.br\/index.php?rest_route=\/wp\/v2\/posts\/1656\/revisions\/1658"}],"wp:featuredmedia":[{"embeddable":true,"href":"https:\/\/revistaautobus.com.br\/index.php?rest_route=\/wp\/v2\/media\/1657"}],"wp:attachment":[{"href":"https:\/\/revistaautobus.com.br\/index.php?rest_route=%2Fwp%2Fv2%2Fmedia&parent=1656"}],"wp:term":[{"taxonomy":"category","embeddable":true,"href":"https:\/\/revistaautobus.com.br\/index.php?rest_route=%2Fwp%2Fv2%2Fcategories&post=1656"},{"taxonomy":"post_tag","embeddable":true,"href":"https:\/\/revistaautobus.com.br\/index.php?rest_route=%2Fwp%2Fv2%2Ftags&post=1656"}],"curies":[{"name":"wp","href":"https:\/\/api.w.org\/{rel}","templated":true}]}}