{"id":16589,"date":"2025-09-15T08:25:38","date_gmt":"2025-09-15T11:25:38","guid":{"rendered":"https:\/\/revistaautobus.com.br\/?p=16589"},"modified":"2025-09-15T08:25:38","modified_gmt":"2025-09-15T11:25:38","slug":"alem-fronteiras","status":"publish","type":"post","link":"https:\/\/revistaautobus.com.br\/?p=16589","title":{"rendered":"Al\u00e9m fronteiras"},"content":{"rendered":"<p>Com a estrat\u00e9gia de investir, continuamente, em novas ferramentas e tecnologias para aprimorar a experi\u00eancia do cliente, tendo iniciativas pioneiras como a implanta\u00e7\u00e3o do bilhete eletr\u00f4nico no Pa\u00eds, al\u00e9m da explora\u00e7\u00e3o de solu\u00e7\u00f5es SAP voltadas para compra digital, personaliza\u00e7\u00e3o do relacionamento e efici\u00eancia no atendimento, a capixaba Via\u00e7\u00e3o \u00c1guia Branca se destaca no setor rodovi\u00e1rio de passageiros com uma gest\u00e3o moderna e tecnol\u00f3gica.<\/p>\n<p>E, nesse contexto, a operadora participou, recentemente, do SAP <em>Fashion Executive Exchange<\/em>, realizado na cidade de Nova York (EUA), entre os dias 8 e 10 de setembro, onde clientes da SAP Am\u00e9ricas, multinacional alem\u00e3 de <em>software<\/em> empresarial, estiveram presentes para debater inova\u00e7\u00e3o e evolu\u00e7\u00e3o digital nos sistemas corporativos de diferentes segmentos.<\/p>\n<p>A gerente-executiva de Marketing e Digital da \u00c1guia Branca, Grasiella Drumond, participou de um painel ao lado de Tiago Altenburg, CEO da Altenburg, e de Natalia Quadros, vice-presidente de Vendas da SAP, sendo que o debate abordou a digitaliza\u00e7\u00e3o de servi\u00e7os e processos, ressaltando como a parceria com a SAP e a Discover tem apoiado as estrat\u00e9gias digitais da Via\u00e7\u00e3o \u00c1guia Branca, pioneira em iniciativas de inova\u00e7\u00e3o e relacionamento com o cliente no setor rodovi\u00e1rio, incluindo a implanta\u00e7\u00e3o do bilhete eletr\u00f4nico, que permite ao passageiro apresentar a passagem diretamente no celular, sem necessidade de papel.<\/p>\n<div id=\"attachment_16591\" style=\"width: 291px\" class=\"wp-caption aligncenter\"><img loading=\"lazy\" decoding=\"async\" aria-describedby=\"caption-attachment-16591\" class=\"wp-image-16591\" src=\"https:\/\/revistaautobus.com.br\/wp-content\/uploads\/2025\/09\/Viacao-Aguia-Branca-reforca-lideranca-em-inovacao-e-experiencia-do-cliente-em-evento-internacional-3-169x300.jpeg\" alt=\"\" width=\"281\" height=\"500\" srcset=\"https:\/\/revistaautobus.com.br\/wp-content\/uploads\/2025\/09\/Viacao-Aguia-Branca-reforca-lideranca-em-inovacao-e-experiencia-do-cliente-em-evento-internacional-3-169x300.jpeg 169w, https:\/\/revistaautobus.com.br\/wp-content\/uploads\/2025\/09\/Viacao-Aguia-Branca-reforca-lideranca-em-inovacao-e-experiencia-do-cliente-em-evento-internacional-3-576x1024.jpeg 576w, https:\/\/revistaautobus.com.br\/wp-content\/uploads\/2025\/09\/Viacao-Aguia-Branca-reforca-lideranca-em-inovacao-e-experiencia-do-cliente-em-evento-internacional-3-768x1365.jpeg 768w, https:\/\/revistaautobus.com.br\/wp-content\/uploads\/2025\/09\/Viacao-Aguia-Branca-reforca-lideranca-em-inovacao-e-experiencia-do-cliente-em-evento-internacional-3-864x1536.jpeg 864w, https:\/\/revistaautobus.com.br\/wp-content\/uploads\/2025\/09\/Viacao-Aguia-Branca-reforca-lideranca-em-inovacao-e-experiencia-do-cliente-em-evento-internacional-3.jpeg 900w\" sizes=\"(max-width: 281px) 100vw, 281px\" \/><p id=\"caption-attachment-16591\" class=\"wp-caption-text\"><span style=\"color: #ff6600;\"><strong><em>Grasiella Drumond<\/em><\/strong><\/span><\/p><\/div>\n<p>De acordo com a transportadora, essa trajet\u00f3ria de pioneirismo se reflete, tamb\u00e9m, em sua busca constante por novas solu\u00e7\u00f5es que modernizem e digitalizem seus processos, com investimentos em ferramentas como o SAP CX Commerce Cloud, que torna a jornada de compra mais simples e intuitiva; o SAP Emarsys, que possibilita maior personaliza\u00e7\u00e3o no relacionamento com os clientes por meio de campanhas direcionadas; e o SAP Service Cloud, que oferece potencial para aumentar a agilidade e a efici\u00eancia no atendimento e na gest\u00e3o das demandas dos passageiros. \u201cFoi uma oportunidade \u00fanica de compartilhar e aprender com experi\u00eancias de diferentes setores que tamb\u00e9m passam por uma transforma\u00e7\u00e3o digital. As solu\u00e7\u00f5es SAP s\u00e3o fundamentais para oferecermos uma jornada de viagem cada vez mais simples, personalizada e eficiente para o nosso passageiro. Mais do que adotar tecnologia, buscamos compreender como ela pode ampliar a conex\u00e3o com nossos clientes e fortalecer a confian\u00e7a que depositam em n\u00f3s. Essa experi\u00eancia confirma que estamos no caminho certo e nos inspira a seguir inovando para que a \u00c1guia Branca continue sendo refer\u00eancia no transporte rodovi\u00e1rio de passageiros\u201d, ressaltou Grasiella.<\/p>\n<p>Imagens &#8211; Divulga\u00e7\u00e3o<\/p>\n","protected":false},"excerpt":{"rendered":"<p>A brasileira, Via\u00e7\u00e3o \u00c1guia Branca, foi a \u00fanica do setor de transporte a participar do SAP Fashion Executive Exchange New York<\/p>\n","protected":false},"author":2,"featured_media":16590,"comment_status":"open","ping_status":"open","sticky":false,"template":"","format":"standard","meta":{"_et_pb_use_builder":"","_et_pb_old_content":"","_et_gb_content_width":"","_jetpack_memberships_contains_paid_content":false,"footnotes":""},"categories":[90,80],"tags":[394],"class_list":["post-16589","post","type-post","status-publish","format-standard","has-post-thumbnail","hentry","category-noticias","category-transporte-rodoviario","tag-viacao-aguia-branca","et-has-post-format-content","et_post_format-et-post-format-standard"],"yoast_head":"<!-- This site is optimized with the Yoast SEO plugin v27.2 - https:\/\/yoast.com\/product\/yoast-seo-wordpress\/ -->\n<title>Al\u00e9m fronteiras - Revista AutoBus<\/title>\n<meta name=\"robots\" content=\"index, follow, max-snippet:-1, max-image-preview:large, max-video-preview:-1\" \/>\n<link rel=\"canonical\" href=\"https:\/\/revistaautobus.com.br\/?p=16589\" \/>\n<meta property=\"og:locale\" content=\"pt_BR\" \/>\n<meta property=\"og:type\" content=\"article\" \/>\n<meta property=\"og:title\" content=\"Al\u00e9m fronteiras - Revista AutoBus\" \/>\n<meta property=\"og:description\" content=\"A brasileira, Via\u00e7\u00e3o \u00c1guia Branca, foi a \u00fanica do setor de transporte a participar do SAP Fashion Executive Exchange New York\" \/>\n<meta property=\"og:url\" content=\"https:\/\/revistaautobus.com.br\/?p=16589\" \/>\n<meta property=\"og:site_name\" content=\"Revista AutoBus\" \/>\n<meta property=\"article:publisher\" content=\"https:\/\/www.facebook.com\/antonio.ferro.3150\" \/>\n<meta property=\"article:published_time\" content=\"2025-09-15T11:25:38+00:00\" \/>\n<meta property=\"og:image\" content=\"https:\/\/revistaautobus.com.br\/wp-content\/uploads\/2025\/09\/Aguia-Branca-EUA.jpeg\" \/>\n\t<meta property=\"og:image:width\" content=\"900\" \/>\n\t<meta property=\"og:image:height\" content=\"915\" \/>\n\t<meta property=\"og:image:type\" content=\"image\/jpeg\" \/>\n<meta name=\"author\" content=\"Antonio Ferro\" \/>\n<meta name=\"twitter:card\" content=\"summary_large_image\" \/>\n<meta name=\"twitter:label1\" content=\"Escrito por\" \/>\n\t<meta name=\"twitter:data1\" content=\"Antonio Ferro\" \/>\n\t<meta name=\"twitter:label2\" content=\"Est. tempo de leitura\" \/>\n\t<meta name=\"twitter:data2\" content=\"3 minutos\" \/>\n<script type=\"application\/ld+json\" class=\"yoast-schema-graph\">{\"@context\":\"https:\/\/schema.org\",\"@graph\":[{\"@type\":\"Article\",\"@id\":\"https:\/\/revistaautobus.com.br\/?p=16589#article\",\"isPartOf\":{\"@id\":\"https:\/\/revistaautobus.com.br\/?p=16589\"},\"author\":{\"name\":\"Antonio Ferro\",\"@id\":\"https:\/\/revistaautobus.com.br\/#\/schema\/person\/54af7c3eb83a310e42ef686ef6d16f50\"},\"headline\":\"Al\u00e9m fronteiras\",\"datePublished\":\"2025-09-15T11:25:38+00:00\",\"mainEntityOfPage\":{\"@id\":\"https:\/\/revistaautobus.com.br\/?p=16589\"},\"wordCount\":446,\"commentCount\":0,\"publisher\":{\"@id\":\"https:\/\/revistaautobus.com.br\/#organization\"},\"image\":{\"@id\":\"https:\/\/revistaautobus.com.br\/?p=16589#primaryimage\"},\"thumbnailUrl\":\"https:\/\/revistaautobus.com.br\/wp-content\/uploads\/2025\/09\/Aguia-Branca-EUA.jpeg\",\"keywords\":[\"Via\u00e7\u00e3o \u00c1guia Branca\"],\"articleSection\":[\"Not\u00edcias\",\"Transporte rodovi\u00e1rio\"],\"inLanguage\":\"pt-BR\",\"potentialAction\":[{\"@type\":\"CommentAction\",\"name\":\"Comment\",\"target\":[\"https:\/\/revistaautobus.com.br\/?p=16589#respond\"]}]},{\"@type\":\"WebPage\",\"@id\":\"https:\/\/revistaautobus.com.br\/?p=16589\",\"url\":\"https:\/\/revistaautobus.com.br\/?p=16589\",\"name\":\"Al\u00e9m fronteiras - Revista AutoBus\",\"isPartOf\":{\"@id\":\"https:\/\/revistaautobus.com.br\/#website\"},\"primaryImageOfPage\":{\"@id\":\"https:\/\/revistaautobus.com.br\/?p=16589#primaryimage\"},\"image\":{\"@id\":\"https:\/\/revistaautobus.com.br\/?p=16589#primaryimage\"},\"thumbnailUrl\":\"https:\/\/revistaautobus.com.br\/wp-content\/uploads\/2025\/09\/Aguia-Branca-EUA.jpeg\",\"datePublished\":\"2025-09-15T11:25:38+00:00\",\"breadcrumb\":{\"@id\":\"https:\/\/revistaautobus.com.br\/?p=16589#breadcrumb\"},\"inLanguage\":\"pt-BR\",\"potentialAction\":[{\"@type\":\"ReadAction\",\"target\":[\"https:\/\/revistaautobus.com.br\/?p=16589\"]}]},{\"@type\":\"ImageObject\",\"inLanguage\":\"pt-BR\",\"@id\":\"https:\/\/revistaautobus.com.br\/?p=16589#primaryimage\",\"url\":\"https:\/\/revistaautobus.com.br\/wp-content\/uploads\/2025\/09\/Aguia-Branca-EUA.jpeg\",\"contentUrl\":\"https:\/\/revistaautobus.com.br\/wp-content\/uploads\/2025\/09\/Aguia-Branca-EUA.jpeg\",\"width\":900,\"height\":915},{\"@type\":\"BreadcrumbList\",\"@id\":\"https:\/\/revistaautobus.com.br\/?p=16589#breadcrumb\",\"itemListElement\":[{\"@type\":\"ListItem\",\"position\":1,\"name\":\"In\u00edcio\",\"item\":\"https:\/\/revistaautobus.com.br\/\"},{\"@type\":\"ListItem\",\"position\":2,\"name\":\"Al\u00e9m fronteiras\"}]},{\"@type\":\"WebSite\",\"@id\":\"https:\/\/revistaautobus.com.br\/#website\",\"url\":\"https:\/\/revistaautobus.com.br\/\",\"name\":\"Revista AutoBus\",\"description\":\"\",\"publisher\":{\"@id\":\"https:\/\/revistaautobus.com.br\/#organization\"},\"potentialAction\":[{\"@type\":\"SearchAction\",\"target\":{\"@type\":\"EntryPoint\",\"urlTemplate\":\"https:\/\/revistaautobus.com.br\/?s={search_term_string}\"},\"query-input\":{\"@type\":\"PropertyValueSpecification\",\"valueRequired\":true,\"valueName\":\"search_term_string\"}}],\"inLanguage\":\"pt-BR\"},{\"@type\":\"Organization\",\"@id\":\"https:\/\/revistaautobus.com.br\/#organization\",\"name\":\"Revista AutoBus\",\"url\":\"https:\/\/revistaautobus.com.br\/\",\"logo\":{\"@type\":\"ImageObject\",\"inLanguage\":\"pt-BR\",\"@id\":\"https:\/\/revistaautobus.com.br\/#\/schema\/logo\/image\/\",\"url\":\"https:\/\/revistaautobus.com.br\/wp-content\/uploads\/2024\/11\/logo_revista_autobus_fb.png\",\"contentUrl\":\"https:\/\/revistaautobus.com.br\/wp-content\/uploads\/2024\/11\/logo_revista_autobus_fb.png\",\"width\":836,\"height\":227,\"caption\":\"Revista AutoBus\"},\"image\":{\"@id\":\"https:\/\/revistaautobus.com.br\/#\/schema\/logo\/image\/\"},\"sameAs\":[\"https:\/\/www.facebook.com\/antonio.ferro.3150\",\"https:\/\/www.instagram.com\/revistaautobus\/\"]},{\"@type\":\"Person\",\"@id\":\"https:\/\/revistaautobus.com.br\/#\/schema\/person\/54af7c3eb83a310e42ef686ef6d16f50\",\"name\":\"Antonio Ferro\",\"image\":{\"@type\":\"ImageObject\",\"inLanguage\":\"pt-BR\",\"@id\":\"https:\/\/revistaautobus.com.br\/wp-content\/uploads\/2025\/12\/editor_antonio_ferro-150x150.jpg\",\"url\":\"https:\/\/revistaautobus.com.br\/wp-content\/uploads\/2025\/12\/editor_antonio_ferro-150x150.jpg\",\"contentUrl\":\"https:\/\/revistaautobus.com.br\/wp-content\/uploads\/2025\/12\/editor_antonio_ferro-150x150.jpg\",\"caption\":\"Antonio Ferro\"},\"description\":\"infobus@uol.com.br\",\"url\":\"https:\/\/revistaautobus.com.br\/?author=2\"}]}<\/script>\n<!-- \/ Yoast SEO plugin. -->","yoast_head_json":{"title":"Al\u00e9m fronteiras - Revista AutoBus","robots":{"index":"index","follow":"follow","max-snippet":"max-snippet:-1","max-image-preview":"max-image-preview:large","max-video-preview":"max-video-preview:-1"},"canonical":"https:\/\/revistaautobus.com.br\/?p=16589","og_locale":"pt_BR","og_type":"article","og_title":"Al\u00e9m fronteiras - Revista AutoBus","og_description":"A brasileira, Via\u00e7\u00e3o \u00c1guia Branca, foi a \u00fanica do setor de transporte a participar do SAP Fashion Executive Exchange New York","og_url":"https:\/\/revistaautobus.com.br\/?p=16589","og_site_name":"Revista AutoBus","article_publisher":"https:\/\/www.facebook.com\/antonio.ferro.3150","article_published_time":"2025-09-15T11:25:38+00:00","og_image":[{"width":900,"height":915,"url":"https:\/\/revistaautobus.com.br\/wp-content\/uploads\/2025\/09\/Aguia-Branca-EUA.jpeg","type":"image\/jpeg"}],"author":"Antonio Ferro","twitter_card":"summary_large_image","twitter_misc":{"Escrito por":"Antonio Ferro","Est. tempo de leitura":"3 minutos"},"schema":{"@context":"https:\/\/schema.org","@graph":[{"@type":"Article","@id":"https:\/\/revistaautobus.com.br\/?p=16589#article","isPartOf":{"@id":"https:\/\/revistaautobus.com.br\/?p=16589"},"author":{"name":"Antonio Ferro","@id":"https:\/\/revistaautobus.com.br\/#\/schema\/person\/54af7c3eb83a310e42ef686ef6d16f50"},"headline":"Al\u00e9m fronteiras","datePublished":"2025-09-15T11:25:38+00:00","mainEntityOfPage":{"@id":"https:\/\/revistaautobus.com.br\/?p=16589"},"wordCount":446,"commentCount":0,"publisher":{"@id":"https:\/\/revistaautobus.com.br\/#organization"},"image":{"@id":"https:\/\/revistaautobus.com.br\/?p=16589#primaryimage"},"thumbnailUrl":"https:\/\/revistaautobus.com.br\/wp-content\/uploads\/2025\/09\/Aguia-Branca-EUA.jpeg","keywords":["Via\u00e7\u00e3o \u00c1guia Branca"],"articleSection":["Not\u00edcias","Transporte rodovi\u00e1rio"],"inLanguage":"pt-BR","potentialAction":[{"@type":"CommentAction","name":"Comment","target":["https:\/\/revistaautobus.com.br\/?p=16589#respond"]}]},{"@type":"WebPage","@id":"https:\/\/revistaautobus.com.br\/?p=16589","url":"https:\/\/revistaautobus.com.br\/?p=16589","name":"Al\u00e9m fronteiras - Revista AutoBus","isPartOf":{"@id":"https:\/\/revistaautobus.com.br\/#website"},"primaryImageOfPage":{"@id":"https:\/\/revistaautobus.com.br\/?p=16589#primaryimage"},"image":{"@id":"https:\/\/revistaautobus.com.br\/?p=16589#primaryimage"},"thumbnailUrl":"https:\/\/revistaautobus.com.br\/wp-content\/uploads\/2025\/09\/Aguia-Branca-EUA.jpeg","datePublished":"2025-09-15T11:25:38+00:00","breadcrumb":{"@id":"https:\/\/revistaautobus.com.br\/?p=16589#breadcrumb"},"inLanguage":"pt-BR","potentialAction":[{"@type":"ReadAction","target":["https:\/\/revistaautobus.com.br\/?p=16589"]}]},{"@type":"ImageObject","inLanguage":"pt-BR","@id":"https:\/\/revistaautobus.com.br\/?p=16589#primaryimage","url":"https:\/\/revistaautobus.com.br\/wp-content\/uploads\/2025\/09\/Aguia-Branca-EUA.jpeg","contentUrl":"https:\/\/revistaautobus.com.br\/wp-content\/uploads\/2025\/09\/Aguia-Branca-EUA.jpeg","width":900,"height":915},{"@type":"BreadcrumbList","@id":"https:\/\/revistaautobus.com.br\/?p=16589#breadcrumb","itemListElement":[{"@type":"ListItem","position":1,"name":"In\u00edcio","item":"https:\/\/revistaautobus.com.br\/"},{"@type":"ListItem","position":2,"name":"Al\u00e9m fronteiras"}]},{"@type":"WebSite","@id":"https:\/\/revistaautobus.com.br\/#website","url":"https:\/\/revistaautobus.com.br\/","name":"Revista AutoBus","description":"","publisher":{"@id":"https:\/\/revistaautobus.com.br\/#organization"},"potentialAction":[{"@type":"SearchAction","target":{"@type":"EntryPoint","urlTemplate":"https:\/\/revistaautobus.com.br\/?s={search_term_string}"},"query-input":{"@type":"PropertyValueSpecification","valueRequired":true,"valueName":"search_term_string"}}],"inLanguage":"pt-BR"},{"@type":"Organization","@id":"https:\/\/revistaautobus.com.br\/#organization","name":"Revista AutoBus","url":"https:\/\/revistaautobus.com.br\/","logo":{"@type":"ImageObject","inLanguage":"pt-BR","@id":"https:\/\/revistaautobus.com.br\/#\/schema\/logo\/image\/","url":"https:\/\/revistaautobus.com.br\/wp-content\/uploads\/2024\/11\/logo_revista_autobus_fb.png","contentUrl":"https:\/\/revistaautobus.com.br\/wp-content\/uploads\/2024\/11\/logo_revista_autobus_fb.png","width":836,"height":227,"caption":"Revista AutoBus"},"image":{"@id":"https:\/\/revistaautobus.com.br\/#\/schema\/logo\/image\/"},"sameAs":["https:\/\/www.facebook.com\/antonio.ferro.3150","https:\/\/www.instagram.com\/revistaautobus\/"]},{"@type":"Person","@id":"https:\/\/revistaautobus.com.br\/#\/schema\/person\/54af7c3eb83a310e42ef686ef6d16f50","name":"Antonio Ferro","image":{"@type":"ImageObject","inLanguage":"pt-BR","@id":"https:\/\/revistaautobus.com.br\/wp-content\/uploads\/2025\/12\/editor_antonio_ferro-150x150.jpg","url":"https:\/\/revistaautobus.com.br\/wp-content\/uploads\/2025\/12\/editor_antonio_ferro-150x150.jpg","contentUrl":"https:\/\/revistaautobus.com.br\/wp-content\/uploads\/2025\/12\/editor_antonio_ferro-150x150.jpg","caption":"Antonio Ferro"},"description":"infobus@uol.com.br","url":"https:\/\/revistaautobus.com.br\/?author=2"}]}},"jetpack_featured_media_url":"https:\/\/revistaautobus.com.br\/wp-content\/uploads\/2025\/09\/Aguia-Branca-EUA.jpeg","jetpack_sharing_enabled":true,"_links":{"self":[{"href":"https:\/\/revistaautobus.com.br\/index.php?rest_route=\/wp\/v2\/posts\/16589","targetHints":{"allow":["GET"]}}],"collection":[{"href":"https:\/\/revistaautobus.com.br\/index.php?rest_route=\/wp\/v2\/posts"}],"about":[{"href":"https:\/\/revistaautobus.com.br\/index.php?rest_route=\/wp\/v2\/types\/post"}],"author":[{"embeddable":true,"href":"https:\/\/revistaautobus.com.br\/index.php?rest_route=\/wp\/v2\/users\/2"}],"replies":[{"embeddable":true,"href":"https:\/\/revistaautobus.com.br\/index.php?rest_route=%2Fwp%2Fv2%2Fcomments&post=16589"}],"version-history":[{"count":2,"href":"https:\/\/revistaautobus.com.br\/index.php?rest_route=\/wp\/v2\/posts\/16589\/revisions"}],"predecessor-version":[{"id":16593,"href":"https:\/\/revistaautobus.com.br\/index.php?rest_route=\/wp\/v2\/posts\/16589\/revisions\/16593"}],"wp:featuredmedia":[{"embeddable":true,"href":"https:\/\/revistaautobus.com.br\/index.php?rest_route=\/wp\/v2\/media\/16590"}],"wp:attachment":[{"href":"https:\/\/revistaautobus.com.br\/index.php?rest_route=%2Fwp%2Fv2%2Fmedia&parent=16589"}],"wp:term":[{"taxonomy":"category","embeddable":true,"href":"https:\/\/revistaautobus.com.br\/index.php?rest_route=%2Fwp%2Fv2%2Fcategories&post=16589"},{"taxonomy":"post_tag","embeddable":true,"href":"https:\/\/revistaautobus.com.br\/index.php?rest_route=%2Fwp%2Fv2%2Ftags&post=16589"}],"curies":[{"name":"wp","href":"https:\/\/api.w.org\/{rel}","templated":true}]}}