{"id":16594,"date":"2025-09-15T09:49:01","date_gmt":"2025-09-15T12:49:01","guid":{"rendered":"https:\/\/revistaautobus.com.br\/?p=16594"},"modified":"2025-09-15T09:49:16","modified_gmt":"2025-09-15T12:49:16","slug":"fretamento-busca-se-adequar-aos-seus-desafios","status":"publish","type":"post","link":"https:\/\/revistaautobus.com.br\/?p=16594","title":{"rendered":"Fretamento busca se adequar aos seus desafios"},"content":{"rendered":"<p>Se n\u00e3o espinhosos, assuntos que causam apreens\u00e3o a quem est\u00e1 ligado ao setor de fretamento. Estamos falando de dois temas relacionados com o cotidiano das opera\u00e7\u00f5es do transporte fretado \u2013 reforma tribut\u00e1ria e a jornada do motorista. As pautas foram debatidas durante o 1\u00ba F\u00f3rum das Empresas de Fretamento e Turismo, iniciativa conjunta do Sindicato das Empresas de Transporte de Passageiros por Fretamento e para Turismo de S\u00e3o Paulo \u2013 TRANSFRETUR -, e da Federa\u00e7\u00e3o dos Trabalhadores em Transportes Rodovi\u00e1rios do Estado de S\u00e3o Paulo \u2013 FTTRESP.<\/p>\n<p>Para ressaltar esses temas, as entidades representativas contaram com o apoio de especialistas, juristas e desembargadores trabalhistas, que abordaram os impactos da reforma tribut\u00e1ria e a aplica\u00e7\u00e3o da decis\u00e3o do Supremo Tribunal Federal na ADI 5322. Jorge Miguel, presidente do TRANSFRETUR, disse que a primeira edi\u00e7\u00e3o do F\u00f3rum das Empresas de Fretamento e Turismo pode ser considerado um marco de coopera\u00e7\u00e3o institucional, visando fomentar solu\u00e7\u00f5es jur\u00eddicas que respeitem os direitos fundamentais dos trabalhadores e, ao mesmo tempo, garantam a sustentabilidade operacional das empresas de fretamento. \u201cAo reunir magistrados, advogados, empregadores e representantes dos trabalhadores, o evento buscou estimular o di\u00e1logo, a seguran\u00e7a jur\u00eddica e o fortalecimento da negocia\u00e7\u00e3o coletiva como instrumento leg\u00edtimo de equil\u00edbrio e progresso no setor\u201d, observou.<\/p>\n<p>Para o executivo, dentre os assuntos destacados, o da carga tribut\u00e1ria, junto \u00e0 reforma tribut\u00e1ria em andamento no Pa\u00eds, ir\u00e1 causar impactos ao setor, sendo que a pergunta que fica \u00e9 quais as suas consequ\u00eancias e como minimiz\u00e1-las. \u201cFizemos uma parceria com o escrit\u00f3rio de advocacia SLM (Stefani, Lima, Martins), especializado em quest\u00f5es tribut\u00e1rias, para nos auxiliar por meio de um plant\u00e3o semanal onde nossos associados podem tirar suas d\u00favidas relacionadas com o tema. Al\u00e9m disso, temos um comit\u00ea de debates voltados para esse e outros problemas que tanto aflige o nosso segmento\u201d, salientou Jorge.<\/p>\n<p>A reforma tribut\u00e1ria, prevista na PEC 132\/2023 e Lei Complementar 214\/2025, tende a reduzir a alta carga incidente sobre os diversos setores da economia brasileira, com expectativas para tornar o regime da tributa\u00e7\u00e3o mais flex\u00edvel e justo para a sociedade. Segundo os representantes do escrit\u00f3rio SLM, Dr\u00aa Roxeli Martins e Dr. Maur\u00edcio Stefani, s\u00e3o v\u00e1rias as quest\u00f5es que est\u00e3o ligadas \u00e0 reforma, um assunto imenso e objeto de discuss\u00e3o que tem gerado a falta de clareza, incertezas e de informa\u00e7\u00e3o.<\/p>\n<p>Na vis\u00e3o dos advogados, \u00e9 necess\u00e1rio fortalecer o conhecimento quanto ao que ser\u00e1 alterado nessa reforma tribut\u00e1ria, com a substitui\u00e7\u00e3o dos impostos atuais por dois novos (CBS e IBS, Contribui\u00e7\u00e3o sobre Bens e Servi\u00e7os e Imposto sobre Bens e Servi\u00e7os, respectivamente) voltados, apenas, para os sistemas de transportes p\u00fablicos e n\u00e3o o de fretamento, considerado privado. \u201cO transporte regular p\u00fablico continuar\u00e1 com isen\u00e7\u00f5es fiscais. Espera-se, contudo, uma legisla\u00e7\u00e3o mais simplificada, com menores obriga\u00e7\u00f5es fiscais e a redu\u00e7\u00e3o dos custos. Por\u00e9m, para o setor de fretamento a aplica\u00e7\u00e3o dessa reforma estar\u00e1 delimitada \u00e0 alguns aspectos sobre opera\u00e7\u00f5es de cr\u00e9dito\u201d, observou Roxeli.<\/p>\n<p>Para o advogado Maur\u00edcio, o setor precisar\u00e1 avaliar as diversas situa\u00e7\u00f5es envolvidas com o entendimento sobre as legisla\u00e7\u00f5es vigentes e as que chegar\u00e3o. \u201cO fretamento ter\u00e1 que entender o regime tribut\u00e1rio em sua cadeia de neg\u00f3cios, como seus fornecedores estar\u00e3o adequados a isso e como os clientes do setor podem contribuir para tentar minimizar os impactos. Para isso, ser\u00e1 essencial um estudo minucioso visando alcan\u00e7ar respostas positivas em suas opera\u00e7\u00f5es, o quanto isso poder\u00e1 ser desfavor\u00e1vel\u201d, ressaltou.<\/p>\n<p>O assunto da reforma \u00e9 complexo e demanda esfor\u00e7o por parte dos operadores do segmento. Para se ter uma ideia da incid\u00eancia da carga tribut\u00e1ria ocasionada pela reforma, fretamento dever\u00e1 ter uma al\u00edquota de 28%, \u00edndice que ser\u00e1 confirmado, apenas, ap\u00f3s a implanta\u00e7\u00e3o das novas regras. Para Jorge Miguel, o setor tem que se unir, ainda mais, para trabalhar em torno da minimiza\u00e7\u00e3o dos impactos e, at\u00e9 mesmo, tentar se inserir na reforma tribut\u00e1ria visando alcan\u00e7ar benef\u00edcios. \u201cApesar de privado, o transporte fretado tem um car\u00e1ter de complementaridade ao modelo p\u00fablico. H\u00e1 casos em que realizamos o transporte de muitas pessoas, atendendo grandes clientes, em lugares onde \u00e9 disponibilizado linhas regulares de \u00f4nibus. Um exemplo \u00e9 na cidade de Cajamar, com v\u00e1rios centros de distribui\u00e7\u00f5es, mas que n\u00e3o conta com servi\u00e7os de \u00f4nibus. Dessa forma, cumprimos com o papel de mobilizar um n\u00famero expressivo de funcion\u00e1rios, diariamente\u201d, lembrou o executivo.<\/p>\n<div id=\"attachment_16596\" style=\"width: 343px\" class=\"wp-caption aligncenter\"><img loading=\"lazy\" decoding=\"async\" aria-describedby=\"caption-attachment-16596\" class=\"wp-image-16596\" src=\"https:\/\/revistaautobus.com.br\/wp-content\/uploads\/2025\/09\/IMG_1806-200x300.jpg\" alt=\"\" width=\"333\" height=\"500\" srcset=\"https:\/\/revistaautobus.com.br\/wp-content\/uploads\/2025\/09\/IMG_1806-200x300.jpg 200w, https:\/\/revistaautobus.com.br\/wp-content\/uploads\/2025\/09\/IMG_1806.jpg 666w\" sizes=\"(max-width: 333px) 100vw, 333px\" \/><p id=\"caption-attachment-16596\" class=\"wp-caption-text\"><span style=\"color: #000080;\"><em><strong>Jorge Miguel<\/strong><\/em><\/span><\/p><\/div>\n<p>Sobre a falta de participa\u00e7\u00e3o do segmento do fretamento na reformula\u00e7\u00e3o tribut\u00e1ria, em Bras\u00edlia, Miguel disse que, apesar da import\u00e2ncia dessa modalidade ela n\u00e3o tem presen\u00e7a junto ao setor pol\u00edtico, aspecto fundamental para as diversas quest\u00f5es relacionadas com normas, legisla\u00e7\u00f5es e decis\u00f5es governamentais. \u201cPrecisamos contratar uma assessoria pol\u00edtica para tratar de diversos assuntos que est\u00e3o ligados a n\u00f3s no relacionamento com poderes p\u00fablicos. N\u00e3o podemos ficar distantes dessas decis\u00f5es pol\u00edticas, como \u00e9 o caso da reforma tribut\u00e1ria, que ter\u00e1 um impacto significado em nossos neg\u00f3cios\u201d, ressaltou.<\/p>\n<p>O presidente da FRESP (Federa\u00e7\u00e3o das Empresas de Transportes de Passageiros por Fretamento do Estado de S\u00e3o Paulo), Milton Zanca, disse que a iniciativa do TRANSFRETUR com o 1\u00ba F\u00f3rum das Empresas de Fretamento e Turismo traz luz \u00e0s muitas quest\u00f5es relacionadas com o segmento, as dificuldades e os desafios encontrados. \u201c\u00c9 muito importante esse debate quanto a lei do motorista e a reforma tribut\u00e1ria para o nosso setor. A iniciativa do TRANSFRETUR buscou mostrar \u00e0 sociedade todas as nossas dificuldades e lutas di\u00e1rias. Al\u00e9m disso, o setor do turismo, no qual estamos inseridos, representa 8,27% do PIB brasileiro, um \u00edndice de grandeza. Contudo, com a lei dos motoristas, estamos sendo afetados, com preju\u00edzos \u00e0s nossas opera\u00e7\u00f5es. Cabe lembrar que os servi\u00e7os de fretamento s\u00e3o complementares, que contribuem com a mobilidade das pessoas e com a economia brasileira\u201d, observou.<\/p>\n<p><em><span style=\"color: #008080;\">A jornada de trabalho<\/span><\/em><\/p>\n<p>Em um pa\u00eds onde a burocracia, as muitas legisla\u00e7\u00f5es e o excesso de normas tribut\u00e1rias causam confus\u00e3o e um ambiente jur\u00eddico e econ\u00f4mico cheio de nuances e incertezas, as rela\u00e7\u00f5es trabalhistas \u00e9 mais um exemplo desafiante para o setor do transporte, com destaque para o fretamento.<\/p>\n<p>Um assunto sens\u00edvel no setor \u00e9 o que trata da jornada do motorista. Hoje, o que regra a profiss\u00e3o \u00e9 a Lei 13.103\/2015 (lei dos caminhoneiros) que n\u00e3o faz especifica\u00e7\u00e3o sobre os diversos segmentos do transporte, colocando no mesmo caldeir\u00e3o a condu\u00e7\u00e3o de \u00f4nibus e caminh\u00f5es nos variados nichos de opera\u00e7\u00e3o. Para o TRANSFRETUR, isso tem causado v\u00e1rios problemas, pois exige medidas que v\u00e3o al\u00e9m de seu poder de atua\u00e7\u00e3o.<\/p>\n<p>Em recente decis\u00e3o, o Supremo Tribunal Federal (STF) invalidou 11 dispositivos da referida Lei 13.103\/2015, impactando, diretamente, a jornada de trabalho, per\u00edodos de descanso e remunera\u00e7\u00e3o dos motoristas profissionais.<\/p>\n<div id=\"attachment_16597\" style=\"width: 291px\" class=\"wp-caption aligncenter\"><img loading=\"lazy\" decoding=\"async\" aria-describedby=\"caption-attachment-16597\" class=\"wp-image-16597\" src=\"https:\/\/revistaautobus.com.br\/wp-content\/uploads\/2025\/09\/IMG_20250910_113126821-169x300.jpg\" alt=\"\" width=\"281\" height=\"500\" srcset=\"https:\/\/revistaautobus.com.br\/wp-content\/uploads\/2025\/09\/IMG_20250910_113126821-169x300.jpg 169w, https:\/\/revistaautobus.com.br\/wp-content\/uploads\/2025\/09\/IMG_20250910_113126821-576x1024.jpg 576w, https:\/\/revistaautobus.com.br\/wp-content\/uploads\/2025\/09\/IMG_20250910_113126821-768x1365.jpg 768w, https:\/\/revistaautobus.com.br\/wp-content\/uploads\/2025\/09\/IMG_20250910_113126821-864x1536.jpg 864w, https:\/\/revistaautobus.com.br\/wp-content\/uploads\/2025\/09\/IMG_20250910_113126821-1153x2048.jpg 1153w, https:\/\/revistaautobus.com.br\/wp-content\/uploads\/2025\/09\/IMG_20250910_113126821-1080x1919.jpg 1080w, https:\/\/revistaautobus.com.br\/wp-content\/uploads\/2025\/09\/IMG_20250910_113126821-scaled.jpg 1441w\" sizes=\"(max-width: 281px) 100vw, 281px\" \/><p id=\"caption-attachment-16597\" class=\"wp-caption-text\"><em><strong><span style=\"color: #000080;\">Dr. Joel Bittencourt<\/span><\/strong><\/em><\/p><\/div>\n<p>Para Joel Bittencourt, assessor jur\u00eddico da entidade representativa do fretamento, o que foi levado em considera\u00e7\u00e3o nessa decis\u00e3o refere-se \u00e0s condi\u00e7\u00f5es prec\u00e1rias proporcionadas aos caminhoneiros e para o setor de cargas, deixando de lado as opera\u00e7\u00f5es do transporte de passageiros. \u201cPrecisamos realizar negocia\u00e7\u00f5es coletivas para que o fretamento seja especificado de forma diferente quanto ao tempo de jornada e de descanso de seus motoristas. \u00c9 compreensivo essa a\u00e7\u00e3o que visa melhorar as condi\u00e7\u00f5es para os caminhoneiros. Por\u00e9m, o transporte no regime de fretamento \u00e9 totalmente diferente, com um modelo de opera\u00e7\u00e3o que prevalece o conforto e a seguran\u00e7a aos motoristas. Nisso, a articula\u00e7\u00e3o pol\u00edtica \u00e9 fundamental, com o engajamento do setor para que haja um entendimento sobre os aspectos operacionais. Precisamos atuar de forma a ser protagonista nas discuss\u00f5es que envolvem o setor\u201d, afirmou.<\/p>\n<p>De acordo com o advogado, em 2026 haver\u00e1 a primeira Confer\u00eancia Nacional do Trabalho, sendo que a FRESP, representando a categoria do transporte, ter\u00e1 cadeira titular, junto a FIESP e FECOMERCIO para a discuss\u00e3o de todas as tem\u00e1ticas conectadas com futuras leis e regulamenta\u00e7\u00f5es sobre o trabalho em \u00e2mbito nacional.<\/p>\n<p>E o caus\u00eddico disse que a presen\u00e7a de importantes autoridades relacionadas com o tema traz considera\u00e7\u00f5es positivas para que haja um melhor entendimento do que est\u00e1 acontecendo e a busca por solu\u00e7\u00f5es que visam integrar o fretamento numa condi\u00e7\u00e3o espec\u00edfica quanto a ter seus motoristas enquadrados na lei do descanso e da jornada. \u201cO caminho para a revis\u00e3o da lei \u00e9 longo. Contudo, o setor est\u00e1 empenhado e conta com o apoio da entidade que representa os motoristas para que isso seja visto e efetivado\u201d, destacou Bittencourt.<\/p>\n<div id=\"attachment_16598\" style=\"width: 343px\" class=\"wp-caption aligncenter\"><img loading=\"lazy\" decoding=\"async\" aria-describedby=\"caption-attachment-16598\" class=\"wp-image-16598\" src=\"https:\/\/revistaautobus.com.br\/wp-content\/uploads\/2025\/09\/IMG_1517-200x300.jpg\" alt=\"\" width=\"333\" height=\"500\" srcset=\"https:\/\/revistaautobus.com.br\/wp-content\/uploads\/2025\/09\/IMG_1517-200x300.jpg 200w, https:\/\/revistaautobus.com.br\/wp-content\/uploads\/2025\/09\/IMG_1517.jpg 666w\" sizes=\"(max-width: 333px) 100vw, 333px\" \/><p id=\"caption-attachment-16598\" class=\"wp-caption-text\"><span style=\"color: #000080;\"><strong><em>Dr. Valdir Florindo<\/em><\/strong><\/span><\/p><\/div>\n<p>O Desembargador Dr. Valdir Florindo, presidente do Tribunal Regional do Trabalho, 2\u00aa Regi\u00e3o, disse que o pai foi motorista de \u00f4nibus e boa parte de sua vida atuou em diversas empresas. Para ele, a decis\u00e3o do STF redesenha os limites da negocia\u00e7\u00e3o trabalhista e que \u00e9 preciso a for\u00e7a da negocia\u00e7\u00e3o coletiva, por\u00e9m sem deixar de lado uma linha intranspon\u00edvel que visa proteger a sa\u00fade e seguran\u00e7a do trabalhador. \u201cA conjuga\u00e7\u00e3o do ac\u00f3rd\u00e3o do TST e da decis\u00e3o do STF na ADI 5322 demonstra que, para o setor de transporte de passageiros por fretamento, a negocia\u00e7\u00e3o coletiva pode flexibilizar jornada, intervalos intrajornada e tempo de espera, desde que respeitados os direitos essenciais e os limites definidos constitucionalmente\u201d, afirmou o magistrado.<\/p>\n<p>Imagens &#8211; Revista AutoBus e Divulga\u00e7\u00e3o<\/p>\n","protected":false},"excerpt":{"rendered":"<p>O setor, que \u00e9 importante na log\u00edstica da mobilidade das pessoas, tem pela frente temas que interferem, diretamente, na manuten\u00e7\u00e3o, qualidade e rentabilidade de seus servi\u00e7os <\/p>\n","protected":false},"author":2,"featured_media":16595,"comment_status":"open","ping_status":"open","sticky":false,"template":"","format":"standard","meta":{"_et_pb_use_builder":"","_et_pb_old_content":"","_et_gb_content_width":"","_jetpack_memberships_contains_paid_content":false,"footnotes":""},"categories":[87,90],"tags":[941],"class_list":["post-16594","post","type-post","status-publish","format-standard","has-post-thumbnail","hentry","category-fretamento","category-noticias","tag-transfretur","et-has-post-format-content","et_post_format-et-post-format-standard"],"yoast_head":"<!-- This site is optimized with the Yoast SEO plugin v27.2 - https:\/\/yoast.com\/product\/yoast-seo-wordpress\/ -->\n<title>Fretamento busca se adequar aos seus desafios - Revista AutoBus<\/title>\n<meta name=\"robots\" content=\"index, follow, max-snippet:-1, max-image-preview:large, max-video-preview:-1\" \/>\n<link rel=\"canonical\" href=\"https:\/\/revistaautobus.com.br\/?p=16594\" \/>\n<meta property=\"og:locale\" content=\"pt_BR\" \/>\n<meta property=\"og:type\" content=\"article\" \/>\n<meta property=\"og:title\" content=\"Fretamento busca se adequar aos seus desafios - Revista AutoBus\" \/>\n<meta property=\"og:description\" content=\"O setor, que \u00e9 importante na log\u00edstica da mobilidade das pessoas, tem pela frente temas que interferem, diretamente, na manuten\u00e7\u00e3o, qualidade e rentabilidade de seus servi\u00e7os\" \/>\n<meta property=\"og:url\" content=\"https:\/\/revistaautobus.com.br\/?p=16594\" \/>\n<meta property=\"og:site_name\" content=\"Revista AutoBus\" \/>\n<meta property=\"article:publisher\" content=\"https:\/\/www.facebook.com\/antonio.ferro.3150\" \/>\n<meta property=\"article:published_time\" content=\"2025-09-15T12:49:01+00:00\" \/>\n<meta property=\"article:modified_time\" content=\"2025-09-15T12:49:16+00:00\" \/>\n<meta property=\"og:image\" content=\"https:\/\/revistaautobus.com.br\/wp-content\/uploads\/2025\/09\/IMG_20250910_103112586_HDR.jpg\" \/>\n\t<meta property=\"og:image:width\" content=\"1000\" \/>\n\t<meta property=\"og:image:height\" content=\"562\" \/>\n\t<meta property=\"og:image:type\" content=\"image\/jpeg\" \/>\n<meta name=\"author\" content=\"Antonio Ferro\" \/>\n<meta name=\"twitter:card\" content=\"summary_large_image\" \/>\n<meta name=\"twitter:label1\" content=\"Escrito por\" \/>\n\t<meta name=\"twitter:data1\" content=\"Antonio Ferro\" \/>\n\t<meta name=\"twitter:label2\" content=\"Est. tempo de leitura\" \/>\n\t<meta name=\"twitter:data2\" content=\"10 minutos\" \/>\n<script type=\"application\/ld+json\" class=\"yoast-schema-graph\">{\"@context\":\"https:\/\/schema.org\",\"@graph\":[{\"@type\":\"Article\",\"@id\":\"https:\/\/revistaautobus.com.br\/?p=16594#article\",\"isPartOf\":{\"@id\":\"https:\/\/revistaautobus.com.br\/?p=16594\"},\"author\":{\"name\":\"Antonio Ferro\",\"@id\":\"https:\/\/revistaautobus.com.br\/#\/schema\/person\/54af7c3eb83a310e42ef686ef6d16f50\"},\"headline\":\"Fretamento busca se adequar aos seus desafios\",\"datePublished\":\"2025-09-15T12:49:01+00:00\",\"dateModified\":\"2025-09-15T12:49:16+00:00\",\"mainEntityOfPage\":{\"@id\":\"https:\/\/revistaautobus.com.br\/?p=16594\"},\"wordCount\":1665,\"commentCount\":0,\"publisher\":{\"@id\":\"https:\/\/revistaautobus.com.br\/#organization\"},\"image\":{\"@id\":\"https:\/\/revistaautobus.com.br\/?p=16594#primaryimage\"},\"thumbnailUrl\":\"https:\/\/revistaautobus.com.br\/wp-content\/uploads\/2025\/09\/IMG_20250910_103112586_HDR.jpg\",\"keywords\":[\"Transfretur\"],\"articleSection\":[\"Fretamento\",\"Not\u00edcias\"],\"inLanguage\":\"pt-BR\",\"potentialAction\":[{\"@type\":\"CommentAction\",\"name\":\"Comment\",\"target\":[\"https:\/\/revistaautobus.com.br\/?p=16594#respond\"]}]},{\"@type\":\"WebPage\",\"@id\":\"https:\/\/revistaautobus.com.br\/?p=16594\",\"url\":\"https:\/\/revistaautobus.com.br\/?p=16594\",\"name\":\"Fretamento busca se adequar aos seus desafios - Revista AutoBus\",\"isPartOf\":{\"@id\":\"https:\/\/revistaautobus.com.br\/#website\"},\"primaryImageOfPage\":{\"@id\":\"https:\/\/revistaautobus.com.br\/?p=16594#primaryimage\"},\"image\":{\"@id\":\"https:\/\/revistaautobus.com.br\/?p=16594#primaryimage\"},\"thumbnailUrl\":\"https:\/\/revistaautobus.com.br\/wp-content\/uploads\/2025\/09\/IMG_20250910_103112586_HDR.jpg\",\"datePublished\":\"2025-09-15T12:49:01+00:00\",\"dateModified\":\"2025-09-15T12:49:16+00:00\",\"breadcrumb\":{\"@id\":\"https:\/\/revistaautobus.com.br\/?p=16594#breadcrumb\"},\"inLanguage\":\"pt-BR\",\"potentialAction\":[{\"@type\":\"ReadAction\",\"target\":[\"https:\/\/revistaautobus.com.br\/?p=16594\"]}]},{\"@type\":\"ImageObject\",\"inLanguage\":\"pt-BR\",\"@id\":\"https:\/\/revistaautobus.com.br\/?p=16594#primaryimage\",\"url\":\"https:\/\/revistaautobus.com.br\/wp-content\/uploads\/2025\/09\/IMG_20250910_103112586_HDR.jpg\",\"contentUrl\":\"https:\/\/revistaautobus.com.br\/wp-content\/uploads\/2025\/09\/IMG_20250910_103112586_HDR.jpg\",\"width\":1000,\"height\":562},{\"@type\":\"BreadcrumbList\",\"@id\":\"https:\/\/revistaautobus.com.br\/?p=16594#breadcrumb\",\"itemListElement\":[{\"@type\":\"ListItem\",\"position\":1,\"name\":\"In\u00edcio\",\"item\":\"https:\/\/revistaautobus.com.br\/\"},{\"@type\":\"ListItem\",\"position\":2,\"name\":\"Fretamento busca se adequar aos seus desafios\"}]},{\"@type\":\"WebSite\",\"@id\":\"https:\/\/revistaautobus.com.br\/#website\",\"url\":\"https:\/\/revistaautobus.com.br\/\",\"name\":\"Revista AutoBus\",\"description\":\"\",\"publisher\":{\"@id\":\"https:\/\/revistaautobus.com.br\/#organization\"},\"potentialAction\":[{\"@type\":\"SearchAction\",\"target\":{\"@type\":\"EntryPoint\",\"urlTemplate\":\"https:\/\/revistaautobus.com.br\/?s={search_term_string}\"},\"query-input\":{\"@type\":\"PropertyValueSpecification\",\"valueRequired\":true,\"valueName\":\"search_term_string\"}}],\"inLanguage\":\"pt-BR\"},{\"@type\":\"Organization\",\"@id\":\"https:\/\/revistaautobus.com.br\/#organization\",\"name\":\"Revista AutoBus\",\"url\":\"https:\/\/revistaautobus.com.br\/\",\"logo\":{\"@type\":\"ImageObject\",\"inLanguage\":\"pt-BR\",\"@id\":\"https:\/\/revistaautobus.com.br\/#\/schema\/logo\/image\/\",\"url\":\"https:\/\/revistaautobus.com.br\/wp-content\/uploads\/2024\/11\/logo_revista_autobus_fb.png\",\"contentUrl\":\"https:\/\/revistaautobus.com.br\/wp-content\/uploads\/2024\/11\/logo_revista_autobus_fb.png\",\"width\":836,\"height\":227,\"caption\":\"Revista AutoBus\"},\"image\":{\"@id\":\"https:\/\/revistaautobus.com.br\/#\/schema\/logo\/image\/\"},\"sameAs\":[\"https:\/\/www.facebook.com\/antonio.ferro.3150\",\"https:\/\/www.instagram.com\/revistaautobus\/\"]},{\"@type\":\"Person\",\"@id\":\"https:\/\/revistaautobus.com.br\/#\/schema\/person\/54af7c3eb83a310e42ef686ef6d16f50\",\"name\":\"Antonio Ferro\",\"image\":{\"@type\":\"ImageObject\",\"inLanguage\":\"pt-BR\",\"@id\":\"https:\/\/revistaautobus.com.br\/wp-content\/uploads\/2025\/12\/editor_antonio_ferro-150x150.jpg\",\"url\":\"https:\/\/revistaautobus.com.br\/wp-content\/uploads\/2025\/12\/editor_antonio_ferro-150x150.jpg\",\"contentUrl\":\"https:\/\/revistaautobus.com.br\/wp-content\/uploads\/2025\/12\/editor_antonio_ferro-150x150.jpg\",\"caption\":\"Antonio Ferro\"},\"description\":\"infobus@uol.com.br\",\"url\":\"https:\/\/revistaautobus.com.br\/?author=2\"}]}<\/script>\n<!-- \/ Yoast SEO plugin. -->","yoast_head_json":{"title":"Fretamento busca se adequar aos seus desafios - Revista AutoBus","robots":{"index":"index","follow":"follow","max-snippet":"max-snippet:-1","max-image-preview":"max-image-preview:large","max-video-preview":"max-video-preview:-1"},"canonical":"https:\/\/revistaautobus.com.br\/?p=16594","og_locale":"pt_BR","og_type":"article","og_title":"Fretamento busca se adequar aos seus desafios - Revista AutoBus","og_description":"O setor, que \u00e9 importante na log\u00edstica da mobilidade das pessoas, tem pela frente temas que interferem, diretamente, na manuten\u00e7\u00e3o, qualidade e rentabilidade de seus servi\u00e7os","og_url":"https:\/\/revistaautobus.com.br\/?p=16594","og_site_name":"Revista AutoBus","article_publisher":"https:\/\/www.facebook.com\/antonio.ferro.3150","article_published_time":"2025-09-15T12:49:01+00:00","article_modified_time":"2025-09-15T12:49:16+00:00","og_image":[{"width":1000,"height":562,"url":"https:\/\/revistaautobus.com.br\/wp-content\/uploads\/2025\/09\/IMG_20250910_103112586_HDR.jpg","type":"image\/jpeg"}],"author":"Antonio Ferro","twitter_card":"summary_large_image","twitter_misc":{"Escrito por":"Antonio Ferro","Est. tempo de leitura":"10 minutos"},"schema":{"@context":"https:\/\/schema.org","@graph":[{"@type":"Article","@id":"https:\/\/revistaautobus.com.br\/?p=16594#article","isPartOf":{"@id":"https:\/\/revistaautobus.com.br\/?p=16594"},"author":{"name":"Antonio Ferro","@id":"https:\/\/revistaautobus.com.br\/#\/schema\/person\/54af7c3eb83a310e42ef686ef6d16f50"},"headline":"Fretamento busca se adequar aos seus desafios","datePublished":"2025-09-15T12:49:01+00:00","dateModified":"2025-09-15T12:49:16+00:00","mainEntityOfPage":{"@id":"https:\/\/revistaautobus.com.br\/?p=16594"},"wordCount":1665,"commentCount":0,"publisher":{"@id":"https:\/\/revistaautobus.com.br\/#organization"},"image":{"@id":"https:\/\/revistaautobus.com.br\/?p=16594#primaryimage"},"thumbnailUrl":"https:\/\/revistaautobus.com.br\/wp-content\/uploads\/2025\/09\/IMG_20250910_103112586_HDR.jpg","keywords":["Transfretur"],"articleSection":["Fretamento","Not\u00edcias"],"inLanguage":"pt-BR","potentialAction":[{"@type":"CommentAction","name":"Comment","target":["https:\/\/revistaautobus.com.br\/?p=16594#respond"]}]},{"@type":"WebPage","@id":"https:\/\/revistaautobus.com.br\/?p=16594","url":"https:\/\/revistaautobus.com.br\/?p=16594","name":"Fretamento busca se adequar aos seus desafios - Revista AutoBus","isPartOf":{"@id":"https:\/\/revistaautobus.com.br\/#website"},"primaryImageOfPage":{"@id":"https:\/\/revistaautobus.com.br\/?p=16594#primaryimage"},"image":{"@id":"https:\/\/revistaautobus.com.br\/?p=16594#primaryimage"},"thumbnailUrl":"https:\/\/revistaautobus.com.br\/wp-content\/uploads\/2025\/09\/IMG_20250910_103112586_HDR.jpg","datePublished":"2025-09-15T12:49:01+00:00","dateModified":"2025-09-15T12:49:16+00:00","breadcrumb":{"@id":"https:\/\/revistaautobus.com.br\/?p=16594#breadcrumb"},"inLanguage":"pt-BR","potentialAction":[{"@type":"ReadAction","target":["https:\/\/revistaautobus.com.br\/?p=16594"]}]},{"@type":"ImageObject","inLanguage":"pt-BR","@id":"https:\/\/revistaautobus.com.br\/?p=16594#primaryimage","url":"https:\/\/revistaautobus.com.br\/wp-content\/uploads\/2025\/09\/IMG_20250910_103112586_HDR.jpg","contentUrl":"https:\/\/revistaautobus.com.br\/wp-content\/uploads\/2025\/09\/IMG_20250910_103112586_HDR.jpg","width":1000,"height":562},{"@type":"BreadcrumbList","@id":"https:\/\/revistaautobus.com.br\/?p=16594#breadcrumb","itemListElement":[{"@type":"ListItem","position":1,"name":"In\u00edcio","item":"https:\/\/revistaautobus.com.br\/"},{"@type":"ListItem","position":2,"name":"Fretamento busca se adequar aos seus desafios"}]},{"@type":"WebSite","@id":"https:\/\/revistaautobus.com.br\/#website","url":"https:\/\/revistaautobus.com.br\/","name":"Revista AutoBus","description":"","publisher":{"@id":"https:\/\/revistaautobus.com.br\/#organization"},"potentialAction":[{"@type":"SearchAction","target":{"@type":"EntryPoint","urlTemplate":"https:\/\/revistaautobus.com.br\/?s={search_term_string}"},"query-input":{"@type":"PropertyValueSpecification","valueRequired":true,"valueName":"search_term_string"}}],"inLanguage":"pt-BR"},{"@type":"Organization","@id":"https:\/\/revistaautobus.com.br\/#organization","name":"Revista AutoBus","url":"https:\/\/revistaautobus.com.br\/","logo":{"@type":"ImageObject","inLanguage":"pt-BR","@id":"https:\/\/revistaautobus.com.br\/#\/schema\/logo\/image\/","url":"https:\/\/revistaautobus.com.br\/wp-content\/uploads\/2024\/11\/logo_revista_autobus_fb.png","contentUrl":"https:\/\/revistaautobus.com.br\/wp-content\/uploads\/2024\/11\/logo_revista_autobus_fb.png","width":836,"height":227,"caption":"Revista AutoBus"},"image":{"@id":"https:\/\/revistaautobus.com.br\/#\/schema\/logo\/image\/"},"sameAs":["https:\/\/www.facebook.com\/antonio.ferro.3150","https:\/\/www.instagram.com\/revistaautobus\/"]},{"@type":"Person","@id":"https:\/\/revistaautobus.com.br\/#\/schema\/person\/54af7c3eb83a310e42ef686ef6d16f50","name":"Antonio Ferro","image":{"@type":"ImageObject","inLanguage":"pt-BR","@id":"https:\/\/revistaautobus.com.br\/wp-content\/uploads\/2025\/12\/editor_antonio_ferro-150x150.jpg","url":"https:\/\/revistaautobus.com.br\/wp-content\/uploads\/2025\/12\/editor_antonio_ferro-150x150.jpg","contentUrl":"https:\/\/revistaautobus.com.br\/wp-content\/uploads\/2025\/12\/editor_antonio_ferro-150x150.jpg","caption":"Antonio Ferro"},"description":"infobus@uol.com.br","url":"https:\/\/revistaautobus.com.br\/?author=2"}]}},"jetpack_featured_media_url":"https:\/\/revistaautobus.com.br\/wp-content\/uploads\/2025\/09\/IMG_20250910_103112586_HDR.jpg","jetpack_sharing_enabled":true,"_links":{"self":[{"href":"https:\/\/revistaautobus.com.br\/index.php?rest_route=\/wp\/v2\/posts\/16594","targetHints":{"allow":["GET"]}}],"collection":[{"href":"https:\/\/revistaautobus.com.br\/index.php?rest_route=\/wp\/v2\/posts"}],"about":[{"href":"https:\/\/revistaautobus.com.br\/index.php?rest_route=\/wp\/v2\/types\/post"}],"author":[{"embeddable":true,"href":"https:\/\/revistaautobus.com.br\/index.php?rest_route=\/wp\/v2\/users\/2"}],"replies":[{"embeddable":true,"href":"https:\/\/revistaautobus.com.br\/index.php?rest_route=%2Fwp%2Fv2%2Fcomments&post=16594"}],"version-history":[{"count":2,"href":"https:\/\/revistaautobus.com.br\/index.php?rest_route=\/wp\/v2\/posts\/16594\/revisions"}],"predecessor-version":[{"id":16600,"href":"https:\/\/revistaautobus.com.br\/index.php?rest_route=\/wp\/v2\/posts\/16594\/revisions\/16600"}],"wp:featuredmedia":[{"embeddable":true,"href":"https:\/\/revistaautobus.com.br\/index.php?rest_route=\/wp\/v2\/media\/16595"}],"wp:attachment":[{"href":"https:\/\/revistaautobus.com.br\/index.php?rest_route=%2Fwp%2Fv2%2Fmedia&parent=16594"}],"wp:term":[{"taxonomy":"category","embeddable":true,"href":"https:\/\/revistaautobus.com.br\/index.php?rest_route=%2Fwp%2Fv2%2Fcategories&post=16594"},{"taxonomy":"post_tag","embeddable":true,"href":"https:\/\/revistaautobus.com.br\/index.php?rest_route=%2Fwp%2Fv2%2Ftags&post=16594"}],"curies":[{"name":"wp","href":"https:\/\/api.w.org\/{rel}","templated":true}]}}