{"id":16601,"date":"2025-09-15T14:23:10","date_gmt":"2025-09-15T17:23:10","guid":{"rendered":"https:\/\/revistaautobus.com.br\/?p=16601"},"modified":"2025-09-15T14:23:38","modified_gmt":"2025-09-15T17:23:38","slug":"volare-attack-10-urbano-e-fly-12-foram-destaques-na-fenatral-2025","status":"publish","type":"post","link":"https:\/\/revistaautobus.com.br\/?p=16601","title":{"rendered":"VOLARE ATTACK 10 URBANO E FLY 12 FORAM DESTAQUES NA FENATRAL 2025"},"content":{"rendered":"<p><span style=\"color: #993300;\"><em><strong>Espa\u00e7o Volare<\/strong><\/em><\/span><\/p>\n<p>A Volare, l\u00edder brasileira na produ\u00e7\u00e3o de micro-\u00f4nibus, participou da Fenatral \u2013 XXV Encontro Nacional do Transporte Complementar e Alternativo \u2013 e apresentou dois modelos de seu portf\u00f3lio voltado ao transporte urbano: o Attack 10 Urbano e o Fly 12. O evento foi realizado de 11 a 13 de setembro, em Salvador (BA), com o tema \u201cOs desafios do transporte alternativo e complementar para adequa\u00e7\u00e3o financeira e operacional frente \u00e0s exig\u00eancias do poder p\u00fablico\u201d.<\/p>\n<p>\u201cA Volare tem participa\u00e7\u00e3o relevante no transporte urbano brasileiro. Nosso objetivo \u00e9 colaborar com solu\u00e7\u00f5es eficientes e inovadoras para a mobilidade nas cidades, oferecendo produtos e servi\u00e7os que atendam \u00e0s necessidades e particularidades de cada regi\u00e3o do Pa\u00eds\u201d, afirmou Sidnei Vargas, gerente executivo da Volare.<\/p>\n<p><strong>Attack 10 Urbano: funcionalidade e conforto<\/strong><\/p>\n<p>O modelo Attack 10 Urbano, exibido pela primeira vez ao p\u00fablico baiano, possui 10.145 mm de comprimento e \u00e9 voltado para aplica\u00e7\u00f5es no transporte urbano e complementar. Com capacidade para 56 passageiros (32 sentados e 24 em p\u00e9), o ve\u00edculo oferece opcionais como ar-condicionado dutado, tomadas USB, itiner\u00e1rio eletr\u00f4nico e meia parede de separa\u00e7\u00e3o atr\u00e1s do motorista.<\/p>\n<p>Equipado com motoriza\u00e7\u00e3o Cummins de 175 cv e torque de 600 Nm, o Attack 10 Urbano tamb\u00e9m conta com rodado 17,5\u201d e foi projetado para oferecer robustez, conforto e efici\u00eancia operacional.<\/p>\n<p><strong>Fly 12: inova\u00e7\u00e3o e versatilidade<\/strong><\/p>\n<p>O Volare Fly 12 \u00e9 o maior micro-\u00f4nibus do mercado, com capacidade para at\u00e9 64 passageiros. O modelo foi desenvolvido para os segmentos de fretamento e escolar.<\/p>\n<p>\u201cO Fly 12 refor\u00e7a nossa estrat\u00e9gia de pensar \u00e0 frente, com foco em inova\u00e7\u00e3o, efici\u00eancia e atendimento \u00e0s demandas de clientes e operadores. A vers\u00e3o Fretamento comporta at\u00e9 45 passageiros, enquanto a Escolar transporta at\u00e9 64 estudantes. Ambas tamb\u00e9m acomodam motorista e auxiliar, uma configura\u00e7\u00e3o in\u00e9dita para um micro-\u00f4nibus\u201d, destacou Vargas.<\/p>\n<p>Com comprimento total de 11.730 mm, largura de 2.480 mm e altura de 3.330 mm, o Fly 12 inaugura uma nova categoria de ve\u00edculos, sendo considerado um verdadeiro \u201csuper micro\u201d. Entre seus diferenciais est\u00e3o a dirigibilidade, os baixos custos de aquisi\u00e7\u00e3o e opera\u00e7\u00e3o, e a alta efici\u00eancia.<\/p>\n<p>Imagem &#8211; Divulga\u00e7\u00e3o<\/p>\n","protected":false},"excerpt":{"rendered":"<p>Attack 10 Urbano foi exibido pela primeira vez ao p\u00fablico da Bahia e o Modelo Fly 12 ganhou vers\u00e3o Fretamento, al\u00e9m das configura\u00e7\u00f5es Escolar e Fretamento<\/p>\n","protected":false},"author":2,"featured_media":16602,"comment_status":"open","ping_status":"open","sticky":false,"template":"","format":"standard","meta":{"_et_pb_use_builder":"","_et_pb_old_content":"","_et_gb_content_width":"","_jetpack_memberships_contains_paid_content":false,"footnotes":""},"categories":[90],"tags":[157],"class_list":["post-16601","post","type-post","status-publish","format-standard","has-post-thumbnail","hentry","category-noticias","tag-volare","et-has-post-format-content","et_post_format-et-post-format-standard"],"yoast_head":"<!-- This site is optimized with the Yoast SEO plugin v27.2 - https:\/\/yoast.com\/product\/yoast-seo-wordpress\/ -->\n<title>VOLARE ATTACK 10 URBANO E FLY 12 FORAM DESTAQUES NA FENATRAL 2025 - Revista AutoBus<\/title>\n<meta name=\"robots\" content=\"index, follow, max-snippet:-1, max-image-preview:large, max-video-preview:-1\" \/>\n<link rel=\"canonical\" href=\"https:\/\/revistaautobus.com.br\/?p=16601\" \/>\n<meta property=\"og:locale\" content=\"pt_BR\" \/>\n<meta property=\"og:type\" content=\"article\" \/>\n<meta property=\"og:title\" content=\"VOLARE ATTACK 10 URBANO E FLY 12 FORAM DESTAQUES NA FENATRAL 2025 - Revista AutoBus\" \/>\n<meta property=\"og:description\" content=\"Attack 10 Urbano foi exibido pela primeira vez ao p\u00fablico da Bahia e o Modelo Fly 12 ganhou vers\u00e3o Fretamento, al\u00e9m das configura\u00e7\u00f5es Escolar e Fretamento\" \/>\n<meta property=\"og:url\" content=\"https:\/\/revistaautobus.com.br\/?p=16601\" \/>\n<meta property=\"og:site_name\" content=\"Revista AutoBus\" \/>\n<meta property=\"article:publisher\" content=\"https:\/\/www.facebook.com\/antonio.ferro.3150\" \/>\n<meta property=\"article:published_time\" content=\"2025-09-15T17:23:10+00:00\" \/>\n<meta property=\"article:modified_time\" content=\"2025-09-15T17:23:38+00:00\" \/>\n<meta property=\"og:image\" content=\"https:\/\/revistaautobus.com.br\/wp-content\/uploads\/2025\/09\/15092025-Volare-na-Fenatral-2025_1.jpg\" \/>\n\t<meta property=\"og:image:width\" content=\"1000\" \/>\n\t<meta property=\"og:image:height\" content=\"750\" \/>\n\t<meta property=\"og:image:type\" content=\"image\/jpeg\" \/>\n<meta name=\"author\" content=\"Antonio Ferro\" \/>\n<meta name=\"twitter:card\" content=\"summary_large_image\" \/>\n<meta name=\"twitter:label1\" content=\"Escrito por\" \/>\n\t<meta name=\"twitter:data1\" content=\"Antonio Ferro\" \/>\n\t<meta name=\"twitter:label2\" content=\"Est. tempo de leitura\" \/>\n\t<meta name=\"twitter:data2\" content=\"3 minutos\" \/>\n<script type=\"application\/ld+json\" class=\"yoast-schema-graph\">{\"@context\":\"https:\/\/schema.org\",\"@graph\":[{\"@type\":\"Article\",\"@id\":\"https:\/\/revistaautobus.com.br\/?p=16601#article\",\"isPartOf\":{\"@id\":\"https:\/\/revistaautobus.com.br\/?p=16601\"},\"author\":{\"name\":\"Antonio Ferro\",\"@id\":\"https:\/\/revistaautobus.com.br\/#\/schema\/person\/54af7c3eb83a310e42ef686ef6d16f50\"},\"headline\":\"VOLARE ATTACK 10 URBANO E FLY 12 FORAM DESTAQUES NA FENATRAL 2025\",\"datePublished\":\"2025-09-15T17:23:10+00:00\",\"dateModified\":\"2025-09-15T17:23:38+00:00\",\"mainEntityOfPage\":{\"@id\":\"https:\/\/revistaautobus.com.br\/?p=16601\"},\"wordCount\":367,\"commentCount\":0,\"publisher\":{\"@id\":\"https:\/\/revistaautobus.com.br\/#organization\"},\"image\":{\"@id\":\"https:\/\/revistaautobus.com.br\/?p=16601#primaryimage\"},\"thumbnailUrl\":\"https:\/\/revistaautobus.com.br\/wp-content\/uploads\/2025\/09\/15092025-Volare-na-Fenatral-2025_1.jpg\",\"keywords\":[\"Volare\"],\"articleSection\":[\"Not\u00edcias\"],\"inLanguage\":\"pt-BR\",\"potentialAction\":[{\"@type\":\"CommentAction\",\"name\":\"Comment\",\"target\":[\"https:\/\/revistaautobus.com.br\/?p=16601#respond\"]}]},{\"@type\":\"WebPage\",\"@id\":\"https:\/\/revistaautobus.com.br\/?p=16601\",\"url\":\"https:\/\/revistaautobus.com.br\/?p=16601\",\"name\":\"VOLARE ATTACK 10 URBANO E FLY 12 FORAM DESTAQUES NA FENATRAL 2025 - Revista AutoBus\",\"isPartOf\":{\"@id\":\"https:\/\/revistaautobus.com.br\/#website\"},\"primaryImageOfPage\":{\"@id\":\"https:\/\/revistaautobus.com.br\/?p=16601#primaryimage\"},\"image\":{\"@id\":\"https:\/\/revistaautobus.com.br\/?p=16601#primaryimage\"},\"thumbnailUrl\":\"https:\/\/revistaautobus.com.br\/wp-content\/uploads\/2025\/09\/15092025-Volare-na-Fenatral-2025_1.jpg\",\"datePublished\":\"2025-09-15T17:23:10+00:00\",\"dateModified\":\"2025-09-15T17:23:38+00:00\",\"breadcrumb\":{\"@id\":\"https:\/\/revistaautobus.com.br\/?p=16601#breadcrumb\"},\"inLanguage\":\"pt-BR\",\"potentialAction\":[{\"@type\":\"ReadAction\",\"target\":[\"https:\/\/revistaautobus.com.br\/?p=16601\"]}]},{\"@type\":\"ImageObject\",\"inLanguage\":\"pt-BR\",\"@id\":\"https:\/\/revistaautobus.com.br\/?p=16601#primaryimage\",\"url\":\"https:\/\/revistaautobus.com.br\/wp-content\/uploads\/2025\/09\/15092025-Volare-na-Fenatral-2025_1.jpg\",\"contentUrl\":\"https:\/\/revistaautobus.com.br\/wp-content\/uploads\/2025\/09\/15092025-Volare-na-Fenatral-2025_1.jpg\",\"width\":1000,\"height\":750},{\"@type\":\"BreadcrumbList\",\"@id\":\"https:\/\/revistaautobus.com.br\/?p=16601#breadcrumb\",\"itemListElement\":[{\"@type\":\"ListItem\",\"position\":1,\"name\":\"In\u00edcio\",\"item\":\"https:\/\/revistaautobus.com.br\/\"},{\"@type\":\"ListItem\",\"position\":2,\"name\":\"VOLARE ATTACK 10 URBANO E FLY 12 FORAM DESTAQUES NA FENATRAL 2025\"}]},{\"@type\":\"WebSite\",\"@id\":\"https:\/\/revistaautobus.com.br\/#website\",\"url\":\"https:\/\/revistaautobus.com.br\/\",\"name\":\"Revista AutoBus\",\"description\":\"\",\"publisher\":{\"@id\":\"https:\/\/revistaautobus.com.br\/#organization\"},\"potentialAction\":[{\"@type\":\"SearchAction\",\"target\":{\"@type\":\"EntryPoint\",\"urlTemplate\":\"https:\/\/revistaautobus.com.br\/?s={search_term_string}\"},\"query-input\":{\"@type\":\"PropertyValueSpecification\",\"valueRequired\":true,\"valueName\":\"search_term_string\"}}],\"inLanguage\":\"pt-BR\"},{\"@type\":\"Organization\",\"@id\":\"https:\/\/revistaautobus.com.br\/#organization\",\"name\":\"Revista AutoBus\",\"url\":\"https:\/\/revistaautobus.com.br\/\",\"logo\":{\"@type\":\"ImageObject\",\"inLanguage\":\"pt-BR\",\"@id\":\"https:\/\/revistaautobus.com.br\/#\/schema\/logo\/image\/\",\"url\":\"https:\/\/revistaautobus.com.br\/wp-content\/uploads\/2024\/11\/logo_revista_autobus_fb.png\",\"contentUrl\":\"https:\/\/revistaautobus.com.br\/wp-content\/uploads\/2024\/11\/logo_revista_autobus_fb.png\",\"width\":836,\"height\":227,\"caption\":\"Revista AutoBus\"},\"image\":{\"@id\":\"https:\/\/revistaautobus.com.br\/#\/schema\/logo\/image\/\"},\"sameAs\":[\"https:\/\/www.facebook.com\/antonio.ferro.3150\",\"https:\/\/www.instagram.com\/revistaautobus\/\"]},{\"@type\":\"Person\",\"@id\":\"https:\/\/revistaautobus.com.br\/#\/schema\/person\/54af7c3eb83a310e42ef686ef6d16f50\",\"name\":\"Antonio Ferro\",\"image\":{\"@type\":\"ImageObject\",\"inLanguage\":\"pt-BR\",\"@id\":\"https:\/\/revistaautobus.com.br\/wp-content\/uploads\/2025\/12\/editor_antonio_ferro-150x150.jpg\",\"url\":\"https:\/\/revistaautobus.com.br\/wp-content\/uploads\/2025\/12\/editor_antonio_ferro-150x150.jpg\",\"contentUrl\":\"https:\/\/revistaautobus.com.br\/wp-content\/uploads\/2025\/12\/editor_antonio_ferro-150x150.jpg\",\"caption\":\"Antonio Ferro\"},\"description\":\"infobus@uol.com.br\",\"url\":\"https:\/\/revistaautobus.com.br\/?author=2\"}]}<\/script>\n<!-- \/ Yoast SEO plugin. -->","yoast_head_json":{"title":"VOLARE ATTACK 10 URBANO E FLY 12 FORAM DESTAQUES NA FENATRAL 2025 - Revista AutoBus","robots":{"index":"index","follow":"follow","max-snippet":"max-snippet:-1","max-image-preview":"max-image-preview:large","max-video-preview":"max-video-preview:-1"},"canonical":"https:\/\/revistaautobus.com.br\/?p=16601","og_locale":"pt_BR","og_type":"article","og_title":"VOLARE ATTACK 10 URBANO E FLY 12 FORAM DESTAQUES NA FENATRAL 2025 - Revista AutoBus","og_description":"Attack 10 Urbano foi exibido pela primeira vez ao p\u00fablico da Bahia e o Modelo Fly 12 ganhou vers\u00e3o Fretamento, al\u00e9m das configura\u00e7\u00f5es Escolar e Fretamento","og_url":"https:\/\/revistaautobus.com.br\/?p=16601","og_site_name":"Revista AutoBus","article_publisher":"https:\/\/www.facebook.com\/antonio.ferro.3150","article_published_time":"2025-09-15T17:23:10+00:00","article_modified_time":"2025-09-15T17:23:38+00:00","og_image":[{"width":1000,"height":750,"url":"https:\/\/revistaautobus.com.br\/wp-content\/uploads\/2025\/09\/15092025-Volare-na-Fenatral-2025_1.jpg","type":"image\/jpeg"}],"author":"Antonio Ferro","twitter_card":"summary_large_image","twitter_misc":{"Escrito por":"Antonio Ferro","Est. tempo de leitura":"3 minutos"},"schema":{"@context":"https:\/\/schema.org","@graph":[{"@type":"Article","@id":"https:\/\/revistaautobus.com.br\/?p=16601#article","isPartOf":{"@id":"https:\/\/revistaautobus.com.br\/?p=16601"},"author":{"name":"Antonio Ferro","@id":"https:\/\/revistaautobus.com.br\/#\/schema\/person\/54af7c3eb83a310e42ef686ef6d16f50"},"headline":"VOLARE ATTACK 10 URBANO E FLY 12 FORAM DESTAQUES NA FENATRAL 2025","datePublished":"2025-09-15T17:23:10+00:00","dateModified":"2025-09-15T17:23:38+00:00","mainEntityOfPage":{"@id":"https:\/\/revistaautobus.com.br\/?p=16601"},"wordCount":367,"commentCount":0,"publisher":{"@id":"https:\/\/revistaautobus.com.br\/#organization"},"image":{"@id":"https:\/\/revistaautobus.com.br\/?p=16601#primaryimage"},"thumbnailUrl":"https:\/\/revistaautobus.com.br\/wp-content\/uploads\/2025\/09\/15092025-Volare-na-Fenatral-2025_1.jpg","keywords":["Volare"],"articleSection":["Not\u00edcias"],"inLanguage":"pt-BR","potentialAction":[{"@type":"CommentAction","name":"Comment","target":["https:\/\/revistaautobus.com.br\/?p=16601#respond"]}]},{"@type":"WebPage","@id":"https:\/\/revistaautobus.com.br\/?p=16601","url":"https:\/\/revistaautobus.com.br\/?p=16601","name":"VOLARE ATTACK 10 URBANO E FLY 12 FORAM DESTAQUES NA FENATRAL 2025 - Revista AutoBus","isPartOf":{"@id":"https:\/\/revistaautobus.com.br\/#website"},"primaryImageOfPage":{"@id":"https:\/\/revistaautobus.com.br\/?p=16601#primaryimage"},"image":{"@id":"https:\/\/revistaautobus.com.br\/?p=16601#primaryimage"},"thumbnailUrl":"https:\/\/revistaautobus.com.br\/wp-content\/uploads\/2025\/09\/15092025-Volare-na-Fenatral-2025_1.jpg","datePublished":"2025-09-15T17:23:10+00:00","dateModified":"2025-09-15T17:23:38+00:00","breadcrumb":{"@id":"https:\/\/revistaautobus.com.br\/?p=16601#breadcrumb"},"inLanguage":"pt-BR","potentialAction":[{"@type":"ReadAction","target":["https:\/\/revistaautobus.com.br\/?p=16601"]}]},{"@type":"ImageObject","inLanguage":"pt-BR","@id":"https:\/\/revistaautobus.com.br\/?p=16601#primaryimage","url":"https:\/\/revistaautobus.com.br\/wp-content\/uploads\/2025\/09\/15092025-Volare-na-Fenatral-2025_1.jpg","contentUrl":"https:\/\/revistaautobus.com.br\/wp-content\/uploads\/2025\/09\/15092025-Volare-na-Fenatral-2025_1.jpg","width":1000,"height":750},{"@type":"BreadcrumbList","@id":"https:\/\/revistaautobus.com.br\/?p=16601#breadcrumb","itemListElement":[{"@type":"ListItem","position":1,"name":"In\u00edcio","item":"https:\/\/revistaautobus.com.br\/"},{"@type":"ListItem","position":2,"name":"VOLARE ATTACK 10 URBANO E FLY 12 FORAM DESTAQUES NA FENATRAL 2025"}]},{"@type":"WebSite","@id":"https:\/\/revistaautobus.com.br\/#website","url":"https:\/\/revistaautobus.com.br\/","name":"Revista AutoBus","description":"","publisher":{"@id":"https:\/\/revistaautobus.com.br\/#organization"},"potentialAction":[{"@type":"SearchAction","target":{"@type":"EntryPoint","urlTemplate":"https:\/\/revistaautobus.com.br\/?s={search_term_string}"},"query-input":{"@type":"PropertyValueSpecification","valueRequired":true,"valueName":"search_term_string"}}],"inLanguage":"pt-BR"},{"@type":"Organization","@id":"https:\/\/revistaautobus.com.br\/#organization","name":"Revista AutoBus","url":"https:\/\/revistaautobus.com.br\/","logo":{"@type":"ImageObject","inLanguage":"pt-BR","@id":"https:\/\/revistaautobus.com.br\/#\/schema\/logo\/image\/","url":"https:\/\/revistaautobus.com.br\/wp-content\/uploads\/2024\/11\/logo_revista_autobus_fb.png","contentUrl":"https:\/\/revistaautobus.com.br\/wp-content\/uploads\/2024\/11\/logo_revista_autobus_fb.png","width":836,"height":227,"caption":"Revista AutoBus"},"image":{"@id":"https:\/\/revistaautobus.com.br\/#\/schema\/logo\/image\/"},"sameAs":["https:\/\/www.facebook.com\/antonio.ferro.3150","https:\/\/www.instagram.com\/revistaautobus\/"]},{"@type":"Person","@id":"https:\/\/revistaautobus.com.br\/#\/schema\/person\/54af7c3eb83a310e42ef686ef6d16f50","name":"Antonio Ferro","image":{"@type":"ImageObject","inLanguage":"pt-BR","@id":"https:\/\/revistaautobus.com.br\/wp-content\/uploads\/2025\/12\/editor_antonio_ferro-150x150.jpg","url":"https:\/\/revistaautobus.com.br\/wp-content\/uploads\/2025\/12\/editor_antonio_ferro-150x150.jpg","contentUrl":"https:\/\/revistaautobus.com.br\/wp-content\/uploads\/2025\/12\/editor_antonio_ferro-150x150.jpg","caption":"Antonio Ferro"},"description":"infobus@uol.com.br","url":"https:\/\/revistaautobus.com.br\/?author=2"}]}},"jetpack_featured_media_url":"https:\/\/revistaautobus.com.br\/wp-content\/uploads\/2025\/09\/15092025-Volare-na-Fenatral-2025_1.jpg","jetpack_sharing_enabled":true,"_links":{"self":[{"href":"https:\/\/revistaautobus.com.br\/index.php?rest_route=\/wp\/v2\/posts\/16601","targetHints":{"allow":["GET"]}}],"collection":[{"href":"https:\/\/revistaautobus.com.br\/index.php?rest_route=\/wp\/v2\/posts"}],"about":[{"href":"https:\/\/revistaautobus.com.br\/index.php?rest_route=\/wp\/v2\/types\/post"}],"author":[{"embeddable":true,"href":"https:\/\/revistaautobus.com.br\/index.php?rest_route=\/wp\/v2\/users\/2"}],"replies":[{"embeddable":true,"href":"https:\/\/revistaautobus.com.br\/index.php?rest_route=%2Fwp%2Fv2%2Fcomments&post=16601"}],"version-history":[{"count":3,"href":"https:\/\/revistaautobus.com.br\/index.php?rest_route=\/wp\/v2\/posts\/16601\/revisions"}],"predecessor-version":[{"id":16604,"href":"https:\/\/revistaautobus.com.br\/index.php?rest_route=\/wp\/v2\/posts\/16601\/revisions\/16604"}],"wp:featuredmedia":[{"embeddable":true,"href":"https:\/\/revistaautobus.com.br\/index.php?rest_route=\/wp\/v2\/media\/16602"}],"wp:attachment":[{"href":"https:\/\/revistaautobus.com.br\/index.php?rest_route=%2Fwp%2Fv2%2Fmedia&parent=16601"}],"wp:term":[{"taxonomy":"category","embeddable":true,"href":"https:\/\/revistaautobus.com.br\/index.php?rest_route=%2Fwp%2Fv2%2Fcategories&post=16601"},{"taxonomy":"post_tag","embeddable":true,"href":"https:\/\/revistaautobus.com.br\/index.php?rest_route=%2Fwp%2Fv2%2Ftags&post=16601"}],"curies":[{"name":"wp","href":"https:\/\/api.w.org\/{rel}","templated":true}]}}