{"id":169,"date":"2018-05-31T12:20:21","date_gmt":"2018-05-31T15:20:21","guid":{"rendered":"https:\/\/vila8.com.br\/clientes\/autobus\/?p=169"},"modified":"2021-06-21T10:23:44","modified_gmt":"2021-06-21T13:23:44","slug":"irizar-e-seu-conceito-e-mobility","status":"publish","type":"post","link":"https:\/\/revistaautobus.com.br\/?p=169","title":{"rendered":"Irizar e seu conceito e-mobility"},"content":{"rendered":"\n<p>A fabricante espanhola de \u00f4nibus Irizar inaugurou recentemente seu mais no\u00advo empreendimento destinado a eletromobilidade comercial. Com um investi\u00admento de 75 milh\u00f5es de euros, sua f\u00e1brica e-mobility (com 18 mil metros qua\u00addrados de constru\u00e7\u00e3o) ser\u00e1 a respons\u00e1vel pelo desenvolvimento e produ\u00e7\u00e3o de \u00f4nibus e outros ve\u00edculos comerciais el\u00e9tricos destinados ao transporte urbano.<\/p>\n\n\n\n<p>De acordo com a marca, a nova planta utiliza processos e solu\u00e7\u00f5es inovado\u00adras, com \u00eanfase aos modernos e sustent\u00e1veis m\u00e9todos de produ\u00e7\u00e3o a fim de proporcionar um equil\u00edbrio econ\u00f4mico e ambiental em seus neg\u00f3cios. Sua capa\u00adcidade de cria\u00e7\u00e3o e conhecimento ressalta o termo da eletromobilidade como solu\u00e7\u00e3o para os sistemas urbanos. A Irizar e-mobility nasce com o objetivo de aportar solu\u00e7\u00f5es integrais e personalizadas para as cidades.<\/p>\n\n\n\n<p>De sua linha de produ\u00e7\u00e3o saem os \u00f4nibus el\u00e9tricos com 10,80 metros, 12 me\u00adtros (ie Bus) e 18 metros (ie Tram), al\u00e9m de sistemas de recarga el\u00e9trica, tra\u00ad\u00e7\u00e3o e armazenamento de energia. Todos os seus produtos contam com tecnolo\u00adgia desenvolvida pelo pr\u00f3prio grupo por meio de suas empresas subsidi\u00e1rias. Sua f\u00e1brica tamb\u00e9m possui uma pista de provas e bancos de ensaios para ga\u00adrantir a efici\u00eancia e a confiabilidade dos recursos tecnol\u00f3gicos utilizados. Pen\u00adsando na evolu\u00e7\u00e3o continua, sua gama de ve\u00edculos ser\u00e1 completada com o de\u00adsenvolvimento do primeiro caminh\u00e3o el\u00e9trico idealizado, inicialmente, para o transporte de res\u00edduos.<\/p>\n\n\n\n<p>Com o seu programa de tra\u00e7\u00e3o el\u00e9trica, a Irizar quer impulsionar, de forma definitiva, a mobilidade urbana com o uso intensivo de \u00f4nibus el\u00e9tricos, sendo a melhor alternativa para um transporte de massa limpo e eficaz, visando um meio ambiente preservado e o bem estar das pessoas. Atualmente, a fabricante participa de projetos europeus de grande envergadura para o futuro da eletrifi\u00adca\u00e7\u00e3o das novas gera\u00e7\u00f5es de sistemas de transporte.<\/p>\n","protected":false},"excerpt":{"rendered":"<p>Com o seu programa de tra\u00e7\u00e3o el\u00e9trica, a Irizar quer impulsionar, de forma definitiva, a mobilidade urbana com o uso intensivo de \u00f4nibus el\u00e9tricos, sendo a melhor alternativa para um transporte de massa limpo e eficaz<\/p>\n","protected":false},"author":2,"featured_media":170,"comment_status":"open","ping_status":"open","sticky":false,"template":"","format":"standard","meta":{"_et_pb_use_builder":"off","_et_pb_old_content":"","_et_gb_content_width":"","_jetpack_memberships_contains_paid_content":false,"footnotes":""},"categories":[5],"tags":[28,27,29],"class_list":["post-169","post","type-post","status-publish","format-standard","has-post-thumbnail","hentry","category-conexao-mobilidade","tag-e-mobility","tag-irizar","tag-onibus-eletrico","et-has-post-format-content","et_post_format-et-post-format-standard"],"yoast_head":"<!-- This site is optimized with the Yoast SEO plugin v27.2 - https:\/\/yoast.com\/product\/yoast-seo-wordpress\/ -->\n<title>Irizar e seu conceito e-mobility - Revista AutoBus<\/title>\n<meta name=\"robots\" content=\"index, follow, max-snippet:-1, max-image-preview:large, max-video-preview:-1\" \/>\n<link rel=\"canonical\" href=\"https:\/\/revistaautobus.com.br\/?p=169\" \/>\n<meta property=\"og:locale\" content=\"pt_BR\" \/>\n<meta property=\"og:type\" content=\"article\" \/>\n<meta property=\"og:title\" content=\"Irizar e seu conceito e-mobility - Revista AutoBus\" \/>\n<meta property=\"og:description\" content=\"Com o seu programa de tra\u00e7\u00e3o el\u00e9trica, a Irizar quer impulsionar, de forma definitiva, a mobilidade urbana com o uso intensivo de \u00f4nibus el\u00e9tricos, sendo a melhor alternativa para um transporte de massa limpo e eficaz\" \/>\n<meta property=\"og:url\" content=\"https:\/\/revistaautobus.com.br\/?p=169\" \/>\n<meta property=\"og:site_name\" content=\"Revista AutoBus\" \/>\n<meta property=\"article:publisher\" content=\"https:\/\/www.facebook.com\/antonio.ferro.3150\" \/>\n<meta property=\"article:published_time\" content=\"2018-05-31T15:20:21+00:00\" \/>\n<meta property=\"article:modified_time\" content=\"2021-06-21T13:23:44+00:00\" \/>\n<meta property=\"og:image\" content=\"https:\/\/revistaautobus.com.br\/wp-content\/uploads\/2021\/02\/irizar-e-seu-conceito-e-mobility-1527865043.jpg\" \/>\n\t<meta property=\"og:image:width\" content=\"1200\" \/>\n\t<meta property=\"og:image:height\" content=\"628\" \/>\n\t<meta property=\"og:image:type\" content=\"image\/jpeg\" \/>\n<meta name=\"author\" content=\"Antonio Ferro\" \/>\n<meta name=\"twitter:card\" content=\"summary_large_image\" \/>\n<meta name=\"twitter:label1\" content=\"Escrito por\" \/>\n\t<meta name=\"twitter:data1\" content=\"Antonio Ferro\" \/>\n\t<meta name=\"twitter:label2\" content=\"Est. tempo de leitura\" \/>\n\t<meta name=\"twitter:data2\" content=\"2 minutos\" \/>\n<script type=\"application\/ld+json\" class=\"yoast-schema-graph\">{\"@context\":\"https:\/\/schema.org\",\"@graph\":[{\"@type\":\"Article\",\"@id\":\"https:\/\/revistaautobus.com.br\/?p=169#article\",\"isPartOf\":{\"@id\":\"https:\/\/revistaautobus.com.br\/?p=169\"},\"author\":{\"name\":\"Antonio Ferro\",\"@id\":\"https:\/\/revistaautobus.com.br\/#\/schema\/person\/54af7c3eb83a310e42ef686ef6d16f50\"},\"headline\":\"Irizar e seu conceito e-mobility\",\"datePublished\":\"2018-05-31T15:20:21+00:00\",\"dateModified\":\"2021-06-21T13:23:44+00:00\",\"mainEntityOfPage\":{\"@id\":\"https:\/\/revistaautobus.com.br\/?p=169\"},\"wordCount\":333,\"commentCount\":0,\"publisher\":{\"@id\":\"https:\/\/revistaautobus.com.br\/#organization\"},\"image\":{\"@id\":\"https:\/\/revistaautobus.com.br\/?p=169#primaryimage\"},\"thumbnailUrl\":\"https:\/\/revistaautobus.com.br\/wp-content\/uploads\/2021\/02\/irizar-e-seu-conceito-e-mobility-1527865043.jpg\",\"keywords\":[\"e-mobility\",\"irizar\",\"\u00f4nibus el\u00e9trico\"],\"articleSection\":[\"Conex\u00e3o Mobilidade\"],\"inLanguage\":\"pt-BR\",\"potentialAction\":[{\"@type\":\"CommentAction\",\"name\":\"Comment\",\"target\":[\"https:\/\/revistaautobus.com.br\/?p=169#respond\"]}]},{\"@type\":\"WebPage\",\"@id\":\"https:\/\/revistaautobus.com.br\/?p=169\",\"url\":\"https:\/\/revistaautobus.com.br\/?p=169\",\"name\":\"Irizar e seu conceito e-mobility - Revista AutoBus\",\"isPartOf\":{\"@id\":\"https:\/\/revistaautobus.com.br\/#website\"},\"primaryImageOfPage\":{\"@id\":\"https:\/\/revistaautobus.com.br\/?p=169#primaryimage\"},\"image\":{\"@id\":\"https:\/\/revistaautobus.com.br\/?p=169#primaryimage\"},\"thumbnailUrl\":\"https:\/\/revistaautobus.com.br\/wp-content\/uploads\/2021\/02\/irizar-e-seu-conceito-e-mobility-1527865043.jpg\",\"datePublished\":\"2018-05-31T15:20:21+00:00\",\"dateModified\":\"2021-06-21T13:23:44+00:00\",\"breadcrumb\":{\"@id\":\"https:\/\/revistaautobus.com.br\/?p=169#breadcrumb\"},\"inLanguage\":\"pt-BR\",\"potentialAction\":[{\"@type\":\"ReadAction\",\"target\":[\"https:\/\/revistaautobus.com.br\/?p=169\"]}]},{\"@type\":\"ImageObject\",\"inLanguage\":\"pt-BR\",\"@id\":\"https:\/\/revistaautobus.com.br\/?p=169#primaryimage\",\"url\":\"https:\/\/revistaautobus.com.br\/wp-content\/uploads\/2021\/02\/irizar-e-seu-conceito-e-mobility-1527865043.jpg\",\"contentUrl\":\"https:\/\/revistaautobus.com.br\/wp-content\/uploads\/2021\/02\/irizar-e-seu-conceito-e-mobility-1527865043.jpg\",\"width\":1200,\"height\":628},{\"@type\":\"BreadcrumbList\",\"@id\":\"https:\/\/revistaautobus.com.br\/?p=169#breadcrumb\",\"itemListElement\":[{\"@type\":\"ListItem\",\"position\":1,\"name\":\"In\u00edcio\",\"item\":\"https:\/\/revistaautobus.com.br\/\"},{\"@type\":\"ListItem\",\"position\":2,\"name\":\"Irizar e seu conceito e-mobility\"}]},{\"@type\":\"WebSite\",\"@id\":\"https:\/\/revistaautobus.com.br\/#website\",\"url\":\"https:\/\/revistaautobus.com.br\/\",\"name\":\"Revista AutoBus\",\"description\":\"\",\"publisher\":{\"@id\":\"https:\/\/revistaautobus.com.br\/#organization\"},\"potentialAction\":[{\"@type\":\"SearchAction\",\"target\":{\"@type\":\"EntryPoint\",\"urlTemplate\":\"https:\/\/revistaautobus.com.br\/?s={search_term_string}\"},\"query-input\":{\"@type\":\"PropertyValueSpecification\",\"valueRequired\":true,\"valueName\":\"search_term_string\"}}],\"inLanguage\":\"pt-BR\"},{\"@type\":\"Organization\",\"@id\":\"https:\/\/revistaautobus.com.br\/#organization\",\"name\":\"Revista AutoBus\",\"url\":\"https:\/\/revistaautobus.com.br\/\",\"logo\":{\"@type\":\"ImageObject\",\"inLanguage\":\"pt-BR\",\"@id\":\"https:\/\/revistaautobus.com.br\/#\/schema\/logo\/image\/\",\"url\":\"https:\/\/revistaautobus.com.br\/wp-content\/uploads\/2024\/11\/logo_revista_autobus_fb.png\",\"contentUrl\":\"https:\/\/revistaautobus.com.br\/wp-content\/uploads\/2024\/11\/logo_revista_autobus_fb.png\",\"width\":836,\"height\":227,\"caption\":\"Revista AutoBus\"},\"image\":{\"@id\":\"https:\/\/revistaautobus.com.br\/#\/schema\/logo\/image\/\"},\"sameAs\":[\"https:\/\/www.facebook.com\/antonio.ferro.3150\",\"https:\/\/www.instagram.com\/revistaautobus\/\"]},{\"@type\":\"Person\",\"@id\":\"https:\/\/revistaautobus.com.br\/#\/schema\/person\/54af7c3eb83a310e42ef686ef6d16f50\",\"name\":\"Antonio Ferro\",\"image\":{\"@type\":\"ImageObject\",\"inLanguage\":\"pt-BR\",\"@id\":\"https:\/\/revistaautobus.com.br\/wp-content\/uploads\/2025\/12\/editor_antonio_ferro-150x150.jpg\",\"url\":\"https:\/\/revistaautobus.com.br\/wp-content\/uploads\/2025\/12\/editor_antonio_ferro-150x150.jpg\",\"contentUrl\":\"https:\/\/revistaautobus.com.br\/wp-content\/uploads\/2025\/12\/editor_antonio_ferro-150x150.jpg\",\"caption\":\"Antonio Ferro\"},\"description\":\"infobus@uol.com.br\",\"url\":\"https:\/\/revistaautobus.com.br\/?author=2\"}]}<\/script>\n<!-- \/ Yoast SEO plugin. -->","yoast_head_json":{"title":"Irizar e seu conceito e-mobility - Revista AutoBus","robots":{"index":"index","follow":"follow","max-snippet":"max-snippet:-1","max-image-preview":"max-image-preview:large","max-video-preview":"max-video-preview:-1"},"canonical":"https:\/\/revistaautobus.com.br\/?p=169","og_locale":"pt_BR","og_type":"article","og_title":"Irizar e seu conceito e-mobility - Revista AutoBus","og_description":"Com o seu programa de tra\u00e7\u00e3o el\u00e9trica, a Irizar quer impulsionar, de forma definitiva, a mobilidade urbana com o uso intensivo de \u00f4nibus el\u00e9tricos, sendo a melhor alternativa para um transporte de massa limpo e eficaz","og_url":"https:\/\/revistaautobus.com.br\/?p=169","og_site_name":"Revista AutoBus","article_publisher":"https:\/\/www.facebook.com\/antonio.ferro.3150","article_published_time":"2018-05-31T15:20:21+00:00","article_modified_time":"2021-06-21T13:23:44+00:00","og_image":[{"width":1200,"height":628,"url":"https:\/\/revistaautobus.com.br\/wp-content\/uploads\/2021\/02\/irizar-e-seu-conceito-e-mobility-1527865043.jpg","type":"image\/jpeg"}],"author":"Antonio Ferro","twitter_card":"summary_large_image","twitter_misc":{"Escrito por":"Antonio Ferro","Est. tempo de leitura":"2 minutos"},"schema":{"@context":"https:\/\/schema.org","@graph":[{"@type":"Article","@id":"https:\/\/revistaautobus.com.br\/?p=169#article","isPartOf":{"@id":"https:\/\/revistaautobus.com.br\/?p=169"},"author":{"name":"Antonio Ferro","@id":"https:\/\/revistaautobus.com.br\/#\/schema\/person\/54af7c3eb83a310e42ef686ef6d16f50"},"headline":"Irizar e seu conceito e-mobility","datePublished":"2018-05-31T15:20:21+00:00","dateModified":"2021-06-21T13:23:44+00:00","mainEntityOfPage":{"@id":"https:\/\/revistaautobus.com.br\/?p=169"},"wordCount":333,"commentCount":0,"publisher":{"@id":"https:\/\/revistaautobus.com.br\/#organization"},"image":{"@id":"https:\/\/revistaautobus.com.br\/?p=169#primaryimage"},"thumbnailUrl":"https:\/\/revistaautobus.com.br\/wp-content\/uploads\/2021\/02\/irizar-e-seu-conceito-e-mobility-1527865043.jpg","keywords":["e-mobility","irizar","\u00f4nibus el\u00e9trico"],"articleSection":["Conex\u00e3o Mobilidade"],"inLanguage":"pt-BR","potentialAction":[{"@type":"CommentAction","name":"Comment","target":["https:\/\/revistaautobus.com.br\/?p=169#respond"]}]},{"@type":"WebPage","@id":"https:\/\/revistaautobus.com.br\/?p=169","url":"https:\/\/revistaautobus.com.br\/?p=169","name":"Irizar e seu conceito e-mobility - Revista AutoBus","isPartOf":{"@id":"https:\/\/revistaautobus.com.br\/#website"},"primaryImageOfPage":{"@id":"https:\/\/revistaautobus.com.br\/?p=169#primaryimage"},"image":{"@id":"https:\/\/revistaautobus.com.br\/?p=169#primaryimage"},"thumbnailUrl":"https:\/\/revistaautobus.com.br\/wp-content\/uploads\/2021\/02\/irizar-e-seu-conceito-e-mobility-1527865043.jpg","datePublished":"2018-05-31T15:20:21+00:00","dateModified":"2021-06-21T13:23:44+00:00","breadcrumb":{"@id":"https:\/\/revistaautobus.com.br\/?p=169#breadcrumb"},"inLanguage":"pt-BR","potentialAction":[{"@type":"ReadAction","target":["https:\/\/revistaautobus.com.br\/?p=169"]}]},{"@type":"ImageObject","inLanguage":"pt-BR","@id":"https:\/\/revistaautobus.com.br\/?p=169#primaryimage","url":"https:\/\/revistaautobus.com.br\/wp-content\/uploads\/2021\/02\/irizar-e-seu-conceito-e-mobility-1527865043.jpg","contentUrl":"https:\/\/revistaautobus.com.br\/wp-content\/uploads\/2021\/02\/irizar-e-seu-conceito-e-mobility-1527865043.jpg","width":1200,"height":628},{"@type":"BreadcrumbList","@id":"https:\/\/revistaautobus.com.br\/?p=169#breadcrumb","itemListElement":[{"@type":"ListItem","position":1,"name":"In\u00edcio","item":"https:\/\/revistaautobus.com.br\/"},{"@type":"ListItem","position":2,"name":"Irizar e seu conceito e-mobility"}]},{"@type":"WebSite","@id":"https:\/\/revistaautobus.com.br\/#website","url":"https:\/\/revistaautobus.com.br\/","name":"Revista AutoBus","description":"","publisher":{"@id":"https:\/\/revistaautobus.com.br\/#organization"},"potentialAction":[{"@type":"SearchAction","target":{"@type":"EntryPoint","urlTemplate":"https:\/\/revistaautobus.com.br\/?s={search_term_string}"},"query-input":{"@type":"PropertyValueSpecification","valueRequired":true,"valueName":"search_term_string"}}],"inLanguage":"pt-BR"},{"@type":"Organization","@id":"https:\/\/revistaautobus.com.br\/#organization","name":"Revista AutoBus","url":"https:\/\/revistaautobus.com.br\/","logo":{"@type":"ImageObject","inLanguage":"pt-BR","@id":"https:\/\/revistaautobus.com.br\/#\/schema\/logo\/image\/","url":"https:\/\/revistaautobus.com.br\/wp-content\/uploads\/2024\/11\/logo_revista_autobus_fb.png","contentUrl":"https:\/\/revistaautobus.com.br\/wp-content\/uploads\/2024\/11\/logo_revista_autobus_fb.png","width":836,"height":227,"caption":"Revista AutoBus"},"image":{"@id":"https:\/\/revistaautobus.com.br\/#\/schema\/logo\/image\/"},"sameAs":["https:\/\/www.facebook.com\/antonio.ferro.3150","https:\/\/www.instagram.com\/revistaautobus\/"]},{"@type":"Person","@id":"https:\/\/revistaautobus.com.br\/#\/schema\/person\/54af7c3eb83a310e42ef686ef6d16f50","name":"Antonio Ferro","image":{"@type":"ImageObject","inLanguage":"pt-BR","@id":"https:\/\/revistaautobus.com.br\/wp-content\/uploads\/2025\/12\/editor_antonio_ferro-150x150.jpg","url":"https:\/\/revistaautobus.com.br\/wp-content\/uploads\/2025\/12\/editor_antonio_ferro-150x150.jpg","contentUrl":"https:\/\/revistaautobus.com.br\/wp-content\/uploads\/2025\/12\/editor_antonio_ferro-150x150.jpg","caption":"Antonio Ferro"},"description":"infobus@uol.com.br","url":"https:\/\/revistaautobus.com.br\/?author=2"}]}},"jetpack_featured_media_url":"https:\/\/revistaautobus.com.br\/wp-content\/uploads\/2021\/02\/irizar-e-seu-conceito-e-mobility-1527865043.jpg","jetpack_sharing_enabled":true,"_links":{"self":[{"href":"https:\/\/revistaautobus.com.br\/index.php?rest_route=\/wp\/v2\/posts\/169","targetHints":{"allow":["GET"]}}],"collection":[{"href":"https:\/\/revistaautobus.com.br\/index.php?rest_route=\/wp\/v2\/posts"}],"about":[{"href":"https:\/\/revistaautobus.com.br\/index.php?rest_route=\/wp\/v2\/types\/post"}],"author":[{"embeddable":true,"href":"https:\/\/revistaautobus.com.br\/index.php?rest_route=\/wp\/v2\/users\/2"}],"replies":[{"embeddable":true,"href":"https:\/\/revistaautobus.com.br\/index.php?rest_route=%2Fwp%2Fv2%2Fcomments&post=169"}],"version-history":[{"count":1,"href":"https:\/\/revistaautobus.com.br\/index.php?rest_route=\/wp\/v2\/posts\/169\/revisions"}],"predecessor-version":[{"id":171,"href":"https:\/\/revistaautobus.com.br\/index.php?rest_route=\/wp\/v2\/posts\/169\/revisions\/171"}],"wp:featuredmedia":[{"embeddable":true,"href":"https:\/\/revistaautobus.com.br\/index.php?rest_route=\/wp\/v2\/media\/170"}],"wp:attachment":[{"href":"https:\/\/revistaautobus.com.br\/index.php?rest_route=%2Fwp%2Fv2%2Fmedia&parent=169"}],"wp:term":[{"taxonomy":"category","embeddable":true,"href":"https:\/\/revistaautobus.com.br\/index.php?rest_route=%2Fwp%2Fv2%2Fcategories&post=169"},{"taxonomy":"post_tag","embeddable":true,"href":"https:\/\/revistaautobus.com.br\/index.php?rest_route=%2Fwp%2Fv2%2Ftags&post=169"}],"curies":[{"name":"wp","href":"https:\/\/api.w.org\/{rel}","templated":true}]}}