{"id":16965,"date":"2025-10-25T07:55:51","date_gmt":"2025-10-25T10:55:51","guid":{"rendered":"https:\/\/revistaautobus.com.br\/?p=16965"},"modified":"2025-10-25T07:55:51","modified_gmt":"2025-10-25T10:55:51","slug":"its-como-otimizacao-do-transporte","status":"publish","type":"post","link":"https:\/\/revistaautobus.com.br\/?p=16965","title":{"rendered":"ITS como otimiza\u00e7\u00e3o do transporte"},"content":{"rendered":"<p>Ela foi anunciada como uma ambiciosa iniciativa para aprimorar a utiliza\u00e7\u00e3o da frota de transporte p\u00fablico de 13.000 \u00f4nibus e os 4.200 ve\u00edculos dedicados ao transporte escolar da maior cidade da Am\u00e9rica Latina. Dessa maneira, a parceria entre Clever Devices, Liftango e Optai quer estabelecer uma nova refer\u00eancia global para transporte inteligente, inclusivo e eficiente na mobilidade paulistana.<\/p>\n<p>A Clever Devices, juntamente com suas subsidi\u00e1rias Clever Devices do Brasil e MAIOR, implementar\u00e1 um conjunto abrangente de Sistemas Inteligentes de Transporte (ITS) baseados em nuvem e solu\u00e7\u00f5es de planejamento e programa\u00e7\u00e3o para otimizar as opera\u00e7\u00f5es em toda a vasta rede de \u00f4nibus de S\u00e3o Paulo, operada por 24 empresas diferentes, como um dos maiores projetos do mundo. Seus dispositivos inteligentes foram idealizados para modernizar a rede de 1.300 linhas no munic\u00edpio.<\/p>\n<p>Segundo informa\u00e7\u00f5es, essas ferramentas aumentar\u00e3o a efici\u00eancia operacional, melhorar\u00e3o a experi\u00eancia do passageiro e permitir\u00e3o que a SPTrans monitore o desempenho do operador em rela\u00e7\u00e3o \u00e0s principais m\u00e9tricas. &#8220;Estamos muito satisfeitos por termos sido escolhidos pela SPTrans para apoiar seu compromisso de melhorar os servi\u00e7os de tr\u00e2nsito em S\u00e3o Paulo. Ser selecionado por uma das maiores ag\u00eancias de tr\u00e2nsito do mundo refor\u00e7a nossa lideran\u00e7a no setor\u201d, disse Frank Ingrassia, diretor-executivo da Clever Devices.<\/p>\n<p>J\u00e1 a a Liftango, como subcontratada da Clever Devices, apoiada por seu parceiro local, Optai, liderar\u00e1 a transforma\u00e7\u00e3o dos servi\u00e7os, incluindo o programa de transporte escolar gratuito TEG (Transporte Escolar Gratuito) e o servi\u00e7o de transporte acess\u00edvel do Atende+, que<\/p>\n<p>fornece servi\u00e7o essencial porta-a-porta para pessoas com defici\u00eancia. Aproveitando a tecnologia de ponta <em>Demand-Responsive Transport<\/em> (DRT \u2013 Transporte Sob Demanda), esta iniciativa modernizar\u00e1 e digitalizar\u00e1 as opera\u00e7\u00f5es em uma frota de mais de 4.800 ve\u00edculos (incluindo o servi\u00e7o Atende +). &#8220;Este projeto \u00e9 um divisor de \u00e1guas, n\u00e3o apenas para S\u00e3o Paulo, mas para toda a regi\u00e3o. A escala e a ambi\u00e7\u00e3o dessa parceria abrem as portas para uma nova era de mobilidade em toda a Am\u00e9rica Latina. Estamos entusiasmados por fazer parte de um movimento que est\u00e1 transformando a forma como as cidades pensam sobre o transporte, tornando-o mais inteligente, flex\u00edvel e verdadeiramente inclusivo. S\u00e3o Paulo est\u00e1 liderando o caminho, e isso \u00e9 s\u00f3 o come\u00e7o&#8221;, destacou Trystan Eeles, cofundador e COO da Liftango.<\/p>\n<p><em><span style=\"color: #000000;\">As tecnologias da Clever Device a serem implantadas incluem:\u00a0<\/span><\/em><\/p>\n<p>Planejamento e programa\u00e7\u00e3o de servi\u00e7os<\/p>\n<p>Despacho Assistido por Computador\/Localiza\u00e7\u00e3o Autom\u00e1tica de Ve\u00edculos (CAD\/AVL)<\/p>\n<p>Sistemas de informa\u00e7\u00e3o ao passageiro em tempo real<\/p>\n<p>Monitoramento da integridade do ve\u00edculo<\/p>\n<p>An\u00e1lise de dados<\/p>\n<p><span style=\"color: #000000;\"><em>Os principais componentes da Liftango:\u00a0<\/em><\/span><\/p>\n<p>Digitaliza\u00e7\u00e3o e otimiza\u00e7\u00e3o de servi\u00e7os porta-a-porta para pessoas com defici\u00eancia<\/p>\n<p>Rastreamento e roteamento aprimorados para transporte escolar<\/p>\n<p>Lan\u00e7amento de um novo servi\u00e7o de \u00f4nibus flex\u00edvel e sob demanda para melhorar a acessibilidade e a experi\u00eancia do passageiro.<\/p>\n<p>Imagem &#8211; Divulga\u00e7\u00e3o<\/p>\n","protected":false},"excerpt":{"rendered":"<p>As empresas Clever Devices, Liftango e Optai se uniram numa colabora\u00e7\u00e3o estrat\u00e9gica com a SPTrans para modernizar, em S\u00e3o Paulo, um dos maiores sistemas de transporte de superf\u00edcie do mundo<\/p>\n","protected":false},"author":2,"featured_media":16966,"comment_status":"open","ping_status":"open","sticky":false,"template":"","format":"standard","meta":{"_et_pb_use_builder":"","_et_pb_old_content":"","_et_gb_content_width":"","_jetpack_memberships_contains_paid_content":false,"footnotes":""},"categories":[90,73],"tags":[1024],"class_list":["post-16965","post","type-post","status-publish","format-standard","has-post-thumbnail","hentry","category-noticias","category-tecnologia","tag-optai","et-has-post-format-content","et_post_format-et-post-format-standard"],"yoast_head":"<!-- This site is optimized with the Yoast SEO plugin v27.2 - https:\/\/yoast.com\/product\/yoast-seo-wordpress\/ -->\n<title>ITS como otimiza\u00e7\u00e3o do transporte - Revista AutoBus<\/title>\n<meta name=\"robots\" content=\"index, follow, max-snippet:-1, max-image-preview:large, max-video-preview:-1\" \/>\n<link rel=\"canonical\" href=\"https:\/\/revistaautobus.com.br\/?p=16965\" \/>\n<meta property=\"og:locale\" content=\"pt_BR\" \/>\n<meta property=\"og:type\" content=\"article\" \/>\n<meta property=\"og:title\" content=\"ITS como otimiza\u00e7\u00e3o do transporte - Revista AutoBus\" \/>\n<meta property=\"og:description\" content=\"As empresas Clever Devices, Liftango e Optai se uniram numa colabora\u00e7\u00e3o estrat\u00e9gica com a SPTrans para modernizar, em S\u00e3o Paulo, um dos maiores sistemas de transporte de superf\u00edcie do mundo\" \/>\n<meta property=\"og:url\" content=\"https:\/\/revistaautobus.com.br\/?p=16965\" \/>\n<meta property=\"og:site_name\" content=\"Revista AutoBus\" \/>\n<meta property=\"article:publisher\" content=\"https:\/\/www.facebook.com\/antonio.ferro.3150\" \/>\n<meta property=\"article:published_time\" content=\"2025-10-25T10:55:51+00:00\" \/>\n<meta property=\"og:image\" content=\"https:\/\/revistaautobus.com.br\/wp-content\/uploads\/2025\/10\/Imagem-do-WhatsApp-de-2025-10-24-as-16.33.55_d6fed735.jpg\" \/>\n\t<meta property=\"og:image:width\" content=\"960\" \/>\n\t<meta property=\"og:image:height\" content=\"1280\" \/>\n\t<meta property=\"og:image:type\" content=\"image\/jpeg\" \/>\n<meta name=\"author\" content=\"Antonio Ferro\" \/>\n<meta name=\"twitter:card\" content=\"summary_large_image\" \/>\n<meta name=\"twitter:label1\" content=\"Escrito por\" \/>\n\t<meta name=\"twitter:data1\" content=\"Antonio Ferro\" \/>\n\t<meta name=\"twitter:label2\" content=\"Est. tempo de leitura\" \/>\n\t<meta name=\"twitter:data2\" content=\"3 minutos\" \/>\n<script type=\"application\/ld+json\" class=\"yoast-schema-graph\">{\"@context\":\"https:\/\/schema.org\",\"@graph\":[{\"@type\":\"Article\",\"@id\":\"https:\/\/revistaautobus.com.br\/?p=16965#article\",\"isPartOf\":{\"@id\":\"https:\/\/revistaautobus.com.br\/?p=16965\"},\"author\":{\"name\":\"Antonio Ferro\",\"@id\":\"https:\/\/revistaautobus.com.br\/#\/schema\/person\/54af7c3eb83a310e42ef686ef6d16f50\"},\"headline\":\"ITS como otimiza\u00e7\u00e3o do transporte\",\"datePublished\":\"2025-10-25T10:55:51+00:00\",\"mainEntityOfPage\":{\"@id\":\"https:\/\/revistaautobus.com.br\/?p=16965\"},\"wordCount\":510,\"commentCount\":0,\"publisher\":{\"@id\":\"https:\/\/revistaautobus.com.br\/#organization\"},\"image\":{\"@id\":\"https:\/\/revistaautobus.com.br\/?p=16965#primaryimage\"},\"thumbnailUrl\":\"https:\/\/revistaautobus.com.br\/wp-content\/uploads\/2025\/10\/Imagem-do-WhatsApp-de-2025-10-24-as-16.33.55_d6fed735.jpg\",\"keywords\":[\"Optai\"],\"articleSection\":[\"Not\u00edcias\",\"Tecnologia\"],\"inLanguage\":\"pt-BR\",\"potentialAction\":[{\"@type\":\"CommentAction\",\"name\":\"Comment\",\"target\":[\"https:\/\/revistaautobus.com.br\/?p=16965#respond\"]}]},{\"@type\":\"WebPage\",\"@id\":\"https:\/\/revistaautobus.com.br\/?p=16965\",\"url\":\"https:\/\/revistaautobus.com.br\/?p=16965\",\"name\":\"ITS como otimiza\u00e7\u00e3o do transporte - Revista AutoBus\",\"isPartOf\":{\"@id\":\"https:\/\/revistaautobus.com.br\/#website\"},\"primaryImageOfPage\":{\"@id\":\"https:\/\/revistaautobus.com.br\/?p=16965#primaryimage\"},\"image\":{\"@id\":\"https:\/\/revistaautobus.com.br\/?p=16965#primaryimage\"},\"thumbnailUrl\":\"https:\/\/revistaautobus.com.br\/wp-content\/uploads\/2025\/10\/Imagem-do-WhatsApp-de-2025-10-24-as-16.33.55_d6fed735.jpg\",\"datePublished\":\"2025-10-25T10:55:51+00:00\",\"breadcrumb\":{\"@id\":\"https:\/\/revistaautobus.com.br\/?p=16965#breadcrumb\"},\"inLanguage\":\"pt-BR\",\"potentialAction\":[{\"@type\":\"ReadAction\",\"target\":[\"https:\/\/revistaautobus.com.br\/?p=16965\"]}]},{\"@type\":\"ImageObject\",\"inLanguage\":\"pt-BR\",\"@id\":\"https:\/\/revistaautobus.com.br\/?p=16965#primaryimage\",\"url\":\"https:\/\/revistaautobus.com.br\/wp-content\/uploads\/2025\/10\/Imagem-do-WhatsApp-de-2025-10-24-as-16.33.55_d6fed735.jpg\",\"contentUrl\":\"https:\/\/revistaautobus.com.br\/wp-content\/uploads\/2025\/10\/Imagem-do-WhatsApp-de-2025-10-24-as-16.33.55_d6fed735.jpg\",\"width\":960,\"height\":1280},{\"@type\":\"BreadcrumbList\",\"@id\":\"https:\/\/revistaautobus.com.br\/?p=16965#breadcrumb\",\"itemListElement\":[{\"@type\":\"ListItem\",\"position\":1,\"name\":\"In\u00edcio\",\"item\":\"https:\/\/revistaautobus.com.br\/\"},{\"@type\":\"ListItem\",\"position\":2,\"name\":\"ITS como otimiza\u00e7\u00e3o do transporte\"}]},{\"@type\":\"WebSite\",\"@id\":\"https:\/\/revistaautobus.com.br\/#website\",\"url\":\"https:\/\/revistaautobus.com.br\/\",\"name\":\"Revista AutoBus\",\"description\":\"\",\"publisher\":{\"@id\":\"https:\/\/revistaautobus.com.br\/#organization\"},\"potentialAction\":[{\"@type\":\"SearchAction\",\"target\":{\"@type\":\"EntryPoint\",\"urlTemplate\":\"https:\/\/revistaautobus.com.br\/?s={search_term_string}\"},\"query-input\":{\"@type\":\"PropertyValueSpecification\",\"valueRequired\":true,\"valueName\":\"search_term_string\"}}],\"inLanguage\":\"pt-BR\"},{\"@type\":\"Organization\",\"@id\":\"https:\/\/revistaautobus.com.br\/#organization\",\"name\":\"Revista AutoBus\",\"url\":\"https:\/\/revistaautobus.com.br\/\",\"logo\":{\"@type\":\"ImageObject\",\"inLanguage\":\"pt-BR\",\"@id\":\"https:\/\/revistaautobus.com.br\/#\/schema\/logo\/image\/\",\"url\":\"https:\/\/revistaautobus.com.br\/wp-content\/uploads\/2024\/11\/logo_revista_autobus_fb.png\",\"contentUrl\":\"https:\/\/revistaautobus.com.br\/wp-content\/uploads\/2024\/11\/logo_revista_autobus_fb.png\",\"width\":836,\"height\":227,\"caption\":\"Revista AutoBus\"},\"image\":{\"@id\":\"https:\/\/revistaautobus.com.br\/#\/schema\/logo\/image\/\"},\"sameAs\":[\"https:\/\/www.facebook.com\/antonio.ferro.3150\",\"https:\/\/www.instagram.com\/revistaautobus\/\"]},{\"@type\":\"Person\",\"@id\":\"https:\/\/revistaautobus.com.br\/#\/schema\/person\/54af7c3eb83a310e42ef686ef6d16f50\",\"name\":\"Antonio Ferro\",\"image\":{\"@type\":\"ImageObject\",\"inLanguage\":\"pt-BR\",\"@id\":\"https:\/\/revistaautobus.com.br\/wp-content\/uploads\/2025\/12\/editor_antonio_ferro-150x150.jpg\",\"url\":\"https:\/\/revistaautobus.com.br\/wp-content\/uploads\/2025\/12\/editor_antonio_ferro-150x150.jpg\",\"contentUrl\":\"https:\/\/revistaautobus.com.br\/wp-content\/uploads\/2025\/12\/editor_antonio_ferro-150x150.jpg\",\"caption\":\"Antonio Ferro\"},\"description\":\"infobus@uol.com.br\",\"url\":\"https:\/\/revistaautobus.com.br\/?author=2\"}]}<\/script>\n<!-- \/ Yoast SEO plugin. -->","yoast_head_json":{"title":"ITS como otimiza\u00e7\u00e3o do transporte - Revista AutoBus","robots":{"index":"index","follow":"follow","max-snippet":"max-snippet:-1","max-image-preview":"max-image-preview:large","max-video-preview":"max-video-preview:-1"},"canonical":"https:\/\/revistaautobus.com.br\/?p=16965","og_locale":"pt_BR","og_type":"article","og_title":"ITS como otimiza\u00e7\u00e3o do transporte - Revista AutoBus","og_description":"As empresas Clever Devices, Liftango e Optai se uniram numa colabora\u00e7\u00e3o estrat\u00e9gica com a SPTrans para modernizar, em S\u00e3o Paulo, um dos maiores sistemas de transporte de superf\u00edcie do mundo","og_url":"https:\/\/revistaautobus.com.br\/?p=16965","og_site_name":"Revista AutoBus","article_publisher":"https:\/\/www.facebook.com\/antonio.ferro.3150","article_published_time":"2025-10-25T10:55:51+00:00","og_image":[{"width":960,"height":1280,"url":"https:\/\/revistaautobus.com.br\/wp-content\/uploads\/2025\/10\/Imagem-do-WhatsApp-de-2025-10-24-as-16.33.55_d6fed735.jpg","type":"image\/jpeg"}],"author":"Antonio Ferro","twitter_card":"summary_large_image","twitter_misc":{"Escrito por":"Antonio Ferro","Est. tempo de leitura":"3 minutos"},"schema":{"@context":"https:\/\/schema.org","@graph":[{"@type":"Article","@id":"https:\/\/revistaautobus.com.br\/?p=16965#article","isPartOf":{"@id":"https:\/\/revistaautobus.com.br\/?p=16965"},"author":{"name":"Antonio Ferro","@id":"https:\/\/revistaautobus.com.br\/#\/schema\/person\/54af7c3eb83a310e42ef686ef6d16f50"},"headline":"ITS como otimiza\u00e7\u00e3o do transporte","datePublished":"2025-10-25T10:55:51+00:00","mainEntityOfPage":{"@id":"https:\/\/revistaautobus.com.br\/?p=16965"},"wordCount":510,"commentCount":0,"publisher":{"@id":"https:\/\/revistaautobus.com.br\/#organization"},"image":{"@id":"https:\/\/revistaautobus.com.br\/?p=16965#primaryimage"},"thumbnailUrl":"https:\/\/revistaautobus.com.br\/wp-content\/uploads\/2025\/10\/Imagem-do-WhatsApp-de-2025-10-24-as-16.33.55_d6fed735.jpg","keywords":["Optai"],"articleSection":["Not\u00edcias","Tecnologia"],"inLanguage":"pt-BR","potentialAction":[{"@type":"CommentAction","name":"Comment","target":["https:\/\/revistaautobus.com.br\/?p=16965#respond"]}]},{"@type":"WebPage","@id":"https:\/\/revistaautobus.com.br\/?p=16965","url":"https:\/\/revistaautobus.com.br\/?p=16965","name":"ITS como otimiza\u00e7\u00e3o do transporte - Revista AutoBus","isPartOf":{"@id":"https:\/\/revistaautobus.com.br\/#website"},"primaryImageOfPage":{"@id":"https:\/\/revistaautobus.com.br\/?p=16965#primaryimage"},"image":{"@id":"https:\/\/revistaautobus.com.br\/?p=16965#primaryimage"},"thumbnailUrl":"https:\/\/revistaautobus.com.br\/wp-content\/uploads\/2025\/10\/Imagem-do-WhatsApp-de-2025-10-24-as-16.33.55_d6fed735.jpg","datePublished":"2025-10-25T10:55:51+00:00","breadcrumb":{"@id":"https:\/\/revistaautobus.com.br\/?p=16965#breadcrumb"},"inLanguage":"pt-BR","potentialAction":[{"@type":"ReadAction","target":["https:\/\/revistaautobus.com.br\/?p=16965"]}]},{"@type":"ImageObject","inLanguage":"pt-BR","@id":"https:\/\/revistaautobus.com.br\/?p=16965#primaryimage","url":"https:\/\/revistaautobus.com.br\/wp-content\/uploads\/2025\/10\/Imagem-do-WhatsApp-de-2025-10-24-as-16.33.55_d6fed735.jpg","contentUrl":"https:\/\/revistaautobus.com.br\/wp-content\/uploads\/2025\/10\/Imagem-do-WhatsApp-de-2025-10-24-as-16.33.55_d6fed735.jpg","width":960,"height":1280},{"@type":"BreadcrumbList","@id":"https:\/\/revistaautobus.com.br\/?p=16965#breadcrumb","itemListElement":[{"@type":"ListItem","position":1,"name":"In\u00edcio","item":"https:\/\/revistaautobus.com.br\/"},{"@type":"ListItem","position":2,"name":"ITS como otimiza\u00e7\u00e3o do transporte"}]},{"@type":"WebSite","@id":"https:\/\/revistaautobus.com.br\/#website","url":"https:\/\/revistaautobus.com.br\/","name":"Revista AutoBus","description":"","publisher":{"@id":"https:\/\/revistaautobus.com.br\/#organization"},"potentialAction":[{"@type":"SearchAction","target":{"@type":"EntryPoint","urlTemplate":"https:\/\/revistaautobus.com.br\/?s={search_term_string}"},"query-input":{"@type":"PropertyValueSpecification","valueRequired":true,"valueName":"search_term_string"}}],"inLanguage":"pt-BR"},{"@type":"Organization","@id":"https:\/\/revistaautobus.com.br\/#organization","name":"Revista AutoBus","url":"https:\/\/revistaautobus.com.br\/","logo":{"@type":"ImageObject","inLanguage":"pt-BR","@id":"https:\/\/revistaautobus.com.br\/#\/schema\/logo\/image\/","url":"https:\/\/revistaautobus.com.br\/wp-content\/uploads\/2024\/11\/logo_revista_autobus_fb.png","contentUrl":"https:\/\/revistaautobus.com.br\/wp-content\/uploads\/2024\/11\/logo_revista_autobus_fb.png","width":836,"height":227,"caption":"Revista AutoBus"},"image":{"@id":"https:\/\/revistaautobus.com.br\/#\/schema\/logo\/image\/"},"sameAs":["https:\/\/www.facebook.com\/antonio.ferro.3150","https:\/\/www.instagram.com\/revistaautobus\/"]},{"@type":"Person","@id":"https:\/\/revistaautobus.com.br\/#\/schema\/person\/54af7c3eb83a310e42ef686ef6d16f50","name":"Antonio Ferro","image":{"@type":"ImageObject","inLanguage":"pt-BR","@id":"https:\/\/revistaautobus.com.br\/wp-content\/uploads\/2025\/12\/editor_antonio_ferro-150x150.jpg","url":"https:\/\/revistaautobus.com.br\/wp-content\/uploads\/2025\/12\/editor_antonio_ferro-150x150.jpg","contentUrl":"https:\/\/revistaautobus.com.br\/wp-content\/uploads\/2025\/12\/editor_antonio_ferro-150x150.jpg","caption":"Antonio Ferro"},"description":"infobus@uol.com.br","url":"https:\/\/revistaautobus.com.br\/?author=2"}]}},"jetpack_featured_media_url":"https:\/\/revistaautobus.com.br\/wp-content\/uploads\/2025\/10\/Imagem-do-WhatsApp-de-2025-10-24-as-16.33.55_d6fed735.jpg","jetpack_sharing_enabled":true,"_links":{"self":[{"href":"https:\/\/revistaautobus.com.br\/index.php?rest_route=\/wp\/v2\/posts\/16965","targetHints":{"allow":["GET"]}}],"collection":[{"href":"https:\/\/revistaautobus.com.br\/index.php?rest_route=\/wp\/v2\/posts"}],"about":[{"href":"https:\/\/revistaautobus.com.br\/index.php?rest_route=\/wp\/v2\/types\/post"}],"author":[{"embeddable":true,"href":"https:\/\/revistaautobus.com.br\/index.php?rest_route=\/wp\/v2\/users\/2"}],"replies":[{"embeddable":true,"href":"https:\/\/revistaautobus.com.br\/index.php?rest_route=%2Fwp%2Fv2%2Fcomments&post=16965"}],"version-history":[{"count":2,"href":"https:\/\/revistaautobus.com.br\/index.php?rest_route=\/wp\/v2\/posts\/16965\/revisions"}],"predecessor-version":[{"id":16968,"href":"https:\/\/revistaautobus.com.br\/index.php?rest_route=\/wp\/v2\/posts\/16965\/revisions\/16968"}],"wp:featuredmedia":[{"embeddable":true,"href":"https:\/\/revistaautobus.com.br\/index.php?rest_route=\/wp\/v2\/media\/16966"}],"wp:attachment":[{"href":"https:\/\/revistaautobus.com.br\/index.php?rest_route=%2Fwp%2Fv2%2Fmedia&parent=16965"}],"wp:term":[{"taxonomy":"category","embeddable":true,"href":"https:\/\/revistaautobus.com.br\/index.php?rest_route=%2Fwp%2Fv2%2Fcategories&post=16965"},{"taxonomy":"post_tag","embeddable":true,"href":"https:\/\/revistaautobus.com.br\/index.php?rest_route=%2Fwp%2Fv2%2Ftags&post=16965"}],"curies":[{"name":"wp","href":"https:\/\/api.w.org\/{rel}","templated":true}]}}