{"id":16978,"date":"2025-10-25T08:09:57","date_gmt":"2025-10-25T11:09:57","guid":{"rendered":"https:\/\/revistaautobus.com.br\/?p=16978"},"modified":"2025-10-25T08:09:57","modified_gmt":"2025-10-25T11:09:57","slug":"mobilidade-sustentavel-da-marcopolo-sera-destacada-na-cop-30","status":"publish","type":"post","link":"https:\/\/revistaautobus.com.br\/?p=16978","title":{"rendered":"Mobilidade sustent\u00e1vel da Marcopolo ser\u00e1 destacada na COP 30"},"content":{"rendered":"<p>Na COP 30, confer\u00eancia mundial sobre o clima que ser\u00e1 realizado em novembro na capital paraense, Bel\u00e9m, a Marcopolo refor\u00e7a seu compromisso com uma mobilidade sist\u00eamica, completa e sustent\u00e1vel, focando, ainda, na cria\u00e7\u00e3o de solu\u00e7\u00f5es que conectam diferentes modais, promovendo a integra\u00e7\u00e3o entre o transporte rodovi\u00e1rio, urbano e ferrovi\u00e1rio, com foco na efici\u00eancia, acessibilidade e na descarboniza\u00e7\u00e3o do setor.<\/p>\n<p>Al\u00e9m disso, como refer\u00eancia global busca manter sua posi\u00e7\u00e3o de protagonista ao apresentar tecnologias de descarboniza\u00e7\u00e3o do transporte coletivo, aliadas a iniciativas voltadas \u00e0s pessoas, como educa\u00e7\u00e3o e capacita\u00e7\u00e3o profissional, que ampliam seu impacto e consolidam seu papel como agente transformador da sociedade e da mobilidade urbana no Brasil e no mundo.<\/p>\n<p>Para ela, a confer\u00eancia ser\u00e1 uma vitrine para que o planeta conhe\u00e7a o verdadeiro significado da lideran\u00e7a clim\u00e1tica brasileira, com solu\u00e7\u00f5es escal\u00e1veis, impacto social e inova\u00e7\u00e3o industrial desenvolvidas por empresas como a Marcopolo. Com isso, estar\u00e1 presente nos principais espa\u00e7os oficiais da COP30, afirmando seu compromisso com a mobilidade sustent\u00e1vel, com a agenda clim\u00e1tica global e com a promo\u00e7\u00e3o de solu\u00e7\u00f5es que colocam as pessoas no centro da transforma\u00e7\u00e3o. No dia 13 de novembro, na Green Zone, a empresa participa do painel \u201cSolu\u00e7\u00f5es Brasileiras para a Transi\u00e7\u00e3o Justa: Ind\u00fastria, Mobilidade e Desenvolvimento Sustent\u00e1vel\u201d. J\u00e1 no dia 14, na Blue Zone, espa\u00e7o reservado a delega\u00e7\u00f5es oficiais e chefes de Estado, ser\u00e1 destaque no painel \u201cDescarbonizando o Setor de Transportes: Solu\u00e7\u00f5es Brasileiras para o Mundo\u201d, apresentando experi\u00eancias concretas de eletrifica\u00e7\u00e3o, biocombust\u00edveis e inova\u00e7\u00e3o tecnol\u00f3gica. \u201cA COP30 \u00e9 uma oportunidade \u00fanica para mostrarmos ao mundo como a inova\u00e7\u00e3o em mobilidade pode reduzir as emiss\u00f5es em larga escala. Mobilidade sustent\u00e1vel \u00e9 mais do que tecnologia \u2014 envolve qualidade de vida urbana, efici\u00eancia dos sistemas de transporte e inclus\u00e3o social. \u00c9 uma jornada coletiva, que exige colabora\u00e7\u00e3o entre governos, empresas e sociedade\u201d, disse Andr\u00e9 Armaganijan, CEO da Marcopolo.<\/p>\n<div id=\"attachment_16980\" style=\"width: 1010px\" class=\"wp-caption alignnone\"><img loading=\"lazy\" decoding=\"async\" aria-describedby=\"caption-attachment-16980\" class=\"wp-image-16980 size-full\" src=\"https:\/\/revistaautobus.com.br\/wp-content\/uploads\/2025\/10\/20102025-Marcopolo_COP30_3.jpg\" alt=\"\" width=\"1000\" height=\"666\" srcset=\"https:\/\/revistaautobus.com.br\/wp-content\/uploads\/2025\/10\/20102025-Marcopolo_COP30_3.jpg 1000w, https:\/\/revistaautobus.com.br\/wp-content\/uploads\/2025\/10\/20102025-Marcopolo_COP30_3-300x200.jpg 300w, https:\/\/revistaautobus.com.br\/wp-content\/uploads\/2025\/10\/20102025-Marcopolo_COP30_3-768x511.jpg 768w\" sizes=\"(max-width: 1000px) 100vw, 1000px\" \/><p id=\"caption-attachment-16980\" class=\"wp-caption-text\"><span style=\"color: #008000;\"><em><strong>Solu\u00e7\u00e3o brasileira para o mundo. A tecnologia h\u00edbrida se mostra como viabilidade ambiental para o transporte<\/strong><\/em><\/span><\/p><\/div>\n<p>Ela, tamb\u00e9m, mostrar\u00e1 que faz parte da C.A.S.E. (Climate Action Solutions &amp; Engagement), coaliz\u00e3o de empresas do setor privado brasileiro articulada por Bradesco, Ita\u00fasa, Ita\u00fa, Natura, Nestl\u00e9 e Vale. No espa\u00e7o da iniciativa, a empresa participar\u00e1 nos dias 13 e 15 de novembro, dos debates \u201cTransporte P\u00fablico e Descarboniza\u00e7\u00e3o: Conectando Efici\u00eancia, Integra\u00e7\u00e3o e Impacto Clim\u00e1tico\u201d e \u201cBiocombust\u00edveis na Arquitetura Global da Transi\u00e7\u00e3o Energ\u00e9tica\u201d, respectivamente. Nessas agendas, refor\u00e7a seu papel como articuladora de solu\u00e7\u00f5es sustent\u00e1veis e escal\u00e1veis, capazes de serem replicadas em diferentes contextos nacionais e internacionais.<\/p>\n<p>As propuls\u00f5es limpas, encontradas nos projetos do Attivi El\u00e9trico; no Volare Fly 10 GV, que \u00e9 o micro-\u00f4nibus movido a GNV e biometano, que oferece autonomia de at\u00e9 450 km e reduz em at\u00e9 96% as emiss\u00f5es de material particulado; e no Volare Attack 9 H\u00edbrido, primeiro micro-\u00f4nibus h\u00edbrido el\u00e9trico\/etanol do mundo, desenvolvido em parceria com a HORSE Powertrain e a WEG, s\u00e3o exemplos de como a empresa vem se dedicando em oferecer as melhores tecnologias para se alcan\u00e7ar um transporte livre das emiss\u00f5es poluentes.<\/p>\n<p>E, como forma de aumentar sua participa\u00e7\u00e3o no mercado internacional da sustentabilidade, ela ressalta seus desenvolvimentos como os \u00f4nibus movidos a hidrog\u00eanio produzidos em suas unidades na Austr\u00e1lia e na China, refor\u00e7ando o alcance global da inova\u00e7\u00e3o brasileira. Nesse mesmo contexto, em solo brasileiro, a companhia mant\u00e9m um projeto de desenvolvimento de \u00f4nibus a hidrog\u00eanio em parceria com a Universidade de S\u00e3o Paulo (USP), que abriga a primeira esta\u00e7\u00e3o de convers\u00e3o sustent\u00e1vel de etanol para hidrog\u00eanio do mundo, ampliando as possibilidades de aplica\u00e7\u00e3o dessa tecnologia no transporte coletivo.<\/p>\n<p>Imagens &#8211; Divulga\u00e7\u00e3o<\/p>\n","protected":false},"excerpt":{"rendered":"<p>De acordo com a fabricante ga\u00facha de carro\u00e7arias, ela ir\u00e1 mostrar sua capacidade em desenvolver solu\u00e7\u00f5es de mobilidade de baixo carbono e iniciativas sociais que reafirmam seu papel como lideran\u00e7a brasileira e refer\u00eancia global na transforma\u00e7\u00e3o do transporte coletivo sustent\u00e1vel<\/p>\n","protected":false},"author":2,"featured_media":16979,"comment_status":"open","ping_status":"open","sticky":false,"template":"","format":"standard","meta":{"_et_pb_use_builder":"","_et_pb_old_content":"","_et_gb_content_width":"","_jetpack_memberships_contains_paid_content":false,"footnotes":""},"categories":[55,919,90],"tags":[84,1026],"class_list":["post-16978","post","type-post","status-publish","format-standard","has-post-thumbnail","hentry","category-encarrocadora","category-meio-ambiente","category-noticias","tag-marcopolo","tag-marcopolo-na-cop-30","et-has-post-format-content","et_post_format-et-post-format-standard"],"yoast_head":"<!-- This site is optimized with the Yoast SEO plugin v27.2 - https:\/\/yoast.com\/product\/yoast-seo-wordpress\/ -->\n<title>Mobilidade sustent\u00e1vel da Marcopolo ser\u00e1 destacada na COP 30 - Revista AutoBus<\/title>\n<meta name=\"robots\" content=\"index, follow, max-snippet:-1, max-image-preview:large, max-video-preview:-1\" \/>\n<link rel=\"canonical\" href=\"https:\/\/revistaautobus.com.br\/?p=16978\" \/>\n<meta property=\"og:locale\" content=\"pt_BR\" \/>\n<meta property=\"og:type\" content=\"article\" \/>\n<meta property=\"og:title\" content=\"Mobilidade sustent\u00e1vel da Marcopolo ser\u00e1 destacada na COP 30 - Revista AutoBus\" \/>\n<meta property=\"og:description\" content=\"De acordo com a fabricante ga\u00facha de carro\u00e7arias, ela ir\u00e1 mostrar sua capacidade em desenvolver solu\u00e7\u00f5es de mobilidade de baixo carbono e iniciativas sociais que reafirmam seu papel como lideran\u00e7a brasileira e refer\u00eancia global na transforma\u00e7\u00e3o do transporte coletivo sustent\u00e1vel\" \/>\n<meta property=\"og:url\" content=\"https:\/\/revistaautobus.com.br\/?p=16978\" \/>\n<meta property=\"og:site_name\" content=\"Revista AutoBus\" \/>\n<meta property=\"article:publisher\" content=\"https:\/\/www.facebook.com\/antonio.ferro.3150\" \/>\n<meta property=\"article:published_time\" content=\"2025-10-25T11:09:57+00:00\" \/>\n<meta property=\"og:image\" content=\"https:\/\/revistaautobus.com.br\/wp-content\/uploads\/2025\/10\/20102025-Marcopolo_COP30_2.jpg\" \/>\n\t<meta property=\"og:image:width\" content=\"1400\" \/>\n\t<meta property=\"og:image:height\" content=\"933\" \/>\n\t<meta property=\"og:image:type\" content=\"image\/jpeg\" \/>\n<meta name=\"author\" content=\"Antonio Ferro\" \/>\n<meta name=\"twitter:card\" content=\"summary_large_image\" \/>\n<meta name=\"twitter:label1\" content=\"Escrito por\" \/>\n\t<meta name=\"twitter:data1\" content=\"Antonio Ferro\" \/>\n\t<meta name=\"twitter:label2\" content=\"Est. tempo de leitura\" \/>\n\t<meta name=\"twitter:data2\" content=\"4 minutos\" \/>\n<script type=\"application\/ld+json\" class=\"yoast-schema-graph\">{\"@context\":\"https:\/\/schema.org\",\"@graph\":[{\"@type\":\"Article\",\"@id\":\"https:\/\/revistaautobus.com.br\/?p=16978#article\",\"isPartOf\":{\"@id\":\"https:\/\/revistaautobus.com.br\/?p=16978\"},\"author\":{\"name\":\"Antonio Ferro\",\"@id\":\"https:\/\/revistaautobus.com.br\/#\/schema\/person\/54af7c3eb83a310e42ef686ef6d16f50\"},\"headline\":\"Mobilidade sustent\u00e1vel da Marcopolo ser\u00e1 destacada na COP 30\",\"datePublished\":\"2025-10-25T11:09:57+00:00\",\"mainEntityOfPage\":{\"@id\":\"https:\/\/revistaautobus.com.br\/?p=16978\"},\"wordCount\":680,\"commentCount\":0,\"publisher\":{\"@id\":\"https:\/\/revistaautobus.com.br\/#organization\"},\"image\":{\"@id\":\"https:\/\/revistaautobus.com.br\/?p=16978#primaryimage\"},\"thumbnailUrl\":\"https:\/\/revistaautobus.com.br\/wp-content\/uploads\/2025\/10\/20102025-Marcopolo_COP30_2.jpg\",\"keywords\":[\"Marcopolo\",\"Marcopolo na COP 30\"],\"articleSection\":[\"Encarro\u00e7adora\",\"Meio ambiente\",\"Not\u00edcias\"],\"inLanguage\":\"pt-BR\",\"potentialAction\":[{\"@type\":\"CommentAction\",\"name\":\"Comment\",\"target\":[\"https:\/\/revistaautobus.com.br\/?p=16978#respond\"]}]},{\"@type\":\"WebPage\",\"@id\":\"https:\/\/revistaautobus.com.br\/?p=16978\",\"url\":\"https:\/\/revistaautobus.com.br\/?p=16978\",\"name\":\"Mobilidade sustent\u00e1vel da Marcopolo ser\u00e1 destacada na COP 30 - Revista AutoBus\",\"isPartOf\":{\"@id\":\"https:\/\/revistaautobus.com.br\/#website\"},\"primaryImageOfPage\":{\"@id\":\"https:\/\/revistaautobus.com.br\/?p=16978#primaryimage\"},\"image\":{\"@id\":\"https:\/\/revistaautobus.com.br\/?p=16978#primaryimage\"},\"thumbnailUrl\":\"https:\/\/revistaautobus.com.br\/wp-content\/uploads\/2025\/10\/20102025-Marcopolo_COP30_2.jpg\",\"datePublished\":\"2025-10-25T11:09:57+00:00\",\"breadcrumb\":{\"@id\":\"https:\/\/revistaautobus.com.br\/?p=16978#breadcrumb\"},\"inLanguage\":\"pt-BR\",\"potentialAction\":[{\"@type\":\"ReadAction\",\"target\":[\"https:\/\/revistaautobus.com.br\/?p=16978\"]}]},{\"@type\":\"ImageObject\",\"inLanguage\":\"pt-BR\",\"@id\":\"https:\/\/revistaautobus.com.br\/?p=16978#primaryimage\",\"url\":\"https:\/\/revistaautobus.com.br\/wp-content\/uploads\/2025\/10\/20102025-Marcopolo_COP30_2.jpg\",\"contentUrl\":\"https:\/\/revistaautobus.com.br\/wp-content\/uploads\/2025\/10\/20102025-Marcopolo_COP30_2.jpg\",\"width\":1400,\"height\":933},{\"@type\":\"BreadcrumbList\",\"@id\":\"https:\/\/revistaautobus.com.br\/?p=16978#breadcrumb\",\"itemListElement\":[{\"@type\":\"ListItem\",\"position\":1,\"name\":\"In\u00edcio\",\"item\":\"https:\/\/revistaautobus.com.br\/\"},{\"@type\":\"ListItem\",\"position\":2,\"name\":\"Mobilidade sustent\u00e1vel da Marcopolo ser\u00e1 destacada na COP 30\"}]},{\"@type\":\"WebSite\",\"@id\":\"https:\/\/revistaautobus.com.br\/#website\",\"url\":\"https:\/\/revistaautobus.com.br\/\",\"name\":\"Revista AutoBus\",\"description\":\"\",\"publisher\":{\"@id\":\"https:\/\/revistaautobus.com.br\/#organization\"},\"potentialAction\":[{\"@type\":\"SearchAction\",\"target\":{\"@type\":\"EntryPoint\",\"urlTemplate\":\"https:\/\/revistaautobus.com.br\/?s={search_term_string}\"},\"query-input\":{\"@type\":\"PropertyValueSpecification\",\"valueRequired\":true,\"valueName\":\"search_term_string\"}}],\"inLanguage\":\"pt-BR\"},{\"@type\":\"Organization\",\"@id\":\"https:\/\/revistaautobus.com.br\/#organization\",\"name\":\"Revista AutoBus\",\"url\":\"https:\/\/revistaautobus.com.br\/\",\"logo\":{\"@type\":\"ImageObject\",\"inLanguage\":\"pt-BR\",\"@id\":\"https:\/\/revistaautobus.com.br\/#\/schema\/logo\/image\/\",\"url\":\"https:\/\/revistaautobus.com.br\/wp-content\/uploads\/2024\/11\/logo_revista_autobus_fb.png\",\"contentUrl\":\"https:\/\/revistaautobus.com.br\/wp-content\/uploads\/2024\/11\/logo_revista_autobus_fb.png\",\"width\":836,\"height\":227,\"caption\":\"Revista AutoBus\"},\"image\":{\"@id\":\"https:\/\/revistaautobus.com.br\/#\/schema\/logo\/image\/\"},\"sameAs\":[\"https:\/\/www.facebook.com\/antonio.ferro.3150\",\"https:\/\/www.instagram.com\/revistaautobus\/\"]},{\"@type\":\"Person\",\"@id\":\"https:\/\/revistaautobus.com.br\/#\/schema\/person\/54af7c3eb83a310e42ef686ef6d16f50\",\"name\":\"Antonio Ferro\",\"image\":{\"@type\":\"ImageObject\",\"inLanguage\":\"pt-BR\",\"@id\":\"https:\/\/revistaautobus.com.br\/wp-content\/uploads\/2025\/12\/editor_antonio_ferro-150x150.jpg\",\"url\":\"https:\/\/revistaautobus.com.br\/wp-content\/uploads\/2025\/12\/editor_antonio_ferro-150x150.jpg\",\"contentUrl\":\"https:\/\/revistaautobus.com.br\/wp-content\/uploads\/2025\/12\/editor_antonio_ferro-150x150.jpg\",\"caption\":\"Antonio Ferro\"},\"description\":\"infobus@uol.com.br\",\"url\":\"https:\/\/revistaautobus.com.br\/?author=2\"}]}<\/script>\n<!-- \/ Yoast SEO plugin. -->","yoast_head_json":{"title":"Mobilidade sustent\u00e1vel da Marcopolo ser\u00e1 destacada na COP 30 - Revista AutoBus","robots":{"index":"index","follow":"follow","max-snippet":"max-snippet:-1","max-image-preview":"max-image-preview:large","max-video-preview":"max-video-preview:-1"},"canonical":"https:\/\/revistaautobus.com.br\/?p=16978","og_locale":"pt_BR","og_type":"article","og_title":"Mobilidade sustent\u00e1vel da Marcopolo ser\u00e1 destacada na COP 30 - Revista AutoBus","og_description":"De acordo com a fabricante ga\u00facha de carro\u00e7arias, ela ir\u00e1 mostrar sua capacidade em desenvolver solu\u00e7\u00f5es de mobilidade de baixo carbono e iniciativas sociais que reafirmam seu papel como lideran\u00e7a brasileira e refer\u00eancia global na transforma\u00e7\u00e3o do transporte coletivo sustent\u00e1vel","og_url":"https:\/\/revistaautobus.com.br\/?p=16978","og_site_name":"Revista AutoBus","article_publisher":"https:\/\/www.facebook.com\/antonio.ferro.3150","article_published_time":"2025-10-25T11:09:57+00:00","og_image":[{"width":1400,"height":933,"url":"https:\/\/revistaautobus.com.br\/wp-content\/uploads\/2025\/10\/20102025-Marcopolo_COP30_2.jpg","type":"image\/jpeg"}],"author":"Antonio Ferro","twitter_card":"summary_large_image","twitter_misc":{"Escrito por":"Antonio Ferro","Est. tempo de leitura":"4 minutos"},"schema":{"@context":"https:\/\/schema.org","@graph":[{"@type":"Article","@id":"https:\/\/revistaautobus.com.br\/?p=16978#article","isPartOf":{"@id":"https:\/\/revistaautobus.com.br\/?p=16978"},"author":{"name":"Antonio Ferro","@id":"https:\/\/revistaautobus.com.br\/#\/schema\/person\/54af7c3eb83a310e42ef686ef6d16f50"},"headline":"Mobilidade sustent\u00e1vel da Marcopolo ser\u00e1 destacada na COP 30","datePublished":"2025-10-25T11:09:57+00:00","mainEntityOfPage":{"@id":"https:\/\/revistaautobus.com.br\/?p=16978"},"wordCount":680,"commentCount":0,"publisher":{"@id":"https:\/\/revistaautobus.com.br\/#organization"},"image":{"@id":"https:\/\/revistaautobus.com.br\/?p=16978#primaryimage"},"thumbnailUrl":"https:\/\/revistaautobus.com.br\/wp-content\/uploads\/2025\/10\/20102025-Marcopolo_COP30_2.jpg","keywords":["Marcopolo","Marcopolo na COP 30"],"articleSection":["Encarro\u00e7adora","Meio ambiente","Not\u00edcias"],"inLanguage":"pt-BR","potentialAction":[{"@type":"CommentAction","name":"Comment","target":["https:\/\/revistaautobus.com.br\/?p=16978#respond"]}]},{"@type":"WebPage","@id":"https:\/\/revistaautobus.com.br\/?p=16978","url":"https:\/\/revistaautobus.com.br\/?p=16978","name":"Mobilidade sustent\u00e1vel da Marcopolo ser\u00e1 destacada na COP 30 - Revista AutoBus","isPartOf":{"@id":"https:\/\/revistaautobus.com.br\/#website"},"primaryImageOfPage":{"@id":"https:\/\/revistaautobus.com.br\/?p=16978#primaryimage"},"image":{"@id":"https:\/\/revistaautobus.com.br\/?p=16978#primaryimage"},"thumbnailUrl":"https:\/\/revistaautobus.com.br\/wp-content\/uploads\/2025\/10\/20102025-Marcopolo_COP30_2.jpg","datePublished":"2025-10-25T11:09:57+00:00","breadcrumb":{"@id":"https:\/\/revistaautobus.com.br\/?p=16978#breadcrumb"},"inLanguage":"pt-BR","potentialAction":[{"@type":"ReadAction","target":["https:\/\/revistaautobus.com.br\/?p=16978"]}]},{"@type":"ImageObject","inLanguage":"pt-BR","@id":"https:\/\/revistaautobus.com.br\/?p=16978#primaryimage","url":"https:\/\/revistaautobus.com.br\/wp-content\/uploads\/2025\/10\/20102025-Marcopolo_COP30_2.jpg","contentUrl":"https:\/\/revistaautobus.com.br\/wp-content\/uploads\/2025\/10\/20102025-Marcopolo_COP30_2.jpg","width":1400,"height":933},{"@type":"BreadcrumbList","@id":"https:\/\/revistaautobus.com.br\/?p=16978#breadcrumb","itemListElement":[{"@type":"ListItem","position":1,"name":"In\u00edcio","item":"https:\/\/revistaautobus.com.br\/"},{"@type":"ListItem","position":2,"name":"Mobilidade sustent\u00e1vel da Marcopolo ser\u00e1 destacada na COP 30"}]},{"@type":"WebSite","@id":"https:\/\/revistaautobus.com.br\/#website","url":"https:\/\/revistaautobus.com.br\/","name":"Revista AutoBus","description":"","publisher":{"@id":"https:\/\/revistaautobus.com.br\/#organization"},"potentialAction":[{"@type":"SearchAction","target":{"@type":"EntryPoint","urlTemplate":"https:\/\/revistaautobus.com.br\/?s={search_term_string}"},"query-input":{"@type":"PropertyValueSpecification","valueRequired":true,"valueName":"search_term_string"}}],"inLanguage":"pt-BR"},{"@type":"Organization","@id":"https:\/\/revistaautobus.com.br\/#organization","name":"Revista AutoBus","url":"https:\/\/revistaautobus.com.br\/","logo":{"@type":"ImageObject","inLanguage":"pt-BR","@id":"https:\/\/revistaautobus.com.br\/#\/schema\/logo\/image\/","url":"https:\/\/revistaautobus.com.br\/wp-content\/uploads\/2024\/11\/logo_revista_autobus_fb.png","contentUrl":"https:\/\/revistaautobus.com.br\/wp-content\/uploads\/2024\/11\/logo_revista_autobus_fb.png","width":836,"height":227,"caption":"Revista AutoBus"},"image":{"@id":"https:\/\/revistaautobus.com.br\/#\/schema\/logo\/image\/"},"sameAs":["https:\/\/www.facebook.com\/antonio.ferro.3150","https:\/\/www.instagram.com\/revistaautobus\/"]},{"@type":"Person","@id":"https:\/\/revistaautobus.com.br\/#\/schema\/person\/54af7c3eb83a310e42ef686ef6d16f50","name":"Antonio Ferro","image":{"@type":"ImageObject","inLanguage":"pt-BR","@id":"https:\/\/revistaautobus.com.br\/wp-content\/uploads\/2025\/12\/editor_antonio_ferro-150x150.jpg","url":"https:\/\/revistaautobus.com.br\/wp-content\/uploads\/2025\/12\/editor_antonio_ferro-150x150.jpg","contentUrl":"https:\/\/revistaautobus.com.br\/wp-content\/uploads\/2025\/12\/editor_antonio_ferro-150x150.jpg","caption":"Antonio Ferro"},"description":"infobus@uol.com.br","url":"https:\/\/revistaautobus.com.br\/?author=2"}]}},"jetpack_featured_media_url":"https:\/\/revistaautobus.com.br\/wp-content\/uploads\/2025\/10\/20102025-Marcopolo_COP30_2.jpg","jetpack_sharing_enabled":true,"_links":{"self":[{"href":"https:\/\/revistaautobus.com.br\/index.php?rest_route=\/wp\/v2\/posts\/16978","targetHints":{"allow":["GET"]}}],"collection":[{"href":"https:\/\/revistaautobus.com.br\/index.php?rest_route=\/wp\/v2\/posts"}],"about":[{"href":"https:\/\/revistaautobus.com.br\/index.php?rest_route=\/wp\/v2\/types\/post"}],"author":[{"embeddable":true,"href":"https:\/\/revistaautobus.com.br\/index.php?rest_route=\/wp\/v2\/users\/2"}],"replies":[{"embeddable":true,"href":"https:\/\/revistaautobus.com.br\/index.php?rest_route=%2Fwp%2Fv2%2Fcomments&post=16978"}],"version-history":[{"count":2,"href":"https:\/\/revistaautobus.com.br\/index.php?rest_route=\/wp\/v2\/posts\/16978\/revisions"}],"predecessor-version":[{"id":16982,"href":"https:\/\/revistaautobus.com.br\/index.php?rest_route=\/wp\/v2\/posts\/16978\/revisions\/16982"}],"wp:featuredmedia":[{"embeddable":true,"href":"https:\/\/revistaautobus.com.br\/index.php?rest_route=\/wp\/v2\/media\/16979"}],"wp:attachment":[{"href":"https:\/\/revistaautobus.com.br\/index.php?rest_route=%2Fwp%2Fv2%2Fmedia&parent=16978"}],"wp:term":[{"taxonomy":"category","embeddable":true,"href":"https:\/\/revistaautobus.com.br\/index.php?rest_route=%2Fwp%2Fv2%2Fcategories&post=16978"},{"taxonomy":"post_tag","embeddable":true,"href":"https:\/\/revistaautobus.com.br\/index.php?rest_route=%2Fwp%2Fv2%2Ftags&post=16978"}],"curies":[{"name":"wp","href":"https:\/\/api.w.org\/{rel}","templated":true}]}}