{"id":16983,"date":"2025-10-25T08:20:28","date_gmt":"2025-10-25T11:20:28","guid":{"rendered":"https:\/\/revistaautobus.com.br\/?p=16983"},"modified":"2025-10-25T08:20:28","modified_gmt":"2025-10-25T11:20:28","slug":"uniao-em-torno-da-sustentabilidade-no-transporte","status":"publish","type":"post","link":"https:\/\/revistaautobus.com.br\/?p=16983","title":{"rendered":"Uni\u00e3o em torno da sustentabilidade no transporte"},"content":{"rendered":"<p>Com a aproxima\u00e7\u00e3o da COP 30, Confer\u00eancia Mundial sobre o clima, que ser\u00e1 realizada, brevemente, na capital paraense, Bel\u00e9m, a meta de inserir o transporte de passageiros e cargas como indutor \u00e0 sustentabilidade ambiental passa pela contextualiza\u00e7\u00e3o do desenvolvimento de propuls\u00f5es limpas e eficientes, podendo tornar o Brasil num exemplo para o mundo.<\/p>\n<p>E \u00e9 nesse ponto que a maior fabricante de ve\u00edculos comerciais do Pa\u00eds olha para que possa contribuir com os requisitos de uma nova realidade na mobilidade sobre pneus. A Mercedes-Benz, em parceria com a Be8, produtora ga\u00facha de biodiesel, deu a largada para o projeto \u201cRota Sustent\u00e1vel COP 30\u201d, visando a avalia\u00e7\u00e3o e a compara\u00e7\u00e3o dos n\u00edveis de emiss\u00f5es de gases de efeito estufa dos seus motores Euro VI do caminh\u00e3o ActrosEvolution 2553 6&#215;2 e do chassi para \u00f4nibus O 500 RSD 6&#215;2, que s\u00e3o abastecidos com o diesel comercial B15 e com o biocombust\u00edvel Be8 BeVant\u00ae, uma novidade no mercado.<\/p>\n<p>De acordo com informa\u00e7\u00f5es, o BeVant\u00ae \u00e9 um combust\u00edvel renov\u00e1vel que tem potencial de reduzir at\u00e9 99% das emiss\u00f5es quando comparado ao diesel de origem f\u00f3ssil. Ele tem maior teor de \u00e9ster, reduzindo at\u00e9 50% as emiss\u00f5es de CO (mon\u00f3xido de carbono) e at\u00e9 90% de fuma\u00e7a preta. Sua composi\u00e7\u00e3o tem qualidade comprovada pela maior lubricidade considerando ULSD (<em>Ultra Low Sulfur Diesel<\/em>) m\u00e1ximo de 2 ppm, o teor de monoglicer\u00eddio \u00e9 abaixo de 0,25%, a contamina\u00e7\u00e3o total residual fica abaixo de 2 ppm e apresenta 35% menos teor de \u00e1gua.<\/p>\n<p>Os testes, com mais de 4 mil kms de extens\u00e3o neste primeiro momento, ter\u00e3o medi\u00e7\u00f5es e compara\u00e7\u00f5es de emiss\u00f5es a cargo do Instituto Mau\u00e1 de Tecnologia (IMT), do Estado de S\u00e3o Paulo, entidade que \u00e9 refer\u00eancia nacional de ensino e pesquisa cient\u00edfica e tecnol\u00f3gica.<\/p>\n<p>Para a Mercedes-Benz, o conceito da sustentabilidade no transporte vai al\u00e9m do que uma \u00fanica solu\u00e7\u00e3o, com tecnologias identificadas \u00e0 cada mercado, sendo a eletrifica\u00e7\u00e3o (com baterias ou c\u00e9lulas a combust\u00edveis) e o uso de biocombust\u00edveis op\u00e7\u00f5es reais que contribuem com suas metas ambientais. Aqui no Brasil, a tend\u00eancia de uma mobilidade sustent\u00e1vel segue os preceitos da diversidade tecnol\u00f3gica. Luiz Carlos Moraes, diretor de Comunica\u00e7\u00e3o e Rela\u00e7\u00f5es Institucionais da Mercedes-Benz do Brasil, disse que o Pa\u00eds tem uma matriz energ\u00e9tica interessante, com forte presen\u00e7a de biocombust\u00edveis, como o biodiesel, fundamentais para acelerar a descarboniza\u00e7\u00e3o do transporte. \u201cNa nossa estrat\u00e9gia, os biocombust\u00edveis representam uma solu\u00e7\u00e3o vi\u00e1vel e imediata para reduzir as emiss\u00f5es de CO\u2082e, especialmente em aplica\u00e7\u00f5es onde a eletrifica\u00e7\u00e3o ainda enfrenta desafios de infraestrutura. Ao investir em tecnologias compat\u00edveis com combust\u00edveis renov\u00e1veis, refor\u00e7amos nosso compromisso com a sustentabilidade e com a transi\u00e7\u00e3o energ\u00e9tica justa e eficiente\u201d, afirmou.<\/p>\n<p>De acordo com a Be8, seu biocombust\u00edvel BeVant\u00ae \u00e9 10% mais caro que o diesel convencional, mas que pode ter seu pre\u00e7o equiparado sob o efeito da produ\u00e7\u00e3o em escala, atendendo \u00e0 maior demanda que venha surgir. \u201cPara n\u00f3s, o Rota Sustent\u00e1vel COP 30 ir\u00e1 mostrar algo que j\u00e1 sabemos, ap\u00f3s a comprova\u00e7\u00e3o que j\u00e1 realizamos h\u00e1 um bom tempo. Nosso biocombust\u00edvel \u00e9 vi\u00e1vel para atender as exig\u00eancias da sustentabilidade do mercado de transporte. Esta caminhada \u00e9 a materializa\u00e7\u00e3o de um novo momento da mobilidade brasileira, mostrando ao mundo durante a COP 30 que o Brasil est\u00e1 preparado para ser protagonista da transi\u00e7\u00e3o energ\u00e9tica com solu\u00e7\u00f5es reais e acess\u00edveis, com entrega imediata de descarboniza\u00e7\u00e3o\u201d, destacou Erasmo Carlos Battistella, Presidente da Be8.<\/p>\n<div id=\"attachment_16985\" style=\"width: 610px\" class=\"wp-caption aligncenter\"><img loading=\"lazy\" decoding=\"async\" aria-describedby=\"caption-attachment-16985\" class=\"wp-image-16985\" src=\"https:\/\/revistaautobus.com.br\/wp-content\/uploads\/2025\/10\/Imagem-do-WhatsApp-de-2025-10-24-as-09.02.37_84d0db39-300x200.jpg\" alt=\"\" width=\"600\" height=\"400\" srcset=\"https:\/\/revistaautobus.com.br\/wp-content\/uploads\/2025\/10\/Imagem-do-WhatsApp-de-2025-10-24-as-09.02.37_84d0db39-300x200.jpg 300w, https:\/\/revistaautobus.com.br\/wp-content\/uploads\/2025\/10\/Imagem-do-WhatsApp-de-2025-10-24-as-09.02.37_84d0db39-1024x682.jpg 1024w, https:\/\/revistaautobus.com.br\/wp-content\/uploads\/2025\/10\/Imagem-do-WhatsApp-de-2025-10-24-as-09.02.37_84d0db39-768x512.jpg 768w, https:\/\/revistaautobus.com.br\/wp-content\/uploads\/2025\/10\/Imagem-do-WhatsApp-de-2025-10-24-as-09.02.37_84d0db39-1536x1023.jpg 1536w, https:\/\/revistaautobus.com.br\/wp-content\/uploads\/2025\/10\/Imagem-do-WhatsApp-de-2025-10-24-as-09.02.37_84d0db39-1080x720.jpg 1080w, https:\/\/revistaautobus.com.br\/wp-content\/uploads\/2025\/10\/Imagem-do-WhatsApp-de-2025-10-24-as-09.02.37_84d0db39.jpg 1600w\" sizes=\"(max-width: 600px) 100vw, 600px\" \/><p id=\"caption-attachment-16985\" class=\"wp-caption-text\"><span style=\"color: #800000;\"><em><strong>Battistella &#8211; A Be8 tem mais de 20 anos de atua\u00e7\u00e3o e quer mostrar que a Rota Sustent\u00e1vel COP 30 \u00e9 um marco simb\u00f3lico. Ela mostra que cada quil\u00f4metro percorrido com biocombust\u00edvel nacional \u00e9 um passo a menos rumo \u00e0 depend\u00eancia do diesel f\u00f3ssil \u2014 e um passo enorme em dire\u00e7\u00e3o ao protagonismo brasileiro na transi\u00e7\u00e3o energ\u00e9tica global<\/strong><\/em><\/span><\/p><\/div>\n<p>O BeVant\u00ae pode ser comparado ao outro combust\u00edvel renov\u00e1vel, HVO, trazendo os mesmos benef\u00edcios ambientais, podendo ser usado em todos os motores. \u201cEstamos preparados para auxiliar no processo da descarboniza\u00e7\u00e3o do transporte. Contudo, precisamos entender que a norma da ANP deve ser atendida quanto ao armazenamento desse biocombust\u00edvel para que ele possa promover todos os benef\u00edcios ambientais. N\u00f3s, da Be8, acreditamos ter uma solu\u00e7\u00e3o imediata de redu\u00e7\u00e3o das emiss\u00f5es poluentes\u201d, disse Battistella.<\/p>\n<p>Segundo informa\u00e7\u00f5es, o mencionado biocombust\u00edvel pode ser usado em misturas com o diesel f\u00f3ssil, por\u00e9m a Be8 preconiza a opera\u00e7\u00e3o dos ve\u00edculos com 100% dele para que sua performance possa ser integral. A empresa ga\u00facha tem capacidade de produzir pouco mais de 100 mil litros de BeVant\u00ae diariamente e mais de 4 milh\u00f5es de litros de biodiesel comum por dia. \u201cPara atendermos essa transi\u00e7\u00e3o energ\u00e9tica temos condi\u00e7\u00f5es de atender, rapidamente, a maior demanda do BeVant\u00ae, aumentando nossa produ\u00e7\u00e3o\u201d, observou o executivo.<\/p>\n<p>Com mais essa op\u00e7\u00e3o energ\u00e9tica, o transporte sobre pneus no Brasil poder\u00e1 se enquadrar \u00e0 uma nova realidade em termos ambientais sob a bandeira da tecnologia conceituada dos motores de combust\u00e3o interna, n\u00e3o necessitando de altos investimentos na cadeia de fornecimento e abastecimento da energia. Dessa maneira, por sua variedade de propuls\u00e3o e fontes energ\u00e9ticas, o Pa\u00eds pode dar uma resposta positiva quanto a n\u00e3o ser ref\u00e9m de, apenas, uma solu\u00e7\u00e3o capaz de promover a descarboniza\u00e7\u00e3o de seu sistema de transporte.<\/p>\n<div id=\"attachment_16986\" style=\"width: 1010px\" class=\"wp-caption alignnone\"><img loading=\"lazy\" decoding=\"async\" aria-describedby=\"caption-attachment-16986\" class=\"wp-image-16986 size-full\" src=\"https:\/\/revistaautobus.com.br\/wp-content\/uploads\/2025\/10\/IMG_20251023_120805728.jpg\" alt=\"\" width=\"1000\" height=\"562\" srcset=\"https:\/\/revistaautobus.com.br\/wp-content\/uploads\/2025\/10\/IMG_20251023_120805728.jpg 1000w, https:\/\/revistaautobus.com.br\/wp-content\/uploads\/2025\/10\/IMG_20251023_120805728-300x169.jpg 300w, https:\/\/revistaautobus.com.br\/wp-content\/uploads\/2025\/10\/IMG_20251023_120805728-768x432.jpg 768w\" sizes=\"(max-width: 1000px) 100vw, 1000px\" \/><p id=\"caption-attachment-16986\" class=\"wp-caption-text\"><span style=\"color: #800000;\"><em><strong>Os testes s\u00e3o monitorados em todos os detalhes para que os resultados sejam os mais pr\u00e1ticos e eficientes<\/strong><\/em><\/span><\/p><\/div>\n<p>Para Walter Barbosa, vice-presidente de vendas, marketing e pe\u00e7as &amp; servi\u00e7os \u00f4nibus da Mercedes-Benz do Brasil, a iniciativa traz alento para um setor que busca se inserir no aspecto da sustentabilidade ambiental num momento crucial. Segundo ele, a fabricante vem desenvolvendo tecnologias limpas para que o segmento do transporte rodovi\u00e1rio alcance a redu\u00e7\u00e3o de suas emiss\u00f5es poluentes, sempre com solu\u00e7\u00f5es realistas ao mercado brasileiro. Quanto ao mercado de \u00f4nibus, ele tende a se beneficiar com a introdu\u00e7\u00e3o desse biocombust\u00edvel em suas opera\u00e7\u00f5es. \u201cIremos avaliar o uso BeVant\u00ae do em nossos motores de uma maneira minuciosa para que possamos oferecer aos nossos clientes mais essa alternativa sustent\u00e1vel. Queremos, ainda, destacar a atratividade econ\u00f4mica do combust\u00edvel, sendo uma solu\u00e7\u00e3o similar, em termos ambientais, ao HVO, por\u00e9m com menor pre\u00e7o. Acreditamos nesse novo combust\u00edvel de origem vegetal para que possa contribuir com as necessidades do segmento do transporte de passageiros\u201d, ressaltou Walter.<\/p>\n<p>O projeto, tamb\u00e9m, destaca o lado social. De acordo com a Mercedes-Benz, para as medi\u00e7\u00f5es e compara\u00e7\u00f5es entre os ve\u00edculos participantes do teste, o PBTC (Peso Bruto Total Combinado) dos ve\u00edculos deve ser considerado. Dessa maneira, a fabricante inovou ao lastrear os dois caminh\u00f5es com 20 toneladas de alimentos que ser\u00e3o doados para comunidades em situa\u00e7\u00e3o de vulnerabilidade do Estado do Par\u00e1. \u201cAl\u00e9m do componente ambiental, a a\u00e7\u00e3o tamb\u00e9m agrega o componente social, refor\u00e7ando o relacionamento da nossa Empresa com a comunidade e os princ\u00edpios de sustentabilidade\u201d, afirmou Luiz Carlos Moraes.<\/p>\n<p>Imagens &#8211; Divulga\u00e7\u00e3o e revista AutoBus<\/p>\n","protected":false},"excerpt":{"rendered":"<p>Numa iniciativa ambiental, a Mercedes-Benz do Brasil e a produtora de biodiesel, Be8, se uniram para iniciar os testes de um novo biocombust\u00edvel para o transporte pesado<\/p>\n","protected":false},"author":2,"featured_media":16984,"comment_status":"open","ping_status":"open","sticky":false,"template":"","format":"standard","meta":{"_et_pb_use_builder":"","_et_pb_old_content":"","_et_gb_content_width":"","_jetpack_memberships_contains_paid_content":false,"footnotes":""},"categories":[919,90],"tags":[895,17],"class_list":["post-16983","post","type-post","status-publish","format-standard","has-post-thumbnail","hentry","category-meio-ambiente","category-noticias","tag-be8","tag-mercedes-benz","et-has-post-format-content","et_post_format-et-post-format-standard"],"yoast_head":"<!-- This site is optimized with the Yoast SEO plugin v27.2 - https:\/\/yoast.com\/product\/yoast-seo-wordpress\/ -->\n<title>Uni\u00e3o em torno da sustentabilidade no transporte - Revista AutoBus<\/title>\n<meta name=\"robots\" content=\"index, follow, max-snippet:-1, max-image-preview:large, max-video-preview:-1\" \/>\n<link rel=\"canonical\" href=\"https:\/\/revistaautobus.com.br\/?p=16983\" \/>\n<meta property=\"og:locale\" content=\"pt_BR\" \/>\n<meta property=\"og:type\" content=\"article\" \/>\n<meta property=\"og:title\" content=\"Uni\u00e3o em torno da sustentabilidade no transporte - Revista AutoBus\" \/>\n<meta property=\"og:description\" content=\"Numa iniciativa ambiental, a Mercedes-Benz do Brasil e a produtora de biodiesel, Be8, se uniram para iniciar os testes de um novo biocombust\u00edvel para o transporte pesado\" \/>\n<meta property=\"og:url\" content=\"https:\/\/revistaautobus.com.br\/?p=16983\" \/>\n<meta property=\"og:site_name\" content=\"Revista AutoBus\" \/>\n<meta property=\"article:publisher\" content=\"https:\/\/www.facebook.com\/antonio.ferro.3150\" \/>\n<meta property=\"article:published_time\" content=\"2025-10-25T11:20:28+00:00\" \/>\n<meta property=\"og:image\" content=\"https:\/\/revistaautobus.com.br\/wp-content\/uploads\/2025\/10\/IMG_20251023_094742457_HDR-scaled.jpg\" \/>\n\t<meta property=\"og:image:width\" content=\"1441\" \/>\n\t<meta property=\"og:image:height\" content=\"2560\" \/>\n\t<meta property=\"og:image:type\" content=\"image\/jpeg\" \/>\n<meta name=\"author\" content=\"Antonio Ferro\" \/>\n<meta name=\"twitter:card\" content=\"summary_large_image\" \/>\n<meta name=\"twitter:label1\" content=\"Escrito por\" \/>\n\t<meta name=\"twitter:data1\" content=\"Antonio Ferro\" \/>\n\t<meta name=\"twitter:label2\" content=\"Est. tempo de leitura\" \/>\n\t<meta name=\"twitter:data2\" content=\"7 minutos\" \/>\n<script type=\"application\/ld+json\" class=\"yoast-schema-graph\">{\"@context\":\"https:\/\/schema.org\",\"@graph\":[{\"@type\":\"Article\",\"@id\":\"https:\/\/revistaautobus.com.br\/?p=16983#article\",\"isPartOf\":{\"@id\":\"https:\/\/revistaautobus.com.br\/?p=16983\"},\"author\":{\"name\":\"Antonio Ferro\",\"@id\":\"https:\/\/revistaautobus.com.br\/#\/schema\/person\/54af7c3eb83a310e42ef686ef6d16f50\"},\"headline\":\"Uni\u00e3o em torno da sustentabilidade no transporte\",\"datePublished\":\"2025-10-25T11:20:28+00:00\",\"mainEntityOfPage\":{\"@id\":\"https:\/\/revistaautobus.com.br\/?p=16983\"},\"wordCount\":1258,\"commentCount\":0,\"publisher\":{\"@id\":\"https:\/\/revistaautobus.com.br\/#organization\"},\"image\":{\"@id\":\"https:\/\/revistaautobus.com.br\/?p=16983#primaryimage\"},\"thumbnailUrl\":\"https:\/\/revistaautobus.com.br\/wp-content\/uploads\/2025\/10\/IMG_20251023_094742457_HDR-scaled.jpg\",\"keywords\":[\"Be8\",\"mercedes-benz\"],\"articleSection\":[\"Meio ambiente\",\"Not\u00edcias\"],\"inLanguage\":\"pt-BR\",\"potentialAction\":[{\"@type\":\"CommentAction\",\"name\":\"Comment\",\"target\":[\"https:\/\/revistaautobus.com.br\/?p=16983#respond\"]}]},{\"@type\":\"WebPage\",\"@id\":\"https:\/\/revistaautobus.com.br\/?p=16983\",\"url\":\"https:\/\/revistaautobus.com.br\/?p=16983\",\"name\":\"Uni\u00e3o em torno da sustentabilidade no transporte - Revista AutoBus\",\"isPartOf\":{\"@id\":\"https:\/\/revistaautobus.com.br\/#website\"},\"primaryImageOfPage\":{\"@id\":\"https:\/\/revistaautobus.com.br\/?p=16983#primaryimage\"},\"image\":{\"@id\":\"https:\/\/revistaautobus.com.br\/?p=16983#primaryimage\"},\"thumbnailUrl\":\"https:\/\/revistaautobus.com.br\/wp-content\/uploads\/2025\/10\/IMG_20251023_094742457_HDR-scaled.jpg\",\"datePublished\":\"2025-10-25T11:20:28+00:00\",\"breadcrumb\":{\"@id\":\"https:\/\/revistaautobus.com.br\/?p=16983#breadcrumb\"},\"inLanguage\":\"pt-BR\",\"potentialAction\":[{\"@type\":\"ReadAction\",\"target\":[\"https:\/\/revistaautobus.com.br\/?p=16983\"]}]},{\"@type\":\"ImageObject\",\"inLanguage\":\"pt-BR\",\"@id\":\"https:\/\/revistaautobus.com.br\/?p=16983#primaryimage\",\"url\":\"https:\/\/revistaautobus.com.br\/wp-content\/uploads\/2025\/10\/IMG_20251023_094742457_HDR-scaled.jpg\",\"contentUrl\":\"https:\/\/revistaautobus.com.br\/wp-content\/uploads\/2025\/10\/IMG_20251023_094742457_HDR-scaled.jpg\",\"width\":1441,\"height\":2560},{\"@type\":\"BreadcrumbList\",\"@id\":\"https:\/\/revistaautobus.com.br\/?p=16983#breadcrumb\",\"itemListElement\":[{\"@type\":\"ListItem\",\"position\":1,\"name\":\"In\u00edcio\",\"item\":\"https:\/\/revistaautobus.com.br\/\"},{\"@type\":\"ListItem\",\"position\":2,\"name\":\"Uni\u00e3o em torno da sustentabilidade no transporte\"}]},{\"@type\":\"WebSite\",\"@id\":\"https:\/\/revistaautobus.com.br\/#website\",\"url\":\"https:\/\/revistaautobus.com.br\/\",\"name\":\"Revista AutoBus\",\"description\":\"\",\"publisher\":{\"@id\":\"https:\/\/revistaautobus.com.br\/#organization\"},\"potentialAction\":[{\"@type\":\"SearchAction\",\"target\":{\"@type\":\"EntryPoint\",\"urlTemplate\":\"https:\/\/revistaautobus.com.br\/?s={search_term_string}\"},\"query-input\":{\"@type\":\"PropertyValueSpecification\",\"valueRequired\":true,\"valueName\":\"search_term_string\"}}],\"inLanguage\":\"pt-BR\"},{\"@type\":\"Organization\",\"@id\":\"https:\/\/revistaautobus.com.br\/#organization\",\"name\":\"Revista AutoBus\",\"url\":\"https:\/\/revistaautobus.com.br\/\",\"logo\":{\"@type\":\"ImageObject\",\"inLanguage\":\"pt-BR\",\"@id\":\"https:\/\/revistaautobus.com.br\/#\/schema\/logo\/image\/\",\"url\":\"https:\/\/revistaautobus.com.br\/wp-content\/uploads\/2024\/11\/logo_revista_autobus_fb.png\",\"contentUrl\":\"https:\/\/revistaautobus.com.br\/wp-content\/uploads\/2024\/11\/logo_revista_autobus_fb.png\",\"width\":836,\"height\":227,\"caption\":\"Revista AutoBus\"},\"image\":{\"@id\":\"https:\/\/revistaautobus.com.br\/#\/schema\/logo\/image\/\"},\"sameAs\":[\"https:\/\/www.facebook.com\/antonio.ferro.3150\",\"https:\/\/www.instagram.com\/revistaautobus\/\"]},{\"@type\":\"Person\",\"@id\":\"https:\/\/revistaautobus.com.br\/#\/schema\/person\/54af7c3eb83a310e42ef686ef6d16f50\",\"name\":\"Antonio Ferro\",\"image\":{\"@type\":\"ImageObject\",\"inLanguage\":\"pt-BR\",\"@id\":\"https:\/\/revistaautobus.com.br\/wp-content\/uploads\/2025\/12\/editor_antonio_ferro-150x150.jpg\",\"url\":\"https:\/\/revistaautobus.com.br\/wp-content\/uploads\/2025\/12\/editor_antonio_ferro-150x150.jpg\",\"contentUrl\":\"https:\/\/revistaautobus.com.br\/wp-content\/uploads\/2025\/12\/editor_antonio_ferro-150x150.jpg\",\"caption\":\"Antonio Ferro\"},\"description\":\"infobus@uol.com.br\",\"url\":\"https:\/\/revistaautobus.com.br\/?author=2\"}]}<\/script>\n<!-- \/ Yoast SEO plugin. -->","yoast_head_json":{"title":"Uni\u00e3o em torno da sustentabilidade no transporte - Revista AutoBus","robots":{"index":"index","follow":"follow","max-snippet":"max-snippet:-1","max-image-preview":"max-image-preview:large","max-video-preview":"max-video-preview:-1"},"canonical":"https:\/\/revistaautobus.com.br\/?p=16983","og_locale":"pt_BR","og_type":"article","og_title":"Uni\u00e3o em torno da sustentabilidade no transporte - Revista AutoBus","og_description":"Numa iniciativa ambiental, a Mercedes-Benz do Brasil e a produtora de biodiesel, Be8, se uniram para iniciar os testes de um novo biocombust\u00edvel para o transporte pesado","og_url":"https:\/\/revistaautobus.com.br\/?p=16983","og_site_name":"Revista AutoBus","article_publisher":"https:\/\/www.facebook.com\/antonio.ferro.3150","article_published_time":"2025-10-25T11:20:28+00:00","og_image":[{"width":1441,"height":2560,"url":"https:\/\/revistaautobus.com.br\/wp-content\/uploads\/2025\/10\/IMG_20251023_094742457_HDR-scaled.jpg","type":"image\/jpeg"}],"author":"Antonio Ferro","twitter_card":"summary_large_image","twitter_misc":{"Escrito por":"Antonio Ferro","Est. tempo de leitura":"7 minutos"},"schema":{"@context":"https:\/\/schema.org","@graph":[{"@type":"Article","@id":"https:\/\/revistaautobus.com.br\/?p=16983#article","isPartOf":{"@id":"https:\/\/revistaautobus.com.br\/?p=16983"},"author":{"name":"Antonio Ferro","@id":"https:\/\/revistaautobus.com.br\/#\/schema\/person\/54af7c3eb83a310e42ef686ef6d16f50"},"headline":"Uni\u00e3o em torno da sustentabilidade no transporte","datePublished":"2025-10-25T11:20:28+00:00","mainEntityOfPage":{"@id":"https:\/\/revistaautobus.com.br\/?p=16983"},"wordCount":1258,"commentCount":0,"publisher":{"@id":"https:\/\/revistaautobus.com.br\/#organization"},"image":{"@id":"https:\/\/revistaautobus.com.br\/?p=16983#primaryimage"},"thumbnailUrl":"https:\/\/revistaautobus.com.br\/wp-content\/uploads\/2025\/10\/IMG_20251023_094742457_HDR-scaled.jpg","keywords":["Be8","mercedes-benz"],"articleSection":["Meio ambiente","Not\u00edcias"],"inLanguage":"pt-BR","potentialAction":[{"@type":"CommentAction","name":"Comment","target":["https:\/\/revistaautobus.com.br\/?p=16983#respond"]}]},{"@type":"WebPage","@id":"https:\/\/revistaautobus.com.br\/?p=16983","url":"https:\/\/revistaautobus.com.br\/?p=16983","name":"Uni\u00e3o em torno da sustentabilidade no transporte - Revista AutoBus","isPartOf":{"@id":"https:\/\/revistaautobus.com.br\/#website"},"primaryImageOfPage":{"@id":"https:\/\/revistaautobus.com.br\/?p=16983#primaryimage"},"image":{"@id":"https:\/\/revistaautobus.com.br\/?p=16983#primaryimage"},"thumbnailUrl":"https:\/\/revistaautobus.com.br\/wp-content\/uploads\/2025\/10\/IMG_20251023_094742457_HDR-scaled.jpg","datePublished":"2025-10-25T11:20:28+00:00","breadcrumb":{"@id":"https:\/\/revistaautobus.com.br\/?p=16983#breadcrumb"},"inLanguage":"pt-BR","potentialAction":[{"@type":"ReadAction","target":["https:\/\/revistaautobus.com.br\/?p=16983"]}]},{"@type":"ImageObject","inLanguage":"pt-BR","@id":"https:\/\/revistaautobus.com.br\/?p=16983#primaryimage","url":"https:\/\/revistaautobus.com.br\/wp-content\/uploads\/2025\/10\/IMG_20251023_094742457_HDR-scaled.jpg","contentUrl":"https:\/\/revistaautobus.com.br\/wp-content\/uploads\/2025\/10\/IMG_20251023_094742457_HDR-scaled.jpg","width":1441,"height":2560},{"@type":"BreadcrumbList","@id":"https:\/\/revistaautobus.com.br\/?p=16983#breadcrumb","itemListElement":[{"@type":"ListItem","position":1,"name":"In\u00edcio","item":"https:\/\/revistaautobus.com.br\/"},{"@type":"ListItem","position":2,"name":"Uni\u00e3o em torno da sustentabilidade no transporte"}]},{"@type":"WebSite","@id":"https:\/\/revistaautobus.com.br\/#website","url":"https:\/\/revistaautobus.com.br\/","name":"Revista AutoBus","description":"","publisher":{"@id":"https:\/\/revistaautobus.com.br\/#organization"},"potentialAction":[{"@type":"SearchAction","target":{"@type":"EntryPoint","urlTemplate":"https:\/\/revistaautobus.com.br\/?s={search_term_string}"},"query-input":{"@type":"PropertyValueSpecification","valueRequired":true,"valueName":"search_term_string"}}],"inLanguage":"pt-BR"},{"@type":"Organization","@id":"https:\/\/revistaautobus.com.br\/#organization","name":"Revista AutoBus","url":"https:\/\/revistaautobus.com.br\/","logo":{"@type":"ImageObject","inLanguage":"pt-BR","@id":"https:\/\/revistaautobus.com.br\/#\/schema\/logo\/image\/","url":"https:\/\/revistaautobus.com.br\/wp-content\/uploads\/2024\/11\/logo_revista_autobus_fb.png","contentUrl":"https:\/\/revistaautobus.com.br\/wp-content\/uploads\/2024\/11\/logo_revista_autobus_fb.png","width":836,"height":227,"caption":"Revista AutoBus"},"image":{"@id":"https:\/\/revistaautobus.com.br\/#\/schema\/logo\/image\/"},"sameAs":["https:\/\/www.facebook.com\/antonio.ferro.3150","https:\/\/www.instagram.com\/revistaautobus\/"]},{"@type":"Person","@id":"https:\/\/revistaautobus.com.br\/#\/schema\/person\/54af7c3eb83a310e42ef686ef6d16f50","name":"Antonio Ferro","image":{"@type":"ImageObject","inLanguage":"pt-BR","@id":"https:\/\/revistaautobus.com.br\/wp-content\/uploads\/2025\/12\/editor_antonio_ferro-150x150.jpg","url":"https:\/\/revistaautobus.com.br\/wp-content\/uploads\/2025\/12\/editor_antonio_ferro-150x150.jpg","contentUrl":"https:\/\/revistaautobus.com.br\/wp-content\/uploads\/2025\/12\/editor_antonio_ferro-150x150.jpg","caption":"Antonio Ferro"},"description":"infobus@uol.com.br","url":"https:\/\/revistaautobus.com.br\/?author=2"}]}},"jetpack_featured_media_url":"https:\/\/revistaautobus.com.br\/wp-content\/uploads\/2025\/10\/IMG_20251023_094742457_HDR-scaled.jpg","jetpack_sharing_enabled":true,"_links":{"self":[{"href":"https:\/\/revistaautobus.com.br\/index.php?rest_route=\/wp\/v2\/posts\/16983","targetHints":{"allow":["GET"]}}],"collection":[{"href":"https:\/\/revistaautobus.com.br\/index.php?rest_route=\/wp\/v2\/posts"}],"about":[{"href":"https:\/\/revistaautobus.com.br\/index.php?rest_route=\/wp\/v2\/types\/post"}],"author":[{"embeddable":true,"href":"https:\/\/revistaautobus.com.br\/index.php?rest_route=\/wp\/v2\/users\/2"}],"replies":[{"embeddable":true,"href":"https:\/\/revistaautobus.com.br\/index.php?rest_route=%2Fwp%2Fv2%2Fcomments&post=16983"}],"version-history":[{"count":2,"href":"https:\/\/revistaautobus.com.br\/index.php?rest_route=\/wp\/v2\/posts\/16983\/revisions"}],"predecessor-version":[{"id":16988,"href":"https:\/\/revistaautobus.com.br\/index.php?rest_route=\/wp\/v2\/posts\/16983\/revisions\/16988"}],"wp:featuredmedia":[{"embeddable":true,"href":"https:\/\/revistaautobus.com.br\/index.php?rest_route=\/wp\/v2\/media\/16984"}],"wp:attachment":[{"href":"https:\/\/revistaautobus.com.br\/index.php?rest_route=%2Fwp%2Fv2%2Fmedia&parent=16983"}],"wp:term":[{"taxonomy":"category","embeddable":true,"href":"https:\/\/revistaautobus.com.br\/index.php?rest_route=%2Fwp%2Fv2%2Fcategories&post=16983"},{"taxonomy":"post_tag","embeddable":true,"href":"https:\/\/revistaautobus.com.br\/index.php?rest_route=%2Fwp%2Fv2%2Ftags&post=16983"}],"curies":[{"name":"wp","href":"https:\/\/api.w.org\/{rel}","templated":true}]}}