{"id":16993,"date":"2025-10-27T17:41:00","date_gmt":"2025-10-27T20:41:00","guid":{"rendered":"https:\/\/revistaautobus.com.br\/?p=16993"},"modified":"2025-10-27T18:35:53","modified_gmt":"2025-10-27T21:35:53","slug":"ia-e-pop-em-transporte-publico","status":"publish","type":"post","link":"https:\/\/revistaautobus.com.br\/?p=16993","title":{"rendered":"IA \u00e9 pop em transporte p\u00fablico"},"content":{"rendered":"<p>Sinto-me muito \u00e0 vontade para escrever sobre IA. Em 2002, conclui minha tese de doutorado no Jap\u00e3o e o assunto era o desenvolvimento de modelagem com redes neurais, um tipo fundamental de t\u00e9cnica para alcan\u00e7ar IA. Naquela \u00e9poca, o processamento dos dados era rudimentar e tudo era resolvido com muita programa\u00e7\u00e3o (C++) e paci\u00eancia para fazer funcionar o modelo.<\/p>\n<p>Mais de 23 anos se passaram e hoje temos uma explos\u00e3o da IA nas nossas vidas, incluindo no transporte p\u00fablico. Fico impressionado com a quantidade de produtos, solu\u00e7\u00f5es e ferramentas que vieram da IA. \u00c9 <em>pop<\/em> associar essas duas letras a quase tudo. Gera aquela imagem de coisa com confiabilidade, capacidade avan\u00e7ada e sofistica\u00e7\u00e3o, que vai \u201cmudar completamente\u201d como enfrentamos nossos desafios.<\/p>\n<p>Existem aquelas aplica\u00e7\u00f5es de IA que realmente exploraram o potencial. Certamente limitado ao meu potencial de absor\u00e7\u00e3o, prefiro apontar o excelente trabalho divulgado por UITP (2025) que detalha aplica\u00e7\u00f5es interessantes e que j\u00e1 contribuem para a melhoria do transporte p\u00fablico.<\/p>\n<p>Um dos desafios mais importantes \u00e9 incorporar IA aos processos produtivos, em conjunto com profissionais capacitados e motivados, para alcan\u00e7ar excel\u00eancia na produtividade. N\u00e3o s\u00f3 com IA, como anteriormente observado com outras ferramentas e t\u00e9cnicas transformadoras, se n\u00e3o houver a base do conhecimento profissional pouco vai ser aproveitado do potencial. Um exemplo \u00e9 o caso dos <em>Intelligent Transport Systems<\/em> (ITS) que contribu\u00edram para melhorar pr\u00e1ticas e resultados, mas ainda est\u00e3o longe de aplicar todos os recursos e de viabilizar efici\u00eancia porque h\u00e1 limita\u00e7\u00f5es humanas, institucionais e financeiras (Maksoud <em>et al<\/em>, 2025).<\/p>\n<p>No sentido de contribuir para superar esse desafio, entendo que o esfor\u00e7o da capacita\u00e7\u00e3o ser\u00e1 o mais cr\u00edtico de todos (NASEM, 2025a; NASEM, 2025b). Por um lado, h\u00e1 uma gera\u00e7\u00e3o de profissionais desprovidos do conhecimento das t\u00e9cnicas fundamentais de IA, mas que possuem o ac\u00famulo da experi\u00eancia e da sensibilidade da realidade. Por outro lado, temos os nativos IA que muitas vezes carecem dos conceitos e das t\u00e9cnicas de transporte. A r\u00e1pida e eficiente execu\u00e7\u00e3o de programas de capacita\u00e7\u00e3o, atualizados e adequados a nova realidade, poder\u00e1 gerar frutos inestim\u00e1veis para a sociedade.<\/p>\n<p><span style=\"color: #008000;\"><em>Refer\u00eancias bibliogr\u00e1ficas<\/em><\/span><\/p>\n<p><span style=\"color: #008000;\"><em>Maksoud, N., AlJassmi, H., Ali, L., Massoud, A. (2025) Applications of large language models and generative AI in transportation: A systematic review and bibliometric analysis; Transportation Research Interdisciplinary Perspectives 34; https:\/\/doi.org\/10.1016\/j.trip.2025.101699<\/em><\/span><\/p>\n<p><span style=\"color: #008000;\"><em>NASEM &#8211; National Academies of Sciences, Engineering, and Medicine (2025a) Artificial Intelligence and the Future of Work. Washington, DC: The National Academies Press. <a style=\"color: #008000;\" href=\"https:\/\/doi.org\/10.17226\/27644\">https:\/\/doi.org\/10.17226\/27644<\/a>.<\/em><\/span><\/p>\n<p><span style=\"color: #008000;\"><em>NASEM &#8211; National Academies of Sciences, Engineering, and Medicine (2025b). Human and Organizational Factors in AI Risk Management: Proceedings of a Workshop. Washington, DC: The National Academies Press. https:\/\/doi.org\/10.17226\/29046.<\/em><\/span><\/p>\n<p><span style=\"color: #008000;\"><em>UITP &#8211; International Association of Public Transport (2025) Artificial intelligence in Public transport; Knowledge brief; UITP AI Working Group; https:\/\/www.uitp.org\/<\/em><\/span><\/p>\n<p>Imagem &#8211; Acervo Andr\u00e9 Dantas<\/p>\n","protected":false},"excerpt":{"rendered":"<p>(Este artigo foi totalmente escrito por um humano: eu. \u00c9 importante come\u00e7ar com essa frase, porque j\u00e1 s\u00e3o v\u00e1rios os casos em que percebo o descarado uso de Intelig\u00eancia Artificial (IA) para produ\u00e7\u00e3o de textos \u201ct\u00e9cnicos e cient\u00edficos\u201d.)<\/p>\n","protected":false},"author":10,"featured_media":16994,"comment_status":"open","ping_status":"open","sticky":false,"template":"","format":"standard","meta":{"_et_pb_use_builder":"","_et_pb_old_content":"","_et_gb_content_width":"","_jetpack_memberships_contains_paid_content":false,"footnotes":""},"categories":[52,588,41],"tags":[1028],"class_list":["post-16993","post","type-post","status-publish","format-standard","has-post-thumbnail","hentry","category-especialistas","category-opiniao","category-ponto-de-vista","tag-inteligencia-artificial","et-has-post-format-content","et_post_format-et-post-format-standard"],"yoast_head":"<!-- This site is optimized with the Yoast SEO plugin v27.2 - https:\/\/yoast.com\/product\/yoast-seo-wordpress\/ -->\n<title>IA \u00e9 pop em transporte p\u00fablico - Revista AutoBus<\/title>\n<meta name=\"robots\" content=\"index, follow, max-snippet:-1, max-image-preview:large, max-video-preview:-1\" \/>\n<link rel=\"canonical\" href=\"https:\/\/revistaautobus.com.br\/?p=16993\" \/>\n<meta property=\"og:locale\" content=\"pt_BR\" \/>\n<meta property=\"og:type\" content=\"article\" \/>\n<meta property=\"og:title\" content=\"IA \u00e9 pop em transporte p\u00fablico - Revista AutoBus\" \/>\n<meta property=\"og:description\" content=\"(Este artigo foi totalmente escrito por um humano: eu. \u00c9 importante come\u00e7ar com essa frase, porque j\u00e1 s\u00e3o v\u00e1rios os casos em que percebo o descarado uso de Intelig\u00eancia Artificial (IA) para produ\u00e7\u00e3o de textos \u201ct\u00e9cnicos e cient\u00edficos\u201d.)\" \/>\n<meta property=\"og:url\" content=\"https:\/\/revistaautobus.com.br\/?p=16993\" \/>\n<meta property=\"og:site_name\" content=\"Revista AutoBus\" \/>\n<meta property=\"article:publisher\" content=\"https:\/\/www.facebook.com\/antonio.ferro.3150\" \/>\n<meta property=\"article:published_time\" content=\"2025-10-27T20:41:00+00:00\" \/>\n<meta property=\"article:modified_time\" content=\"2025-10-27T21:35:53+00:00\" \/>\n<meta property=\"og:image\" content=\"https:\/\/revistaautobus.com.br\/wp-content\/uploads\/2025\/10\/Imagem-do-WhatsApp-de-2025-10-27-as-13.29.59_b34b1d24.jpg\" \/>\n\t<meta property=\"og:image:width\" content=\"902\" \/>\n\t<meta property=\"og:image:height\" content=\"503\" \/>\n\t<meta property=\"og:image:type\" content=\"image\/jpeg\" \/>\n<meta name=\"author\" content=\"Andr\u00e9 Dantas\" \/>\n<meta name=\"twitter:card\" content=\"summary_large_image\" \/>\n<meta name=\"twitter:label1\" content=\"Escrito por\" \/>\n\t<meta name=\"twitter:data1\" content=\"Andr\u00e9 Dantas\" \/>\n\t<meta name=\"twitter:label2\" content=\"Est. tempo de leitura\" \/>\n\t<meta name=\"twitter:data2\" content=\"3 minutos\" \/>\n<script type=\"application\/ld+json\" class=\"yoast-schema-graph\">{\"@context\":\"https:\/\/schema.org\",\"@graph\":[{\"@type\":\"Article\",\"@id\":\"https:\/\/revistaautobus.com.br\/?p=16993#article\",\"isPartOf\":{\"@id\":\"https:\/\/revistaautobus.com.br\/?p=16993\"},\"author\":{\"name\":\"Andr\u00e9 Dantas\",\"@id\":\"https:\/\/revistaautobus.com.br\/#\/schema\/person\/1f952123bc78329c77758b286dcb5903\"},\"headline\":\"IA \u00e9 pop em transporte p\u00fablico\",\"datePublished\":\"2025-10-27T20:41:00+00:00\",\"dateModified\":\"2025-10-27T21:35:53+00:00\",\"mainEntityOfPage\":{\"@id\":\"https:\/\/revistaautobus.com.br\/?p=16993\"},\"wordCount\":499,\"commentCount\":0,\"publisher\":{\"@id\":\"https:\/\/revistaautobus.com.br\/#organization\"},\"image\":{\"@id\":\"https:\/\/revistaautobus.com.br\/?p=16993#primaryimage\"},\"thumbnailUrl\":\"https:\/\/revistaautobus.com.br\/wp-content\/uploads\/2025\/10\/Imagem-do-WhatsApp-de-2025-10-27-as-13.29.59_b34b1d24.jpg\",\"keywords\":[\"Intelig\u00eancia Artificial\"],\"articleSection\":[\"Especialistas\",\"Opini\u00e3o\",\"Ponto de Vista\"],\"inLanguage\":\"pt-BR\",\"potentialAction\":[{\"@type\":\"CommentAction\",\"name\":\"Comment\",\"target\":[\"https:\/\/revistaautobus.com.br\/?p=16993#respond\"]}]},{\"@type\":\"WebPage\",\"@id\":\"https:\/\/revistaautobus.com.br\/?p=16993\",\"url\":\"https:\/\/revistaautobus.com.br\/?p=16993\",\"name\":\"IA \u00e9 pop em transporte p\u00fablico - Revista AutoBus\",\"isPartOf\":{\"@id\":\"https:\/\/revistaautobus.com.br\/#website\"},\"primaryImageOfPage\":{\"@id\":\"https:\/\/revistaautobus.com.br\/?p=16993#primaryimage\"},\"image\":{\"@id\":\"https:\/\/revistaautobus.com.br\/?p=16993#primaryimage\"},\"thumbnailUrl\":\"https:\/\/revistaautobus.com.br\/wp-content\/uploads\/2025\/10\/Imagem-do-WhatsApp-de-2025-10-27-as-13.29.59_b34b1d24.jpg\",\"datePublished\":\"2025-10-27T20:41:00+00:00\",\"dateModified\":\"2025-10-27T21:35:53+00:00\",\"breadcrumb\":{\"@id\":\"https:\/\/revistaautobus.com.br\/?p=16993#breadcrumb\"},\"inLanguage\":\"pt-BR\",\"potentialAction\":[{\"@type\":\"ReadAction\",\"target\":[\"https:\/\/revistaautobus.com.br\/?p=16993\"]}]},{\"@type\":\"ImageObject\",\"inLanguage\":\"pt-BR\",\"@id\":\"https:\/\/revistaautobus.com.br\/?p=16993#primaryimage\",\"url\":\"https:\/\/revistaautobus.com.br\/wp-content\/uploads\/2025\/10\/Imagem-do-WhatsApp-de-2025-10-27-as-13.29.59_b34b1d24.jpg\",\"contentUrl\":\"https:\/\/revistaautobus.com.br\/wp-content\/uploads\/2025\/10\/Imagem-do-WhatsApp-de-2025-10-27-as-13.29.59_b34b1d24.jpg\",\"width\":902,\"height\":503},{\"@type\":\"BreadcrumbList\",\"@id\":\"https:\/\/revistaautobus.com.br\/?p=16993#breadcrumb\",\"itemListElement\":[{\"@type\":\"ListItem\",\"position\":1,\"name\":\"In\u00edcio\",\"item\":\"https:\/\/revistaautobus.com.br\/\"},{\"@type\":\"ListItem\",\"position\":2,\"name\":\"IA \u00e9 pop em transporte p\u00fablico\"}]},{\"@type\":\"WebSite\",\"@id\":\"https:\/\/revistaautobus.com.br\/#website\",\"url\":\"https:\/\/revistaautobus.com.br\/\",\"name\":\"Revista AutoBus\",\"description\":\"\",\"publisher\":{\"@id\":\"https:\/\/revistaautobus.com.br\/#organization\"},\"potentialAction\":[{\"@type\":\"SearchAction\",\"target\":{\"@type\":\"EntryPoint\",\"urlTemplate\":\"https:\/\/revistaautobus.com.br\/?s={search_term_string}\"},\"query-input\":{\"@type\":\"PropertyValueSpecification\",\"valueRequired\":true,\"valueName\":\"search_term_string\"}}],\"inLanguage\":\"pt-BR\"},{\"@type\":\"Organization\",\"@id\":\"https:\/\/revistaautobus.com.br\/#organization\",\"name\":\"Revista AutoBus\",\"url\":\"https:\/\/revistaautobus.com.br\/\",\"logo\":{\"@type\":\"ImageObject\",\"inLanguage\":\"pt-BR\",\"@id\":\"https:\/\/revistaautobus.com.br\/#\/schema\/logo\/image\/\",\"url\":\"https:\/\/revistaautobus.com.br\/wp-content\/uploads\/2024\/11\/logo_revista_autobus_fb.png\",\"contentUrl\":\"https:\/\/revistaautobus.com.br\/wp-content\/uploads\/2024\/11\/logo_revista_autobus_fb.png\",\"width\":836,\"height\":227,\"caption\":\"Revista AutoBus\"},\"image\":{\"@id\":\"https:\/\/revistaautobus.com.br\/#\/schema\/logo\/image\/\"},\"sameAs\":[\"https:\/\/www.facebook.com\/antonio.ferro.3150\",\"https:\/\/www.instagram.com\/revistaautobus\/\"]},{\"@type\":\"Person\",\"@id\":\"https:\/\/revistaautobus.com.br\/#\/schema\/person\/1f952123bc78329c77758b286dcb5903\",\"name\":\"Andr\u00e9 Dantas\",\"image\":{\"@type\":\"ImageObject\",\"inLanguage\":\"pt-BR\",\"@id\":\"https:\/\/revistaautobus.com.br\/wp-content\/uploads\/2025\/04\/andre_dantas-150x150.jpg\",\"url\":\"https:\/\/revistaautobus.com.br\/wp-content\/uploads\/2025\/04\/andre_dantas-150x150.jpg\",\"contentUrl\":\"https:\/\/revistaautobus.com.br\/wp-content\/uploads\/2025\/04\/andre_dantas-150x150.jpg\",\"caption\":\"Andr\u00e9 Dantas\"},\"description\":\"andre.dantas@transporteintel.com.br\",\"url\":\"https:\/\/revistaautobus.com.br\/?author=10\"}]}<\/script>\n<!-- \/ Yoast SEO plugin. -->","yoast_head_json":{"title":"IA \u00e9 pop em transporte p\u00fablico - Revista AutoBus","robots":{"index":"index","follow":"follow","max-snippet":"max-snippet:-1","max-image-preview":"max-image-preview:large","max-video-preview":"max-video-preview:-1"},"canonical":"https:\/\/revistaautobus.com.br\/?p=16993","og_locale":"pt_BR","og_type":"article","og_title":"IA \u00e9 pop em transporte p\u00fablico - Revista AutoBus","og_description":"(Este artigo foi totalmente escrito por um humano: eu. \u00c9 importante come\u00e7ar com essa frase, porque j\u00e1 s\u00e3o v\u00e1rios os casos em que percebo o descarado uso de Intelig\u00eancia Artificial (IA) para produ\u00e7\u00e3o de textos \u201ct\u00e9cnicos e cient\u00edficos\u201d.)","og_url":"https:\/\/revistaautobus.com.br\/?p=16993","og_site_name":"Revista AutoBus","article_publisher":"https:\/\/www.facebook.com\/antonio.ferro.3150","article_published_time":"2025-10-27T20:41:00+00:00","article_modified_time":"2025-10-27T21:35:53+00:00","og_image":[{"width":902,"height":503,"url":"https:\/\/revistaautobus.com.br\/wp-content\/uploads\/2025\/10\/Imagem-do-WhatsApp-de-2025-10-27-as-13.29.59_b34b1d24.jpg","type":"image\/jpeg"}],"author":"Andr\u00e9 Dantas","twitter_card":"summary_large_image","twitter_misc":{"Escrito por":"Andr\u00e9 Dantas","Est. tempo de leitura":"3 minutos"},"schema":{"@context":"https:\/\/schema.org","@graph":[{"@type":"Article","@id":"https:\/\/revistaautobus.com.br\/?p=16993#article","isPartOf":{"@id":"https:\/\/revistaautobus.com.br\/?p=16993"},"author":{"name":"Andr\u00e9 Dantas","@id":"https:\/\/revistaautobus.com.br\/#\/schema\/person\/1f952123bc78329c77758b286dcb5903"},"headline":"IA \u00e9 pop em transporte p\u00fablico","datePublished":"2025-10-27T20:41:00+00:00","dateModified":"2025-10-27T21:35:53+00:00","mainEntityOfPage":{"@id":"https:\/\/revistaautobus.com.br\/?p=16993"},"wordCount":499,"commentCount":0,"publisher":{"@id":"https:\/\/revistaautobus.com.br\/#organization"},"image":{"@id":"https:\/\/revistaautobus.com.br\/?p=16993#primaryimage"},"thumbnailUrl":"https:\/\/revistaautobus.com.br\/wp-content\/uploads\/2025\/10\/Imagem-do-WhatsApp-de-2025-10-27-as-13.29.59_b34b1d24.jpg","keywords":["Intelig\u00eancia Artificial"],"articleSection":["Especialistas","Opini\u00e3o","Ponto de Vista"],"inLanguage":"pt-BR","potentialAction":[{"@type":"CommentAction","name":"Comment","target":["https:\/\/revistaautobus.com.br\/?p=16993#respond"]}]},{"@type":"WebPage","@id":"https:\/\/revistaautobus.com.br\/?p=16993","url":"https:\/\/revistaautobus.com.br\/?p=16993","name":"IA \u00e9 pop em transporte p\u00fablico - Revista AutoBus","isPartOf":{"@id":"https:\/\/revistaautobus.com.br\/#website"},"primaryImageOfPage":{"@id":"https:\/\/revistaautobus.com.br\/?p=16993#primaryimage"},"image":{"@id":"https:\/\/revistaautobus.com.br\/?p=16993#primaryimage"},"thumbnailUrl":"https:\/\/revistaautobus.com.br\/wp-content\/uploads\/2025\/10\/Imagem-do-WhatsApp-de-2025-10-27-as-13.29.59_b34b1d24.jpg","datePublished":"2025-10-27T20:41:00+00:00","dateModified":"2025-10-27T21:35:53+00:00","breadcrumb":{"@id":"https:\/\/revistaautobus.com.br\/?p=16993#breadcrumb"},"inLanguage":"pt-BR","potentialAction":[{"@type":"ReadAction","target":["https:\/\/revistaautobus.com.br\/?p=16993"]}]},{"@type":"ImageObject","inLanguage":"pt-BR","@id":"https:\/\/revistaautobus.com.br\/?p=16993#primaryimage","url":"https:\/\/revistaautobus.com.br\/wp-content\/uploads\/2025\/10\/Imagem-do-WhatsApp-de-2025-10-27-as-13.29.59_b34b1d24.jpg","contentUrl":"https:\/\/revistaautobus.com.br\/wp-content\/uploads\/2025\/10\/Imagem-do-WhatsApp-de-2025-10-27-as-13.29.59_b34b1d24.jpg","width":902,"height":503},{"@type":"BreadcrumbList","@id":"https:\/\/revistaautobus.com.br\/?p=16993#breadcrumb","itemListElement":[{"@type":"ListItem","position":1,"name":"In\u00edcio","item":"https:\/\/revistaautobus.com.br\/"},{"@type":"ListItem","position":2,"name":"IA \u00e9 pop em transporte p\u00fablico"}]},{"@type":"WebSite","@id":"https:\/\/revistaautobus.com.br\/#website","url":"https:\/\/revistaautobus.com.br\/","name":"Revista AutoBus","description":"","publisher":{"@id":"https:\/\/revistaautobus.com.br\/#organization"},"potentialAction":[{"@type":"SearchAction","target":{"@type":"EntryPoint","urlTemplate":"https:\/\/revistaautobus.com.br\/?s={search_term_string}"},"query-input":{"@type":"PropertyValueSpecification","valueRequired":true,"valueName":"search_term_string"}}],"inLanguage":"pt-BR"},{"@type":"Organization","@id":"https:\/\/revistaautobus.com.br\/#organization","name":"Revista AutoBus","url":"https:\/\/revistaautobus.com.br\/","logo":{"@type":"ImageObject","inLanguage":"pt-BR","@id":"https:\/\/revistaautobus.com.br\/#\/schema\/logo\/image\/","url":"https:\/\/revistaautobus.com.br\/wp-content\/uploads\/2024\/11\/logo_revista_autobus_fb.png","contentUrl":"https:\/\/revistaautobus.com.br\/wp-content\/uploads\/2024\/11\/logo_revista_autobus_fb.png","width":836,"height":227,"caption":"Revista AutoBus"},"image":{"@id":"https:\/\/revistaautobus.com.br\/#\/schema\/logo\/image\/"},"sameAs":["https:\/\/www.facebook.com\/antonio.ferro.3150","https:\/\/www.instagram.com\/revistaautobus\/"]},{"@type":"Person","@id":"https:\/\/revistaautobus.com.br\/#\/schema\/person\/1f952123bc78329c77758b286dcb5903","name":"Andr\u00e9 Dantas","image":{"@type":"ImageObject","inLanguage":"pt-BR","@id":"https:\/\/revistaautobus.com.br\/wp-content\/uploads\/2025\/04\/andre_dantas-150x150.jpg","url":"https:\/\/revistaautobus.com.br\/wp-content\/uploads\/2025\/04\/andre_dantas-150x150.jpg","contentUrl":"https:\/\/revistaautobus.com.br\/wp-content\/uploads\/2025\/04\/andre_dantas-150x150.jpg","caption":"Andr\u00e9 Dantas"},"description":"andre.dantas@transporteintel.com.br","url":"https:\/\/revistaautobus.com.br\/?author=10"}]}},"jetpack_featured_media_url":"https:\/\/revistaautobus.com.br\/wp-content\/uploads\/2025\/10\/Imagem-do-WhatsApp-de-2025-10-27-as-13.29.59_b34b1d24.jpg","jetpack_sharing_enabled":true,"_links":{"self":[{"href":"https:\/\/revistaautobus.com.br\/index.php?rest_route=\/wp\/v2\/posts\/16993","targetHints":{"allow":["GET"]}}],"collection":[{"href":"https:\/\/revistaautobus.com.br\/index.php?rest_route=\/wp\/v2\/posts"}],"about":[{"href":"https:\/\/revistaautobus.com.br\/index.php?rest_route=\/wp\/v2\/types\/post"}],"author":[{"embeddable":true,"href":"https:\/\/revistaautobus.com.br\/index.php?rest_route=\/wp\/v2\/users\/10"}],"replies":[{"embeddable":true,"href":"https:\/\/revistaautobus.com.br\/index.php?rest_route=%2Fwp%2Fv2%2Fcomments&post=16993"}],"version-history":[{"count":2,"href":"https:\/\/revistaautobus.com.br\/index.php?rest_route=\/wp\/v2\/posts\/16993\/revisions"}],"predecessor-version":[{"id":16997,"href":"https:\/\/revistaautobus.com.br\/index.php?rest_route=\/wp\/v2\/posts\/16993\/revisions\/16997"}],"wp:featuredmedia":[{"embeddable":true,"href":"https:\/\/revistaautobus.com.br\/index.php?rest_route=\/wp\/v2\/media\/16994"}],"wp:attachment":[{"href":"https:\/\/revistaautobus.com.br\/index.php?rest_route=%2Fwp%2Fv2%2Fmedia&parent=16993"}],"wp:term":[{"taxonomy":"category","embeddable":true,"href":"https:\/\/revistaautobus.com.br\/index.php?rest_route=%2Fwp%2Fv2%2Fcategories&post=16993"},{"taxonomy":"post_tag","embeddable":true,"href":"https:\/\/revistaautobus.com.br\/index.php?rest_route=%2Fwp%2Fv2%2Ftags&post=16993"}],"curies":[{"name":"wp","href":"https:\/\/api.w.org\/{rel}","templated":true}]}}