{"id":17117,"date":"2025-11-11T09:33:22","date_gmt":"2025-11-11T12:33:22","guid":{"rendered":"https:\/\/revistaautobus.com.br\/?p=17117"},"modified":"2025-11-11T09:33:22","modified_gmt":"2025-11-11T12:33:22","slug":"em-belo-horizonte-o-onibus-a-gas-tem-grandes-chances-de-operacao","status":"publish","type":"post","link":"https:\/\/revistaautobus.com.br\/?p=17117","title":{"rendered":"Em Belo Horizonte, o \u00f4nibus a g\u00e1s tem grandes chances de opera\u00e7\u00e3o"},"content":{"rendered":"<p>O Projeto Suplementar Verde, desenvolvido em parceria entre a Companhia de G\u00e1s de Minas Gerais (Gasmig), Volare, Agrale, Sindpautras e Superintend\u00eancia de Mobilidade (SUMOB), colocou em Opera\u00e7\u00e3o Assistida, durante dois meses um modelo de mini\u00f4nibus movido 100% a G\u00e1s Natural Veicular (GNV) e biometano na rede do transporte suplementar de passageiros.<\/p>\n<p>O projeto foi apresentado, testado e aprovado, como uma op\u00e7\u00e3o mais econ\u00f4mica e sustent\u00e1vel para a descarboniza\u00e7\u00e3o do transporte p\u00fablico suplementar da capital mineira. Foram 7.804 km percorridos, 3.541 m\u00b3 de GNV consumidos e seis linhas urbanas monitoradas, abrangendo trajetos com diferentes relevos, lota\u00e7\u00e3o de passageiros e condi\u00e7\u00f5es de tr\u00e1fego.<\/p>\n<p>De acordo com a organiza\u00e7\u00e3o do projeto, esse \u00e9 um retrato da complexidade operacional de Belo Horizonte, uma das opera\u00e7\u00f5es mais severas do Pa\u00eds, dado as vari\u00e1veis a serem consideradas. &#8220;Este projeto consolida Belo Horizonte como refer\u00eancia nacional em transporte sustent\u00e1vel, ao mostrar, na pr\u00e1tica, que alternativas como o GNV e o biometano s\u00e3o vi\u00e1veis economicamente e ambientalmente. \u00c9 poss\u00edvel oferecer um transporte p\u00fablico com combust\u00edvel sustent\u00e1vel, eficiente e competitivo, promovendo a descarboniza\u00e7\u00e3o do setor&#8221;, disse Carlos Camargo de Col\u00f3n, presidente da Gasmig.<\/p>\n<p>O Volare que foi utilizando na Opera\u00e7\u00e3o Assistida em Belo Horizonte tem o chassi Agrale, \u00e9 o modelo Fly 10 GV 2025, que utiliza motoriza\u00e7\u00e3o Ciclo Otto de seis cilindros, desenvolvido para operar exclusivamente com GNV e\/ou biometano. Segundo a Gasmig, a escolha pelo ve\u00edculo garantiu espa\u00e7o e seguran\u00e7a para a instala\u00e7\u00e3o dos cilindros de g\u00e1s, com 490 litros hidr\u00e1ulicos (\u2248122,5 m\u00b3 a 200 bar de press\u00e3o e temperatura de 20\u00ba C), em atendimento aos requisitos t\u00e9cnicos m\u00ednimos colocados pela SUMOB.<\/p>\n<p>Outrossim, durante a fase de avalia\u00e7\u00e3o, os motoristas destacaram o baixo n\u00edvel de ru\u00eddo e vibra\u00e7\u00e3o e a condu\u00e7\u00e3o suave do motor a g\u00e1s. No entanto, relataram consumo maior com o uso do ar-condicionado, tendo em vista que o modelo a diesel utilizado conta, somente, com climatizador. J\u00e1 a forma\u00e7\u00e3o t\u00e9cnica dos condutores \u00e9 outro ponto crucial, pois os motores Ciclo Otto exigem condu\u00e7\u00e3o em faixas de rota\u00e7\u00e3o mais altas, algo diferente da opera\u00e7\u00e3o tradicional com motores a diesel, sendo que o treinamento dos motoristas \u00e9 parte essencial da expans\u00e3o do projeto.<\/p>\n<p>A opera\u00e7\u00e3o assistida foi acompanhada por telemetria embarcada, registros fotogr\u00e1ficos em cada abastecimento, com as medi\u00e7\u00f5es de press\u00e3o, temperatura e densidade do g\u00e1s natural, por uma equipe da Gasmig, junto com os operadores do Sindpautras. A metodologia seguiu os padr\u00f5es da ABNT e das pol\u00edticas municipais de mobilidade sustent\u00e1vel, assegurando dados consistentes e audit\u00e1veis.<\/p>\n<p>Para a Gasmig, o projeto refor\u00e7a o papel do biometano como vetor de economia circular, ao utilizar res\u00edduos org\u00e2nicos para gerar energia limpa e renov\u00e1vel, e, com outro detalhe, tendo sempre o GNV como <em>backup<\/em>, uma vez que os dois gases s\u00e3o intercambi\u00e1veis, sem necessidade de nenhuma altera\u00e7\u00e3o no motor e\/ou no ve\u00edculo.<\/p>\n<p>Imagem &#8211; Divulga\u00e7\u00e3o<\/p>\n","protected":false},"excerpt":{"rendered":"<p>A capital mineira homologa ve\u00edculo que pode ter motor movido a GNV e biometano no seu transporte suplementar de passageiros <\/p>\n","protected":false},"author":2,"featured_media":17118,"comment_status":"open","ping_status":"open","sticky":false,"template":"","format":"standard","meta":{"_et_pb_use_builder":"","_et_pb_old_content":"","_et_gb_content_width":"","_jetpack_memberships_contains_paid_content":false,"footnotes":""},"categories":[485,8,919,90],"tags":[1035],"class_list":["post-17117","post","type-post","status-publish","format-standard","has-post-thumbnail","hentry","category-biometano","category-gas-natural","category-meio-ambiente","category-noticias","tag-gasmig","et-has-post-format-content","et_post_format-et-post-format-standard"],"yoast_head":"<!-- This site is optimized with the Yoast SEO plugin v27.2 - https:\/\/yoast.com\/product\/yoast-seo-wordpress\/ -->\n<title>Em Belo Horizonte, o \u00f4nibus a g\u00e1s tem grandes chances de opera\u00e7\u00e3o - Revista AutoBus<\/title>\n<meta name=\"robots\" content=\"index, follow, max-snippet:-1, max-image-preview:large, max-video-preview:-1\" \/>\n<link rel=\"canonical\" href=\"https:\/\/revistaautobus.com.br\/?p=17117\" \/>\n<meta property=\"og:locale\" content=\"pt_BR\" \/>\n<meta property=\"og:type\" content=\"article\" \/>\n<meta property=\"og:title\" content=\"Em Belo Horizonte, o \u00f4nibus a g\u00e1s tem grandes chances de opera\u00e7\u00e3o - Revista AutoBus\" \/>\n<meta property=\"og:description\" content=\"A capital mineira homologa ve\u00edculo que pode ter motor movido a GNV e biometano no seu transporte suplementar de passageiros\" \/>\n<meta property=\"og:url\" content=\"https:\/\/revistaautobus.com.br\/?p=17117\" \/>\n<meta property=\"og:site_name\" content=\"Revista AutoBus\" \/>\n<meta property=\"article:publisher\" content=\"https:\/\/www.facebook.com\/antonio.ferro.3150\" \/>\n<meta property=\"article:published_time\" content=\"2025-11-11T12:33:22+00:00\" \/>\n<meta property=\"og:image\" content=\"https:\/\/revistaautobus.com.br\/wp-content\/uploads\/2025\/11\/Onibus-movido-a-GNV-biometano-Por-Davi-Dias1.jpeg\" \/>\n\t<meta property=\"og:image:width\" content=\"1000\" \/>\n\t<meta property=\"og:image:height\" content=\"666\" \/>\n\t<meta property=\"og:image:type\" content=\"image\/jpeg\" \/>\n<meta name=\"author\" content=\"Antonio Ferro\" \/>\n<meta name=\"twitter:card\" content=\"summary_large_image\" \/>\n<meta name=\"twitter:label1\" content=\"Escrito por\" \/>\n\t<meta name=\"twitter:data1\" content=\"Antonio Ferro\" \/>\n\t<meta name=\"twitter:label2\" content=\"Est. tempo de leitura\" \/>\n\t<meta name=\"twitter:data2\" content=\"3 minutos\" \/>\n<script type=\"application\/ld+json\" class=\"yoast-schema-graph\">{\"@context\":\"https:\/\/schema.org\",\"@graph\":[{\"@type\":\"Article\",\"@id\":\"https:\/\/revistaautobus.com.br\/?p=17117#article\",\"isPartOf\":{\"@id\":\"https:\/\/revistaautobus.com.br\/?p=17117\"},\"author\":{\"name\":\"Antonio Ferro\",\"@id\":\"https:\/\/revistaautobus.com.br\/#\/schema\/person\/54af7c3eb83a310e42ef686ef6d16f50\"},\"headline\":\"Em Belo Horizonte, o \u00f4nibus a g\u00e1s tem grandes chances de opera\u00e7\u00e3o\",\"datePublished\":\"2025-11-11T12:33:22+00:00\",\"mainEntityOfPage\":{\"@id\":\"https:\/\/revistaautobus.com.br\/?p=17117\"},\"wordCount\":538,\"commentCount\":0,\"publisher\":{\"@id\":\"https:\/\/revistaautobus.com.br\/#organization\"},\"image\":{\"@id\":\"https:\/\/revistaautobus.com.br\/?p=17117#primaryimage\"},\"thumbnailUrl\":\"https:\/\/revistaautobus.com.br\/wp-content\/uploads\/2025\/11\/Onibus-movido-a-GNV-biometano-Por-Davi-Dias1.jpeg\",\"keywords\":[\"Gasmig\"],\"articleSection\":[\"Biometano\",\"G\u00e1s Natural\",\"Meio ambiente\",\"Not\u00edcias\"],\"inLanguage\":\"pt-BR\",\"potentialAction\":[{\"@type\":\"CommentAction\",\"name\":\"Comment\",\"target\":[\"https:\/\/revistaautobus.com.br\/?p=17117#respond\"]}]},{\"@type\":\"WebPage\",\"@id\":\"https:\/\/revistaautobus.com.br\/?p=17117\",\"url\":\"https:\/\/revistaautobus.com.br\/?p=17117\",\"name\":\"Em Belo Horizonte, o \u00f4nibus a g\u00e1s tem grandes chances de opera\u00e7\u00e3o - Revista AutoBus\",\"isPartOf\":{\"@id\":\"https:\/\/revistaautobus.com.br\/#website\"},\"primaryImageOfPage\":{\"@id\":\"https:\/\/revistaautobus.com.br\/?p=17117#primaryimage\"},\"image\":{\"@id\":\"https:\/\/revistaautobus.com.br\/?p=17117#primaryimage\"},\"thumbnailUrl\":\"https:\/\/revistaautobus.com.br\/wp-content\/uploads\/2025\/11\/Onibus-movido-a-GNV-biometano-Por-Davi-Dias1.jpeg\",\"datePublished\":\"2025-11-11T12:33:22+00:00\",\"breadcrumb\":{\"@id\":\"https:\/\/revistaautobus.com.br\/?p=17117#breadcrumb\"},\"inLanguage\":\"pt-BR\",\"potentialAction\":[{\"@type\":\"ReadAction\",\"target\":[\"https:\/\/revistaautobus.com.br\/?p=17117\"]}]},{\"@type\":\"ImageObject\",\"inLanguage\":\"pt-BR\",\"@id\":\"https:\/\/revistaautobus.com.br\/?p=17117#primaryimage\",\"url\":\"https:\/\/revistaautobus.com.br\/wp-content\/uploads\/2025\/11\/Onibus-movido-a-GNV-biometano-Por-Davi-Dias1.jpeg\",\"contentUrl\":\"https:\/\/revistaautobus.com.br\/wp-content\/uploads\/2025\/11\/Onibus-movido-a-GNV-biometano-Por-Davi-Dias1.jpeg\",\"width\":1000,\"height\":666},{\"@type\":\"BreadcrumbList\",\"@id\":\"https:\/\/revistaautobus.com.br\/?p=17117#breadcrumb\",\"itemListElement\":[{\"@type\":\"ListItem\",\"position\":1,\"name\":\"In\u00edcio\",\"item\":\"https:\/\/revistaautobus.com.br\/\"},{\"@type\":\"ListItem\",\"position\":2,\"name\":\"Em Belo Horizonte, o \u00f4nibus a g\u00e1s tem grandes chances de opera\u00e7\u00e3o\"}]},{\"@type\":\"WebSite\",\"@id\":\"https:\/\/revistaautobus.com.br\/#website\",\"url\":\"https:\/\/revistaautobus.com.br\/\",\"name\":\"Revista AutoBus\",\"description\":\"\",\"publisher\":{\"@id\":\"https:\/\/revistaautobus.com.br\/#organization\"},\"potentialAction\":[{\"@type\":\"SearchAction\",\"target\":{\"@type\":\"EntryPoint\",\"urlTemplate\":\"https:\/\/revistaautobus.com.br\/?s={search_term_string}\"},\"query-input\":{\"@type\":\"PropertyValueSpecification\",\"valueRequired\":true,\"valueName\":\"search_term_string\"}}],\"inLanguage\":\"pt-BR\"},{\"@type\":\"Organization\",\"@id\":\"https:\/\/revistaautobus.com.br\/#organization\",\"name\":\"Revista AutoBus\",\"url\":\"https:\/\/revistaautobus.com.br\/\",\"logo\":{\"@type\":\"ImageObject\",\"inLanguage\":\"pt-BR\",\"@id\":\"https:\/\/revistaautobus.com.br\/#\/schema\/logo\/image\/\",\"url\":\"https:\/\/revistaautobus.com.br\/wp-content\/uploads\/2024\/11\/logo_revista_autobus_fb.png\",\"contentUrl\":\"https:\/\/revistaautobus.com.br\/wp-content\/uploads\/2024\/11\/logo_revista_autobus_fb.png\",\"width\":836,\"height\":227,\"caption\":\"Revista AutoBus\"},\"image\":{\"@id\":\"https:\/\/revistaautobus.com.br\/#\/schema\/logo\/image\/\"},\"sameAs\":[\"https:\/\/www.facebook.com\/antonio.ferro.3150\",\"https:\/\/www.instagram.com\/revistaautobus\/\"]},{\"@type\":\"Person\",\"@id\":\"https:\/\/revistaautobus.com.br\/#\/schema\/person\/54af7c3eb83a310e42ef686ef6d16f50\",\"name\":\"Antonio Ferro\",\"image\":{\"@type\":\"ImageObject\",\"inLanguage\":\"pt-BR\",\"@id\":\"https:\/\/revistaautobus.com.br\/wp-content\/uploads\/2025\/12\/editor_antonio_ferro-150x150.jpg\",\"url\":\"https:\/\/revistaautobus.com.br\/wp-content\/uploads\/2025\/12\/editor_antonio_ferro-150x150.jpg\",\"contentUrl\":\"https:\/\/revistaautobus.com.br\/wp-content\/uploads\/2025\/12\/editor_antonio_ferro-150x150.jpg\",\"caption\":\"Antonio Ferro\"},\"description\":\"infobus@uol.com.br\",\"url\":\"https:\/\/revistaautobus.com.br\/?author=2\"}]}<\/script>\n<!-- \/ Yoast SEO plugin. -->","yoast_head_json":{"title":"Em Belo Horizonte, o \u00f4nibus a g\u00e1s tem grandes chances de opera\u00e7\u00e3o - Revista AutoBus","robots":{"index":"index","follow":"follow","max-snippet":"max-snippet:-1","max-image-preview":"max-image-preview:large","max-video-preview":"max-video-preview:-1"},"canonical":"https:\/\/revistaautobus.com.br\/?p=17117","og_locale":"pt_BR","og_type":"article","og_title":"Em Belo Horizonte, o \u00f4nibus a g\u00e1s tem grandes chances de opera\u00e7\u00e3o - Revista AutoBus","og_description":"A capital mineira homologa ve\u00edculo que pode ter motor movido a GNV e biometano no seu transporte suplementar de passageiros","og_url":"https:\/\/revistaautobus.com.br\/?p=17117","og_site_name":"Revista AutoBus","article_publisher":"https:\/\/www.facebook.com\/antonio.ferro.3150","article_published_time":"2025-11-11T12:33:22+00:00","og_image":[{"width":1000,"height":666,"url":"https:\/\/revistaautobus.com.br\/wp-content\/uploads\/2025\/11\/Onibus-movido-a-GNV-biometano-Por-Davi-Dias1.jpeg","type":"image\/jpeg"}],"author":"Antonio Ferro","twitter_card":"summary_large_image","twitter_misc":{"Escrito por":"Antonio Ferro","Est. tempo de leitura":"3 minutos"},"schema":{"@context":"https:\/\/schema.org","@graph":[{"@type":"Article","@id":"https:\/\/revistaautobus.com.br\/?p=17117#article","isPartOf":{"@id":"https:\/\/revistaautobus.com.br\/?p=17117"},"author":{"name":"Antonio Ferro","@id":"https:\/\/revistaautobus.com.br\/#\/schema\/person\/54af7c3eb83a310e42ef686ef6d16f50"},"headline":"Em Belo Horizonte, o \u00f4nibus a g\u00e1s tem grandes chances de opera\u00e7\u00e3o","datePublished":"2025-11-11T12:33:22+00:00","mainEntityOfPage":{"@id":"https:\/\/revistaautobus.com.br\/?p=17117"},"wordCount":538,"commentCount":0,"publisher":{"@id":"https:\/\/revistaautobus.com.br\/#organization"},"image":{"@id":"https:\/\/revistaautobus.com.br\/?p=17117#primaryimage"},"thumbnailUrl":"https:\/\/revistaautobus.com.br\/wp-content\/uploads\/2025\/11\/Onibus-movido-a-GNV-biometano-Por-Davi-Dias1.jpeg","keywords":["Gasmig"],"articleSection":["Biometano","G\u00e1s Natural","Meio ambiente","Not\u00edcias"],"inLanguage":"pt-BR","potentialAction":[{"@type":"CommentAction","name":"Comment","target":["https:\/\/revistaautobus.com.br\/?p=17117#respond"]}]},{"@type":"WebPage","@id":"https:\/\/revistaautobus.com.br\/?p=17117","url":"https:\/\/revistaautobus.com.br\/?p=17117","name":"Em Belo Horizonte, o \u00f4nibus a g\u00e1s tem grandes chances de opera\u00e7\u00e3o - Revista AutoBus","isPartOf":{"@id":"https:\/\/revistaautobus.com.br\/#website"},"primaryImageOfPage":{"@id":"https:\/\/revistaautobus.com.br\/?p=17117#primaryimage"},"image":{"@id":"https:\/\/revistaautobus.com.br\/?p=17117#primaryimage"},"thumbnailUrl":"https:\/\/revistaautobus.com.br\/wp-content\/uploads\/2025\/11\/Onibus-movido-a-GNV-biometano-Por-Davi-Dias1.jpeg","datePublished":"2025-11-11T12:33:22+00:00","breadcrumb":{"@id":"https:\/\/revistaautobus.com.br\/?p=17117#breadcrumb"},"inLanguage":"pt-BR","potentialAction":[{"@type":"ReadAction","target":["https:\/\/revistaautobus.com.br\/?p=17117"]}]},{"@type":"ImageObject","inLanguage":"pt-BR","@id":"https:\/\/revistaautobus.com.br\/?p=17117#primaryimage","url":"https:\/\/revistaautobus.com.br\/wp-content\/uploads\/2025\/11\/Onibus-movido-a-GNV-biometano-Por-Davi-Dias1.jpeg","contentUrl":"https:\/\/revistaautobus.com.br\/wp-content\/uploads\/2025\/11\/Onibus-movido-a-GNV-biometano-Por-Davi-Dias1.jpeg","width":1000,"height":666},{"@type":"BreadcrumbList","@id":"https:\/\/revistaautobus.com.br\/?p=17117#breadcrumb","itemListElement":[{"@type":"ListItem","position":1,"name":"In\u00edcio","item":"https:\/\/revistaautobus.com.br\/"},{"@type":"ListItem","position":2,"name":"Em Belo Horizonte, o \u00f4nibus a g\u00e1s tem grandes chances de opera\u00e7\u00e3o"}]},{"@type":"WebSite","@id":"https:\/\/revistaautobus.com.br\/#website","url":"https:\/\/revistaautobus.com.br\/","name":"Revista AutoBus","description":"","publisher":{"@id":"https:\/\/revistaautobus.com.br\/#organization"},"potentialAction":[{"@type":"SearchAction","target":{"@type":"EntryPoint","urlTemplate":"https:\/\/revistaautobus.com.br\/?s={search_term_string}"},"query-input":{"@type":"PropertyValueSpecification","valueRequired":true,"valueName":"search_term_string"}}],"inLanguage":"pt-BR"},{"@type":"Organization","@id":"https:\/\/revistaautobus.com.br\/#organization","name":"Revista AutoBus","url":"https:\/\/revistaautobus.com.br\/","logo":{"@type":"ImageObject","inLanguage":"pt-BR","@id":"https:\/\/revistaautobus.com.br\/#\/schema\/logo\/image\/","url":"https:\/\/revistaautobus.com.br\/wp-content\/uploads\/2024\/11\/logo_revista_autobus_fb.png","contentUrl":"https:\/\/revistaautobus.com.br\/wp-content\/uploads\/2024\/11\/logo_revista_autobus_fb.png","width":836,"height":227,"caption":"Revista AutoBus"},"image":{"@id":"https:\/\/revistaautobus.com.br\/#\/schema\/logo\/image\/"},"sameAs":["https:\/\/www.facebook.com\/antonio.ferro.3150","https:\/\/www.instagram.com\/revistaautobus\/"]},{"@type":"Person","@id":"https:\/\/revistaautobus.com.br\/#\/schema\/person\/54af7c3eb83a310e42ef686ef6d16f50","name":"Antonio Ferro","image":{"@type":"ImageObject","inLanguage":"pt-BR","@id":"https:\/\/revistaautobus.com.br\/wp-content\/uploads\/2025\/12\/editor_antonio_ferro-150x150.jpg","url":"https:\/\/revistaautobus.com.br\/wp-content\/uploads\/2025\/12\/editor_antonio_ferro-150x150.jpg","contentUrl":"https:\/\/revistaautobus.com.br\/wp-content\/uploads\/2025\/12\/editor_antonio_ferro-150x150.jpg","caption":"Antonio Ferro"},"description":"infobus@uol.com.br","url":"https:\/\/revistaautobus.com.br\/?author=2"}]}},"jetpack_featured_media_url":"https:\/\/revistaautobus.com.br\/wp-content\/uploads\/2025\/11\/Onibus-movido-a-GNV-biometano-Por-Davi-Dias1.jpeg","jetpack_sharing_enabled":true,"_links":{"self":[{"href":"https:\/\/revistaautobus.com.br\/index.php?rest_route=\/wp\/v2\/posts\/17117","targetHints":{"allow":["GET"]}}],"collection":[{"href":"https:\/\/revistaautobus.com.br\/index.php?rest_route=\/wp\/v2\/posts"}],"about":[{"href":"https:\/\/revistaautobus.com.br\/index.php?rest_route=\/wp\/v2\/types\/post"}],"author":[{"embeddable":true,"href":"https:\/\/revistaautobus.com.br\/index.php?rest_route=\/wp\/v2\/users\/2"}],"replies":[{"embeddable":true,"href":"https:\/\/revistaautobus.com.br\/index.php?rest_route=%2Fwp%2Fv2%2Fcomments&post=17117"}],"version-history":[{"count":2,"href":"https:\/\/revistaautobus.com.br\/index.php?rest_route=\/wp\/v2\/posts\/17117\/revisions"}],"predecessor-version":[{"id":17120,"href":"https:\/\/revistaautobus.com.br\/index.php?rest_route=\/wp\/v2\/posts\/17117\/revisions\/17120"}],"wp:featuredmedia":[{"embeddable":true,"href":"https:\/\/revistaautobus.com.br\/index.php?rest_route=\/wp\/v2\/media\/17118"}],"wp:attachment":[{"href":"https:\/\/revistaautobus.com.br\/index.php?rest_route=%2Fwp%2Fv2%2Fmedia&parent=17117"}],"wp:term":[{"taxonomy":"category","embeddable":true,"href":"https:\/\/revistaautobus.com.br\/index.php?rest_route=%2Fwp%2Fv2%2Fcategories&post=17117"},{"taxonomy":"post_tag","embeddable":true,"href":"https:\/\/revistaautobus.com.br\/index.php?rest_route=%2Fwp%2Fv2%2Ftags&post=17117"}],"curies":[{"name":"wp","href":"https:\/\/api.w.org\/{rel}","templated":true}]}}