{"id":17425,"date":"2025-12-12T09:51:14","date_gmt":"2025-12-12T12:51:14","guid":{"rendered":"https:\/\/revistaautobus.com.br\/?p=17425"},"modified":"2025-12-12T09:55:07","modified_gmt":"2025-12-12T12:55:07","slug":"fretamento-em-alta-com-busscar-e-piracicabana","status":"publish","type":"post","link":"https:\/\/revistaautobus.com.br\/?p=17425","title":{"rendered":"Fretamento em alta com Busscar e Piracicabana"},"content":{"rendered":"<p>A carro\u00e7aria El Buss FT, produzida pela arca catarinense Busscar, foi a escolhida pela Via\u00e7\u00e3o Piracicabana em sua \u00faltima aquisi\u00e7\u00e3o de novos \u00f4nibus para sua frota. Ao todo s\u00e3o 115 unidades, refor\u00e7ando o compromisso com a moderniza\u00e7\u00e3o, a efici\u00eancia operacional e a excel\u00eancia no atendimento aos passageiros. De acordo com a fabricante, o seu modelo apresenta uma combina\u00e7\u00e3o de espa\u00e7o, ergonomia e tecnologia que ressalta a voca\u00e7\u00e3o de solu\u00e7\u00e3o completa para empresas que buscam desempenho e conforto operacional. Todos os \u00f4nibus t\u00eam chassis Mercedes-Benz OF 1621.<\/p>\n<p>Os novos \u00f4nibus foram configurados, especialmente, para atender \u00e0s necessidades do cliente, mantendo o padr\u00e3o de qualidade caracter\u00edstico da Busscar, com a integra\u00e7\u00e3o de tecnologias e equipamentos que elevam, ainda mais, o n\u00edvel de conforto e seguran\u00e7a.<\/p>\n<p>Para a empresa de Joinville, a respectiva entrega das 115 unidades do El Buss FT simboliza mais um cap\u00edtulo da s\u00f3lida rela\u00e7\u00e3o entre ela e a Via\u00e7\u00e3o Piracicabana, parceria que se destaca pelo compromisso com a inova\u00e7\u00e3o, pela busca constante de melhorias e pelo foco em oferecer a melhor experi\u00eancia ao usu\u00e1rio final. \u201cA entrega deste grande lote \u00e0 Via\u00e7\u00e3o Piracicabana refor\u00e7a a confian\u00e7a constru\u00edda ao longo dos anos. \u00c9 uma satisfa\u00e7\u00e3o oferecer um produto que combina qualidade, seguran\u00e7a e excelente custo-benef\u00edcio, totalmente alinhado \u00e0s necessidades de uma empresa com a representatividade e hist\u00f3ria da Piracicabana\u201d, ressaltou Paulo Corso, diretor-comercial da Busscar.<\/p>\n<p>Segundo a encarro\u00e7adora, seu El Buss FT \u00e9 um dos modelos mais reconhecidos do mercado e se destaca por oferecer excelente custo-benef\u00edcio ao operador; seguran\u00e7a, robustez e conforto em diferentes aplica\u00e7\u00f5es; maior largura &#8211; 2,60 metros -; e configura\u00e7\u00e3o ideal para linhas intermunicipais e rodovi\u00e1rias leves.<\/p>\n<p>A Busscar informou que as 115 unidades do El Buss FT receberam um pacote exclusivo de itens solicitado pela Via\u00e7\u00e3o Piracicabana, entre eles: ar-condicionado de teto com filtro anti-p\u00f3len, proporcionando melhor qualidade do ar e bem-estar a bordo; porta-pacotes com luz de leitura individual e ilumina\u00e7\u00e3o para numera\u00e7\u00e3o das poltronas; poltronas Class Soft 47, reconhecidas pelo conforto superior e ergonomia; dois tetos solares, ampliando ventila\u00e7\u00e3o e luminosidade interna; <em>brake-light<\/em> traseiro, refor\u00e7ando a seguran\u00e7a em frenagens; luzes indicativas para janelas de emerg\u00eancia, facilitando identifica\u00e7\u00e3o e opera\u00e7\u00e3o em situa\u00e7\u00f5es necess\u00e1rias; e luz de corredor em LED cristal instalada sob as poltronas, garantindo melhor visualiza\u00e7\u00e3o e seguran\u00e7a no embarque e desembarque.<\/p>\n<p>Imagem &#8211; Divulga\u00e7\u00e3o<\/p>\n","protected":false},"excerpt":{"rendered":"<p>Transportadora paulista adquiriu um expressivo volume de novos \u00f4nibus para os servi\u00e7os de fretamento<\/p>\n","protected":false},"author":2,"featured_media":17429,"comment_status":"open","ping_status":"open","sticky":false,"template":"","format":"standard","meta":{"_et_pb_use_builder":"","_et_pb_old_content":"","_et_gb_content_width":"","_jetpack_memberships_contains_paid_content":false,"footnotes":""},"categories":[55,1060,90],"tags":[56],"class_list":["post-17425","post","type-post","status-publish","format-standard","has-post-thumbnail","hentry","category-encarrocadora","category-notas","category-noticias","tag-busscar","et-has-post-format-content","et_post_format-et-post-format-standard"],"yoast_head":"<!-- This site is optimized with the Yoast SEO plugin v27.2 - https:\/\/yoast.com\/product\/yoast-seo-wordpress\/ -->\n<title>Fretamento em alta com Busscar e Piracicabana - Revista AutoBus<\/title>\n<meta name=\"robots\" content=\"index, follow, max-snippet:-1, max-image-preview:large, max-video-preview:-1\" \/>\n<link rel=\"canonical\" href=\"https:\/\/revistaautobus.com.br\/?p=17425\" \/>\n<meta property=\"og:locale\" content=\"pt_BR\" \/>\n<meta property=\"og:type\" content=\"article\" \/>\n<meta property=\"og:title\" content=\"Fretamento em alta com Busscar e Piracicabana - Revista AutoBus\" \/>\n<meta property=\"og:description\" content=\"Transportadora paulista adquiriu um expressivo volume de novos \u00f4nibus para os servi\u00e7os de fretamento\" \/>\n<meta property=\"og:url\" content=\"https:\/\/revistaautobus.com.br\/?p=17425\" \/>\n<meta property=\"og:site_name\" content=\"Revista AutoBus\" \/>\n<meta property=\"article:publisher\" content=\"https:\/\/www.facebook.com\/antonio.ferro.3150\" \/>\n<meta property=\"article:published_time\" content=\"2025-12-12T12:51:14+00:00\" \/>\n<meta property=\"article:modified_time\" content=\"2025-12-12T12:55:07+00:00\" \/>\n<meta property=\"og:image\" content=\"https:\/\/revistaautobus.com.br\/wp-content\/uploads\/2025\/12\/ChatGPT-Image-11-de-dez.-de-2025-15_33_28.jpg\" \/>\n\t<meta property=\"og:image:width\" content=\"1000\" \/>\n\t<meta property=\"og:image:height\" content=\"666\" \/>\n\t<meta property=\"og:image:type\" content=\"image\/jpeg\" \/>\n<meta name=\"author\" content=\"Antonio Ferro\" \/>\n<meta name=\"twitter:card\" content=\"summary_large_image\" \/>\n<meta name=\"twitter:label1\" content=\"Escrito por\" \/>\n\t<meta name=\"twitter:data1\" content=\"Antonio Ferro\" \/>\n\t<meta name=\"twitter:label2\" content=\"Est. tempo de leitura\" \/>\n\t<meta name=\"twitter:data2\" content=\"3 minutos\" \/>\n<script type=\"application\/ld+json\" class=\"yoast-schema-graph\">{\"@context\":\"https:\/\/schema.org\",\"@graph\":[{\"@type\":\"Article\",\"@id\":\"https:\/\/revistaautobus.com.br\/?p=17425#article\",\"isPartOf\":{\"@id\":\"https:\/\/revistaautobus.com.br\/?p=17425\"},\"author\":{\"name\":\"Antonio Ferro\",\"@id\":\"https:\/\/revistaautobus.com.br\/#\/schema\/person\/54af7c3eb83a310e42ef686ef6d16f50\"},\"headline\":\"Fretamento em alta com Busscar e Piracicabana\",\"datePublished\":\"2025-12-12T12:51:14+00:00\",\"dateModified\":\"2025-12-12T12:55:07+00:00\",\"mainEntityOfPage\":{\"@id\":\"https:\/\/revistaautobus.com.br\/?p=17425\"},\"wordCount\":434,\"commentCount\":0,\"publisher\":{\"@id\":\"https:\/\/revistaautobus.com.br\/#organization\"},\"image\":{\"@id\":\"https:\/\/revistaautobus.com.br\/?p=17425#primaryimage\"},\"thumbnailUrl\":\"https:\/\/revistaautobus.com.br\/wp-content\/uploads\/2025\/12\/ChatGPT-Image-11-de-dez.-de-2025-15_33_28.jpg\",\"keywords\":[\"Busscar\"],\"articleSection\":[\"Encarro\u00e7adora\",\"Notas\",\"Not\u00edcias\"],\"inLanguage\":\"pt-BR\",\"potentialAction\":[{\"@type\":\"CommentAction\",\"name\":\"Comment\",\"target\":[\"https:\/\/revistaautobus.com.br\/?p=17425#respond\"]}]},{\"@type\":\"WebPage\",\"@id\":\"https:\/\/revistaautobus.com.br\/?p=17425\",\"url\":\"https:\/\/revistaautobus.com.br\/?p=17425\",\"name\":\"Fretamento em alta com Busscar e Piracicabana - Revista AutoBus\",\"isPartOf\":{\"@id\":\"https:\/\/revistaautobus.com.br\/#website\"},\"primaryImageOfPage\":{\"@id\":\"https:\/\/revistaautobus.com.br\/?p=17425#primaryimage\"},\"image\":{\"@id\":\"https:\/\/revistaautobus.com.br\/?p=17425#primaryimage\"},\"thumbnailUrl\":\"https:\/\/revistaautobus.com.br\/wp-content\/uploads\/2025\/12\/ChatGPT-Image-11-de-dez.-de-2025-15_33_28.jpg\",\"datePublished\":\"2025-12-12T12:51:14+00:00\",\"dateModified\":\"2025-12-12T12:55:07+00:00\",\"breadcrumb\":{\"@id\":\"https:\/\/revistaautobus.com.br\/?p=17425#breadcrumb\"},\"inLanguage\":\"pt-BR\",\"potentialAction\":[{\"@type\":\"ReadAction\",\"target\":[\"https:\/\/revistaautobus.com.br\/?p=17425\"]}]},{\"@type\":\"ImageObject\",\"inLanguage\":\"pt-BR\",\"@id\":\"https:\/\/revistaautobus.com.br\/?p=17425#primaryimage\",\"url\":\"https:\/\/revistaautobus.com.br\/wp-content\/uploads\/2025\/12\/ChatGPT-Image-11-de-dez.-de-2025-15_33_28.jpg\",\"contentUrl\":\"https:\/\/revistaautobus.com.br\/wp-content\/uploads\/2025\/12\/ChatGPT-Image-11-de-dez.-de-2025-15_33_28.jpg\",\"width\":1000,\"height\":666},{\"@type\":\"BreadcrumbList\",\"@id\":\"https:\/\/revistaautobus.com.br\/?p=17425#breadcrumb\",\"itemListElement\":[{\"@type\":\"ListItem\",\"position\":1,\"name\":\"In\u00edcio\",\"item\":\"https:\/\/revistaautobus.com.br\/\"},{\"@type\":\"ListItem\",\"position\":2,\"name\":\"Fretamento em alta com Busscar e Piracicabana\"}]},{\"@type\":\"WebSite\",\"@id\":\"https:\/\/revistaautobus.com.br\/#website\",\"url\":\"https:\/\/revistaautobus.com.br\/\",\"name\":\"Revista AutoBus\",\"description\":\"\",\"publisher\":{\"@id\":\"https:\/\/revistaautobus.com.br\/#organization\"},\"potentialAction\":[{\"@type\":\"SearchAction\",\"target\":{\"@type\":\"EntryPoint\",\"urlTemplate\":\"https:\/\/revistaautobus.com.br\/?s={search_term_string}\"},\"query-input\":{\"@type\":\"PropertyValueSpecification\",\"valueRequired\":true,\"valueName\":\"search_term_string\"}}],\"inLanguage\":\"pt-BR\"},{\"@type\":\"Organization\",\"@id\":\"https:\/\/revistaautobus.com.br\/#organization\",\"name\":\"Revista AutoBus\",\"url\":\"https:\/\/revistaautobus.com.br\/\",\"logo\":{\"@type\":\"ImageObject\",\"inLanguage\":\"pt-BR\",\"@id\":\"https:\/\/revistaautobus.com.br\/#\/schema\/logo\/image\/\",\"url\":\"https:\/\/revistaautobus.com.br\/wp-content\/uploads\/2024\/11\/logo_revista_autobus_fb.png\",\"contentUrl\":\"https:\/\/revistaautobus.com.br\/wp-content\/uploads\/2024\/11\/logo_revista_autobus_fb.png\",\"width\":836,\"height\":227,\"caption\":\"Revista AutoBus\"},\"image\":{\"@id\":\"https:\/\/revistaautobus.com.br\/#\/schema\/logo\/image\/\"},\"sameAs\":[\"https:\/\/www.facebook.com\/antonio.ferro.3150\",\"https:\/\/www.instagram.com\/revistaautobus\/\"]},{\"@type\":\"Person\",\"@id\":\"https:\/\/revistaautobus.com.br\/#\/schema\/person\/54af7c3eb83a310e42ef686ef6d16f50\",\"name\":\"Antonio Ferro\",\"image\":{\"@type\":\"ImageObject\",\"inLanguage\":\"pt-BR\",\"@id\":\"https:\/\/revistaautobus.com.br\/wp-content\/uploads\/2025\/12\/editor_antonio_ferro-150x150.jpg\",\"url\":\"https:\/\/revistaautobus.com.br\/wp-content\/uploads\/2025\/12\/editor_antonio_ferro-150x150.jpg\",\"contentUrl\":\"https:\/\/revistaautobus.com.br\/wp-content\/uploads\/2025\/12\/editor_antonio_ferro-150x150.jpg\",\"caption\":\"Antonio Ferro\"},\"description\":\"infobus@uol.com.br\",\"url\":\"https:\/\/revistaautobus.com.br\/?author=2\"}]}<\/script>\n<!-- \/ Yoast SEO plugin. -->","yoast_head_json":{"title":"Fretamento em alta com Busscar e Piracicabana - Revista AutoBus","robots":{"index":"index","follow":"follow","max-snippet":"max-snippet:-1","max-image-preview":"max-image-preview:large","max-video-preview":"max-video-preview:-1"},"canonical":"https:\/\/revistaautobus.com.br\/?p=17425","og_locale":"pt_BR","og_type":"article","og_title":"Fretamento em alta com Busscar e Piracicabana - Revista AutoBus","og_description":"Transportadora paulista adquiriu um expressivo volume de novos \u00f4nibus para os servi\u00e7os de fretamento","og_url":"https:\/\/revistaautobus.com.br\/?p=17425","og_site_name":"Revista AutoBus","article_publisher":"https:\/\/www.facebook.com\/antonio.ferro.3150","article_published_time":"2025-12-12T12:51:14+00:00","article_modified_time":"2025-12-12T12:55:07+00:00","og_image":[{"width":1000,"height":666,"url":"https:\/\/revistaautobus.com.br\/wp-content\/uploads\/2025\/12\/ChatGPT-Image-11-de-dez.-de-2025-15_33_28.jpg","type":"image\/jpeg"}],"author":"Antonio Ferro","twitter_card":"summary_large_image","twitter_misc":{"Escrito por":"Antonio Ferro","Est. tempo de leitura":"3 minutos"},"schema":{"@context":"https:\/\/schema.org","@graph":[{"@type":"Article","@id":"https:\/\/revistaautobus.com.br\/?p=17425#article","isPartOf":{"@id":"https:\/\/revistaautobus.com.br\/?p=17425"},"author":{"name":"Antonio Ferro","@id":"https:\/\/revistaautobus.com.br\/#\/schema\/person\/54af7c3eb83a310e42ef686ef6d16f50"},"headline":"Fretamento em alta com Busscar e Piracicabana","datePublished":"2025-12-12T12:51:14+00:00","dateModified":"2025-12-12T12:55:07+00:00","mainEntityOfPage":{"@id":"https:\/\/revistaautobus.com.br\/?p=17425"},"wordCount":434,"commentCount":0,"publisher":{"@id":"https:\/\/revistaautobus.com.br\/#organization"},"image":{"@id":"https:\/\/revistaautobus.com.br\/?p=17425#primaryimage"},"thumbnailUrl":"https:\/\/revistaautobus.com.br\/wp-content\/uploads\/2025\/12\/ChatGPT-Image-11-de-dez.-de-2025-15_33_28.jpg","keywords":["Busscar"],"articleSection":["Encarro\u00e7adora","Notas","Not\u00edcias"],"inLanguage":"pt-BR","potentialAction":[{"@type":"CommentAction","name":"Comment","target":["https:\/\/revistaautobus.com.br\/?p=17425#respond"]}]},{"@type":"WebPage","@id":"https:\/\/revistaautobus.com.br\/?p=17425","url":"https:\/\/revistaautobus.com.br\/?p=17425","name":"Fretamento em alta com Busscar e Piracicabana - Revista AutoBus","isPartOf":{"@id":"https:\/\/revistaautobus.com.br\/#website"},"primaryImageOfPage":{"@id":"https:\/\/revistaautobus.com.br\/?p=17425#primaryimage"},"image":{"@id":"https:\/\/revistaautobus.com.br\/?p=17425#primaryimage"},"thumbnailUrl":"https:\/\/revistaautobus.com.br\/wp-content\/uploads\/2025\/12\/ChatGPT-Image-11-de-dez.-de-2025-15_33_28.jpg","datePublished":"2025-12-12T12:51:14+00:00","dateModified":"2025-12-12T12:55:07+00:00","breadcrumb":{"@id":"https:\/\/revistaautobus.com.br\/?p=17425#breadcrumb"},"inLanguage":"pt-BR","potentialAction":[{"@type":"ReadAction","target":["https:\/\/revistaautobus.com.br\/?p=17425"]}]},{"@type":"ImageObject","inLanguage":"pt-BR","@id":"https:\/\/revistaautobus.com.br\/?p=17425#primaryimage","url":"https:\/\/revistaautobus.com.br\/wp-content\/uploads\/2025\/12\/ChatGPT-Image-11-de-dez.-de-2025-15_33_28.jpg","contentUrl":"https:\/\/revistaautobus.com.br\/wp-content\/uploads\/2025\/12\/ChatGPT-Image-11-de-dez.-de-2025-15_33_28.jpg","width":1000,"height":666},{"@type":"BreadcrumbList","@id":"https:\/\/revistaautobus.com.br\/?p=17425#breadcrumb","itemListElement":[{"@type":"ListItem","position":1,"name":"In\u00edcio","item":"https:\/\/revistaautobus.com.br\/"},{"@type":"ListItem","position":2,"name":"Fretamento em alta com Busscar e Piracicabana"}]},{"@type":"WebSite","@id":"https:\/\/revistaautobus.com.br\/#website","url":"https:\/\/revistaautobus.com.br\/","name":"Revista AutoBus","description":"","publisher":{"@id":"https:\/\/revistaautobus.com.br\/#organization"},"potentialAction":[{"@type":"SearchAction","target":{"@type":"EntryPoint","urlTemplate":"https:\/\/revistaautobus.com.br\/?s={search_term_string}"},"query-input":{"@type":"PropertyValueSpecification","valueRequired":true,"valueName":"search_term_string"}}],"inLanguage":"pt-BR"},{"@type":"Organization","@id":"https:\/\/revistaautobus.com.br\/#organization","name":"Revista AutoBus","url":"https:\/\/revistaautobus.com.br\/","logo":{"@type":"ImageObject","inLanguage":"pt-BR","@id":"https:\/\/revistaautobus.com.br\/#\/schema\/logo\/image\/","url":"https:\/\/revistaautobus.com.br\/wp-content\/uploads\/2024\/11\/logo_revista_autobus_fb.png","contentUrl":"https:\/\/revistaautobus.com.br\/wp-content\/uploads\/2024\/11\/logo_revista_autobus_fb.png","width":836,"height":227,"caption":"Revista AutoBus"},"image":{"@id":"https:\/\/revistaautobus.com.br\/#\/schema\/logo\/image\/"},"sameAs":["https:\/\/www.facebook.com\/antonio.ferro.3150","https:\/\/www.instagram.com\/revistaautobus\/"]},{"@type":"Person","@id":"https:\/\/revistaautobus.com.br\/#\/schema\/person\/54af7c3eb83a310e42ef686ef6d16f50","name":"Antonio Ferro","image":{"@type":"ImageObject","inLanguage":"pt-BR","@id":"https:\/\/revistaautobus.com.br\/wp-content\/uploads\/2025\/12\/editor_antonio_ferro-150x150.jpg","url":"https:\/\/revistaautobus.com.br\/wp-content\/uploads\/2025\/12\/editor_antonio_ferro-150x150.jpg","contentUrl":"https:\/\/revistaautobus.com.br\/wp-content\/uploads\/2025\/12\/editor_antonio_ferro-150x150.jpg","caption":"Antonio Ferro"},"description":"infobus@uol.com.br","url":"https:\/\/revistaautobus.com.br\/?author=2"}]}},"jetpack_featured_media_url":"https:\/\/revistaautobus.com.br\/wp-content\/uploads\/2025\/12\/ChatGPT-Image-11-de-dez.-de-2025-15_33_28.jpg","jetpack_sharing_enabled":true,"_links":{"self":[{"href":"https:\/\/revistaautobus.com.br\/index.php?rest_route=\/wp\/v2\/posts\/17425","targetHints":{"allow":["GET"]}}],"collection":[{"href":"https:\/\/revistaautobus.com.br\/index.php?rest_route=\/wp\/v2\/posts"}],"about":[{"href":"https:\/\/revistaautobus.com.br\/index.php?rest_route=\/wp\/v2\/types\/post"}],"author":[{"embeddable":true,"href":"https:\/\/revistaautobus.com.br\/index.php?rest_route=\/wp\/v2\/users\/2"}],"replies":[{"embeddable":true,"href":"https:\/\/revistaautobus.com.br\/index.php?rest_route=%2Fwp%2Fv2%2Fcomments&post=17425"}],"version-history":[{"count":1,"href":"https:\/\/revistaautobus.com.br\/index.php?rest_route=\/wp\/v2\/posts\/17425\/revisions"}],"predecessor-version":[{"id":17427,"href":"https:\/\/revistaautobus.com.br\/index.php?rest_route=\/wp\/v2\/posts\/17425\/revisions\/17427"}],"wp:featuredmedia":[{"embeddable":true,"href":"https:\/\/revistaautobus.com.br\/index.php?rest_route=\/wp\/v2\/media\/17429"}],"wp:attachment":[{"href":"https:\/\/revistaautobus.com.br\/index.php?rest_route=%2Fwp%2Fv2%2Fmedia&parent=17425"}],"wp:term":[{"taxonomy":"category","embeddable":true,"href":"https:\/\/revistaautobus.com.br\/index.php?rest_route=%2Fwp%2Fv2%2Fcategories&post=17425"},{"taxonomy":"post_tag","embeddable":true,"href":"https:\/\/revistaautobus.com.br\/index.php?rest_route=%2Fwp%2Fv2%2Ftags&post=17425"}],"curies":[{"name":"wp","href":"https:\/\/api.w.org\/{rel}","templated":true}]}}