{"id":1743,"date":"2019-06-10T07:00:00","date_gmt":"2019-06-10T10:00:00","guid":{"rendered":"https:\/\/vila8.com.br\/clientes\/autobus\/?p=1743"},"modified":"2021-06-23T18:43:58","modified_gmt":"2021-06-23T21:43:58","slug":"aguia-branca-com-nova-sala-vip","status":"publish","type":"post","link":"https:\/\/revistaautobus.com.br\/?p=1743","title":{"rendered":"\u00c1guia Branca com nova sala Vip"},"content":{"rendered":"\n<p>A Via\u00e7\u00e3o \u00c1guia Branca inaugurou mais uma sala vip. Agora o Terminal Rodovi\u00e1rio do Tiet\u00ea, em S\u00e3o Paulo, conta com mais essa estrutura para melhor atender seus clientes. Com aproximadamente 125 metros quadrados, a sala conta com 80 poltronas com tomadas individuais, mesas de co-working, conex\u00e3o de internet via Wi-Fi, ar-condicionado, caf\u00e9, \u00e1gua e espa\u00e7o kids, tudo para que os passageiros possam aguardar o embarque com conforto e comodidade.<\/p>\n\n\n\n<p>De acordo com a operadora, o espa\u00e7o amplo e agrad\u00e1vel instalado dentro do terminal paulista d\u00e1 continuidade \u00e0s suas iniciativas no sentido de proporcionar bem-estar e qualidade de vida \u00e0queles que se relacionam de alguma forma com ela, possuidora do selo La\u00e7o Amarelo, concedido pelo Observat\u00f3rio Nacional de Seguran\u00e7a Vi\u00e1ria as empresas que trabalham em prol da seguran\u00e7a vi\u00e1ria. Um dos principais programas nessa \u00e1rea \u00e9 o Medicina do Sono, que h\u00e1 quase 20 anos, busca ressaltar a import\u00e2ncia do sono para a sa\u00fade, a qualidade de vida e o bem-estar f\u00edsico e emocional dos motoristas da empresa.<\/p>\n\n\n\n<figure class=\"wp-block-image\"><img decoding=\"async\" src=\"https:\/\/www.revistaautobus.com.br\/uploads\/images\/2019\/06\/383-1560171715.jpg\" alt=\"\u00c1guia Branca com nova sala Vip\" title=\"\u00c1guia Branca com nova sala Vip\"\/><\/figure>\n\n\n\n<p>Tal programa realiza um acompanhamento especializado, estimula h\u00e1bitos saud\u00e1veis, oferece a\u00e7\u00f5es e estruturas adequadas na empresa, al\u00e9m de promover o tratamento de poss\u00edveis fatores prejudiciais a um sono reparador e ao descanso revigorante \u00e0s exig\u00eancias da profiss\u00e3o. Atualmente, todos os 1.200 motoristas participam do Programa. Antes de qualquer viagem, os motoristas realizam o teste do baf\u00f4metro e o teste de vig\u00edlia que mostra o qu\u00e3o atento eles est\u00e3o para dirigir e passam por uma entrevista individual. Dependendo do resultado, um motorista de plant\u00e3o assume a viagem. Qualquer interfer\u00eancia no comportamento ou na sa\u00fade dos profissionais \u00e9 motivo de aten\u00e7\u00e3o e cuidado.<\/p>\n\n\n\n<p>Ainda, segundo a transportadora, nas paradas dos percursos noturnos, ela conta com 12 salas de estimula\u00e7\u00e3o do alerta, distribu\u00eddas nos nove estados de atua\u00e7\u00e3o, onde os motoristas fazem alongamentos, bicicleta ergon\u00f4mica e um lanche balanceado, tudo isso em cerca de 20 minutos. Nesses espa\u00e7os, a ilumina\u00e7\u00e3o \u00e9 especial (5.000 lux), e auxilia na preven\u00e7\u00e3o da sonol\u00eancia noturna, inibindo a produ\u00e7\u00e3o do horm\u00f4nio regulador do sono, a melatonina.<\/p>\n\n\n\n<p>A \u00c1guia Branca possui 800 \u00f4nibus, 2.600 empregados diretos e indiretos, opera 347 linhas em nove estados, com mais de 700 destinos e transporta 10 milh\u00f5es de passageiros por ano.<\/p>\n\n\n\n<p>Imagens &#8211; Divulga\u00e7\u00e3o<\/p>\n","protected":false},"excerpt":{"rendered":"<p>Com aproximadamente 125 metros quadrados, a sala conta com 80 poltronas com tomadas individuais, mesas de co-working, conex\u00e3o de internet via Wi-Fi<\/p>\n","protected":false},"author":2,"featured_media":1744,"comment_status":"open","ping_status":"open","sticky":false,"template":"","format":"standard","meta":{"_et_pb_use_builder":"off","_et_pb_old_content":"","_et_gb_content_width":"","_jetpack_memberships_contains_paid_content":false,"footnotes":""},"categories":[90],"tags":[],"class_list":["post-1743","post","type-post","status-publish","format-standard","has-post-thumbnail","hentry","category-noticias","et-has-post-format-content","et_post_format-et-post-format-standard"],"yoast_head":"<!-- This site is optimized with the Yoast SEO plugin v27.2 - https:\/\/yoast.com\/product\/yoast-seo-wordpress\/ -->\n<title>\u00c1guia Branca com nova sala Vip - Revista AutoBus<\/title>\n<meta name=\"robots\" content=\"index, follow, max-snippet:-1, max-image-preview:large, max-video-preview:-1\" \/>\n<link rel=\"canonical\" href=\"https:\/\/revistaautobus.com.br\/?p=1743\" \/>\n<meta property=\"og:locale\" content=\"pt_BR\" \/>\n<meta property=\"og:type\" content=\"article\" \/>\n<meta property=\"og:title\" content=\"\u00c1guia Branca com nova sala Vip - Revista AutoBus\" \/>\n<meta property=\"og:description\" content=\"Com aproximadamente 125 metros quadrados, a sala conta com 80 poltronas com tomadas individuais, mesas de co-working, conex\u00e3o de internet via Wi-Fi\" \/>\n<meta property=\"og:url\" content=\"https:\/\/revistaautobus.com.br\/?p=1743\" \/>\n<meta property=\"og:site_name\" content=\"Revista AutoBus\" \/>\n<meta property=\"article:publisher\" content=\"https:\/\/www.facebook.com\/antonio.ferro.3150\" \/>\n<meta property=\"article:published_time\" content=\"2019-06-10T10:00:00+00:00\" \/>\n<meta property=\"article:modified_time\" content=\"2021-06-23T21:43:58+00:00\" \/>\n<meta property=\"og:image\" content=\"https:\/\/revistaautobus.com.br\/wp-content\/uploads\/2021\/06\/aguia-branca-com-nova-sala-vip-1560171691.jpeg\" \/>\n\t<meta property=\"og:image:width\" content=\"1200\" \/>\n\t<meta property=\"og:image:height\" content=\"794\" \/>\n\t<meta property=\"og:image:type\" content=\"image\/jpeg\" \/>\n<meta name=\"author\" content=\"Antonio Ferro\" \/>\n<meta name=\"twitter:card\" content=\"summary_large_image\" \/>\n<meta name=\"twitter:label1\" content=\"Escrito por\" \/>\n\t<meta name=\"twitter:data1\" content=\"Antonio Ferro\" \/>\n\t<meta name=\"twitter:label2\" content=\"Est. tempo de leitura\" \/>\n\t<meta name=\"twitter:data2\" content=\"2 minutos\" \/>\n<script type=\"application\/ld+json\" class=\"yoast-schema-graph\">{\"@context\":\"https:\/\/schema.org\",\"@graph\":[{\"@type\":\"Article\",\"@id\":\"https:\/\/revistaautobus.com.br\/?p=1743#article\",\"isPartOf\":{\"@id\":\"https:\/\/revistaautobus.com.br\/?p=1743\"},\"author\":{\"name\":\"Antonio Ferro\",\"@id\":\"https:\/\/revistaautobus.com.br\/#\/schema\/person\/54af7c3eb83a310e42ef686ef6d16f50\"},\"headline\":\"\u00c1guia Branca com nova sala Vip\",\"datePublished\":\"2019-06-10T10:00:00+00:00\",\"dateModified\":\"2021-06-23T21:43:58+00:00\",\"mainEntityOfPage\":{\"@id\":\"https:\/\/revistaautobus.com.br\/?p=1743\"},\"wordCount\":402,\"commentCount\":0,\"publisher\":{\"@id\":\"https:\/\/revistaautobus.com.br\/#organization\"},\"image\":{\"@id\":\"https:\/\/revistaautobus.com.br\/?p=1743#primaryimage\"},\"thumbnailUrl\":\"https:\/\/revistaautobus.com.br\/wp-content\/uploads\/2021\/06\/aguia-branca-com-nova-sala-vip-1560171691.jpeg\",\"articleSection\":[\"Not\u00edcias\"],\"inLanguage\":\"pt-BR\",\"potentialAction\":[{\"@type\":\"CommentAction\",\"name\":\"Comment\",\"target\":[\"https:\/\/revistaautobus.com.br\/?p=1743#respond\"]}]},{\"@type\":\"WebPage\",\"@id\":\"https:\/\/revistaautobus.com.br\/?p=1743\",\"url\":\"https:\/\/revistaautobus.com.br\/?p=1743\",\"name\":\"\u00c1guia Branca com nova sala Vip - Revista AutoBus\",\"isPartOf\":{\"@id\":\"https:\/\/revistaautobus.com.br\/#website\"},\"primaryImageOfPage\":{\"@id\":\"https:\/\/revistaautobus.com.br\/?p=1743#primaryimage\"},\"image\":{\"@id\":\"https:\/\/revistaautobus.com.br\/?p=1743#primaryimage\"},\"thumbnailUrl\":\"https:\/\/revistaautobus.com.br\/wp-content\/uploads\/2021\/06\/aguia-branca-com-nova-sala-vip-1560171691.jpeg\",\"datePublished\":\"2019-06-10T10:00:00+00:00\",\"dateModified\":\"2021-06-23T21:43:58+00:00\",\"breadcrumb\":{\"@id\":\"https:\/\/revistaautobus.com.br\/?p=1743#breadcrumb\"},\"inLanguage\":\"pt-BR\",\"potentialAction\":[{\"@type\":\"ReadAction\",\"target\":[\"https:\/\/revistaautobus.com.br\/?p=1743\"]}]},{\"@type\":\"ImageObject\",\"inLanguage\":\"pt-BR\",\"@id\":\"https:\/\/revistaautobus.com.br\/?p=1743#primaryimage\",\"url\":\"https:\/\/revistaautobus.com.br\/wp-content\/uploads\/2021\/06\/aguia-branca-com-nova-sala-vip-1560171691.jpeg\",\"contentUrl\":\"https:\/\/revistaautobus.com.br\/wp-content\/uploads\/2021\/06\/aguia-branca-com-nova-sala-vip-1560171691.jpeg\",\"width\":1200,\"height\":794},{\"@type\":\"BreadcrumbList\",\"@id\":\"https:\/\/revistaautobus.com.br\/?p=1743#breadcrumb\",\"itemListElement\":[{\"@type\":\"ListItem\",\"position\":1,\"name\":\"In\u00edcio\",\"item\":\"https:\/\/revistaautobus.com.br\/\"},{\"@type\":\"ListItem\",\"position\":2,\"name\":\"\u00c1guia Branca com nova sala Vip\"}]},{\"@type\":\"WebSite\",\"@id\":\"https:\/\/revistaautobus.com.br\/#website\",\"url\":\"https:\/\/revistaautobus.com.br\/\",\"name\":\"Revista AutoBus\",\"description\":\"\",\"publisher\":{\"@id\":\"https:\/\/revistaautobus.com.br\/#organization\"},\"potentialAction\":[{\"@type\":\"SearchAction\",\"target\":{\"@type\":\"EntryPoint\",\"urlTemplate\":\"https:\/\/revistaautobus.com.br\/?s={search_term_string}\"},\"query-input\":{\"@type\":\"PropertyValueSpecification\",\"valueRequired\":true,\"valueName\":\"search_term_string\"}}],\"inLanguage\":\"pt-BR\"},{\"@type\":\"Organization\",\"@id\":\"https:\/\/revistaautobus.com.br\/#organization\",\"name\":\"Revista AutoBus\",\"url\":\"https:\/\/revistaautobus.com.br\/\",\"logo\":{\"@type\":\"ImageObject\",\"inLanguage\":\"pt-BR\",\"@id\":\"https:\/\/revistaautobus.com.br\/#\/schema\/logo\/image\/\",\"url\":\"https:\/\/revistaautobus.com.br\/wp-content\/uploads\/2024\/11\/logo_revista_autobus_fb.png\",\"contentUrl\":\"https:\/\/revistaautobus.com.br\/wp-content\/uploads\/2024\/11\/logo_revista_autobus_fb.png\",\"width\":836,\"height\":227,\"caption\":\"Revista AutoBus\"},\"image\":{\"@id\":\"https:\/\/revistaautobus.com.br\/#\/schema\/logo\/image\/\"},\"sameAs\":[\"https:\/\/www.facebook.com\/antonio.ferro.3150\",\"https:\/\/www.instagram.com\/revistaautobus\/\"]},{\"@type\":\"Person\",\"@id\":\"https:\/\/revistaautobus.com.br\/#\/schema\/person\/54af7c3eb83a310e42ef686ef6d16f50\",\"name\":\"Antonio Ferro\",\"image\":{\"@type\":\"ImageObject\",\"inLanguage\":\"pt-BR\",\"@id\":\"https:\/\/revistaautobus.com.br\/wp-content\/uploads\/2025\/12\/editor_antonio_ferro-150x150.jpg\",\"url\":\"https:\/\/revistaautobus.com.br\/wp-content\/uploads\/2025\/12\/editor_antonio_ferro-150x150.jpg\",\"contentUrl\":\"https:\/\/revistaautobus.com.br\/wp-content\/uploads\/2025\/12\/editor_antonio_ferro-150x150.jpg\",\"caption\":\"Antonio Ferro\"},\"description\":\"infobus@uol.com.br\",\"url\":\"https:\/\/revistaautobus.com.br\/?author=2\"}]}<\/script>\n<!-- \/ Yoast SEO plugin. -->","yoast_head_json":{"title":"\u00c1guia Branca com nova sala Vip - Revista AutoBus","robots":{"index":"index","follow":"follow","max-snippet":"max-snippet:-1","max-image-preview":"max-image-preview:large","max-video-preview":"max-video-preview:-1"},"canonical":"https:\/\/revistaautobus.com.br\/?p=1743","og_locale":"pt_BR","og_type":"article","og_title":"\u00c1guia Branca com nova sala Vip - Revista AutoBus","og_description":"Com aproximadamente 125 metros quadrados, a sala conta com 80 poltronas com tomadas individuais, mesas de co-working, conex\u00e3o de internet via Wi-Fi","og_url":"https:\/\/revistaautobus.com.br\/?p=1743","og_site_name":"Revista AutoBus","article_publisher":"https:\/\/www.facebook.com\/antonio.ferro.3150","article_published_time":"2019-06-10T10:00:00+00:00","article_modified_time":"2021-06-23T21:43:58+00:00","og_image":[{"width":1200,"height":794,"url":"https:\/\/revistaautobus.com.br\/wp-content\/uploads\/2021\/06\/aguia-branca-com-nova-sala-vip-1560171691.jpeg","type":"image\/jpeg"}],"author":"Antonio Ferro","twitter_card":"summary_large_image","twitter_misc":{"Escrito por":"Antonio Ferro","Est. tempo de leitura":"2 minutos"},"schema":{"@context":"https:\/\/schema.org","@graph":[{"@type":"Article","@id":"https:\/\/revistaautobus.com.br\/?p=1743#article","isPartOf":{"@id":"https:\/\/revistaautobus.com.br\/?p=1743"},"author":{"name":"Antonio Ferro","@id":"https:\/\/revistaautobus.com.br\/#\/schema\/person\/54af7c3eb83a310e42ef686ef6d16f50"},"headline":"\u00c1guia Branca com nova sala Vip","datePublished":"2019-06-10T10:00:00+00:00","dateModified":"2021-06-23T21:43:58+00:00","mainEntityOfPage":{"@id":"https:\/\/revistaautobus.com.br\/?p=1743"},"wordCount":402,"commentCount":0,"publisher":{"@id":"https:\/\/revistaautobus.com.br\/#organization"},"image":{"@id":"https:\/\/revistaautobus.com.br\/?p=1743#primaryimage"},"thumbnailUrl":"https:\/\/revistaautobus.com.br\/wp-content\/uploads\/2021\/06\/aguia-branca-com-nova-sala-vip-1560171691.jpeg","articleSection":["Not\u00edcias"],"inLanguage":"pt-BR","potentialAction":[{"@type":"CommentAction","name":"Comment","target":["https:\/\/revistaautobus.com.br\/?p=1743#respond"]}]},{"@type":"WebPage","@id":"https:\/\/revistaautobus.com.br\/?p=1743","url":"https:\/\/revistaautobus.com.br\/?p=1743","name":"\u00c1guia Branca com nova sala Vip - Revista AutoBus","isPartOf":{"@id":"https:\/\/revistaautobus.com.br\/#website"},"primaryImageOfPage":{"@id":"https:\/\/revistaautobus.com.br\/?p=1743#primaryimage"},"image":{"@id":"https:\/\/revistaautobus.com.br\/?p=1743#primaryimage"},"thumbnailUrl":"https:\/\/revistaautobus.com.br\/wp-content\/uploads\/2021\/06\/aguia-branca-com-nova-sala-vip-1560171691.jpeg","datePublished":"2019-06-10T10:00:00+00:00","dateModified":"2021-06-23T21:43:58+00:00","breadcrumb":{"@id":"https:\/\/revistaautobus.com.br\/?p=1743#breadcrumb"},"inLanguage":"pt-BR","potentialAction":[{"@type":"ReadAction","target":["https:\/\/revistaautobus.com.br\/?p=1743"]}]},{"@type":"ImageObject","inLanguage":"pt-BR","@id":"https:\/\/revistaautobus.com.br\/?p=1743#primaryimage","url":"https:\/\/revistaautobus.com.br\/wp-content\/uploads\/2021\/06\/aguia-branca-com-nova-sala-vip-1560171691.jpeg","contentUrl":"https:\/\/revistaautobus.com.br\/wp-content\/uploads\/2021\/06\/aguia-branca-com-nova-sala-vip-1560171691.jpeg","width":1200,"height":794},{"@type":"BreadcrumbList","@id":"https:\/\/revistaautobus.com.br\/?p=1743#breadcrumb","itemListElement":[{"@type":"ListItem","position":1,"name":"In\u00edcio","item":"https:\/\/revistaautobus.com.br\/"},{"@type":"ListItem","position":2,"name":"\u00c1guia Branca com nova sala Vip"}]},{"@type":"WebSite","@id":"https:\/\/revistaautobus.com.br\/#website","url":"https:\/\/revistaautobus.com.br\/","name":"Revista AutoBus","description":"","publisher":{"@id":"https:\/\/revistaautobus.com.br\/#organization"},"potentialAction":[{"@type":"SearchAction","target":{"@type":"EntryPoint","urlTemplate":"https:\/\/revistaautobus.com.br\/?s={search_term_string}"},"query-input":{"@type":"PropertyValueSpecification","valueRequired":true,"valueName":"search_term_string"}}],"inLanguage":"pt-BR"},{"@type":"Organization","@id":"https:\/\/revistaautobus.com.br\/#organization","name":"Revista AutoBus","url":"https:\/\/revistaautobus.com.br\/","logo":{"@type":"ImageObject","inLanguage":"pt-BR","@id":"https:\/\/revistaautobus.com.br\/#\/schema\/logo\/image\/","url":"https:\/\/revistaautobus.com.br\/wp-content\/uploads\/2024\/11\/logo_revista_autobus_fb.png","contentUrl":"https:\/\/revistaautobus.com.br\/wp-content\/uploads\/2024\/11\/logo_revista_autobus_fb.png","width":836,"height":227,"caption":"Revista AutoBus"},"image":{"@id":"https:\/\/revistaautobus.com.br\/#\/schema\/logo\/image\/"},"sameAs":["https:\/\/www.facebook.com\/antonio.ferro.3150","https:\/\/www.instagram.com\/revistaautobus\/"]},{"@type":"Person","@id":"https:\/\/revistaautobus.com.br\/#\/schema\/person\/54af7c3eb83a310e42ef686ef6d16f50","name":"Antonio Ferro","image":{"@type":"ImageObject","inLanguage":"pt-BR","@id":"https:\/\/revistaautobus.com.br\/wp-content\/uploads\/2025\/12\/editor_antonio_ferro-150x150.jpg","url":"https:\/\/revistaautobus.com.br\/wp-content\/uploads\/2025\/12\/editor_antonio_ferro-150x150.jpg","contentUrl":"https:\/\/revistaautobus.com.br\/wp-content\/uploads\/2025\/12\/editor_antonio_ferro-150x150.jpg","caption":"Antonio Ferro"},"description":"infobus@uol.com.br","url":"https:\/\/revistaautobus.com.br\/?author=2"}]}},"jetpack_featured_media_url":"https:\/\/revistaautobus.com.br\/wp-content\/uploads\/2021\/06\/aguia-branca-com-nova-sala-vip-1560171691.jpeg","jetpack_sharing_enabled":true,"_links":{"self":[{"href":"https:\/\/revistaautobus.com.br\/index.php?rest_route=\/wp\/v2\/posts\/1743","targetHints":{"allow":["GET"]}}],"collection":[{"href":"https:\/\/revistaautobus.com.br\/index.php?rest_route=\/wp\/v2\/posts"}],"about":[{"href":"https:\/\/revistaautobus.com.br\/index.php?rest_route=\/wp\/v2\/types\/post"}],"author":[{"embeddable":true,"href":"https:\/\/revistaautobus.com.br\/index.php?rest_route=\/wp\/v2\/users\/2"}],"replies":[{"embeddable":true,"href":"https:\/\/revistaautobus.com.br\/index.php?rest_route=%2Fwp%2Fv2%2Fcomments&post=1743"}],"version-history":[{"count":1,"href":"https:\/\/revistaautobus.com.br\/index.php?rest_route=\/wp\/v2\/posts\/1743\/revisions"}],"predecessor-version":[{"id":1745,"href":"https:\/\/revistaautobus.com.br\/index.php?rest_route=\/wp\/v2\/posts\/1743\/revisions\/1745"}],"wp:featuredmedia":[{"embeddable":true,"href":"https:\/\/revistaautobus.com.br\/index.php?rest_route=\/wp\/v2\/media\/1744"}],"wp:attachment":[{"href":"https:\/\/revistaautobus.com.br\/index.php?rest_route=%2Fwp%2Fv2%2Fmedia&parent=1743"}],"wp:term":[{"taxonomy":"category","embeddable":true,"href":"https:\/\/revistaautobus.com.br\/index.php?rest_route=%2Fwp%2Fv2%2Fcategories&post=1743"},{"taxonomy":"post_tag","embeddable":true,"href":"https:\/\/revistaautobus.com.br\/index.php?rest_route=%2Fwp%2Fv2%2Ftags&post=1743"}],"curies":[{"name":"wp","href":"https:\/\/api.w.org\/{rel}","templated":true}]}}