{"id":17431,"date":"2025-12-15T10:11:02","date_gmt":"2025-12-15T13:11:02","guid":{"rendered":"https:\/\/revistaautobus.com.br\/?p=17431"},"modified":"2025-12-15T10:11:25","modified_gmt":"2025-12-15T13:11:25","slug":"nas-minas-chilenas-os-onibus-marcopolo","status":"publish","type":"post","link":"https:\/\/revistaautobus.com.br\/?p=17431","title":{"rendered":"Nas minas chilenas, os \u00f4nibus Marcopolo"},"content":{"rendered":"<p>O segmento de explora\u00e7\u00e3o de cobre no Chile \u00e9 um dos pilares de sustenta\u00e7\u00e3o econ\u00f4mica daquele pa\u00eds. As minas que existem por l\u00e1 exigem uma log\u00edstica planejada dentro dos conceitos da seguran\u00e7a e dos bons servi\u00e7os prestados. E, quanto ao transporte dos trabalhadores mineiros, o uso de \u00f4nibus tem sua import\u00e2ncia, com ve\u00edculos brasileiros que oferecem conforto e viagens seguras.<\/p>\n<p>Recentemente, a Marcopolo forneceu ao seu cliente chileno, Link Service, 39 novos \u00f4nibus com carro\u00e7arias Viaggio 900 sobre chassis Mercedes-Benz O500 RS \u201cel mas potente\u201d. De acordo com a fabricante ga\u00facha, os ve\u00edculos t\u00eam 12,85 metros de comprimento e 48 poltronas Executiva, com sensor de presen\u00e7a e sensor de afivelamento do cinto de seguran\u00e7a. Eles, ainda, trazem sistema de ar-condicionado desenvolvido especialmente para a aplica\u00e7\u00e3o e instalado na parte inferior para atender ao limite de altura dos tuneis.<\/p>\n<p>Al\u00e9m disso, a carro\u00e7aria Viaggio conta com estrutura e revestimentos externos de a\u00e7o inoxid\u00e1vel, sendo refor\u00e7ados para resist\u00eancia aos agressivos agentes qu\u00edmicos presentes nas estradas internas da mineradora, al\u00e9m de aplica\u00e7\u00e3o de poliureia (membrana el\u00e1stica imperme\u00e1vel que tem alta resist\u00eancia qu\u00edmica e mec\u00e2nica) em partes especificas.<\/p>\n<div id=\"attachment_17433\" style=\"width: 1010px\" class=\"wp-caption aligncenter\"><img loading=\"lazy\" decoding=\"async\" aria-describedby=\"caption-attachment-17433\" class=\"wp-image-17433 size-full\" src=\"https:\/\/revistaautobus.com.br\/wp-content\/uploads\/2025\/12\/11122025-Marcopolo_Chile_Link-Service_Interior.jpg\" alt=\"\" width=\"1000\" height=\"666\" srcset=\"https:\/\/revistaautobus.com.br\/wp-content\/uploads\/2025\/12\/11122025-Marcopolo_Chile_Link-Service_Interior.jpg 1000w, https:\/\/revistaautobus.com.br\/wp-content\/uploads\/2025\/12\/11122025-Marcopolo_Chile_Link-Service_Interior-300x200.jpg 300w, https:\/\/revistaautobus.com.br\/wp-content\/uploads\/2025\/12\/11122025-Marcopolo_Chile_Link-Service_Interior-768x511.jpg 768w\" sizes=\"(max-width: 1000px) 100vw, 1000px\" \/><p id=\"caption-attachment-17433\" class=\"wp-caption-text\"><span style=\"color: #333399;\"><em><strong>Conforto e seguran\u00e7a nos novos ve\u00edculos<\/strong><\/em><\/span><\/p><\/div>\n<p>E, para evitar a entrada de p\u00f3 nos bagageiros foi instalado um pressurizador, al\u00e9m de pr\u00e9-aquecedor para a calefa\u00e7\u00e3o, que aquece o interior do \u00f4nibus sem a necessidade de manter o motor em marcha lenta. A quest\u00e3o ambiental \u00e9 outro ponto observado nos novos ve\u00edculos, pois eles est\u00e3o preparados para a instala\u00e7\u00e3o de placas solares no teto.<\/p>\n<p>Jos\u00e9 Luis Moraes Goes, diretor de Opera\u00e7\u00f5es Internacionais e Comerciais Mercado Externo, disse que mais uma vez a Marcopolo atua para desenvolver produtos sob medida para as necessidades e demandas dos nossos parceiros. \u201cOs ve\u00edculos Viaggio 900 foram concebidos com caracter\u00edsticas especiais, com alt\u00edssimo n\u00edvel de personaliza\u00e7\u00e3o e utiliza\u00e7\u00e3o de materiais especiais para maior resist\u00eancia, durabilidade e seguran\u00e7a\u201d, comentou.<\/p>\n<p>Imagens &#8211; Divulga\u00e7\u00e3o<\/p>\n","protected":false},"excerpt":{"rendered":"<p>Fabricante ga\u00facha fornece sua carro\u00e7aria para o operador que leva os mineiros at\u00e9 seus trabalhos<\/p>\n","protected":false},"author":2,"featured_media":17432,"comment_status":"open","ping_status":"open","sticky":false,"template":"","format":"standard","meta":{"_et_pb_use_builder":"","_et_pb_old_content":"","_et_gb_content_width":"","_jetpack_memberships_contains_paid_content":false,"footnotes":""},"categories":[53,1060,90],"tags":[84],"class_list":["post-17431","post","type-post","status-publish","format-standard","has-post-thumbnail","hentry","category-internacional","category-notas","category-noticias","tag-marcopolo","et-has-post-format-content","et_post_format-et-post-format-standard"],"yoast_head":"<!-- This site is optimized with the Yoast SEO plugin v27.2 - https:\/\/yoast.com\/product\/yoast-seo-wordpress\/ -->\n<title>Nas minas chilenas, os \u00f4nibus Marcopolo - Revista AutoBus<\/title>\n<meta name=\"robots\" content=\"index, follow, max-snippet:-1, max-image-preview:large, max-video-preview:-1\" \/>\n<link rel=\"canonical\" href=\"https:\/\/revistaautobus.com.br\/?p=17431\" \/>\n<meta property=\"og:locale\" content=\"pt_BR\" \/>\n<meta property=\"og:type\" content=\"article\" \/>\n<meta property=\"og:title\" content=\"Nas minas chilenas, os \u00f4nibus Marcopolo - Revista AutoBus\" \/>\n<meta property=\"og:description\" content=\"Fabricante ga\u00facha fornece sua carro\u00e7aria para o operador que leva os mineiros at\u00e9 seus trabalhos\" \/>\n<meta property=\"og:url\" content=\"https:\/\/revistaautobus.com.br\/?p=17431\" \/>\n<meta property=\"og:site_name\" content=\"Revista AutoBus\" \/>\n<meta property=\"article:publisher\" content=\"https:\/\/www.facebook.com\/antonio.ferro.3150\" \/>\n<meta property=\"article:published_time\" content=\"2025-12-15T13:11:02+00:00\" \/>\n<meta property=\"article:modified_time\" content=\"2025-12-15T13:11:25+00:00\" \/>\n<meta property=\"og:image\" content=\"https:\/\/revistaautobus.com.br\/wp-content\/uploads\/2025\/12\/11122025-Marcopolo_Chile_Link-Service_1.jpg\" \/>\n\t<meta property=\"og:image:width\" content=\"1000\" \/>\n\t<meta property=\"og:image:height\" content=\"666\" \/>\n\t<meta property=\"og:image:type\" content=\"image\/jpeg\" \/>\n<meta name=\"author\" content=\"Antonio Ferro\" \/>\n<meta name=\"twitter:card\" content=\"summary_large_image\" \/>\n<meta name=\"twitter:label1\" content=\"Escrito por\" \/>\n\t<meta name=\"twitter:data1\" content=\"Antonio Ferro\" \/>\n\t<meta name=\"twitter:label2\" content=\"Est. tempo de leitura\" \/>\n\t<meta name=\"twitter:data2\" content=\"3 minutos\" \/>\n<script type=\"application\/ld+json\" class=\"yoast-schema-graph\">{\"@context\":\"https:\/\/schema.org\",\"@graph\":[{\"@type\":\"Article\",\"@id\":\"https:\/\/revistaautobus.com.br\/?p=17431#article\",\"isPartOf\":{\"@id\":\"https:\/\/revistaautobus.com.br\/?p=17431\"},\"author\":{\"name\":\"Antonio Ferro\",\"@id\":\"https:\/\/revistaautobus.com.br\/#\/schema\/person\/54af7c3eb83a310e42ef686ef6d16f50\"},\"headline\":\"Nas minas chilenas, os \u00f4nibus Marcopolo\",\"datePublished\":\"2025-12-15T13:11:02+00:00\",\"dateModified\":\"2025-12-15T13:11:25+00:00\",\"mainEntityOfPage\":{\"@id\":\"https:\/\/revistaautobus.com.br\/?p=17431\"},\"wordCount\":364,\"commentCount\":0,\"publisher\":{\"@id\":\"https:\/\/revistaautobus.com.br\/#organization\"},\"image\":{\"@id\":\"https:\/\/revistaautobus.com.br\/?p=17431#primaryimage\"},\"thumbnailUrl\":\"https:\/\/revistaautobus.com.br\/wp-content\/uploads\/2025\/12\/11122025-Marcopolo_Chile_Link-Service_1.jpg\",\"keywords\":[\"Marcopolo\"],\"articleSection\":[\"Internacional\",\"Notas\",\"Not\u00edcias\"],\"inLanguage\":\"pt-BR\",\"potentialAction\":[{\"@type\":\"CommentAction\",\"name\":\"Comment\",\"target\":[\"https:\/\/revistaautobus.com.br\/?p=17431#respond\"]}]},{\"@type\":\"WebPage\",\"@id\":\"https:\/\/revistaautobus.com.br\/?p=17431\",\"url\":\"https:\/\/revistaautobus.com.br\/?p=17431\",\"name\":\"Nas minas chilenas, os \u00f4nibus Marcopolo - Revista AutoBus\",\"isPartOf\":{\"@id\":\"https:\/\/revistaautobus.com.br\/#website\"},\"primaryImageOfPage\":{\"@id\":\"https:\/\/revistaautobus.com.br\/?p=17431#primaryimage\"},\"image\":{\"@id\":\"https:\/\/revistaautobus.com.br\/?p=17431#primaryimage\"},\"thumbnailUrl\":\"https:\/\/revistaautobus.com.br\/wp-content\/uploads\/2025\/12\/11122025-Marcopolo_Chile_Link-Service_1.jpg\",\"datePublished\":\"2025-12-15T13:11:02+00:00\",\"dateModified\":\"2025-12-15T13:11:25+00:00\",\"breadcrumb\":{\"@id\":\"https:\/\/revistaautobus.com.br\/?p=17431#breadcrumb\"},\"inLanguage\":\"pt-BR\",\"potentialAction\":[{\"@type\":\"ReadAction\",\"target\":[\"https:\/\/revistaautobus.com.br\/?p=17431\"]}]},{\"@type\":\"ImageObject\",\"inLanguage\":\"pt-BR\",\"@id\":\"https:\/\/revistaautobus.com.br\/?p=17431#primaryimage\",\"url\":\"https:\/\/revistaautobus.com.br\/wp-content\/uploads\/2025\/12\/11122025-Marcopolo_Chile_Link-Service_1.jpg\",\"contentUrl\":\"https:\/\/revistaautobus.com.br\/wp-content\/uploads\/2025\/12\/11122025-Marcopolo_Chile_Link-Service_1.jpg\",\"width\":1000,\"height\":666},{\"@type\":\"BreadcrumbList\",\"@id\":\"https:\/\/revistaautobus.com.br\/?p=17431#breadcrumb\",\"itemListElement\":[{\"@type\":\"ListItem\",\"position\":1,\"name\":\"In\u00edcio\",\"item\":\"https:\/\/revistaautobus.com.br\/\"},{\"@type\":\"ListItem\",\"position\":2,\"name\":\"Nas minas chilenas, os \u00f4nibus Marcopolo\"}]},{\"@type\":\"WebSite\",\"@id\":\"https:\/\/revistaautobus.com.br\/#website\",\"url\":\"https:\/\/revistaautobus.com.br\/\",\"name\":\"Revista AutoBus\",\"description\":\"\",\"publisher\":{\"@id\":\"https:\/\/revistaautobus.com.br\/#organization\"},\"potentialAction\":[{\"@type\":\"SearchAction\",\"target\":{\"@type\":\"EntryPoint\",\"urlTemplate\":\"https:\/\/revistaautobus.com.br\/?s={search_term_string}\"},\"query-input\":{\"@type\":\"PropertyValueSpecification\",\"valueRequired\":true,\"valueName\":\"search_term_string\"}}],\"inLanguage\":\"pt-BR\"},{\"@type\":\"Organization\",\"@id\":\"https:\/\/revistaautobus.com.br\/#organization\",\"name\":\"Revista AutoBus\",\"url\":\"https:\/\/revistaautobus.com.br\/\",\"logo\":{\"@type\":\"ImageObject\",\"inLanguage\":\"pt-BR\",\"@id\":\"https:\/\/revistaautobus.com.br\/#\/schema\/logo\/image\/\",\"url\":\"https:\/\/revistaautobus.com.br\/wp-content\/uploads\/2024\/11\/logo_revista_autobus_fb.png\",\"contentUrl\":\"https:\/\/revistaautobus.com.br\/wp-content\/uploads\/2024\/11\/logo_revista_autobus_fb.png\",\"width\":836,\"height\":227,\"caption\":\"Revista AutoBus\"},\"image\":{\"@id\":\"https:\/\/revistaautobus.com.br\/#\/schema\/logo\/image\/\"},\"sameAs\":[\"https:\/\/www.facebook.com\/antonio.ferro.3150\",\"https:\/\/www.instagram.com\/revistaautobus\/\"]},{\"@type\":\"Person\",\"@id\":\"https:\/\/revistaautobus.com.br\/#\/schema\/person\/54af7c3eb83a310e42ef686ef6d16f50\",\"name\":\"Antonio Ferro\",\"image\":{\"@type\":\"ImageObject\",\"inLanguage\":\"pt-BR\",\"@id\":\"https:\/\/revistaautobus.com.br\/wp-content\/uploads\/2025\/12\/editor_antonio_ferro-150x150.jpg\",\"url\":\"https:\/\/revistaautobus.com.br\/wp-content\/uploads\/2025\/12\/editor_antonio_ferro-150x150.jpg\",\"contentUrl\":\"https:\/\/revistaautobus.com.br\/wp-content\/uploads\/2025\/12\/editor_antonio_ferro-150x150.jpg\",\"caption\":\"Antonio Ferro\"},\"description\":\"infobus@uol.com.br\",\"url\":\"https:\/\/revistaautobus.com.br\/?author=2\"}]}<\/script>\n<!-- \/ Yoast SEO plugin. -->","yoast_head_json":{"title":"Nas minas chilenas, os \u00f4nibus Marcopolo - Revista AutoBus","robots":{"index":"index","follow":"follow","max-snippet":"max-snippet:-1","max-image-preview":"max-image-preview:large","max-video-preview":"max-video-preview:-1"},"canonical":"https:\/\/revistaautobus.com.br\/?p=17431","og_locale":"pt_BR","og_type":"article","og_title":"Nas minas chilenas, os \u00f4nibus Marcopolo - Revista AutoBus","og_description":"Fabricante ga\u00facha fornece sua carro\u00e7aria para o operador que leva os mineiros at\u00e9 seus trabalhos","og_url":"https:\/\/revistaautobus.com.br\/?p=17431","og_site_name":"Revista AutoBus","article_publisher":"https:\/\/www.facebook.com\/antonio.ferro.3150","article_published_time":"2025-12-15T13:11:02+00:00","article_modified_time":"2025-12-15T13:11:25+00:00","og_image":[{"width":1000,"height":666,"url":"https:\/\/revistaautobus.com.br\/wp-content\/uploads\/2025\/12\/11122025-Marcopolo_Chile_Link-Service_1.jpg","type":"image\/jpeg"}],"author":"Antonio Ferro","twitter_card":"summary_large_image","twitter_misc":{"Escrito por":"Antonio Ferro","Est. tempo de leitura":"3 minutos"},"schema":{"@context":"https:\/\/schema.org","@graph":[{"@type":"Article","@id":"https:\/\/revistaautobus.com.br\/?p=17431#article","isPartOf":{"@id":"https:\/\/revistaautobus.com.br\/?p=17431"},"author":{"name":"Antonio Ferro","@id":"https:\/\/revistaautobus.com.br\/#\/schema\/person\/54af7c3eb83a310e42ef686ef6d16f50"},"headline":"Nas minas chilenas, os \u00f4nibus Marcopolo","datePublished":"2025-12-15T13:11:02+00:00","dateModified":"2025-12-15T13:11:25+00:00","mainEntityOfPage":{"@id":"https:\/\/revistaautobus.com.br\/?p=17431"},"wordCount":364,"commentCount":0,"publisher":{"@id":"https:\/\/revistaautobus.com.br\/#organization"},"image":{"@id":"https:\/\/revistaautobus.com.br\/?p=17431#primaryimage"},"thumbnailUrl":"https:\/\/revistaautobus.com.br\/wp-content\/uploads\/2025\/12\/11122025-Marcopolo_Chile_Link-Service_1.jpg","keywords":["Marcopolo"],"articleSection":["Internacional","Notas","Not\u00edcias"],"inLanguage":"pt-BR","potentialAction":[{"@type":"CommentAction","name":"Comment","target":["https:\/\/revistaautobus.com.br\/?p=17431#respond"]}]},{"@type":"WebPage","@id":"https:\/\/revistaautobus.com.br\/?p=17431","url":"https:\/\/revistaautobus.com.br\/?p=17431","name":"Nas minas chilenas, os \u00f4nibus Marcopolo - Revista AutoBus","isPartOf":{"@id":"https:\/\/revistaautobus.com.br\/#website"},"primaryImageOfPage":{"@id":"https:\/\/revistaautobus.com.br\/?p=17431#primaryimage"},"image":{"@id":"https:\/\/revistaautobus.com.br\/?p=17431#primaryimage"},"thumbnailUrl":"https:\/\/revistaautobus.com.br\/wp-content\/uploads\/2025\/12\/11122025-Marcopolo_Chile_Link-Service_1.jpg","datePublished":"2025-12-15T13:11:02+00:00","dateModified":"2025-12-15T13:11:25+00:00","breadcrumb":{"@id":"https:\/\/revistaautobus.com.br\/?p=17431#breadcrumb"},"inLanguage":"pt-BR","potentialAction":[{"@type":"ReadAction","target":["https:\/\/revistaautobus.com.br\/?p=17431"]}]},{"@type":"ImageObject","inLanguage":"pt-BR","@id":"https:\/\/revistaautobus.com.br\/?p=17431#primaryimage","url":"https:\/\/revistaautobus.com.br\/wp-content\/uploads\/2025\/12\/11122025-Marcopolo_Chile_Link-Service_1.jpg","contentUrl":"https:\/\/revistaautobus.com.br\/wp-content\/uploads\/2025\/12\/11122025-Marcopolo_Chile_Link-Service_1.jpg","width":1000,"height":666},{"@type":"BreadcrumbList","@id":"https:\/\/revistaautobus.com.br\/?p=17431#breadcrumb","itemListElement":[{"@type":"ListItem","position":1,"name":"In\u00edcio","item":"https:\/\/revistaautobus.com.br\/"},{"@type":"ListItem","position":2,"name":"Nas minas chilenas, os \u00f4nibus Marcopolo"}]},{"@type":"WebSite","@id":"https:\/\/revistaautobus.com.br\/#website","url":"https:\/\/revistaautobus.com.br\/","name":"Revista AutoBus","description":"","publisher":{"@id":"https:\/\/revistaautobus.com.br\/#organization"},"potentialAction":[{"@type":"SearchAction","target":{"@type":"EntryPoint","urlTemplate":"https:\/\/revistaautobus.com.br\/?s={search_term_string}"},"query-input":{"@type":"PropertyValueSpecification","valueRequired":true,"valueName":"search_term_string"}}],"inLanguage":"pt-BR"},{"@type":"Organization","@id":"https:\/\/revistaautobus.com.br\/#organization","name":"Revista AutoBus","url":"https:\/\/revistaautobus.com.br\/","logo":{"@type":"ImageObject","inLanguage":"pt-BR","@id":"https:\/\/revistaautobus.com.br\/#\/schema\/logo\/image\/","url":"https:\/\/revistaautobus.com.br\/wp-content\/uploads\/2024\/11\/logo_revista_autobus_fb.png","contentUrl":"https:\/\/revistaautobus.com.br\/wp-content\/uploads\/2024\/11\/logo_revista_autobus_fb.png","width":836,"height":227,"caption":"Revista AutoBus"},"image":{"@id":"https:\/\/revistaautobus.com.br\/#\/schema\/logo\/image\/"},"sameAs":["https:\/\/www.facebook.com\/antonio.ferro.3150","https:\/\/www.instagram.com\/revistaautobus\/"]},{"@type":"Person","@id":"https:\/\/revistaautobus.com.br\/#\/schema\/person\/54af7c3eb83a310e42ef686ef6d16f50","name":"Antonio Ferro","image":{"@type":"ImageObject","inLanguage":"pt-BR","@id":"https:\/\/revistaautobus.com.br\/wp-content\/uploads\/2025\/12\/editor_antonio_ferro-150x150.jpg","url":"https:\/\/revistaautobus.com.br\/wp-content\/uploads\/2025\/12\/editor_antonio_ferro-150x150.jpg","contentUrl":"https:\/\/revistaautobus.com.br\/wp-content\/uploads\/2025\/12\/editor_antonio_ferro-150x150.jpg","caption":"Antonio Ferro"},"description":"infobus@uol.com.br","url":"https:\/\/revistaautobus.com.br\/?author=2"}]}},"jetpack_featured_media_url":"https:\/\/revistaautobus.com.br\/wp-content\/uploads\/2025\/12\/11122025-Marcopolo_Chile_Link-Service_1.jpg","jetpack_sharing_enabled":true,"_links":{"self":[{"href":"https:\/\/revistaautobus.com.br\/index.php?rest_route=\/wp\/v2\/posts\/17431","targetHints":{"allow":["GET"]}}],"collection":[{"href":"https:\/\/revistaautobus.com.br\/index.php?rest_route=\/wp\/v2\/posts"}],"about":[{"href":"https:\/\/revistaautobus.com.br\/index.php?rest_route=\/wp\/v2\/types\/post"}],"author":[{"embeddable":true,"href":"https:\/\/revistaautobus.com.br\/index.php?rest_route=\/wp\/v2\/users\/2"}],"replies":[{"embeddable":true,"href":"https:\/\/revistaautobus.com.br\/index.php?rest_route=%2Fwp%2Fv2%2Fcomments&post=17431"}],"version-history":[{"count":2,"href":"https:\/\/revistaautobus.com.br\/index.php?rest_route=\/wp\/v2\/posts\/17431\/revisions"}],"predecessor-version":[{"id":17435,"href":"https:\/\/revistaautobus.com.br\/index.php?rest_route=\/wp\/v2\/posts\/17431\/revisions\/17435"}],"wp:featuredmedia":[{"embeddable":true,"href":"https:\/\/revistaautobus.com.br\/index.php?rest_route=\/wp\/v2\/media\/17432"}],"wp:attachment":[{"href":"https:\/\/revistaautobus.com.br\/index.php?rest_route=%2Fwp%2Fv2%2Fmedia&parent=17431"}],"wp:term":[{"taxonomy":"category","embeddable":true,"href":"https:\/\/revistaautobus.com.br\/index.php?rest_route=%2Fwp%2Fv2%2Fcategories&post=17431"},{"taxonomy":"post_tag","embeddable":true,"href":"https:\/\/revistaautobus.com.br\/index.php?rest_route=%2Fwp%2Fv2%2Ftags&post=17431"}],"curies":[{"name":"wp","href":"https:\/\/api.w.org\/{rel}","templated":true}]}}