{"id":17445,"date":"2025-12-15T10:22:42","date_gmt":"2025-12-15T13:22:42","guid":{"rendered":"https:\/\/revistaautobus.com.br\/?p=17445"},"modified":"2025-12-17T13:11:52","modified_gmt":"2025-12-17T16:11:52","slug":"cliente-fiel-no-espirito-santo","status":"publish","type":"post","link":"https:\/\/revistaautobus.com.br\/?p=17445","title":{"rendered":"Cliente fiel no Esp\u00edrito Santo"},"content":{"rendered":"<p>Atuando no transporte rodovi\u00e1rio em linhas regulares e, tamb\u00e9m, em servi\u00e7os de fretamento, a Via\u00e7\u00e3o S\u00e3o Gabriel, da cidade de S\u00e3o Mateus, ES, concluiu o processo de recebimento de seus 70 novos \u00f4nibus, todos com carro\u00e7arias Marcopolo, sendo uma unidade do Paradiso G8 1800 Double Decker, 44 do Ideale, 20 \u00f4nibus urbanos Torino e outros cinco Viaggio G8 1050. Os ve\u00edculos ser\u00e3o utilizados no transporte urbano da cidade, al\u00e9m de opera\u00e7\u00f5es de fretamento, turismo e transporte sa\u00fade.<\/p>\n<p>O Paradiso G8 1800 Double Decker tem 15 metros de comprimento, conta com chassis Mercedes-Benz O500 RSDD 2745 e capacidade para 56 passageiros em poltronas semileito Master, oferece recursos como audiofone, suporte para celular, tomadas USB e porta-copos. J\u00e1 as 44 unidades do Ideale ser\u00e3o destinadas ao fretamento dos colaboradores da unidade Marcopolo de S\u00e3o Mateus. Elas t\u00eam 12,70 metros de comprimento e capacidade para 46 passageiros, com poltronas Executiva equipadas com tomadas USB. Os ve\u00edculos contam com ar-condicionado Spheros CC356, sensor de estacionamento, farol de neblina, instala\u00e7\u00e3o de r\u00e1dio e dispositivo de acessibilidade.<\/p>\n<p>Para o transporte urbano, os 20 \u00f4nibus urbanos Torino, produzidos na f\u00e1brica de S\u00e3o Mateus, t\u00eam 12,25 metros de comprimento e capacidade para 42 passageiros sentados e 28 em p\u00e9. S\u00e3o equipados com ar-condicionado Spheros CC356, tomadas USB no sal\u00e3o, dispositivo de acessibilidade, sensor de estacionamento, prepara\u00e7\u00e3o para Wi-Fi e suportes para pranchas de surf, atendendo \u00e0s necessidades espec\u00edficas do transporte urbano da regi\u00e3o.<\/p>\n<p><img loading=\"lazy\" decoding=\"async\" class=\"alignnone wp-image-17447 size-large\" src=\"https:\/\/revistaautobus.com.br\/wp-content\/uploads\/2025\/12\/09122025-Marcopolo_Viacao-Sao-Gabriel_Torino-1024x690.jpg\" alt=\"\" width=\"1024\" height=\"690\" srcset=\"https:\/\/revistaautobus.com.br\/wp-content\/uploads\/2025\/12\/09122025-Marcopolo_Viacao-Sao-Gabriel_Torino-1024x690.jpg 1024w, https:\/\/revistaautobus.com.br\/wp-content\/uploads\/2025\/12\/09122025-Marcopolo_Viacao-Sao-Gabriel_Torino-300x202.jpg 300w, https:\/\/revistaautobus.com.br\/wp-content\/uploads\/2025\/12\/09122025-Marcopolo_Viacao-Sao-Gabriel_Torino-768x518.jpg 768w, https:\/\/revistaautobus.com.br\/wp-content\/uploads\/2025\/12\/09122025-Marcopolo_Viacao-Sao-Gabriel_Torino-1080x728.jpg 1080w, https:\/\/revistaautobus.com.br\/wp-content\/uploads\/2025\/12\/09122025-Marcopolo_Viacao-Sao-Gabriel_Torino.jpg 1400w\" sizes=\"(max-width: 1024px) 100vw, 1024px\" \/><\/p>\n<p>A carro\u00e7aria Viaggio 1050 tem 13,20 metros de comprimento e 46 poltronas, al\u00e9m de sistema de ar-condicionado Spheros Valeo CC336, sanit\u00e1rio, sensor de estacionamento, c\u00e2mera de r\u00e9, prepara\u00e7\u00e3o para Wi-Fi e dispositivo de acessibilidade. \u201cA presen\u00e7a da Marcopolo no Esp\u00edrito Santo tem colaborado para o crescimento da economia do estado, sobretudo da regi\u00e3o de S\u00e3o Mateus, onde temos uma f\u00e1brica. O fornecimento para a Via\u00e7\u00e3o S\u00e3o Gabriel \u00e9 muito importante porque, al\u00e9m de elevar o padr\u00e3o de servi\u00e7o do transporte urbano da cidade, as novas unidades do modelo Ideale est\u00e3o sendo utilizadas no servi\u00e7o de fretamento dos nossos colaboradores\u201d, disse Ricardo Portolan, diretor de Opera\u00e7\u00f5es Comerciais Mercado Interno e Marketing da Marcopolo.<\/p>\n<p>Para a Via\u00e7\u00e3o S\u00e3o Gabriel, a renova\u00e7\u00e3o da frota proporcionada por ela \u00e9 muito importante pelos aspectos da moderniza\u00e7\u00e3o e seguran\u00e7a proporcionadas. &#8220;\u00c9 muito gratificante ver a frota sendo renovada. A S\u00e3o Gabriel segue acreditando que o mais importante \u00e9 proporcionar um transporte seguro e confort\u00e1vel aos nossos passageiros e a parceria de muitos anos com a Marcopolo tem contribu\u00eddo para esse objetivo\u201d, declarou o gerente-geral, Cl\u00f3vis Fachetti.<\/p>\n<div id=\"attachment_17448\" style=\"width: 498px\" class=\"wp-caption aligncenter\"><img loading=\"lazy\" decoding=\"async\" aria-describedby=\"caption-attachment-17448\" class=\"wp-image-17448\" src=\"https:\/\/revistaautobus.com.br\/wp-content\/uploads\/2025\/12\/PHOTO-2025-12-10-12-35-54-225x300.jpg\" alt=\"\" width=\"488\" height=\"650\" srcset=\"https:\/\/revistaautobus.com.br\/wp-content\/uploads\/2025\/12\/PHOTO-2025-12-10-12-35-54-225x300.jpg 225w, https:\/\/revistaautobus.com.br\/wp-content\/uploads\/2025\/12\/PHOTO-2025-12-10-12-35-54-768x1024.jpg 768w, https:\/\/revistaautobus.com.br\/wp-content\/uploads\/2025\/12\/PHOTO-2025-12-10-12-35-54.jpg 960w\" sizes=\"(max-width: 488px) 100vw, 488px\" \/><p id=\"caption-attachment-17448\" class=\"wp-caption-text\"><span style=\"color: #800080;\"><em><strong>Nos novos \u00f4nibus h\u00e1 espa\u00e7o para acomoda\u00e7\u00e3o de pranchas de surf<\/strong><\/em><\/span><\/p><\/div>\n<p>Imagens &#8211; Divulga\u00e7\u00e3o<\/p>\n","protected":false},"excerpt":{"rendered":"<p>Operadora capixaba renova sua frota com 70 \u00f4nibus Marcopolo<\/p>\n","protected":false},"author":2,"featured_media":17446,"comment_status":"open","ping_status":"open","sticky":false,"template":"","format":"standard","meta":{"_et_pb_use_builder":"","_et_pb_old_content":"","_et_gb_content_width":"","_jetpack_memberships_contains_paid_content":false,"footnotes":""},"categories":[1060,90],"tags":[],"class_list":["post-17445","post","type-post","status-publish","format-standard","has-post-thumbnail","hentry","category-notas","category-noticias","et-has-post-format-content","et_post_format-et-post-format-standard"],"yoast_head":"<!-- This site is optimized with the Yoast SEO plugin v27.2 - https:\/\/yoast.com\/product\/yoast-seo-wordpress\/ -->\n<title>Cliente fiel no Esp\u00edrito Santo - Revista AutoBus<\/title>\n<meta name=\"robots\" content=\"index, follow, max-snippet:-1, max-image-preview:large, max-video-preview:-1\" \/>\n<link rel=\"canonical\" href=\"https:\/\/revistaautobus.com.br\/?p=17445\" \/>\n<meta property=\"og:locale\" content=\"pt_BR\" \/>\n<meta property=\"og:type\" content=\"article\" \/>\n<meta property=\"og:title\" content=\"Cliente fiel no Esp\u00edrito Santo - Revista AutoBus\" \/>\n<meta property=\"og:description\" content=\"Operadora capixaba renova sua frota com 70 \u00f4nibus Marcopolo\" \/>\n<meta property=\"og:url\" content=\"https:\/\/revistaautobus.com.br\/?p=17445\" \/>\n<meta property=\"og:site_name\" content=\"Revista AutoBus\" \/>\n<meta property=\"article:publisher\" content=\"https:\/\/www.facebook.com\/antonio.ferro.3150\" \/>\n<meta property=\"article:published_time\" content=\"2025-12-15T13:22:42+00:00\" \/>\n<meta property=\"article:modified_time\" content=\"2025-12-17T16:11:52+00:00\" \/>\n<meta property=\"og:image\" content=\"https:\/\/revistaautobus.com.br\/wp-content\/uploads\/2025\/12\/09122025-Marcopolo_Viacao-Sao-Gabriel_Ideale.jpg\" \/>\n\t<meta property=\"og:image:width\" content=\"1400\" \/>\n\t<meta property=\"og:image:height\" content=\"933\" \/>\n\t<meta property=\"og:image:type\" content=\"image\/jpeg\" \/>\n<meta name=\"author\" content=\"Antonio Ferro\" \/>\n<meta name=\"twitter:card\" content=\"summary_large_image\" \/>\n<meta name=\"twitter:label1\" content=\"Escrito por\" \/>\n\t<meta name=\"twitter:data1\" content=\"Antonio Ferro\" \/>\n\t<meta name=\"twitter:label2\" content=\"Est. tempo de leitura\" \/>\n\t<meta name=\"twitter:data2\" content=\"3 minutos\" \/>\n<script type=\"application\/ld+json\" class=\"yoast-schema-graph\">{\"@context\":\"https:\/\/schema.org\",\"@graph\":[{\"@type\":\"Article\",\"@id\":\"https:\/\/revistaautobus.com.br\/?p=17445#article\",\"isPartOf\":{\"@id\":\"https:\/\/revistaautobus.com.br\/?p=17445\"},\"author\":{\"name\":\"Antonio Ferro\",\"@id\":\"https:\/\/revistaautobus.com.br\/#\/schema\/person\/54af7c3eb83a310e42ef686ef6d16f50\"},\"headline\":\"Cliente fiel no Esp\u00edrito Santo\",\"datePublished\":\"2025-12-15T13:22:42+00:00\",\"dateModified\":\"2025-12-17T16:11:52+00:00\",\"mainEntityOfPage\":{\"@id\":\"https:\/\/revistaautobus.com.br\/?p=17445\"},\"wordCount\":475,\"commentCount\":0,\"publisher\":{\"@id\":\"https:\/\/revistaautobus.com.br\/#organization\"},\"image\":{\"@id\":\"https:\/\/revistaautobus.com.br\/?p=17445#primaryimage\"},\"thumbnailUrl\":\"https:\/\/revistaautobus.com.br\/wp-content\/uploads\/2025\/12\/09122025-Marcopolo_Viacao-Sao-Gabriel_Ideale.jpg\",\"articleSection\":[\"Notas\",\"Not\u00edcias\"],\"inLanguage\":\"pt-BR\",\"potentialAction\":[{\"@type\":\"CommentAction\",\"name\":\"Comment\",\"target\":[\"https:\/\/revistaautobus.com.br\/?p=17445#respond\"]}]},{\"@type\":\"WebPage\",\"@id\":\"https:\/\/revistaautobus.com.br\/?p=17445\",\"url\":\"https:\/\/revistaautobus.com.br\/?p=17445\",\"name\":\"Cliente fiel no Esp\u00edrito Santo - Revista AutoBus\",\"isPartOf\":{\"@id\":\"https:\/\/revistaautobus.com.br\/#website\"},\"primaryImageOfPage\":{\"@id\":\"https:\/\/revistaautobus.com.br\/?p=17445#primaryimage\"},\"image\":{\"@id\":\"https:\/\/revistaautobus.com.br\/?p=17445#primaryimage\"},\"thumbnailUrl\":\"https:\/\/revistaautobus.com.br\/wp-content\/uploads\/2025\/12\/09122025-Marcopolo_Viacao-Sao-Gabriel_Ideale.jpg\",\"datePublished\":\"2025-12-15T13:22:42+00:00\",\"dateModified\":\"2025-12-17T16:11:52+00:00\",\"breadcrumb\":{\"@id\":\"https:\/\/revistaautobus.com.br\/?p=17445#breadcrumb\"},\"inLanguage\":\"pt-BR\",\"potentialAction\":[{\"@type\":\"ReadAction\",\"target\":[\"https:\/\/revistaautobus.com.br\/?p=17445\"]}]},{\"@type\":\"ImageObject\",\"inLanguage\":\"pt-BR\",\"@id\":\"https:\/\/revistaautobus.com.br\/?p=17445#primaryimage\",\"url\":\"https:\/\/revistaautobus.com.br\/wp-content\/uploads\/2025\/12\/09122025-Marcopolo_Viacao-Sao-Gabriel_Ideale.jpg\",\"contentUrl\":\"https:\/\/revistaautobus.com.br\/wp-content\/uploads\/2025\/12\/09122025-Marcopolo_Viacao-Sao-Gabriel_Ideale.jpg\",\"width\":1400,\"height\":933},{\"@type\":\"BreadcrumbList\",\"@id\":\"https:\/\/revistaautobus.com.br\/?p=17445#breadcrumb\",\"itemListElement\":[{\"@type\":\"ListItem\",\"position\":1,\"name\":\"In\u00edcio\",\"item\":\"https:\/\/revistaautobus.com.br\/\"},{\"@type\":\"ListItem\",\"position\":2,\"name\":\"Cliente fiel no Esp\u00edrito Santo\"}]},{\"@type\":\"WebSite\",\"@id\":\"https:\/\/revistaautobus.com.br\/#website\",\"url\":\"https:\/\/revistaautobus.com.br\/\",\"name\":\"Revista AutoBus\",\"description\":\"\",\"publisher\":{\"@id\":\"https:\/\/revistaautobus.com.br\/#organization\"},\"potentialAction\":[{\"@type\":\"SearchAction\",\"target\":{\"@type\":\"EntryPoint\",\"urlTemplate\":\"https:\/\/revistaautobus.com.br\/?s={search_term_string}\"},\"query-input\":{\"@type\":\"PropertyValueSpecification\",\"valueRequired\":true,\"valueName\":\"search_term_string\"}}],\"inLanguage\":\"pt-BR\"},{\"@type\":\"Organization\",\"@id\":\"https:\/\/revistaautobus.com.br\/#organization\",\"name\":\"Revista AutoBus\",\"url\":\"https:\/\/revistaautobus.com.br\/\",\"logo\":{\"@type\":\"ImageObject\",\"inLanguage\":\"pt-BR\",\"@id\":\"https:\/\/revistaautobus.com.br\/#\/schema\/logo\/image\/\",\"url\":\"https:\/\/revistaautobus.com.br\/wp-content\/uploads\/2024\/11\/logo_revista_autobus_fb.png\",\"contentUrl\":\"https:\/\/revistaautobus.com.br\/wp-content\/uploads\/2024\/11\/logo_revista_autobus_fb.png\",\"width\":836,\"height\":227,\"caption\":\"Revista AutoBus\"},\"image\":{\"@id\":\"https:\/\/revistaautobus.com.br\/#\/schema\/logo\/image\/\"},\"sameAs\":[\"https:\/\/www.facebook.com\/antonio.ferro.3150\",\"https:\/\/www.instagram.com\/revistaautobus\/\"]},{\"@type\":\"Person\",\"@id\":\"https:\/\/revistaautobus.com.br\/#\/schema\/person\/54af7c3eb83a310e42ef686ef6d16f50\",\"name\":\"Antonio Ferro\",\"image\":{\"@type\":\"ImageObject\",\"inLanguage\":\"pt-BR\",\"@id\":\"https:\/\/revistaautobus.com.br\/wp-content\/uploads\/2025\/12\/editor_antonio_ferro-150x150.jpg\",\"url\":\"https:\/\/revistaautobus.com.br\/wp-content\/uploads\/2025\/12\/editor_antonio_ferro-150x150.jpg\",\"contentUrl\":\"https:\/\/revistaautobus.com.br\/wp-content\/uploads\/2025\/12\/editor_antonio_ferro-150x150.jpg\",\"caption\":\"Antonio Ferro\"},\"description\":\"infobus@uol.com.br\",\"url\":\"https:\/\/revistaautobus.com.br\/?author=2\"}]}<\/script>\n<!-- \/ Yoast SEO plugin. -->","yoast_head_json":{"title":"Cliente fiel no Esp\u00edrito Santo - Revista AutoBus","robots":{"index":"index","follow":"follow","max-snippet":"max-snippet:-1","max-image-preview":"max-image-preview:large","max-video-preview":"max-video-preview:-1"},"canonical":"https:\/\/revistaautobus.com.br\/?p=17445","og_locale":"pt_BR","og_type":"article","og_title":"Cliente fiel no Esp\u00edrito Santo - Revista AutoBus","og_description":"Operadora capixaba renova sua frota com 70 \u00f4nibus Marcopolo","og_url":"https:\/\/revistaautobus.com.br\/?p=17445","og_site_name":"Revista AutoBus","article_publisher":"https:\/\/www.facebook.com\/antonio.ferro.3150","article_published_time":"2025-12-15T13:22:42+00:00","article_modified_time":"2025-12-17T16:11:52+00:00","og_image":[{"width":1400,"height":933,"url":"https:\/\/revistaautobus.com.br\/wp-content\/uploads\/2025\/12\/09122025-Marcopolo_Viacao-Sao-Gabriel_Ideale.jpg","type":"image\/jpeg"}],"author":"Antonio Ferro","twitter_card":"summary_large_image","twitter_misc":{"Escrito por":"Antonio Ferro","Est. tempo de leitura":"3 minutos"},"schema":{"@context":"https:\/\/schema.org","@graph":[{"@type":"Article","@id":"https:\/\/revistaautobus.com.br\/?p=17445#article","isPartOf":{"@id":"https:\/\/revistaautobus.com.br\/?p=17445"},"author":{"name":"Antonio Ferro","@id":"https:\/\/revistaautobus.com.br\/#\/schema\/person\/54af7c3eb83a310e42ef686ef6d16f50"},"headline":"Cliente fiel no Esp\u00edrito Santo","datePublished":"2025-12-15T13:22:42+00:00","dateModified":"2025-12-17T16:11:52+00:00","mainEntityOfPage":{"@id":"https:\/\/revistaautobus.com.br\/?p=17445"},"wordCount":475,"commentCount":0,"publisher":{"@id":"https:\/\/revistaautobus.com.br\/#organization"},"image":{"@id":"https:\/\/revistaautobus.com.br\/?p=17445#primaryimage"},"thumbnailUrl":"https:\/\/revistaautobus.com.br\/wp-content\/uploads\/2025\/12\/09122025-Marcopolo_Viacao-Sao-Gabriel_Ideale.jpg","articleSection":["Notas","Not\u00edcias"],"inLanguage":"pt-BR","potentialAction":[{"@type":"CommentAction","name":"Comment","target":["https:\/\/revistaautobus.com.br\/?p=17445#respond"]}]},{"@type":"WebPage","@id":"https:\/\/revistaautobus.com.br\/?p=17445","url":"https:\/\/revistaautobus.com.br\/?p=17445","name":"Cliente fiel no Esp\u00edrito Santo - Revista AutoBus","isPartOf":{"@id":"https:\/\/revistaautobus.com.br\/#website"},"primaryImageOfPage":{"@id":"https:\/\/revistaautobus.com.br\/?p=17445#primaryimage"},"image":{"@id":"https:\/\/revistaautobus.com.br\/?p=17445#primaryimage"},"thumbnailUrl":"https:\/\/revistaautobus.com.br\/wp-content\/uploads\/2025\/12\/09122025-Marcopolo_Viacao-Sao-Gabriel_Ideale.jpg","datePublished":"2025-12-15T13:22:42+00:00","dateModified":"2025-12-17T16:11:52+00:00","breadcrumb":{"@id":"https:\/\/revistaautobus.com.br\/?p=17445#breadcrumb"},"inLanguage":"pt-BR","potentialAction":[{"@type":"ReadAction","target":["https:\/\/revistaautobus.com.br\/?p=17445"]}]},{"@type":"ImageObject","inLanguage":"pt-BR","@id":"https:\/\/revistaautobus.com.br\/?p=17445#primaryimage","url":"https:\/\/revistaautobus.com.br\/wp-content\/uploads\/2025\/12\/09122025-Marcopolo_Viacao-Sao-Gabriel_Ideale.jpg","contentUrl":"https:\/\/revistaautobus.com.br\/wp-content\/uploads\/2025\/12\/09122025-Marcopolo_Viacao-Sao-Gabriel_Ideale.jpg","width":1400,"height":933},{"@type":"BreadcrumbList","@id":"https:\/\/revistaautobus.com.br\/?p=17445#breadcrumb","itemListElement":[{"@type":"ListItem","position":1,"name":"In\u00edcio","item":"https:\/\/revistaautobus.com.br\/"},{"@type":"ListItem","position":2,"name":"Cliente fiel no Esp\u00edrito Santo"}]},{"@type":"WebSite","@id":"https:\/\/revistaautobus.com.br\/#website","url":"https:\/\/revistaautobus.com.br\/","name":"Revista AutoBus","description":"","publisher":{"@id":"https:\/\/revistaautobus.com.br\/#organization"},"potentialAction":[{"@type":"SearchAction","target":{"@type":"EntryPoint","urlTemplate":"https:\/\/revistaautobus.com.br\/?s={search_term_string}"},"query-input":{"@type":"PropertyValueSpecification","valueRequired":true,"valueName":"search_term_string"}}],"inLanguage":"pt-BR"},{"@type":"Organization","@id":"https:\/\/revistaautobus.com.br\/#organization","name":"Revista AutoBus","url":"https:\/\/revistaautobus.com.br\/","logo":{"@type":"ImageObject","inLanguage":"pt-BR","@id":"https:\/\/revistaautobus.com.br\/#\/schema\/logo\/image\/","url":"https:\/\/revistaautobus.com.br\/wp-content\/uploads\/2024\/11\/logo_revista_autobus_fb.png","contentUrl":"https:\/\/revistaautobus.com.br\/wp-content\/uploads\/2024\/11\/logo_revista_autobus_fb.png","width":836,"height":227,"caption":"Revista AutoBus"},"image":{"@id":"https:\/\/revistaautobus.com.br\/#\/schema\/logo\/image\/"},"sameAs":["https:\/\/www.facebook.com\/antonio.ferro.3150","https:\/\/www.instagram.com\/revistaautobus\/"]},{"@type":"Person","@id":"https:\/\/revistaautobus.com.br\/#\/schema\/person\/54af7c3eb83a310e42ef686ef6d16f50","name":"Antonio Ferro","image":{"@type":"ImageObject","inLanguage":"pt-BR","@id":"https:\/\/revistaautobus.com.br\/wp-content\/uploads\/2025\/12\/editor_antonio_ferro-150x150.jpg","url":"https:\/\/revistaautobus.com.br\/wp-content\/uploads\/2025\/12\/editor_antonio_ferro-150x150.jpg","contentUrl":"https:\/\/revistaautobus.com.br\/wp-content\/uploads\/2025\/12\/editor_antonio_ferro-150x150.jpg","caption":"Antonio Ferro"},"description":"infobus@uol.com.br","url":"https:\/\/revistaautobus.com.br\/?author=2"}]}},"jetpack_featured_media_url":"https:\/\/revistaautobus.com.br\/wp-content\/uploads\/2025\/12\/09122025-Marcopolo_Viacao-Sao-Gabriel_Ideale.jpg","jetpack_sharing_enabled":true,"_links":{"self":[{"href":"https:\/\/revistaautobus.com.br\/index.php?rest_route=\/wp\/v2\/posts\/17445","targetHints":{"allow":["GET"]}}],"collection":[{"href":"https:\/\/revistaautobus.com.br\/index.php?rest_route=\/wp\/v2\/posts"}],"about":[{"href":"https:\/\/revistaautobus.com.br\/index.php?rest_route=\/wp\/v2\/types\/post"}],"author":[{"embeddable":true,"href":"https:\/\/revistaautobus.com.br\/index.php?rest_route=\/wp\/v2\/users\/2"}],"replies":[{"embeddable":true,"href":"https:\/\/revistaautobus.com.br\/index.php?rest_route=%2Fwp%2Fv2%2Fcomments&post=17445"}],"version-history":[{"count":2,"href":"https:\/\/revistaautobus.com.br\/index.php?rest_route=\/wp\/v2\/posts\/17445\/revisions"}],"predecessor-version":[{"id":17471,"href":"https:\/\/revistaautobus.com.br\/index.php?rest_route=\/wp\/v2\/posts\/17445\/revisions\/17471"}],"wp:featuredmedia":[{"embeddable":true,"href":"https:\/\/revistaautobus.com.br\/index.php?rest_route=\/wp\/v2\/media\/17446"}],"wp:attachment":[{"href":"https:\/\/revistaautobus.com.br\/index.php?rest_route=%2Fwp%2Fv2%2Fmedia&parent=17445"}],"wp:term":[{"taxonomy":"category","embeddable":true,"href":"https:\/\/revistaautobus.com.br\/index.php?rest_route=%2Fwp%2Fv2%2Fcategories&post=17445"},{"taxonomy":"post_tag","embeddable":true,"href":"https:\/\/revistaautobus.com.br\/index.php?rest_route=%2Fwp%2Fv2%2Ftags&post=17445"}],"curies":[{"name":"wp","href":"https:\/\/api.w.org\/{rel}","templated":true}]}}