{"id":17451,"date":"2025-12-15T10:26:04","date_gmt":"2025-12-15T13:26:04","guid":{"rendered":"https:\/\/revistaautobus.com.br\/?p=17451"},"modified":"2025-12-15T14:13:49","modified_gmt":"2025-12-15T17:13:49","slug":"na-viacao-ouro-e-prata-o-motorista-e-show","status":"publish","type":"post","link":"https:\/\/revistaautobus.com.br\/?p=17451","title":{"rendered":"Na Via\u00e7\u00e3o Ouro e Prata, o motorista \u00e9 show"},"content":{"rendered":"<p>Recentemente, aconteceu a grande final do Programa Motorista Show 2025, realizado pela Via\u00e7\u00e3o Ouro e Prata, como forma de celebrar quem faz a diferen\u00e7a na estrada todos os dias. O encontro reuniu profissionais que se destacaram ao longo do ano pelo cuidado no tr\u00e2nsito, al\u00e9m da entrega de um servi\u00e7o de qualidade aos passageiros.<\/p>\n<p>De acordo com a transportadora ga\u00facha, seu programa Motorista Show representa muito mais que uma premia\u00e7\u00e3o, sendo uma cont\u00ednua a\u00e7\u00e3o de valoriza\u00e7\u00e3o e reconhecimento, alinhado aos valores que sustentam a sua hist\u00f3ria em termos de valoriza\u00e7\u00e3o das pessoas e da seguran\u00e7a na opera\u00e7\u00e3o.<\/p>\n<p>Conforme informou a Ouro e Prata, durante todo o ciclo que resulta no reconhecimento profissional, os motoristas s\u00e3o avaliados em crit\u00e9rios como desempenho, pr\u00e1ticas de seguran\u00e7a, condu\u00e7\u00e3o respons\u00e1vel e qualidade no atendimento, fomentando a melhoria cont\u00ednua e a integra\u00e7\u00e3o entre as equipes.<\/p>\n<p><img loading=\"lazy\" decoding=\"async\" class=\"alignnone wp-image-17453 size-full\" src=\"https:\/\/revistaautobus.com.br\/wp-content\/uploads\/2025\/12\/DSC000681.jpg\" alt=\"\" width=\"1000\" height=\"666\" srcset=\"https:\/\/revistaautobus.com.br\/wp-content\/uploads\/2025\/12\/DSC000681.jpg 1000w, https:\/\/revistaautobus.com.br\/wp-content\/uploads\/2025\/12\/DSC000681-300x200.jpg 300w, https:\/\/revistaautobus.com.br\/wp-content\/uploads\/2025\/12\/DSC000681-768x511.jpg 768w\" sizes=\"(max-width: 1000px) 100vw, 1000px\" \/><\/p>\n<p>E, ao chegar \u00e0 final, o momento ressalta o compartilhamento de informa\u00e7\u00f5es, a descontra\u00e7\u00e3o, os sorteios e muito aprendizado. Dessa maneira, os profissionais finalistas receberam homenagens e pr\u00eamios pelo comprometimento demonstrado ao longo do ano, sendo que o encontro, tamb\u00e9m, abriu espa\u00e7o para apresentar algumas das novidades previstas para 2026, reiterando o compromisso da empresa com a inova\u00e7\u00e3o, o cuidado com as pessoas e a busca permanente pela excel\u00eancia em cada etapa da opera\u00e7\u00e3o. \u201cA seguran\u00e7a na opera\u00e7\u00e3o \u00e9 um dos nossos principais valores e os motoristas s\u00e3o protagonistas nesse compromisso. Esta premia\u00e7\u00e3o reconhece talentos, valoriza quem est\u00e1 na linha de frente e nos inspira a seguir inovando e elevando o padr\u00e3o da nossa opera\u00e7\u00e3o todos os dias\u201d, destacou Luana Fleck, diretora da Ouro e Prata.<\/p>\n<p>Imagens &#8211; Divulga\u00e7\u00e3o<\/p>\n","protected":false},"excerpt":{"rendered":"<p>Operadora ga\u00facha reconheceu seus profissionais destaques do Programa Motorista Show 2025<\/p>\n","protected":false},"author":2,"featured_media":17452,"comment_status":"open","ping_status":"open","sticky":false,"template":"","format":"standard","meta":{"_et_pb_use_builder":"","_et_pb_old_content":"","_et_gb_content_width":"","_jetpack_memberships_contains_paid_content":false,"footnotes":""},"categories":[926,1060,90,80],"tags":[317],"class_list":["post-17451","post","type-post","status-publish","format-standard","has-post-thumbnail","hentry","category-acao-social","category-notas","category-noticias","category-transporte-rodoviario","tag-viacao-ouro-e-prata","et-has-post-format-content","et_post_format-et-post-format-standard"],"yoast_head":"<!-- This site is optimized with the Yoast SEO plugin v27.2 - https:\/\/yoast.com\/product\/yoast-seo-wordpress\/ -->\n<title>Na Via\u00e7\u00e3o Ouro e Prata, o motorista \u00e9 show - Revista AutoBus<\/title>\n<meta name=\"robots\" content=\"index, follow, max-snippet:-1, max-image-preview:large, max-video-preview:-1\" \/>\n<link rel=\"canonical\" href=\"https:\/\/revistaautobus.com.br\/?p=17451\" \/>\n<meta property=\"og:locale\" content=\"pt_BR\" \/>\n<meta property=\"og:type\" content=\"article\" \/>\n<meta property=\"og:title\" content=\"Na Via\u00e7\u00e3o Ouro e Prata, o motorista \u00e9 show - Revista AutoBus\" \/>\n<meta property=\"og:description\" content=\"Operadora ga\u00facha reconheceu seus profissionais destaques do Programa Motorista Show 2025\" \/>\n<meta property=\"og:url\" content=\"https:\/\/revistaautobus.com.br\/?p=17451\" \/>\n<meta property=\"og:site_name\" content=\"Revista AutoBus\" \/>\n<meta property=\"article:publisher\" content=\"https:\/\/www.facebook.com\/antonio.ferro.3150\" \/>\n<meta property=\"article:published_time\" content=\"2025-12-15T13:26:04+00:00\" \/>\n<meta property=\"article:modified_time\" content=\"2025-12-15T17:13:49+00:00\" \/>\n<meta property=\"og:image\" content=\"https:\/\/revistaautobus.com.br\/wp-content\/uploads\/2025\/12\/DSC056991.jpg\" \/>\n\t<meta property=\"og:image:width\" content=\"1000\" \/>\n\t<meta property=\"og:image:height\" content=\"666\" \/>\n\t<meta property=\"og:image:type\" content=\"image\/jpeg\" \/>\n<meta name=\"author\" content=\"Antonio Ferro\" \/>\n<meta name=\"twitter:card\" content=\"summary_large_image\" \/>\n<meta name=\"twitter:label1\" content=\"Escrito por\" \/>\n\t<meta name=\"twitter:data1\" content=\"Antonio Ferro\" \/>\n\t<meta name=\"twitter:label2\" content=\"Est. tempo de leitura\" \/>\n\t<meta name=\"twitter:data2\" content=\"2 minutos\" \/>\n<script type=\"application\/ld+json\" class=\"yoast-schema-graph\">{\"@context\":\"https:\/\/schema.org\",\"@graph\":[{\"@type\":\"Article\",\"@id\":\"https:\/\/revistaautobus.com.br\/?p=17451#article\",\"isPartOf\":{\"@id\":\"https:\/\/revistaautobus.com.br\/?p=17451\"},\"author\":{\"name\":\"Antonio Ferro\",\"@id\":\"https:\/\/revistaautobus.com.br\/#\/schema\/person\/54af7c3eb83a310e42ef686ef6d16f50\"},\"headline\":\"Na Via\u00e7\u00e3o Ouro e Prata, o motorista \u00e9 show\",\"datePublished\":\"2025-12-15T13:26:04+00:00\",\"dateModified\":\"2025-12-15T17:13:49+00:00\",\"mainEntityOfPage\":{\"@id\":\"https:\/\/revistaautobus.com.br\/?p=17451\"},\"wordCount\":310,\"commentCount\":0,\"publisher\":{\"@id\":\"https:\/\/revistaautobus.com.br\/#organization\"},\"image\":{\"@id\":\"https:\/\/revistaautobus.com.br\/?p=17451#primaryimage\"},\"thumbnailUrl\":\"https:\/\/revistaautobus.com.br\/wp-content\/uploads\/2025\/12\/DSC056991.jpg\",\"keywords\":[\"Via\u00e7\u00e3o Ouro e Prata\"],\"articleSection\":[\"A\u00e7\u00e3o social\",\"Notas\",\"Not\u00edcias\",\"Transporte rodovi\u00e1rio\"],\"inLanguage\":\"pt-BR\",\"potentialAction\":[{\"@type\":\"CommentAction\",\"name\":\"Comment\",\"target\":[\"https:\/\/revistaautobus.com.br\/?p=17451#respond\"]}]},{\"@type\":\"WebPage\",\"@id\":\"https:\/\/revistaautobus.com.br\/?p=17451\",\"url\":\"https:\/\/revistaautobus.com.br\/?p=17451\",\"name\":\"Na Via\u00e7\u00e3o Ouro e Prata, o motorista \u00e9 show - Revista AutoBus\",\"isPartOf\":{\"@id\":\"https:\/\/revistaautobus.com.br\/#website\"},\"primaryImageOfPage\":{\"@id\":\"https:\/\/revistaautobus.com.br\/?p=17451#primaryimage\"},\"image\":{\"@id\":\"https:\/\/revistaautobus.com.br\/?p=17451#primaryimage\"},\"thumbnailUrl\":\"https:\/\/revistaautobus.com.br\/wp-content\/uploads\/2025\/12\/DSC056991.jpg\",\"datePublished\":\"2025-12-15T13:26:04+00:00\",\"dateModified\":\"2025-12-15T17:13:49+00:00\",\"breadcrumb\":{\"@id\":\"https:\/\/revistaautobus.com.br\/?p=17451#breadcrumb\"},\"inLanguage\":\"pt-BR\",\"potentialAction\":[{\"@type\":\"ReadAction\",\"target\":[\"https:\/\/revistaautobus.com.br\/?p=17451\"]}]},{\"@type\":\"ImageObject\",\"inLanguage\":\"pt-BR\",\"@id\":\"https:\/\/revistaautobus.com.br\/?p=17451#primaryimage\",\"url\":\"https:\/\/revistaautobus.com.br\/wp-content\/uploads\/2025\/12\/DSC056991.jpg\",\"contentUrl\":\"https:\/\/revistaautobus.com.br\/wp-content\/uploads\/2025\/12\/DSC056991.jpg\",\"width\":1000,\"height\":666},{\"@type\":\"BreadcrumbList\",\"@id\":\"https:\/\/revistaautobus.com.br\/?p=17451#breadcrumb\",\"itemListElement\":[{\"@type\":\"ListItem\",\"position\":1,\"name\":\"In\u00edcio\",\"item\":\"https:\/\/revistaautobus.com.br\/\"},{\"@type\":\"ListItem\",\"position\":2,\"name\":\"Na Via\u00e7\u00e3o Ouro e Prata, o motorista \u00e9 show\"}]},{\"@type\":\"WebSite\",\"@id\":\"https:\/\/revistaautobus.com.br\/#website\",\"url\":\"https:\/\/revistaautobus.com.br\/\",\"name\":\"Revista AutoBus\",\"description\":\"\",\"publisher\":{\"@id\":\"https:\/\/revistaautobus.com.br\/#organization\"},\"potentialAction\":[{\"@type\":\"SearchAction\",\"target\":{\"@type\":\"EntryPoint\",\"urlTemplate\":\"https:\/\/revistaautobus.com.br\/?s={search_term_string}\"},\"query-input\":{\"@type\":\"PropertyValueSpecification\",\"valueRequired\":true,\"valueName\":\"search_term_string\"}}],\"inLanguage\":\"pt-BR\"},{\"@type\":\"Organization\",\"@id\":\"https:\/\/revistaautobus.com.br\/#organization\",\"name\":\"Revista AutoBus\",\"url\":\"https:\/\/revistaautobus.com.br\/\",\"logo\":{\"@type\":\"ImageObject\",\"inLanguage\":\"pt-BR\",\"@id\":\"https:\/\/revistaautobus.com.br\/#\/schema\/logo\/image\/\",\"url\":\"https:\/\/revistaautobus.com.br\/wp-content\/uploads\/2024\/11\/logo_revista_autobus_fb.png\",\"contentUrl\":\"https:\/\/revistaautobus.com.br\/wp-content\/uploads\/2024\/11\/logo_revista_autobus_fb.png\",\"width\":836,\"height\":227,\"caption\":\"Revista AutoBus\"},\"image\":{\"@id\":\"https:\/\/revistaautobus.com.br\/#\/schema\/logo\/image\/\"},\"sameAs\":[\"https:\/\/www.facebook.com\/antonio.ferro.3150\",\"https:\/\/www.instagram.com\/revistaautobus\/\"]},{\"@type\":\"Person\",\"@id\":\"https:\/\/revistaautobus.com.br\/#\/schema\/person\/54af7c3eb83a310e42ef686ef6d16f50\",\"name\":\"Antonio Ferro\",\"image\":{\"@type\":\"ImageObject\",\"inLanguage\":\"pt-BR\",\"@id\":\"https:\/\/revistaautobus.com.br\/wp-content\/uploads\/2025\/12\/editor_antonio_ferro-150x150.jpg\",\"url\":\"https:\/\/revistaautobus.com.br\/wp-content\/uploads\/2025\/12\/editor_antonio_ferro-150x150.jpg\",\"contentUrl\":\"https:\/\/revistaautobus.com.br\/wp-content\/uploads\/2025\/12\/editor_antonio_ferro-150x150.jpg\",\"caption\":\"Antonio Ferro\"},\"description\":\"infobus@uol.com.br\",\"url\":\"https:\/\/revistaautobus.com.br\/?author=2\"}]}<\/script>\n<!-- \/ Yoast SEO plugin. -->","yoast_head_json":{"title":"Na Via\u00e7\u00e3o Ouro e Prata, o motorista \u00e9 show - Revista AutoBus","robots":{"index":"index","follow":"follow","max-snippet":"max-snippet:-1","max-image-preview":"max-image-preview:large","max-video-preview":"max-video-preview:-1"},"canonical":"https:\/\/revistaautobus.com.br\/?p=17451","og_locale":"pt_BR","og_type":"article","og_title":"Na Via\u00e7\u00e3o Ouro e Prata, o motorista \u00e9 show - Revista AutoBus","og_description":"Operadora ga\u00facha reconheceu seus profissionais destaques do Programa Motorista Show 2025","og_url":"https:\/\/revistaautobus.com.br\/?p=17451","og_site_name":"Revista AutoBus","article_publisher":"https:\/\/www.facebook.com\/antonio.ferro.3150","article_published_time":"2025-12-15T13:26:04+00:00","article_modified_time":"2025-12-15T17:13:49+00:00","og_image":[{"width":1000,"height":666,"url":"https:\/\/revistaautobus.com.br\/wp-content\/uploads\/2025\/12\/DSC056991.jpg","type":"image\/jpeg"}],"author":"Antonio Ferro","twitter_card":"summary_large_image","twitter_misc":{"Escrito por":"Antonio Ferro","Est. tempo de leitura":"2 minutos"},"schema":{"@context":"https:\/\/schema.org","@graph":[{"@type":"Article","@id":"https:\/\/revistaautobus.com.br\/?p=17451#article","isPartOf":{"@id":"https:\/\/revistaautobus.com.br\/?p=17451"},"author":{"name":"Antonio Ferro","@id":"https:\/\/revistaautobus.com.br\/#\/schema\/person\/54af7c3eb83a310e42ef686ef6d16f50"},"headline":"Na Via\u00e7\u00e3o Ouro e Prata, o motorista \u00e9 show","datePublished":"2025-12-15T13:26:04+00:00","dateModified":"2025-12-15T17:13:49+00:00","mainEntityOfPage":{"@id":"https:\/\/revistaautobus.com.br\/?p=17451"},"wordCount":310,"commentCount":0,"publisher":{"@id":"https:\/\/revistaautobus.com.br\/#organization"},"image":{"@id":"https:\/\/revistaautobus.com.br\/?p=17451#primaryimage"},"thumbnailUrl":"https:\/\/revistaautobus.com.br\/wp-content\/uploads\/2025\/12\/DSC056991.jpg","keywords":["Via\u00e7\u00e3o Ouro e Prata"],"articleSection":["A\u00e7\u00e3o social","Notas","Not\u00edcias","Transporte rodovi\u00e1rio"],"inLanguage":"pt-BR","potentialAction":[{"@type":"CommentAction","name":"Comment","target":["https:\/\/revistaautobus.com.br\/?p=17451#respond"]}]},{"@type":"WebPage","@id":"https:\/\/revistaautobus.com.br\/?p=17451","url":"https:\/\/revistaautobus.com.br\/?p=17451","name":"Na Via\u00e7\u00e3o Ouro e Prata, o motorista \u00e9 show - Revista AutoBus","isPartOf":{"@id":"https:\/\/revistaautobus.com.br\/#website"},"primaryImageOfPage":{"@id":"https:\/\/revistaautobus.com.br\/?p=17451#primaryimage"},"image":{"@id":"https:\/\/revistaautobus.com.br\/?p=17451#primaryimage"},"thumbnailUrl":"https:\/\/revistaautobus.com.br\/wp-content\/uploads\/2025\/12\/DSC056991.jpg","datePublished":"2025-12-15T13:26:04+00:00","dateModified":"2025-12-15T17:13:49+00:00","breadcrumb":{"@id":"https:\/\/revistaautobus.com.br\/?p=17451#breadcrumb"},"inLanguage":"pt-BR","potentialAction":[{"@type":"ReadAction","target":["https:\/\/revistaautobus.com.br\/?p=17451"]}]},{"@type":"ImageObject","inLanguage":"pt-BR","@id":"https:\/\/revistaautobus.com.br\/?p=17451#primaryimage","url":"https:\/\/revistaautobus.com.br\/wp-content\/uploads\/2025\/12\/DSC056991.jpg","contentUrl":"https:\/\/revistaautobus.com.br\/wp-content\/uploads\/2025\/12\/DSC056991.jpg","width":1000,"height":666},{"@type":"BreadcrumbList","@id":"https:\/\/revistaautobus.com.br\/?p=17451#breadcrumb","itemListElement":[{"@type":"ListItem","position":1,"name":"In\u00edcio","item":"https:\/\/revistaautobus.com.br\/"},{"@type":"ListItem","position":2,"name":"Na Via\u00e7\u00e3o Ouro e Prata, o motorista \u00e9 show"}]},{"@type":"WebSite","@id":"https:\/\/revistaautobus.com.br\/#website","url":"https:\/\/revistaautobus.com.br\/","name":"Revista AutoBus","description":"","publisher":{"@id":"https:\/\/revistaautobus.com.br\/#organization"},"potentialAction":[{"@type":"SearchAction","target":{"@type":"EntryPoint","urlTemplate":"https:\/\/revistaautobus.com.br\/?s={search_term_string}"},"query-input":{"@type":"PropertyValueSpecification","valueRequired":true,"valueName":"search_term_string"}}],"inLanguage":"pt-BR"},{"@type":"Organization","@id":"https:\/\/revistaautobus.com.br\/#organization","name":"Revista AutoBus","url":"https:\/\/revistaautobus.com.br\/","logo":{"@type":"ImageObject","inLanguage":"pt-BR","@id":"https:\/\/revistaautobus.com.br\/#\/schema\/logo\/image\/","url":"https:\/\/revistaautobus.com.br\/wp-content\/uploads\/2024\/11\/logo_revista_autobus_fb.png","contentUrl":"https:\/\/revistaautobus.com.br\/wp-content\/uploads\/2024\/11\/logo_revista_autobus_fb.png","width":836,"height":227,"caption":"Revista AutoBus"},"image":{"@id":"https:\/\/revistaautobus.com.br\/#\/schema\/logo\/image\/"},"sameAs":["https:\/\/www.facebook.com\/antonio.ferro.3150","https:\/\/www.instagram.com\/revistaautobus\/"]},{"@type":"Person","@id":"https:\/\/revistaautobus.com.br\/#\/schema\/person\/54af7c3eb83a310e42ef686ef6d16f50","name":"Antonio Ferro","image":{"@type":"ImageObject","inLanguage":"pt-BR","@id":"https:\/\/revistaautobus.com.br\/wp-content\/uploads\/2025\/12\/editor_antonio_ferro-150x150.jpg","url":"https:\/\/revistaautobus.com.br\/wp-content\/uploads\/2025\/12\/editor_antonio_ferro-150x150.jpg","contentUrl":"https:\/\/revistaautobus.com.br\/wp-content\/uploads\/2025\/12\/editor_antonio_ferro-150x150.jpg","caption":"Antonio Ferro"},"description":"infobus@uol.com.br","url":"https:\/\/revistaautobus.com.br\/?author=2"}]}},"jetpack_featured_media_url":"https:\/\/revistaautobus.com.br\/wp-content\/uploads\/2025\/12\/DSC056991.jpg","jetpack_sharing_enabled":true,"_links":{"self":[{"href":"https:\/\/revistaautobus.com.br\/index.php?rest_route=\/wp\/v2\/posts\/17451","targetHints":{"allow":["GET"]}}],"collection":[{"href":"https:\/\/revistaautobus.com.br\/index.php?rest_route=\/wp\/v2\/posts"}],"about":[{"href":"https:\/\/revistaautobus.com.br\/index.php?rest_route=\/wp\/v2\/types\/post"}],"author":[{"embeddable":true,"href":"https:\/\/revistaautobus.com.br\/index.php?rest_route=\/wp\/v2\/users\/2"}],"replies":[{"embeddable":true,"href":"https:\/\/revistaautobus.com.br\/index.php?rest_route=%2Fwp%2Fv2%2Fcomments&post=17451"}],"version-history":[{"count":3,"href":"https:\/\/revistaautobus.com.br\/index.php?rest_route=\/wp\/v2\/posts\/17451\/revisions"}],"predecessor-version":[{"id":17469,"href":"https:\/\/revistaautobus.com.br\/index.php?rest_route=\/wp\/v2\/posts\/17451\/revisions\/17469"}],"wp:featuredmedia":[{"embeddable":true,"href":"https:\/\/revistaautobus.com.br\/index.php?rest_route=\/wp\/v2\/media\/17452"}],"wp:attachment":[{"href":"https:\/\/revistaautobus.com.br\/index.php?rest_route=%2Fwp%2Fv2%2Fmedia&parent=17451"}],"wp:term":[{"taxonomy":"category","embeddable":true,"href":"https:\/\/revistaautobus.com.br\/index.php?rest_route=%2Fwp%2Fv2%2Fcategories&post=17451"},{"taxonomy":"post_tag","embeddable":true,"href":"https:\/\/revistaautobus.com.br\/index.php?rest_route=%2Fwp%2Fv2%2Ftags&post=17451"}],"curies":[{"name":"wp","href":"https:\/\/api.w.org\/{rel}","templated":true}]}}