{"id":17456,"date":"2025-12-15T10:28:24","date_gmt":"2025-12-15T13:28:24","guid":{"rendered":"https:\/\/revistaautobus.com.br\/?p=17456"},"modified":"2025-12-15T10:28:24","modified_gmt":"2025-12-15T13:28:24","slug":"no-norte-do-pais-a-mercedes-benz-e-destaque","status":"publish","type":"post","link":"https:\/\/revistaautobus.com.br\/?p=17456","title":{"rendered":"No norte do Pa\u00eds, a Mercedes-Benz \u00e9 destaque"},"content":{"rendered":"<p>A cidade de Boa Vista, capital de Roraima, est\u00e1 com novos \u00f4nibus em seu sistema de transporte coletivo urbano. A Via\u00e7\u00e3o Cidade Boa Vista adquiriu 18 unidades do chassi 1721, que foram encarro\u00e7ados pela Mascarello, portando ar-condicionado e portas USB para os passageiros.<\/p>\n<p>Segundo a fabricante, seu modelo pode receber carro\u00e7arias de at\u00e9 13,2 metros, sendo equipado com o motor eletr\u00f4nico OM-924 LA de 4 cilindros, compat\u00edvel com a norma Proconve P8 (Euro VI), que oferece pot\u00eancia de 208 cv a 2.200 rpm e torque de 780 Nm de 1.200 a 1.600 rpm. Para a marca, esse motor \u00e9 refer\u00eancia pela economia no consumo de combust\u00edvel e pelo alto torque em baixas rota\u00e7\u00f5es. \u201cO OF 1721, o campe\u00e3o de vendas do Pa\u00eds, segue conquistando a prefer\u00eancia dos operadores do transporte coletivo urbano, o que acontece agora na capital de Roraima. Juntamente com a Mardisa e o Banco Mercedes-Benz entregamos uma solu\u00e7\u00e3o completa, com um produto bastante reconhecido pela qualidade, confiabilidade e rentabilidade e com servi\u00e7os financeiros e de p\u00f3s-venda que atendem \u00e0s necessidades do cliente\u201d, destacou Walter Barbosa, vice-presidente de Vendas, Marketing e Pe\u00e7as &amp; Servi\u00e7os \u00d4nibus da Mercedes-Benz do Brasil.<\/p>\n<p>J\u00e1 Rafael Mendes Vieira, presidente da Via\u00e7\u00e3o Cidade Boa Vista, disse que a compra dos novos \u00f4nibus foi por meio do financiamento oferecido pelo PAC da Mobilidade, visando a melhoria para o transporte coletivo da capital. \u201cTemos muita confiabilidade no ve\u00edculo Mercedes-Benz, que se destaca pela tecnologia compat\u00edvel com o padr\u00e3o Euro VI, que traz sustentabilidade ambiental \u00e0 nossa opera\u00e7\u00e3o. Contamos tamb\u00e9m com o bom p\u00f3s-venda da Mardisa, que nos oferece Planos de Manuten\u00e7\u00e3o e servi\u00e7o dedicado em nossa garagem, al\u00e9m do atendimento prestado pelo Banco Mercedes-Benz, que financiou cerca de 70% do que investimos na compra dos 18 \u00f4nibus\u201d, explicou.<\/p>\n<p>Imagem &#8211; Divulga\u00e7\u00e3o<\/p>\n","protected":false},"excerpt":{"rendered":"<p>O chassi de \u00f4nibus urbano OF 1721 foi o escolhido pela Via\u00e7\u00e3o Cidade Boa Vista para renova\u00e7\u00e3o de frota na capital de Roraima<\/p>\n","protected":false},"author":2,"featured_media":17457,"comment_status":"open","ping_status":"open","sticky":false,"template":"","format":"standard","meta":{"_et_pb_use_builder":"","_et_pb_old_content":"","_et_gb_content_width":"","_jetpack_memberships_contains_paid_content":false,"footnotes":""},"categories":[1060,90],"tags":[17],"class_list":["post-17456","post","type-post","status-publish","format-standard","has-post-thumbnail","hentry","category-notas","category-noticias","tag-mercedes-benz","et-has-post-format-content","et_post_format-et-post-format-standard"],"yoast_head":"<!-- This site is optimized with the Yoast SEO plugin v27.2 - https:\/\/yoast.com\/product\/yoast-seo-wordpress\/ -->\n<title>No norte do Pa\u00eds, a Mercedes-Benz \u00e9 destaque - Revista AutoBus<\/title>\n<meta name=\"robots\" content=\"index, follow, max-snippet:-1, max-image-preview:large, max-video-preview:-1\" \/>\n<link rel=\"canonical\" href=\"https:\/\/revistaautobus.com.br\/?p=17456\" \/>\n<meta property=\"og:locale\" content=\"pt_BR\" \/>\n<meta property=\"og:type\" content=\"article\" \/>\n<meta property=\"og:title\" content=\"No norte do Pa\u00eds, a Mercedes-Benz \u00e9 destaque - Revista AutoBus\" \/>\n<meta property=\"og:description\" content=\"O chassi de \u00f4nibus urbano OF 1721 foi o escolhido pela Via\u00e7\u00e3o Cidade Boa Vista para renova\u00e7\u00e3o de frota na capital de Roraima\" \/>\n<meta property=\"og:url\" content=\"https:\/\/revistaautobus.com.br\/?p=17456\" \/>\n<meta property=\"og:site_name\" content=\"Revista AutoBus\" \/>\n<meta property=\"article:publisher\" content=\"https:\/\/www.facebook.com\/antonio.ferro.3150\" \/>\n<meta property=\"article:published_time\" content=\"2025-12-15T13:28:24+00:00\" \/>\n<meta property=\"og:image\" content=\"https:\/\/revistaautobus.com.br\/wp-content\/uploads\/2025\/12\/img-10007-20251208-162912-612-B744-20251208-162632-896-BB50_image-2.jpg\" \/>\n\t<meta property=\"og:image:width\" content=\"776\" \/>\n\t<meta property=\"og:image:height\" content=\"1024\" \/>\n\t<meta property=\"og:image:type\" content=\"image\/jpeg\" \/>\n<meta name=\"author\" content=\"Antonio Ferro\" \/>\n<meta name=\"twitter:card\" content=\"summary_large_image\" \/>\n<meta name=\"twitter:label1\" content=\"Escrito por\" \/>\n\t<meta name=\"twitter:data1\" content=\"Antonio Ferro\" \/>\n\t<meta name=\"twitter:label2\" content=\"Est. tempo de leitura\" \/>\n\t<meta name=\"twitter:data2\" content=\"2 minutos\" \/>\n<script type=\"application\/ld+json\" class=\"yoast-schema-graph\">{\"@context\":\"https:\/\/schema.org\",\"@graph\":[{\"@type\":\"Article\",\"@id\":\"https:\/\/revistaautobus.com.br\/?p=17456#article\",\"isPartOf\":{\"@id\":\"https:\/\/revistaautobus.com.br\/?p=17456\"},\"author\":{\"name\":\"Antonio Ferro\",\"@id\":\"https:\/\/revistaautobus.com.br\/#\/schema\/person\/54af7c3eb83a310e42ef686ef6d16f50\"},\"headline\":\"No norte do Pa\u00eds, a Mercedes-Benz \u00e9 destaque\",\"datePublished\":\"2025-12-15T13:28:24+00:00\",\"mainEntityOfPage\":{\"@id\":\"https:\/\/revistaautobus.com.br\/?p=17456\"},\"wordCount\":317,\"commentCount\":0,\"publisher\":{\"@id\":\"https:\/\/revistaautobus.com.br\/#organization\"},\"image\":{\"@id\":\"https:\/\/revistaautobus.com.br\/?p=17456#primaryimage\"},\"thumbnailUrl\":\"https:\/\/revistaautobus.com.br\/wp-content\/uploads\/2025\/12\/img-10007-20251208-162912-612-B744-20251208-162632-896-BB50_image-2.jpg\",\"keywords\":[\"mercedes-benz\"],\"articleSection\":[\"Notas\",\"Not\u00edcias\"],\"inLanguage\":\"pt-BR\",\"potentialAction\":[{\"@type\":\"CommentAction\",\"name\":\"Comment\",\"target\":[\"https:\/\/revistaautobus.com.br\/?p=17456#respond\"]}]},{\"@type\":\"WebPage\",\"@id\":\"https:\/\/revistaautobus.com.br\/?p=17456\",\"url\":\"https:\/\/revistaautobus.com.br\/?p=17456\",\"name\":\"No norte do Pa\u00eds, a Mercedes-Benz \u00e9 destaque - Revista AutoBus\",\"isPartOf\":{\"@id\":\"https:\/\/revistaautobus.com.br\/#website\"},\"primaryImageOfPage\":{\"@id\":\"https:\/\/revistaautobus.com.br\/?p=17456#primaryimage\"},\"image\":{\"@id\":\"https:\/\/revistaautobus.com.br\/?p=17456#primaryimage\"},\"thumbnailUrl\":\"https:\/\/revistaautobus.com.br\/wp-content\/uploads\/2025\/12\/img-10007-20251208-162912-612-B744-20251208-162632-896-BB50_image-2.jpg\",\"datePublished\":\"2025-12-15T13:28:24+00:00\",\"breadcrumb\":{\"@id\":\"https:\/\/revistaautobus.com.br\/?p=17456#breadcrumb\"},\"inLanguage\":\"pt-BR\",\"potentialAction\":[{\"@type\":\"ReadAction\",\"target\":[\"https:\/\/revistaautobus.com.br\/?p=17456\"]}]},{\"@type\":\"ImageObject\",\"inLanguage\":\"pt-BR\",\"@id\":\"https:\/\/revistaautobus.com.br\/?p=17456#primaryimage\",\"url\":\"https:\/\/revistaautobus.com.br\/wp-content\/uploads\/2025\/12\/img-10007-20251208-162912-612-B744-20251208-162632-896-BB50_image-2.jpg\",\"contentUrl\":\"https:\/\/revistaautobus.com.br\/wp-content\/uploads\/2025\/12\/img-10007-20251208-162912-612-B744-20251208-162632-896-BB50_image-2.jpg\",\"width\":776,\"height\":1024},{\"@type\":\"BreadcrumbList\",\"@id\":\"https:\/\/revistaautobus.com.br\/?p=17456#breadcrumb\",\"itemListElement\":[{\"@type\":\"ListItem\",\"position\":1,\"name\":\"In\u00edcio\",\"item\":\"https:\/\/revistaautobus.com.br\/\"},{\"@type\":\"ListItem\",\"position\":2,\"name\":\"No norte do Pa\u00eds, a Mercedes-Benz \u00e9 destaque\"}]},{\"@type\":\"WebSite\",\"@id\":\"https:\/\/revistaautobus.com.br\/#website\",\"url\":\"https:\/\/revistaautobus.com.br\/\",\"name\":\"Revista AutoBus\",\"description\":\"\",\"publisher\":{\"@id\":\"https:\/\/revistaautobus.com.br\/#organization\"},\"potentialAction\":[{\"@type\":\"SearchAction\",\"target\":{\"@type\":\"EntryPoint\",\"urlTemplate\":\"https:\/\/revistaautobus.com.br\/?s={search_term_string}\"},\"query-input\":{\"@type\":\"PropertyValueSpecification\",\"valueRequired\":true,\"valueName\":\"search_term_string\"}}],\"inLanguage\":\"pt-BR\"},{\"@type\":\"Organization\",\"@id\":\"https:\/\/revistaautobus.com.br\/#organization\",\"name\":\"Revista AutoBus\",\"url\":\"https:\/\/revistaautobus.com.br\/\",\"logo\":{\"@type\":\"ImageObject\",\"inLanguage\":\"pt-BR\",\"@id\":\"https:\/\/revistaautobus.com.br\/#\/schema\/logo\/image\/\",\"url\":\"https:\/\/revistaautobus.com.br\/wp-content\/uploads\/2024\/11\/logo_revista_autobus_fb.png\",\"contentUrl\":\"https:\/\/revistaautobus.com.br\/wp-content\/uploads\/2024\/11\/logo_revista_autobus_fb.png\",\"width\":836,\"height\":227,\"caption\":\"Revista AutoBus\"},\"image\":{\"@id\":\"https:\/\/revistaautobus.com.br\/#\/schema\/logo\/image\/\"},\"sameAs\":[\"https:\/\/www.facebook.com\/antonio.ferro.3150\",\"https:\/\/www.instagram.com\/revistaautobus\/\"]},{\"@type\":\"Person\",\"@id\":\"https:\/\/revistaautobus.com.br\/#\/schema\/person\/54af7c3eb83a310e42ef686ef6d16f50\",\"name\":\"Antonio Ferro\",\"image\":{\"@type\":\"ImageObject\",\"inLanguage\":\"pt-BR\",\"@id\":\"https:\/\/revistaautobus.com.br\/wp-content\/uploads\/2025\/12\/editor_antonio_ferro-150x150.jpg\",\"url\":\"https:\/\/revistaautobus.com.br\/wp-content\/uploads\/2025\/12\/editor_antonio_ferro-150x150.jpg\",\"contentUrl\":\"https:\/\/revistaautobus.com.br\/wp-content\/uploads\/2025\/12\/editor_antonio_ferro-150x150.jpg\",\"caption\":\"Antonio Ferro\"},\"description\":\"infobus@uol.com.br\",\"url\":\"https:\/\/revistaautobus.com.br\/?author=2\"}]}<\/script>\n<!-- \/ Yoast SEO plugin. -->","yoast_head_json":{"title":"No norte do Pa\u00eds, a Mercedes-Benz \u00e9 destaque - Revista AutoBus","robots":{"index":"index","follow":"follow","max-snippet":"max-snippet:-1","max-image-preview":"max-image-preview:large","max-video-preview":"max-video-preview:-1"},"canonical":"https:\/\/revistaautobus.com.br\/?p=17456","og_locale":"pt_BR","og_type":"article","og_title":"No norte do Pa\u00eds, a Mercedes-Benz \u00e9 destaque - Revista AutoBus","og_description":"O chassi de \u00f4nibus urbano OF 1721 foi o escolhido pela Via\u00e7\u00e3o Cidade Boa Vista para renova\u00e7\u00e3o de frota na capital de Roraima","og_url":"https:\/\/revistaautobus.com.br\/?p=17456","og_site_name":"Revista AutoBus","article_publisher":"https:\/\/www.facebook.com\/antonio.ferro.3150","article_published_time":"2025-12-15T13:28:24+00:00","og_image":[{"width":776,"height":1024,"url":"https:\/\/revistaautobus.com.br\/wp-content\/uploads\/2025\/12\/img-10007-20251208-162912-612-B744-20251208-162632-896-BB50_image-2.jpg","type":"image\/jpeg"}],"author":"Antonio Ferro","twitter_card":"summary_large_image","twitter_misc":{"Escrito por":"Antonio Ferro","Est. tempo de leitura":"2 minutos"},"schema":{"@context":"https:\/\/schema.org","@graph":[{"@type":"Article","@id":"https:\/\/revistaautobus.com.br\/?p=17456#article","isPartOf":{"@id":"https:\/\/revistaautobus.com.br\/?p=17456"},"author":{"name":"Antonio Ferro","@id":"https:\/\/revistaautobus.com.br\/#\/schema\/person\/54af7c3eb83a310e42ef686ef6d16f50"},"headline":"No norte do Pa\u00eds, a Mercedes-Benz \u00e9 destaque","datePublished":"2025-12-15T13:28:24+00:00","mainEntityOfPage":{"@id":"https:\/\/revistaautobus.com.br\/?p=17456"},"wordCount":317,"commentCount":0,"publisher":{"@id":"https:\/\/revistaautobus.com.br\/#organization"},"image":{"@id":"https:\/\/revistaautobus.com.br\/?p=17456#primaryimage"},"thumbnailUrl":"https:\/\/revistaautobus.com.br\/wp-content\/uploads\/2025\/12\/img-10007-20251208-162912-612-B744-20251208-162632-896-BB50_image-2.jpg","keywords":["mercedes-benz"],"articleSection":["Notas","Not\u00edcias"],"inLanguage":"pt-BR","potentialAction":[{"@type":"CommentAction","name":"Comment","target":["https:\/\/revistaautobus.com.br\/?p=17456#respond"]}]},{"@type":"WebPage","@id":"https:\/\/revistaautobus.com.br\/?p=17456","url":"https:\/\/revistaautobus.com.br\/?p=17456","name":"No norte do Pa\u00eds, a Mercedes-Benz \u00e9 destaque - Revista AutoBus","isPartOf":{"@id":"https:\/\/revistaautobus.com.br\/#website"},"primaryImageOfPage":{"@id":"https:\/\/revistaautobus.com.br\/?p=17456#primaryimage"},"image":{"@id":"https:\/\/revistaautobus.com.br\/?p=17456#primaryimage"},"thumbnailUrl":"https:\/\/revistaautobus.com.br\/wp-content\/uploads\/2025\/12\/img-10007-20251208-162912-612-B744-20251208-162632-896-BB50_image-2.jpg","datePublished":"2025-12-15T13:28:24+00:00","breadcrumb":{"@id":"https:\/\/revistaautobus.com.br\/?p=17456#breadcrumb"},"inLanguage":"pt-BR","potentialAction":[{"@type":"ReadAction","target":["https:\/\/revistaautobus.com.br\/?p=17456"]}]},{"@type":"ImageObject","inLanguage":"pt-BR","@id":"https:\/\/revistaautobus.com.br\/?p=17456#primaryimage","url":"https:\/\/revistaautobus.com.br\/wp-content\/uploads\/2025\/12\/img-10007-20251208-162912-612-B744-20251208-162632-896-BB50_image-2.jpg","contentUrl":"https:\/\/revistaautobus.com.br\/wp-content\/uploads\/2025\/12\/img-10007-20251208-162912-612-B744-20251208-162632-896-BB50_image-2.jpg","width":776,"height":1024},{"@type":"BreadcrumbList","@id":"https:\/\/revistaautobus.com.br\/?p=17456#breadcrumb","itemListElement":[{"@type":"ListItem","position":1,"name":"In\u00edcio","item":"https:\/\/revistaautobus.com.br\/"},{"@type":"ListItem","position":2,"name":"No norte do Pa\u00eds, a Mercedes-Benz \u00e9 destaque"}]},{"@type":"WebSite","@id":"https:\/\/revistaautobus.com.br\/#website","url":"https:\/\/revistaautobus.com.br\/","name":"Revista AutoBus","description":"","publisher":{"@id":"https:\/\/revistaautobus.com.br\/#organization"},"potentialAction":[{"@type":"SearchAction","target":{"@type":"EntryPoint","urlTemplate":"https:\/\/revistaautobus.com.br\/?s={search_term_string}"},"query-input":{"@type":"PropertyValueSpecification","valueRequired":true,"valueName":"search_term_string"}}],"inLanguage":"pt-BR"},{"@type":"Organization","@id":"https:\/\/revistaautobus.com.br\/#organization","name":"Revista AutoBus","url":"https:\/\/revistaautobus.com.br\/","logo":{"@type":"ImageObject","inLanguage":"pt-BR","@id":"https:\/\/revistaautobus.com.br\/#\/schema\/logo\/image\/","url":"https:\/\/revistaautobus.com.br\/wp-content\/uploads\/2024\/11\/logo_revista_autobus_fb.png","contentUrl":"https:\/\/revistaautobus.com.br\/wp-content\/uploads\/2024\/11\/logo_revista_autobus_fb.png","width":836,"height":227,"caption":"Revista AutoBus"},"image":{"@id":"https:\/\/revistaautobus.com.br\/#\/schema\/logo\/image\/"},"sameAs":["https:\/\/www.facebook.com\/antonio.ferro.3150","https:\/\/www.instagram.com\/revistaautobus\/"]},{"@type":"Person","@id":"https:\/\/revistaautobus.com.br\/#\/schema\/person\/54af7c3eb83a310e42ef686ef6d16f50","name":"Antonio Ferro","image":{"@type":"ImageObject","inLanguage":"pt-BR","@id":"https:\/\/revistaautobus.com.br\/wp-content\/uploads\/2025\/12\/editor_antonio_ferro-150x150.jpg","url":"https:\/\/revistaautobus.com.br\/wp-content\/uploads\/2025\/12\/editor_antonio_ferro-150x150.jpg","contentUrl":"https:\/\/revistaautobus.com.br\/wp-content\/uploads\/2025\/12\/editor_antonio_ferro-150x150.jpg","caption":"Antonio Ferro"},"description":"infobus@uol.com.br","url":"https:\/\/revistaautobus.com.br\/?author=2"}]}},"jetpack_featured_media_url":"https:\/\/revistaautobus.com.br\/wp-content\/uploads\/2025\/12\/img-10007-20251208-162912-612-B744-20251208-162632-896-BB50_image-2.jpg","jetpack_sharing_enabled":true,"_links":{"self":[{"href":"https:\/\/revistaautobus.com.br\/index.php?rest_route=\/wp\/v2\/posts\/17456","targetHints":{"allow":["GET"]}}],"collection":[{"href":"https:\/\/revistaautobus.com.br\/index.php?rest_route=\/wp\/v2\/posts"}],"about":[{"href":"https:\/\/revistaautobus.com.br\/index.php?rest_route=\/wp\/v2\/types\/post"}],"author":[{"embeddable":true,"href":"https:\/\/revistaautobus.com.br\/index.php?rest_route=\/wp\/v2\/users\/2"}],"replies":[{"embeddable":true,"href":"https:\/\/revistaautobus.com.br\/index.php?rest_route=%2Fwp%2Fv2%2Fcomments&post=17456"}],"version-history":[{"count":2,"href":"https:\/\/revistaautobus.com.br\/index.php?rest_route=\/wp\/v2\/posts\/17456\/revisions"}],"predecessor-version":[{"id":17459,"href":"https:\/\/revistaautobus.com.br\/index.php?rest_route=\/wp\/v2\/posts\/17456\/revisions\/17459"}],"wp:featuredmedia":[{"embeddable":true,"href":"https:\/\/revistaautobus.com.br\/index.php?rest_route=\/wp\/v2\/media\/17457"}],"wp:attachment":[{"href":"https:\/\/revistaautobus.com.br\/index.php?rest_route=%2Fwp%2Fv2%2Fmedia&parent=17456"}],"wp:term":[{"taxonomy":"category","embeddable":true,"href":"https:\/\/revistaautobus.com.br\/index.php?rest_route=%2Fwp%2Fv2%2Fcategories&post=17456"},{"taxonomy":"post_tag","embeddable":true,"href":"https:\/\/revistaautobus.com.br\/index.php?rest_route=%2Fwp%2Fv2%2Ftags&post=17456"}],"curies":[{"name":"wp","href":"https:\/\/api.w.org\/{rel}","templated":true}]}}