{"id":17461,"date":"2025-12-15T10:53:50","date_gmt":"2025-12-15T13:53:50","guid":{"rendered":"https:\/\/revistaautobus.com.br\/?p=17461"},"modified":"2025-12-15T14:12:59","modified_gmt":"2025-12-15T17:12:59","slug":"expresso-itamarati-renova-e-moderniza-sua-frota-com-onibus-busscar","status":"publish","type":"post","link":"https:\/\/revistaautobus.com.br\/?p=17461","title":{"rendered":"Expresso Itamarati renova e moderniza sua frota com \u00f4nibus Busscar"},"content":{"rendered":"<p>No noroeste paulista, uma operadora que tem longa tradi\u00e7\u00e3o no setor do transporte rodovi\u00e1rio acaba de renovar sua frota de \u00f4nibus. O Expresso Itamarati, junto com sua coligada Via\u00e7\u00e3o S\u00e3o Geraldo Sacramento, recebeu 70 novos \u00f4nibus, todos com carro\u00e7arias da marca Busscar e chassis Mercedes-Benz e Scania.<\/p>\n<p>Do total, a transportadora Itamarati recebeu oito unidades do Panor\u00e2mico DD NB1, 16 unidades do El Buss FT e 21 unidades do modelo Vissta Buss 365, refor\u00e7ando sua estrat\u00e9gia de moderniza\u00e7\u00e3o e amplia\u00e7\u00e3o da frota. J\u00e1 a Via\u00e7\u00e3o S\u00e3o Geraldo Sacramento incorporou 26 unidades do modelo El Buss FT, totalizando 42 novos ve\u00edculos em 2025, todos montados sobre chassi Mercedes-Benz.<\/p>\n<p>Os novos ve\u00edculos ser\u00e3o usados em rotas rodovi\u00e1rias regulares e em servi\u00e7os de fretamento. E, de acordo com a Busscar, essa aquisi\u00e7\u00e3o conjunta evidencia a vis\u00e3o estrat\u00e9gica, investimentos consistentes e compromisso permanente com a excel\u00eancia no atendimento aos passageiros, pois as duas companhias reafirmam sua dedica\u00e7\u00e3o em operar com frotas modernas, confort\u00e1veis e alinhadas \u00e0s demandas atuais do transporte rodovi\u00e1rio, consolidando-se como refer\u00eancias nacionais em qualidade, seguran\u00e7a e inova\u00e7\u00e3o. \u201c\u00c9 uma grande satisfa\u00e7\u00e3o atender duas empresas de refer\u00eancia como Expresso Itamarati e Via\u00e7\u00e3o S\u00e3o Geraldo Sacramento. A entrega de mais esse volume de ve\u00edculos demonstra o compromisso da Busscar em oferecer solu\u00e7\u00f5es completas, unindo conforto, tecnologia e durabilidade. Seguimos empenhados em apoiar nossos clientes em seus projetos de amplia\u00e7\u00e3o e moderniza\u00e7\u00e3o de frota\u201d, ressaltou Paulo Corso, diretor-comercial da empresa catarinense.<\/p>\n<p><img loading=\"lazy\" decoding=\"async\" class=\"alignnone wp-image-17463 size-large\" src=\"https:\/\/revistaautobus.com.br\/wp-content\/uploads\/2025\/12\/Imagem-do-WhatsApp-de-2025-12-10-as-13.05.33_262f53c4-1024x683.jpg\" alt=\"\" width=\"1024\" height=\"683\" srcset=\"https:\/\/revistaautobus.com.br\/wp-content\/uploads\/2025\/12\/Imagem-do-WhatsApp-de-2025-12-10-as-13.05.33_262f53c4-1024x683.jpg 1024w, https:\/\/revistaautobus.com.br\/wp-content\/uploads\/2025\/12\/Imagem-do-WhatsApp-de-2025-12-10-as-13.05.33_262f53c4-300x200.jpg 300w, https:\/\/revistaautobus.com.br\/wp-content\/uploads\/2025\/12\/Imagem-do-WhatsApp-de-2025-12-10-as-13.05.33_262f53c4-768x512.jpg 768w, https:\/\/revistaautobus.com.br\/wp-content\/uploads\/2025\/12\/Imagem-do-WhatsApp-de-2025-12-10-as-13.05.33_262f53c4-1080x721.jpg 1080w, https:\/\/revistaautobus.com.br\/wp-content\/uploads\/2025\/12\/Imagem-do-WhatsApp-de-2025-12-10-as-13.05.33_262f53c4.jpg 1280w\" sizes=\"(max-width: 1024px) 100vw, 1024px\" \/><\/p>\n<p>Para as linhas regulares, o Expresso Itamarati recebeu 21 unidades da carro\u00e7aria Vissta Buss 365 NB1, que trazem 46 poltronas Class Leito Turismo, sistema de ar-condicionado de teto com renova\u00e7\u00e3o de ar e filtro anti-p\u00f3len, dois tetos solares com renova\u00e7\u00e3o de ar (um com exaustor e outro com ventilador), ilumina\u00e7\u00e3o lateral nos porta-pacotes e junto \u00e0s janelas do sal\u00e3o na cor azul, ilumina\u00e7\u00e3o lateral no peitoril abaixo das janelas, tamb\u00e9m em LED azul, m\u00f3vel no final do corredor com sistema de refrigera\u00e7\u00e3o, incluindo geladeira de 60 litros e porta-copos individuais embutidos, tomada USB individual no porta-pacotes para cada passageiro e prepara\u00e7\u00e3o para instala\u00e7\u00e3o de seis caixas de alto-falantes triaxiais 50W (tr\u00eas em cada lado, sobre o porta-pacotes).<\/p>\n<p>Quanto \u00e0s oito unidades do Panor\u00e2mico DD NB1, elas contam com 44 Poltronas Class Leito Turismo no piso superior e oito poltronas Leito no piso inferior, personalizadas de alto padr\u00e3o, dois tetos solares com renova\u00e7\u00e3o de ar (um com exaustor e outro com ventilador), ilumina\u00e7\u00e3o lateral em LED azul nos porta-pacotes\/dutos, luz de corredor em LED cristal sob as poltronas dos dois sal\u00f5es e ambientes amplos, climatizados e projetados para m\u00e1ximo conforto.<\/p>\n<p>Em rela\u00e7\u00e3o ao modelo El Buss FT, ele \u00e9 destacado pela Busscar como um ve\u00edculo eficiente, robusto e com excelente custo-benef\u00edcio para opera\u00e7\u00f5es em servi\u00e7os de fretamento, trazendo seguran\u00e7a e conforto em trajetos urbanos, rodovi\u00e1rios e intermunicipais, com amplo espa\u00e7o interno de 2,60 m de largura e acabamento de alta qualidade e f\u00e1cil manuten\u00e7\u00e3o. As carro\u00e7arias fornecidas \u00e0s operadoras contam com 47 poltronas e ar-condicionado.<\/p>\n<p><img loading=\"lazy\" decoding=\"async\" class=\"alignnone wp-image-17464 size-large\" src=\"https:\/\/revistaautobus.com.br\/wp-content\/uploads\/2025\/12\/Imagem-do-WhatsApp-de-2025-12-10-as-13.05.33_583c9f63-1024x438.jpg\" alt=\"\" width=\"1024\" height=\"438\" srcset=\"https:\/\/revistaautobus.com.br\/wp-content\/uploads\/2025\/12\/Imagem-do-WhatsApp-de-2025-12-10-as-13.05.33_583c9f63-1024x438.jpg 1024w, https:\/\/revistaautobus.com.br\/wp-content\/uploads\/2025\/12\/Imagem-do-WhatsApp-de-2025-12-10-as-13.05.33_583c9f63-300x128.jpg 300w, https:\/\/revistaautobus.com.br\/wp-content\/uploads\/2025\/12\/Imagem-do-WhatsApp-de-2025-12-10-as-13.05.33_583c9f63-768x329.jpg 768w, https:\/\/revistaautobus.com.br\/wp-content\/uploads\/2025\/12\/Imagem-do-WhatsApp-de-2025-12-10-as-13.05.33_583c9f63-1080x462.jpg 1080w, https:\/\/revistaautobus.com.br\/wp-content\/uploads\/2025\/12\/Imagem-do-WhatsApp-de-2025-12-10-as-13.05.33_583c9f63.jpg 1206w\" sizes=\"(max-width: 1024px) 100vw, 1024px\" \/><\/p>\n<p>A respeito dos chassis rodovi\u00e1rios escolhidos, a dire\u00e7\u00e3o da transportadora paulista disse que a escolha pelas 29 unidades do chassi K370 (21 4&#215;2 e 8 6&#215;2), produzido pela Scania, se deu pelo compromisso com a efici\u00eancia da frota, visando n\u00e3o apenas um melhor desempenho em termos de consumo de combust\u00edvel (km\/l), mas, tamb\u00e9m, com a redu\u00e7\u00e3o do tempo de ve\u00edculos parados para manuten\u00e7\u00e3o, trazendo mais confiabilidade para nossa opera\u00e7\u00e3o.<\/p>\n<p>Para o Expresso Itamarati, a tecnologia embarcada nos novos \u00f4nibus \u00e9 um importante diferencial, seja com a nova gera\u00e7\u00e3o de motores Euro VI, que garantem uma redu\u00e7\u00e3o de at\u00e9 77% nas emiss\u00f5es de poluentes e maior efici\u00eancia no consumo de combust\u00edvel, promovendo uma opera\u00e7\u00e3o mais sustent\u00e1vel e econ\u00f4mica ou com o avan\u00e7ado sistema de telemetria que permite o monitoramento em tempo real da condu\u00e7\u00e3o do motorista, melhorando a seguran\u00e7a, efici\u00eancia e redu\u00e7\u00e3o de custos operacionais. O sistema inclui, ainda, tr\u00eas c\u00e2meras inteligentes, que analisam o comportamento do condutor e emitem alertas imediatos em situa\u00e7\u00f5es cr\u00edticas, al\u00e9m de garantir um controle <em>full time<\/em> realizado diretamente pelo nosso Centro de Controle, ampliando a confiabilidade e seguran\u00e7a da opera\u00e7\u00e3o.<\/p>\n<div id=\"attachment_17465\" style=\"width: 1034px\" class=\"wp-caption aligncenter\"><img loading=\"lazy\" decoding=\"async\" aria-describedby=\"caption-attachment-17465\" class=\"wp-image-17465 size-large\" src=\"https:\/\/revistaautobus.com.br\/wp-content\/uploads\/2025\/12\/DDs-Itamarati-1024x405.jpg\" alt=\"\" width=\"1024\" height=\"405\" srcset=\"https:\/\/revistaautobus.com.br\/wp-content\/uploads\/2025\/12\/DDs-Itamarati-1024x405.jpg 1024w, https:\/\/revistaautobus.com.br\/wp-content\/uploads\/2025\/12\/DDs-Itamarati-300x119.jpg 300w, https:\/\/revistaautobus.com.br\/wp-content\/uploads\/2025\/12\/DDs-Itamarati-768x304.jpg 768w, https:\/\/revistaautobus.com.br\/wp-content\/uploads\/2025\/12\/DDs-Itamarati-1080x428.jpg 1080w, https:\/\/revistaautobus.com.br\/wp-content\/uploads\/2025\/12\/DDs-Itamarati.jpg 1240w\" sizes=\"(max-width: 1024px) 100vw, 1024px\" \/><p id=\"caption-attachment-17465\" class=\"wp-caption-text\"><span style=\"color: #800000;\"><em><strong>Conforto, seguran\u00e7a e tecnologia embarcada nos novos \u00f4nibus que cortam a regi\u00e3o Centro-Oeste brasileira<\/strong><\/em><\/span><\/p><\/div>\n<p>Os novos ve\u00edculos entram em opera\u00e7\u00e3o em importantes linhas da operadora que conectam as cidades de Ribeir\u00e3o Preto, Santa F\u00e9 do Sul, Jales, Ilha Solteira e Aparecida a S\u00e3o Jos\u00e9 do Rio Preto, como, tamb\u00e9m, Santa F\u00e9 do Sul a S\u00e3o Paulo, al\u00e9m da liga\u00e7\u00e3o entre Cuiab\u00e1 (MT) e Porto Velho (RO) com os modelos DDs em dois hor\u00e1rios di\u00e1rios em cada sentido, numa extens\u00e3o de quase 1.500 km entre as respectivas cidades, pela rodovia BR 364.<\/p>\n<p>Para a empresa paulista, a renova\u00e7\u00e3o cont\u00ednua da frota refor\u00e7a o seu compromisso em oferecer a m\u00e1xima efici\u00eancia operacional, aliada ao conforto e seguran\u00e7a dos passageiros. Essa moderniza\u00e7\u00e3o garante uma experi\u00eancia superior aos usu\u00e1rios, consolidando a qualidade e a confiabilidade dos servi\u00e7os realizados.<\/p>\n<p>Imagens &#8211; Divulga\u00e7\u00e3o Busscar e Itamarati<\/p>\n","protected":false},"excerpt":{"rendered":"<p>Operadora paulista escolhe a fabricante catarinense em sua aquisi\u00e7\u00e3o de tr\u00eas modelos de carro\u00e7arias para servi\u00e7os espec\u00edficos<\/p>\n","protected":false},"author":2,"featured_media":17462,"comment_status":"open","ping_status":"open","sticky":false,"template":"","format":"standard","meta":{"_et_pb_use_builder":"","_et_pb_old_content":"","_et_gb_content_width":"","_jetpack_memberships_contains_paid_content":false,"footnotes":""},"categories":[87,1060,90,80],"tags":[56,832],"class_list":["post-17461","post","type-post","status-publish","format-standard","has-post-thumbnail","hentry","category-fretamento","category-notas","category-noticias","category-transporte-rodoviario","tag-busscar","tag-expresso-itamarati","et-has-post-format-content","et_post_format-et-post-format-standard"],"yoast_head":"<!-- This site is optimized with the Yoast SEO plugin v27.2 - https:\/\/yoast.com\/product\/yoast-seo-wordpress\/ -->\n<title>Expresso Itamarati renova e moderniza sua frota com \u00f4nibus Busscar - Revista AutoBus<\/title>\n<meta name=\"robots\" content=\"index, follow, max-snippet:-1, max-image-preview:large, max-video-preview:-1\" \/>\n<link rel=\"canonical\" href=\"https:\/\/revistaautobus.com.br\/?p=17461\" \/>\n<meta property=\"og:locale\" content=\"pt_BR\" \/>\n<meta property=\"og:type\" content=\"article\" \/>\n<meta property=\"og:title\" content=\"Expresso Itamarati renova e moderniza sua frota com \u00f4nibus Busscar - Revista AutoBus\" \/>\n<meta property=\"og:description\" content=\"Operadora paulista escolhe a fabricante catarinense em sua aquisi\u00e7\u00e3o de tr\u00eas modelos de carro\u00e7arias para servi\u00e7os espec\u00edficos\" \/>\n<meta property=\"og:url\" content=\"https:\/\/revistaautobus.com.br\/?p=17461\" \/>\n<meta property=\"og:site_name\" content=\"Revista AutoBus\" \/>\n<meta property=\"article:publisher\" content=\"https:\/\/www.facebook.com\/antonio.ferro.3150\" \/>\n<meta property=\"article:published_time\" content=\"2025-12-15T13:53:50+00:00\" \/>\n<meta property=\"article:modified_time\" content=\"2025-12-15T17:12:59+00:00\" \/>\n<meta property=\"og:image\" content=\"https:\/\/revistaautobus.com.br\/wp-content\/uploads\/2025\/12\/post_Itamarati-PAN-DD-1.jpg\" \/>\n\t<meta property=\"og:image:width\" content=\"1080\" \/>\n\t<meta property=\"og:image:height\" content=\"940\" \/>\n\t<meta property=\"og:image:type\" content=\"image\/jpeg\" \/>\n<meta name=\"author\" content=\"Antonio Ferro\" \/>\n<meta name=\"twitter:card\" content=\"summary_large_image\" \/>\n<meta name=\"twitter:label1\" content=\"Escrito por\" \/>\n\t<meta name=\"twitter:data1\" content=\"Antonio Ferro\" \/>\n\t<meta name=\"twitter:label2\" content=\"Est. tempo de leitura\" \/>\n\t<meta name=\"twitter:data2\" content=\"6 minutos\" \/>\n<script type=\"application\/ld+json\" class=\"yoast-schema-graph\">{\"@context\":\"https:\/\/schema.org\",\"@graph\":[{\"@type\":\"Article\",\"@id\":\"https:\/\/revistaautobus.com.br\/?p=17461#article\",\"isPartOf\":{\"@id\":\"https:\/\/revistaautobus.com.br\/?p=17461\"},\"author\":{\"name\":\"Antonio Ferro\",\"@id\":\"https:\/\/revistaautobus.com.br\/#\/schema\/person\/54af7c3eb83a310e42ef686ef6d16f50\"},\"headline\":\"Expresso Itamarati renova e moderniza sua frota com \u00f4nibus Busscar\",\"datePublished\":\"2025-12-15T13:53:50+00:00\",\"dateModified\":\"2025-12-15T17:12:59+00:00\",\"mainEntityOfPage\":{\"@id\":\"https:\/\/revistaautobus.com.br\/?p=17461\"},\"wordCount\":931,\"commentCount\":0,\"publisher\":{\"@id\":\"https:\/\/revistaautobus.com.br\/#organization\"},\"image\":{\"@id\":\"https:\/\/revistaautobus.com.br\/?p=17461#primaryimage\"},\"thumbnailUrl\":\"https:\/\/revistaautobus.com.br\/wp-content\/uploads\/2025\/12\/post_Itamarati-PAN-DD-1.jpg\",\"keywords\":[\"Busscar\",\"Expresso Itamarati\"],\"articleSection\":[\"Fretamento\",\"Notas\",\"Not\u00edcias\",\"Transporte rodovi\u00e1rio\"],\"inLanguage\":\"pt-BR\",\"potentialAction\":[{\"@type\":\"CommentAction\",\"name\":\"Comment\",\"target\":[\"https:\/\/revistaautobus.com.br\/?p=17461#respond\"]}]},{\"@type\":\"WebPage\",\"@id\":\"https:\/\/revistaautobus.com.br\/?p=17461\",\"url\":\"https:\/\/revistaautobus.com.br\/?p=17461\",\"name\":\"Expresso Itamarati renova e moderniza sua frota com \u00f4nibus Busscar - Revista AutoBus\",\"isPartOf\":{\"@id\":\"https:\/\/revistaautobus.com.br\/#website\"},\"primaryImageOfPage\":{\"@id\":\"https:\/\/revistaautobus.com.br\/?p=17461#primaryimage\"},\"image\":{\"@id\":\"https:\/\/revistaautobus.com.br\/?p=17461#primaryimage\"},\"thumbnailUrl\":\"https:\/\/revistaautobus.com.br\/wp-content\/uploads\/2025\/12\/post_Itamarati-PAN-DD-1.jpg\",\"datePublished\":\"2025-12-15T13:53:50+00:00\",\"dateModified\":\"2025-12-15T17:12:59+00:00\",\"breadcrumb\":{\"@id\":\"https:\/\/revistaautobus.com.br\/?p=17461#breadcrumb\"},\"inLanguage\":\"pt-BR\",\"potentialAction\":[{\"@type\":\"ReadAction\",\"target\":[\"https:\/\/revistaautobus.com.br\/?p=17461\"]}]},{\"@type\":\"ImageObject\",\"inLanguage\":\"pt-BR\",\"@id\":\"https:\/\/revistaautobus.com.br\/?p=17461#primaryimage\",\"url\":\"https:\/\/revistaautobus.com.br\/wp-content\/uploads\/2025\/12\/post_Itamarati-PAN-DD-1.jpg\",\"contentUrl\":\"https:\/\/revistaautobus.com.br\/wp-content\/uploads\/2025\/12\/post_Itamarati-PAN-DD-1.jpg\",\"width\":1080,\"height\":940},{\"@type\":\"BreadcrumbList\",\"@id\":\"https:\/\/revistaautobus.com.br\/?p=17461#breadcrumb\",\"itemListElement\":[{\"@type\":\"ListItem\",\"position\":1,\"name\":\"In\u00edcio\",\"item\":\"https:\/\/revistaautobus.com.br\/\"},{\"@type\":\"ListItem\",\"position\":2,\"name\":\"Expresso Itamarati renova e moderniza sua frota com \u00f4nibus Busscar\"}]},{\"@type\":\"WebSite\",\"@id\":\"https:\/\/revistaautobus.com.br\/#website\",\"url\":\"https:\/\/revistaautobus.com.br\/\",\"name\":\"Revista AutoBus\",\"description\":\"\",\"publisher\":{\"@id\":\"https:\/\/revistaautobus.com.br\/#organization\"},\"potentialAction\":[{\"@type\":\"SearchAction\",\"target\":{\"@type\":\"EntryPoint\",\"urlTemplate\":\"https:\/\/revistaautobus.com.br\/?s={search_term_string}\"},\"query-input\":{\"@type\":\"PropertyValueSpecification\",\"valueRequired\":true,\"valueName\":\"search_term_string\"}}],\"inLanguage\":\"pt-BR\"},{\"@type\":\"Organization\",\"@id\":\"https:\/\/revistaautobus.com.br\/#organization\",\"name\":\"Revista AutoBus\",\"url\":\"https:\/\/revistaautobus.com.br\/\",\"logo\":{\"@type\":\"ImageObject\",\"inLanguage\":\"pt-BR\",\"@id\":\"https:\/\/revistaautobus.com.br\/#\/schema\/logo\/image\/\",\"url\":\"https:\/\/revistaautobus.com.br\/wp-content\/uploads\/2024\/11\/logo_revista_autobus_fb.png\",\"contentUrl\":\"https:\/\/revistaautobus.com.br\/wp-content\/uploads\/2024\/11\/logo_revista_autobus_fb.png\",\"width\":836,\"height\":227,\"caption\":\"Revista AutoBus\"},\"image\":{\"@id\":\"https:\/\/revistaautobus.com.br\/#\/schema\/logo\/image\/\"},\"sameAs\":[\"https:\/\/www.facebook.com\/antonio.ferro.3150\",\"https:\/\/www.instagram.com\/revistaautobus\/\"]},{\"@type\":\"Person\",\"@id\":\"https:\/\/revistaautobus.com.br\/#\/schema\/person\/54af7c3eb83a310e42ef686ef6d16f50\",\"name\":\"Antonio Ferro\",\"image\":{\"@type\":\"ImageObject\",\"inLanguage\":\"pt-BR\",\"@id\":\"https:\/\/revistaautobus.com.br\/wp-content\/uploads\/2025\/12\/editor_antonio_ferro-150x150.jpg\",\"url\":\"https:\/\/revistaautobus.com.br\/wp-content\/uploads\/2025\/12\/editor_antonio_ferro-150x150.jpg\",\"contentUrl\":\"https:\/\/revistaautobus.com.br\/wp-content\/uploads\/2025\/12\/editor_antonio_ferro-150x150.jpg\",\"caption\":\"Antonio Ferro\"},\"description\":\"infobus@uol.com.br\",\"url\":\"https:\/\/revistaautobus.com.br\/?author=2\"}]}<\/script>\n<!-- \/ Yoast SEO plugin. -->","yoast_head_json":{"title":"Expresso Itamarati renova e moderniza sua frota com \u00f4nibus Busscar - Revista AutoBus","robots":{"index":"index","follow":"follow","max-snippet":"max-snippet:-1","max-image-preview":"max-image-preview:large","max-video-preview":"max-video-preview:-1"},"canonical":"https:\/\/revistaautobus.com.br\/?p=17461","og_locale":"pt_BR","og_type":"article","og_title":"Expresso Itamarati renova e moderniza sua frota com \u00f4nibus Busscar - Revista AutoBus","og_description":"Operadora paulista escolhe a fabricante catarinense em sua aquisi\u00e7\u00e3o de tr\u00eas modelos de carro\u00e7arias para servi\u00e7os espec\u00edficos","og_url":"https:\/\/revistaautobus.com.br\/?p=17461","og_site_name":"Revista AutoBus","article_publisher":"https:\/\/www.facebook.com\/antonio.ferro.3150","article_published_time":"2025-12-15T13:53:50+00:00","article_modified_time":"2025-12-15T17:12:59+00:00","og_image":[{"width":1080,"height":940,"url":"https:\/\/revistaautobus.com.br\/wp-content\/uploads\/2025\/12\/post_Itamarati-PAN-DD-1.jpg","type":"image\/jpeg"}],"author":"Antonio Ferro","twitter_card":"summary_large_image","twitter_misc":{"Escrito por":"Antonio Ferro","Est. tempo de leitura":"6 minutos"},"schema":{"@context":"https:\/\/schema.org","@graph":[{"@type":"Article","@id":"https:\/\/revistaautobus.com.br\/?p=17461#article","isPartOf":{"@id":"https:\/\/revistaautobus.com.br\/?p=17461"},"author":{"name":"Antonio Ferro","@id":"https:\/\/revistaautobus.com.br\/#\/schema\/person\/54af7c3eb83a310e42ef686ef6d16f50"},"headline":"Expresso Itamarati renova e moderniza sua frota com \u00f4nibus Busscar","datePublished":"2025-12-15T13:53:50+00:00","dateModified":"2025-12-15T17:12:59+00:00","mainEntityOfPage":{"@id":"https:\/\/revistaautobus.com.br\/?p=17461"},"wordCount":931,"commentCount":0,"publisher":{"@id":"https:\/\/revistaautobus.com.br\/#organization"},"image":{"@id":"https:\/\/revistaautobus.com.br\/?p=17461#primaryimage"},"thumbnailUrl":"https:\/\/revistaautobus.com.br\/wp-content\/uploads\/2025\/12\/post_Itamarati-PAN-DD-1.jpg","keywords":["Busscar","Expresso Itamarati"],"articleSection":["Fretamento","Notas","Not\u00edcias","Transporte rodovi\u00e1rio"],"inLanguage":"pt-BR","potentialAction":[{"@type":"CommentAction","name":"Comment","target":["https:\/\/revistaautobus.com.br\/?p=17461#respond"]}]},{"@type":"WebPage","@id":"https:\/\/revistaautobus.com.br\/?p=17461","url":"https:\/\/revistaautobus.com.br\/?p=17461","name":"Expresso Itamarati renova e moderniza sua frota com \u00f4nibus Busscar - Revista AutoBus","isPartOf":{"@id":"https:\/\/revistaautobus.com.br\/#website"},"primaryImageOfPage":{"@id":"https:\/\/revistaautobus.com.br\/?p=17461#primaryimage"},"image":{"@id":"https:\/\/revistaautobus.com.br\/?p=17461#primaryimage"},"thumbnailUrl":"https:\/\/revistaautobus.com.br\/wp-content\/uploads\/2025\/12\/post_Itamarati-PAN-DD-1.jpg","datePublished":"2025-12-15T13:53:50+00:00","dateModified":"2025-12-15T17:12:59+00:00","breadcrumb":{"@id":"https:\/\/revistaautobus.com.br\/?p=17461#breadcrumb"},"inLanguage":"pt-BR","potentialAction":[{"@type":"ReadAction","target":["https:\/\/revistaautobus.com.br\/?p=17461"]}]},{"@type":"ImageObject","inLanguage":"pt-BR","@id":"https:\/\/revistaautobus.com.br\/?p=17461#primaryimage","url":"https:\/\/revistaautobus.com.br\/wp-content\/uploads\/2025\/12\/post_Itamarati-PAN-DD-1.jpg","contentUrl":"https:\/\/revistaautobus.com.br\/wp-content\/uploads\/2025\/12\/post_Itamarati-PAN-DD-1.jpg","width":1080,"height":940},{"@type":"BreadcrumbList","@id":"https:\/\/revistaautobus.com.br\/?p=17461#breadcrumb","itemListElement":[{"@type":"ListItem","position":1,"name":"In\u00edcio","item":"https:\/\/revistaautobus.com.br\/"},{"@type":"ListItem","position":2,"name":"Expresso Itamarati renova e moderniza sua frota com \u00f4nibus Busscar"}]},{"@type":"WebSite","@id":"https:\/\/revistaautobus.com.br\/#website","url":"https:\/\/revistaautobus.com.br\/","name":"Revista AutoBus","description":"","publisher":{"@id":"https:\/\/revistaautobus.com.br\/#organization"},"potentialAction":[{"@type":"SearchAction","target":{"@type":"EntryPoint","urlTemplate":"https:\/\/revistaautobus.com.br\/?s={search_term_string}"},"query-input":{"@type":"PropertyValueSpecification","valueRequired":true,"valueName":"search_term_string"}}],"inLanguage":"pt-BR"},{"@type":"Organization","@id":"https:\/\/revistaautobus.com.br\/#organization","name":"Revista AutoBus","url":"https:\/\/revistaautobus.com.br\/","logo":{"@type":"ImageObject","inLanguage":"pt-BR","@id":"https:\/\/revistaautobus.com.br\/#\/schema\/logo\/image\/","url":"https:\/\/revistaautobus.com.br\/wp-content\/uploads\/2024\/11\/logo_revista_autobus_fb.png","contentUrl":"https:\/\/revistaautobus.com.br\/wp-content\/uploads\/2024\/11\/logo_revista_autobus_fb.png","width":836,"height":227,"caption":"Revista AutoBus"},"image":{"@id":"https:\/\/revistaautobus.com.br\/#\/schema\/logo\/image\/"},"sameAs":["https:\/\/www.facebook.com\/antonio.ferro.3150","https:\/\/www.instagram.com\/revistaautobus\/"]},{"@type":"Person","@id":"https:\/\/revistaautobus.com.br\/#\/schema\/person\/54af7c3eb83a310e42ef686ef6d16f50","name":"Antonio Ferro","image":{"@type":"ImageObject","inLanguage":"pt-BR","@id":"https:\/\/revistaautobus.com.br\/wp-content\/uploads\/2025\/12\/editor_antonio_ferro-150x150.jpg","url":"https:\/\/revistaautobus.com.br\/wp-content\/uploads\/2025\/12\/editor_antonio_ferro-150x150.jpg","contentUrl":"https:\/\/revistaautobus.com.br\/wp-content\/uploads\/2025\/12\/editor_antonio_ferro-150x150.jpg","caption":"Antonio Ferro"},"description":"infobus@uol.com.br","url":"https:\/\/revistaautobus.com.br\/?author=2"}]}},"jetpack_featured_media_url":"https:\/\/revistaautobus.com.br\/wp-content\/uploads\/2025\/12\/post_Itamarati-PAN-DD-1.jpg","jetpack_sharing_enabled":true,"_links":{"self":[{"href":"https:\/\/revistaautobus.com.br\/index.php?rest_route=\/wp\/v2\/posts\/17461","targetHints":{"allow":["GET"]}}],"collection":[{"href":"https:\/\/revistaautobus.com.br\/index.php?rest_route=\/wp\/v2\/posts"}],"about":[{"href":"https:\/\/revistaautobus.com.br\/index.php?rest_route=\/wp\/v2\/types\/post"}],"author":[{"embeddable":true,"href":"https:\/\/revistaautobus.com.br\/index.php?rest_route=\/wp\/v2\/users\/2"}],"replies":[{"embeddable":true,"href":"https:\/\/revistaautobus.com.br\/index.php?rest_route=%2Fwp%2Fv2%2Fcomments&post=17461"}],"version-history":[{"count":2,"href":"https:\/\/revistaautobus.com.br\/index.php?rest_route=\/wp\/v2\/posts\/17461\/revisions"}],"predecessor-version":[{"id":17468,"href":"https:\/\/revistaautobus.com.br\/index.php?rest_route=\/wp\/v2\/posts\/17461\/revisions\/17468"}],"wp:featuredmedia":[{"embeddable":true,"href":"https:\/\/revistaautobus.com.br\/index.php?rest_route=\/wp\/v2\/media\/17462"}],"wp:attachment":[{"href":"https:\/\/revistaautobus.com.br\/index.php?rest_route=%2Fwp%2Fv2%2Fmedia&parent=17461"}],"wp:term":[{"taxonomy":"category","embeddable":true,"href":"https:\/\/revistaautobus.com.br\/index.php?rest_route=%2Fwp%2Fv2%2Fcategories&post=17461"},{"taxonomy":"post_tag","embeddable":true,"href":"https:\/\/revistaautobus.com.br\/index.php?rest_route=%2Fwp%2Fv2%2Ftags&post=17461"}],"curies":[{"name":"wp","href":"https:\/\/api.w.org\/{rel}","templated":true}]}}