{"id":1749,"date":"2019-06-10T07:06:00","date_gmt":"2019-06-10T10:06:00","guid":{"rendered":"https:\/\/vila8.com.br\/clientes\/autobus\/?p=1749"},"modified":"2021-06-23T18:45:38","modified_gmt":"2021-06-23T21:45:38","slug":"visate-se-destaca-por-suas-acoes-ambientais","status":"publish","type":"post","link":"https:\/\/revistaautobus.com.br\/?p=1749","title":{"rendered":"VISATE se destaca por suas a\u00e7\u00f5es ambientais"},"content":{"rendered":"\n<p>A operadora do transporte coletivo de Caxias do Sul (RS), Via\u00e7\u00e3o Santa Tereza, VISATE, recebeu pelo quinto ano consecutivo o Pr\u00eamio Despoluir RS, em primeiro lugar, na categoria grandes empresas (com mais de 150 \u00f4nibus), reconhecimento dado pela Federa\u00e7\u00e3o das Empresas de Transportes Rodovi\u00e1rios do Estado do Rio Grande do Sul (Fetergs). O programa executado pela federa\u00e7\u00e3o ga\u00facha visa controlar a emiss\u00e3o de gases poluentes produzidos pelos motores a diesel utilizados pelas empresas de transporte e tem a inspe\u00e7\u00e3o seguindo os par\u00e2metros do Conselho Nacional do Meio Ambiente (Conama). Os \u00f4nibus que est\u00e3o dentro dos padr\u00f5es recebem o Selo Despoluir para fixa\u00e7\u00e3o junto aos para-brisas.<\/p>\n\n\n\n<p>E a VISATE tem o selo em toda a sua frota. &#8220;A gest\u00e3o ambiental consciente \u00e9 uma das prioridades da VISATE. Este pr\u00eamio \u00e9 um reconhecimento aos esfor\u00e7os dos nossos funcion\u00e1rios e aos nossos investimentos em uma causa t\u00e3o importante para todos, que \u00e9 a preserva\u00e7\u00e3o do meio ambiente&#8221;, destacou o diretor geral da empresa, Gustavo Marques dos Santos.<\/p>\n\n\n\n<figure class=\"wp-block-image\"><img decoding=\"async\" src=\"https:\/\/www.revistaautobus.com.br\/uploads\/images\/2019\/06\/385-1560172112.jpg\" alt=\"VISATE se destaca por suas a\u00e7\u00f5es ambientais\" title=\"VISATE se destaca por suas a\u00e7\u00f5es ambientais\"\/><\/figure>\n\n\n\n<p>Dentre as a\u00e7\u00f5es ambientais realizadas pela transportadora, destaque para a Central de Res\u00edduos no Complexo VISATE projetada de forma sistem\u00e1tica para a separa\u00e7\u00e3o correta dos res\u00edduos gerados; o armazenamento dos res\u00edduos \u00e9 realizado de acordo com a legisla\u00e7\u00e3o ambiental vigente; todos os res\u00edduos gerados s\u00e3o enviados para empresas devidamente licenciadas pelos \u00f3rg\u00e3os ambientais; os res\u00edduos perigosos (Classe I) s\u00e3o destinados para coprocessamento, que \u00e9 uma t\u00e9cnica que transforma res\u00edduos em uma mat\u00e9ria-prima chamada blend, um mix de materiais que \u00e9 utilizado como combust\u00edvel na ind\u00fastria de cimento.<\/p>\n\n\n\n<p>Outras medidas adotadas s\u00e3o as duas esta\u00e7\u00f5es de tratamento de efluentes: uma para tratamento dos efluentes da lavagem interna e externa dos \u00f4nibus e outra para tratamento dos efluentes oriundos da manuten\u00e7\u00e3o; a coleta e utiliza\u00e7\u00e3o da \u00e1gua da chuva na lavagem interna e externa dos \u00f4nibus e na descarga dos vasos sanit\u00e1rios; o controle da opacidade (emiss\u00e3o de fuma\u00e7a) de todos os \u00f4nibus; o uso de sensores de presen\u00e7a em todos os setores da empresa, a fim de economizar energia el\u00e9trica e a utiliza\u00e7\u00e3o de diesel menos poluente (S-10).<\/p>\n\n\n\n<p>Imagens &#8211; Divulga\u00e7\u00e3o<\/p>\n","protected":false},"excerpt":{"rendered":"<p>Dentre as a\u00e7\u00f5es ambientais realizadas pela transportadora, destaque para a Central de Res\u00edduos no Complexo VISATE projetada de forma sistem\u00e1tica para a separa\u00e7\u00e3o correta dos res\u00edduos gerados<\/p>\n","protected":false},"author":2,"featured_media":1750,"comment_status":"open","ping_status":"open","sticky":false,"template":"","format":"standard","meta":{"_et_pb_use_builder":"off","_et_pb_old_content":"","_et_gb_content_width":"","_jetpack_memberships_contains_paid_content":false,"footnotes":""},"categories":[90],"tags":[],"class_list":["post-1749","post","type-post","status-publish","format-standard","has-post-thumbnail","hentry","category-noticias","et-has-post-format-content","et_post_format-et-post-format-standard"],"yoast_head":"<!-- This site is optimized with the Yoast SEO plugin v27.2 - https:\/\/yoast.com\/product\/yoast-seo-wordpress\/ -->\n<title>VISATE se destaca por suas a\u00e7\u00f5es ambientais - Revista AutoBus<\/title>\n<meta name=\"robots\" content=\"index, follow, max-snippet:-1, max-image-preview:large, max-video-preview:-1\" \/>\n<link rel=\"canonical\" href=\"https:\/\/revistaautobus.com.br\/?p=1749\" \/>\n<meta property=\"og:locale\" content=\"pt_BR\" \/>\n<meta property=\"og:type\" content=\"article\" \/>\n<meta property=\"og:title\" content=\"VISATE se destaca por suas a\u00e7\u00f5es ambientais - Revista AutoBus\" \/>\n<meta property=\"og:description\" content=\"Dentre as a\u00e7\u00f5es ambientais realizadas pela transportadora, destaque para a Central de Res\u00edduos no Complexo VISATE projetada de forma sistem\u00e1tica para a separa\u00e7\u00e3o correta dos res\u00edduos gerados\" \/>\n<meta property=\"og:url\" content=\"https:\/\/revistaautobus.com.br\/?p=1749\" \/>\n<meta property=\"og:site_name\" content=\"Revista AutoBus\" \/>\n<meta property=\"article:publisher\" content=\"https:\/\/www.facebook.com\/antonio.ferro.3150\" \/>\n<meta property=\"article:published_time\" content=\"2019-06-10T10:06:00+00:00\" \/>\n<meta property=\"article:modified_time\" content=\"2021-06-23T21:45:38+00:00\" \/>\n<meta property=\"og:image\" content=\"https:\/\/revistaautobus.com.br\/wp-content\/uploads\/2021\/06\/visate-se-destaca-por-suas-acoes-ambientais-1560172069.jpg\" \/>\n\t<meta property=\"og:image:width\" content=\"1200\" \/>\n\t<meta property=\"og:image:height\" content=\"900\" \/>\n\t<meta property=\"og:image:type\" content=\"image\/jpeg\" \/>\n<meta name=\"author\" content=\"Antonio Ferro\" \/>\n<meta name=\"twitter:card\" content=\"summary_large_image\" \/>\n<meta name=\"twitter:label1\" content=\"Escrito por\" \/>\n\t<meta name=\"twitter:data1\" content=\"Antonio Ferro\" \/>\n\t<meta name=\"twitter:label2\" content=\"Est. tempo de leitura\" \/>\n\t<meta name=\"twitter:data2\" content=\"2 minutos\" \/>\n<script type=\"application\/ld+json\" class=\"yoast-schema-graph\">{\"@context\":\"https:\/\/schema.org\",\"@graph\":[{\"@type\":\"Article\",\"@id\":\"https:\/\/revistaautobus.com.br\/?p=1749#article\",\"isPartOf\":{\"@id\":\"https:\/\/revistaautobus.com.br\/?p=1749\"},\"author\":{\"name\":\"Antonio Ferro\",\"@id\":\"https:\/\/revistaautobus.com.br\/#\/schema\/person\/54af7c3eb83a310e42ef686ef6d16f50\"},\"headline\":\"VISATE se destaca por suas a\u00e7\u00f5es ambientais\",\"datePublished\":\"2019-06-10T10:06:00+00:00\",\"dateModified\":\"2021-06-23T21:45:38+00:00\",\"mainEntityOfPage\":{\"@id\":\"https:\/\/revistaautobus.com.br\/?p=1749\"},\"wordCount\":391,\"commentCount\":0,\"publisher\":{\"@id\":\"https:\/\/revistaautobus.com.br\/#organization\"},\"image\":{\"@id\":\"https:\/\/revistaautobus.com.br\/?p=1749#primaryimage\"},\"thumbnailUrl\":\"https:\/\/revistaautobus.com.br\/wp-content\/uploads\/2021\/06\/visate-se-destaca-por-suas-acoes-ambientais-1560172069.jpg\",\"articleSection\":[\"Not\u00edcias\"],\"inLanguage\":\"pt-BR\",\"potentialAction\":[{\"@type\":\"CommentAction\",\"name\":\"Comment\",\"target\":[\"https:\/\/revistaautobus.com.br\/?p=1749#respond\"]}]},{\"@type\":\"WebPage\",\"@id\":\"https:\/\/revistaautobus.com.br\/?p=1749\",\"url\":\"https:\/\/revistaautobus.com.br\/?p=1749\",\"name\":\"VISATE se destaca por suas a\u00e7\u00f5es ambientais - Revista AutoBus\",\"isPartOf\":{\"@id\":\"https:\/\/revistaautobus.com.br\/#website\"},\"primaryImageOfPage\":{\"@id\":\"https:\/\/revistaautobus.com.br\/?p=1749#primaryimage\"},\"image\":{\"@id\":\"https:\/\/revistaautobus.com.br\/?p=1749#primaryimage\"},\"thumbnailUrl\":\"https:\/\/revistaautobus.com.br\/wp-content\/uploads\/2021\/06\/visate-se-destaca-por-suas-acoes-ambientais-1560172069.jpg\",\"datePublished\":\"2019-06-10T10:06:00+00:00\",\"dateModified\":\"2021-06-23T21:45:38+00:00\",\"breadcrumb\":{\"@id\":\"https:\/\/revistaautobus.com.br\/?p=1749#breadcrumb\"},\"inLanguage\":\"pt-BR\",\"potentialAction\":[{\"@type\":\"ReadAction\",\"target\":[\"https:\/\/revistaautobus.com.br\/?p=1749\"]}]},{\"@type\":\"ImageObject\",\"inLanguage\":\"pt-BR\",\"@id\":\"https:\/\/revistaautobus.com.br\/?p=1749#primaryimage\",\"url\":\"https:\/\/revistaautobus.com.br\/wp-content\/uploads\/2021\/06\/visate-se-destaca-por-suas-acoes-ambientais-1560172069.jpg\",\"contentUrl\":\"https:\/\/revistaautobus.com.br\/wp-content\/uploads\/2021\/06\/visate-se-destaca-por-suas-acoes-ambientais-1560172069.jpg\",\"width\":1200,\"height\":900},{\"@type\":\"BreadcrumbList\",\"@id\":\"https:\/\/revistaautobus.com.br\/?p=1749#breadcrumb\",\"itemListElement\":[{\"@type\":\"ListItem\",\"position\":1,\"name\":\"In\u00edcio\",\"item\":\"https:\/\/revistaautobus.com.br\/\"},{\"@type\":\"ListItem\",\"position\":2,\"name\":\"VISATE se destaca por suas a\u00e7\u00f5es ambientais\"}]},{\"@type\":\"WebSite\",\"@id\":\"https:\/\/revistaautobus.com.br\/#website\",\"url\":\"https:\/\/revistaautobus.com.br\/\",\"name\":\"Revista AutoBus\",\"description\":\"\",\"publisher\":{\"@id\":\"https:\/\/revistaautobus.com.br\/#organization\"},\"potentialAction\":[{\"@type\":\"SearchAction\",\"target\":{\"@type\":\"EntryPoint\",\"urlTemplate\":\"https:\/\/revistaautobus.com.br\/?s={search_term_string}\"},\"query-input\":{\"@type\":\"PropertyValueSpecification\",\"valueRequired\":true,\"valueName\":\"search_term_string\"}}],\"inLanguage\":\"pt-BR\"},{\"@type\":\"Organization\",\"@id\":\"https:\/\/revistaautobus.com.br\/#organization\",\"name\":\"Revista AutoBus\",\"url\":\"https:\/\/revistaautobus.com.br\/\",\"logo\":{\"@type\":\"ImageObject\",\"inLanguage\":\"pt-BR\",\"@id\":\"https:\/\/revistaautobus.com.br\/#\/schema\/logo\/image\/\",\"url\":\"https:\/\/revistaautobus.com.br\/wp-content\/uploads\/2024\/11\/logo_revista_autobus_fb.png\",\"contentUrl\":\"https:\/\/revistaautobus.com.br\/wp-content\/uploads\/2024\/11\/logo_revista_autobus_fb.png\",\"width\":836,\"height\":227,\"caption\":\"Revista AutoBus\"},\"image\":{\"@id\":\"https:\/\/revistaautobus.com.br\/#\/schema\/logo\/image\/\"},\"sameAs\":[\"https:\/\/www.facebook.com\/antonio.ferro.3150\",\"https:\/\/www.instagram.com\/revistaautobus\/\"]},{\"@type\":\"Person\",\"@id\":\"https:\/\/revistaautobus.com.br\/#\/schema\/person\/54af7c3eb83a310e42ef686ef6d16f50\",\"name\":\"Antonio Ferro\",\"image\":{\"@type\":\"ImageObject\",\"inLanguage\":\"pt-BR\",\"@id\":\"https:\/\/revistaautobus.com.br\/wp-content\/uploads\/2025\/12\/editor_antonio_ferro-150x150.jpg\",\"url\":\"https:\/\/revistaautobus.com.br\/wp-content\/uploads\/2025\/12\/editor_antonio_ferro-150x150.jpg\",\"contentUrl\":\"https:\/\/revistaautobus.com.br\/wp-content\/uploads\/2025\/12\/editor_antonio_ferro-150x150.jpg\",\"caption\":\"Antonio Ferro\"},\"description\":\"infobus@uol.com.br\",\"url\":\"https:\/\/revistaautobus.com.br\/?author=2\"}]}<\/script>\n<!-- \/ Yoast SEO plugin. -->","yoast_head_json":{"title":"VISATE se destaca por suas a\u00e7\u00f5es ambientais - Revista AutoBus","robots":{"index":"index","follow":"follow","max-snippet":"max-snippet:-1","max-image-preview":"max-image-preview:large","max-video-preview":"max-video-preview:-1"},"canonical":"https:\/\/revistaautobus.com.br\/?p=1749","og_locale":"pt_BR","og_type":"article","og_title":"VISATE se destaca por suas a\u00e7\u00f5es ambientais - Revista AutoBus","og_description":"Dentre as a\u00e7\u00f5es ambientais realizadas pela transportadora, destaque para a Central de Res\u00edduos no Complexo VISATE projetada de forma sistem\u00e1tica para a separa\u00e7\u00e3o correta dos res\u00edduos gerados","og_url":"https:\/\/revistaautobus.com.br\/?p=1749","og_site_name":"Revista AutoBus","article_publisher":"https:\/\/www.facebook.com\/antonio.ferro.3150","article_published_time":"2019-06-10T10:06:00+00:00","article_modified_time":"2021-06-23T21:45:38+00:00","og_image":[{"width":1200,"height":900,"url":"https:\/\/revistaautobus.com.br\/wp-content\/uploads\/2021\/06\/visate-se-destaca-por-suas-acoes-ambientais-1560172069.jpg","type":"image\/jpeg"}],"author":"Antonio Ferro","twitter_card":"summary_large_image","twitter_misc":{"Escrito por":"Antonio Ferro","Est. tempo de leitura":"2 minutos"},"schema":{"@context":"https:\/\/schema.org","@graph":[{"@type":"Article","@id":"https:\/\/revistaautobus.com.br\/?p=1749#article","isPartOf":{"@id":"https:\/\/revistaautobus.com.br\/?p=1749"},"author":{"name":"Antonio Ferro","@id":"https:\/\/revistaautobus.com.br\/#\/schema\/person\/54af7c3eb83a310e42ef686ef6d16f50"},"headline":"VISATE se destaca por suas a\u00e7\u00f5es ambientais","datePublished":"2019-06-10T10:06:00+00:00","dateModified":"2021-06-23T21:45:38+00:00","mainEntityOfPage":{"@id":"https:\/\/revistaautobus.com.br\/?p=1749"},"wordCount":391,"commentCount":0,"publisher":{"@id":"https:\/\/revistaautobus.com.br\/#organization"},"image":{"@id":"https:\/\/revistaautobus.com.br\/?p=1749#primaryimage"},"thumbnailUrl":"https:\/\/revistaautobus.com.br\/wp-content\/uploads\/2021\/06\/visate-se-destaca-por-suas-acoes-ambientais-1560172069.jpg","articleSection":["Not\u00edcias"],"inLanguage":"pt-BR","potentialAction":[{"@type":"CommentAction","name":"Comment","target":["https:\/\/revistaautobus.com.br\/?p=1749#respond"]}]},{"@type":"WebPage","@id":"https:\/\/revistaautobus.com.br\/?p=1749","url":"https:\/\/revistaautobus.com.br\/?p=1749","name":"VISATE se destaca por suas a\u00e7\u00f5es ambientais - Revista AutoBus","isPartOf":{"@id":"https:\/\/revistaautobus.com.br\/#website"},"primaryImageOfPage":{"@id":"https:\/\/revistaautobus.com.br\/?p=1749#primaryimage"},"image":{"@id":"https:\/\/revistaautobus.com.br\/?p=1749#primaryimage"},"thumbnailUrl":"https:\/\/revistaautobus.com.br\/wp-content\/uploads\/2021\/06\/visate-se-destaca-por-suas-acoes-ambientais-1560172069.jpg","datePublished":"2019-06-10T10:06:00+00:00","dateModified":"2021-06-23T21:45:38+00:00","breadcrumb":{"@id":"https:\/\/revistaautobus.com.br\/?p=1749#breadcrumb"},"inLanguage":"pt-BR","potentialAction":[{"@type":"ReadAction","target":["https:\/\/revistaautobus.com.br\/?p=1749"]}]},{"@type":"ImageObject","inLanguage":"pt-BR","@id":"https:\/\/revistaautobus.com.br\/?p=1749#primaryimage","url":"https:\/\/revistaautobus.com.br\/wp-content\/uploads\/2021\/06\/visate-se-destaca-por-suas-acoes-ambientais-1560172069.jpg","contentUrl":"https:\/\/revistaautobus.com.br\/wp-content\/uploads\/2021\/06\/visate-se-destaca-por-suas-acoes-ambientais-1560172069.jpg","width":1200,"height":900},{"@type":"BreadcrumbList","@id":"https:\/\/revistaautobus.com.br\/?p=1749#breadcrumb","itemListElement":[{"@type":"ListItem","position":1,"name":"In\u00edcio","item":"https:\/\/revistaautobus.com.br\/"},{"@type":"ListItem","position":2,"name":"VISATE se destaca por suas a\u00e7\u00f5es ambientais"}]},{"@type":"WebSite","@id":"https:\/\/revistaautobus.com.br\/#website","url":"https:\/\/revistaautobus.com.br\/","name":"Revista AutoBus","description":"","publisher":{"@id":"https:\/\/revistaautobus.com.br\/#organization"},"potentialAction":[{"@type":"SearchAction","target":{"@type":"EntryPoint","urlTemplate":"https:\/\/revistaautobus.com.br\/?s={search_term_string}"},"query-input":{"@type":"PropertyValueSpecification","valueRequired":true,"valueName":"search_term_string"}}],"inLanguage":"pt-BR"},{"@type":"Organization","@id":"https:\/\/revistaautobus.com.br\/#organization","name":"Revista AutoBus","url":"https:\/\/revistaautobus.com.br\/","logo":{"@type":"ImageObject","inLanguage":"pt-BR","@id":"https:\/\/revistaautobus.com.br\/#\/schema\/logo\/image\/","url":"https:\/\/revistaautobus.com.br\/wp-content\/uploads\/2024\/11\/logo_revista_autobus_fb.png","contentUrl":"https:\/\/revistaautobus.com.br\/wp-content\/uploads\/2024\/11\/logo_revista_autobus_fb.png","width":836,"height":227,"caption":"Revista AutoBus"},"image":{"@id":"https:\/\/revistaautobus.com.br\/#\/schema\/logo\/image\/"},"sameAs":["https:\/\/www.facebook.com\/antonio.ferro.3150","https:\/\/www.instagram.com\/revistaautobus\/"]},{"@type":"Person","@id":"https:\/\/revistaautobus.com.br\/#\/schema\/person\/54af7c3eb83a310e42ef686ef6d16f50","name":"Antonio Ferro","image":{"@type":"ImageObject","inLanguage":"pt-BR","@id":"https:\/\/revistaautobus.com.br\/wp-content\/uploads\/2025\/12\/editor_antonio_ferro-150x150.jpg","url":"https:\/\/revistaautobus.com.br\/wp-content\/uploads\/2025\/12\/editor_antonio_ferro-150x150.jpg","contentUrl":"https:\/\/revistaautobus.com.br\/wp-content\/uploads\/2025\/12\/editor_antonio_ferro-150x150.jpg","caption":"Antonio Ferro"},"description":"infobus@uol.com.br","url":"https:\/\/revistaautobus.com.br\/?author=2"}]}},"jetpack_featured_media_url":"https:\/\/revistaautobus.com.br\/wp-content\/uploads\/2021\/06\/visate-se-destaca-por-suas-acoes-ambientais-1560172069.jpg","jetpack_sharing_enabled":true,"_links":{"self":[{"href":"https:\/\/revistaautobus.com.br\/index.php?rest_route=\/wp\/v2\/posts\/1749","targetHints":{"allow":["GET"]}}],"collection":[{"href":"https:\/\/revistaautobus.com.br\/index.php?rest_route=\/wp\/v2\/posts"}],"about":[{"href":"https:\/\/revistaautobus.com.br\/index.php?rest_route=\/wp\/v2\/types\/post"}],"author":[{"embeddable":true,"href":"https:\/\/revistaautobus.com.br\/index.php?rest_route=\/wp\/v2\/users\/2"}],"replies":[{"embeddable":true,"href":"https:\/\/revistaautobus.com.br\/index.php?rest_route=%2Fwp%2Fv2%2Fcomments&post=1749"}],"version-history":[{"count":1,"href":"https:\/\/revistaautobus.com.br\/index.php?rest_route=\/wp\/v2\/posts\/1749\/revisions"}],"predecessor-version":[{"id":1751,"href":"https:\/\/revistaautobus.com.br\/index.php?rest_route=\/wp\/v2\/posts\/1749\/revisions\/1751"}],"wp:featuredmedia":[{"embeddable":true,"href":"https:\/\/revistaautobus.com.br\/index.php?rest_route=\/wp\/v2\/media\/1750"}],"wp:attachment":[{"href":"https:\/\/revistaautobus.com.br\/index.php?rest_route=%2Fwp%2Fv2%2Fmedia&parent=1749"}],"wp:term":[{"taxonomy":"category","embeddable":true,"href":"https:\/\/revistaautobus.com.br\/index.php?rest_route=%2Fwp%2Fv2%2Fcategories&post=1749"},{"taxonomy":"post_tag","embeddable":true,"href":"https:\/\/revistaautobus.com.br\/index.php?rest_route=%2Fwp%2Fv2%2Ftags&post=1749"}],"curies":[{"name":"wp","href":"https:\/\/api.w.org\/{rel}","templated":true}]}}