{"id":1752,"date":"2019-06-10T07:09:00","date_gmt":"2019-06-10T10:09:00","guid":{"rendered":"https:\/\/vila8.com.br\/clientes\/autobus\/?p=1752"},"modified":"2021-06-23T18:46:31","modified_gmt":"2021-06-23T21:46:31","slug":"vilao-da-saude-publica","status":"publish","type":"post","link":"https:\/\/revistaautobus.com.br\/?p=1752","title":{"rendered":"Vil\u00e3o da sa\u00fade p\u00fablica"},"content":{"rendered":"\n<p>A polui\u00e7\u00e3o vinda dos ve\u00edculos automotores, principalmente dos modelos comerciais movidos a diesel, \u00e9 um dos malef\u00edcios que mais afetam a sa\u00fade dos cidad\u00e3os das grandes cidades brasileiras. Para mudar esse quadro tenebroso, a ado\u00e7\u00e3o de modelos limpos de mobilidade, livre das emiss\u00f5es poluentes, tem de ser adotada ou pelo menos j\u00e1 deveria estar em uso. Para o Instituto Sa\u00fade e Sustentabilidade, uma das alternativas que podem reduzir esse impacto negativo \u00e9 que a partir de 2022 o Brasil passa a adotar novas regras do Programa de Controle de Polui\u00e7\u00e3o do Ar por Ve\u00edculos Automotores (PROCONVE) para ve\u00edculos comerciais pesados movidos a diesel, conhecida como fase P8, equivalente \u00e0s normas Euro VI.<\/p>\n\n\n\n<p>De acordo com a entidade, dentre as principais mudan\u00e7as est\u00e3o a defini\u00e7\u00e3o de metas mais restritivas para a emiss\u00e3o de poluentes atmosf\u00e9ricos oriundos da combust\u00e3o do diesel e a exig\u00eancia da ado\u00e7\u00e3o de motores menos poluentes e de tecnologias mais avan\u00e7adas. Em recente estudo, o Instituto fez uma previs\u00e3o dos poss\u00edveis impactos que a medida trar\u00e1 em termos de ganhos de sa\u00fade, para a popula\u00e7\u00e3o, e financeiros, para os cofres p\u00fablicos e privados no decorrer dos pr\u00f3ximos 30 anos, contabilizados de 2023 \u2013 ano de implanta\u00e7\u00e3o dos limites m\u00e1ximos de emiss\u00e3o de escapamento para ve\u00edculos pesados j\u00e1 homologados \u2013 at\u00e9 2050. Com a substitui\u00e7\u00e3o gradual da frota durante o per\u00edodo, o estudo revela como principais ganhos da mudan\u00e7a da fase: saldo positivo de R$ 68 bilh\u00f5es em produtividade; cerca de 148 mil mortes evitadas; economia aproximada de R$ 575 milh\u00f5es fruto da n\u00e3o interna\u00e7\u00e3o hospitalar de 155 mil pessoas. As estimativas apresentadas pelo referido estudo s\u00e3o projetadas exclusivamente para seis regi\u00f5es metropolitanas brasileiras: S\u00e3o Paulo, Rio de Janeiro, Belo Horizonte, Vit\u00f3ria, Curitiba e Porto Alegre.<\/p>\n\n\n\n<p>Segundo Evangelina Vormittag, m\u00e9dica e diretora do Instituto Sa\u00fade e Sustentabilidade, a polui\u00e7\u00e3o gerada pelo material particulado \u00e9 associada ao aumento de casos de derrame cerebral, infarto do cora\u00e7\u00e3o; doen\u00e7as pulmonares como pneumonia, bronquite e asma; e c\u00e2ncer do pulm\u00e3o e bexiga, entre outras doen\u00e7as, afetando especialmente as crian\u00e7as e os idosos. &#8220;A mudan\u00e7a ajudar\u00e1 o Brasil a adequar-se ao Acordo de Paris e, como aponta a pr\u00f3pria OMS, revelar\u00e1 tanto os benef\u00edcios para a sa\u00fade das pessoas quanto a respectiva de economia do dinheiro p\u00fablico&#8221;, destacou ela.<\/p>\n\n\n\n<p>Ao adotar a norma Euro VI para seus ve\u00edculos comerciais, mesmo que tardia, o Brasil poder\u00e1 dar um grande salto, acompanhando os pa\u00edses desenvolvidos no quesito ambiental, com resultados positivos aos habitantes urbanos. Vormittag foi enf\u00e1tica ao dizer que o adiamento da implanta\u00e7\u00e3o atende exclusivamente a interesses econ\u00f4micos, j\u00e1 que n\u00e3o h\u00e1 empecilhos do ponto de vista da disponibilidade de tecnologias e inova\u00e7\u00f5es. &#8220;Para manterem-se competitivos no mercado global, os fabricantes e montadores com produ\u00e7\u00e3o instalada no Brasil j\u00e1 desenvolvem ve\u00edculos pesados concebidos com a tecnologia Euro VI, comercializados apenas para exporta\u00e7\u00e3o e atendendo inclusive \u00e0s exig\u00eancias de pa\u00edses vizinhos como o Chile e a Col\u00f4mbia. No Brasil, contudo, ainda comercializam uma tecnologia defasada com alto impacto em sa\u00fade&#8221;, observou.<\/p>\n\n\n\n<p>Um dado alarmante \u00e9 que a maioria das cidades apresenta n\u00edveis de qualidade de ar que excedem os limites de seguran\u00e7a preconizados pela Organiza\u00e7\u00e3o Mundial de Sa\u00fade, OMS. A Universidade de Chicago revela que a popula\u00e7\u00e3o mundial perde quase dois anos em expectativa vida devido a inala\u00e7\u00e3o constante de poluentes, \u00edndice maior do que o atribu\u00eddo ao uso do cigarro, que reduz em m\u00e9dia 1,6 anos de expectativa de vida dos fumantes. Contudo, diferente do uso do cigarro, o indiv\u00edduo n\u00e3o tem o controle a polui\u00e7\u00e3o do ar, que \u00e9 um problema ambiental que atinge 92% da popula\u00e7\u00e3o global, segundo a OMS.<\/p>\n\n\n\n<p>O levantamento do Sa\u00fade e Sustentabilidade mostra que o atraso de tr\u00eas anos (de 2020 a 2023) levar\u00e1 a morte prematura de 10 mil pessoas com um gasto p\u00fablico e privado para o sistema de sa\u00fade da ordem de R$ 4,6 bilh\u00f5es e o um custo adicional de R$ 36 milh\u00f5es oriundos de aproximadas 10 mil interna\u00e7\u00f5es hospitalares.<\/p>\n","protected":false},"excerpt":{"rendered":"<p>O estudo revela como principais ganhos da mudan\u00e7a da fase o saldo positivo de R$ 68 bilh\u00f5es em produtividade; cerca de 148 mil mortes evitadas; economia aproximada de R$ 575 milh\u00f5es fruto da n\u00e3o interna\u00e7\u00e3o hospitalar de 155 mil pessoas<\/p>\n","protected":false},"author":2,"featured_media":1753,"comment_status":"open","ping_status":"open","sticky":false,"template":"","format":"standard","meta":{"_et_pb_use_builder":"off","_et_pb_old_content":"","_et_gb_content_width":"","_jetpack_memberships_contains_paid_content":false,"footnotes":""},"categories":[90],"tags":[],"class_list":["post-1752","post","type-post","status-publish","format-standard","has-post-thumbnail","hentry","category-noticias","et-has-post-format-content","et_post_format-et-post-format-standard"],"yoast_head":"<!-- This site is optimized with the Yoast SEO plugin v27.2 - https:\/\/yoast.com\/product\/yoast-seo-wordpress\/ -->\n<title>Vil\u00e3o da sa\u00fade p\u00fablica - Revista AutoBus<\/title>\n<meta name=\"robots\" content=\"index, follow, max-snippet:-1, max-image-preview:large, max-video-preview:-1\" \/>\n<link rel=\"canonical\" href=\"https:\/\/revistaautobus.com.br\/?p=1752\" \/>\n<meta property=\"og:locale\" content=\"pt_BR\" \/>\n<meta property=\"og:type\" content=\"article\" \/>\n<meta property=\"og:title\" content=\"Vil\u00e3o da sa\u00fade p\u00fablica - Revista AutoBus\" \/>\n<meta property=\"og:description\" content=\"O estudo revela como principais ganhos da mudan\u00e7a da fase o saldo positivo de R$ 68 bilh\u00f5es em produtividade; cerca de 148 mil mortes evitadas; economia aproximada de R$ 575 milh\u00f5es fruto da n\u00e3o interna\u00e7\u00e3o hospitalar de 155 mil pessoas\" \/>\n<meta property=\"og:url\" content=\"https:\/\/revistaautobus.com.br\/?p=1752\" \/>\n<meta property=\"og:site_name\" content=\"Revista AutoBus\" \/>\n<meta property=\"article:publisher\" content=\"https:\/\/www.facebook.com\/antonio.ferro.3150\" \/>\n<meta property=\"article:published_time\" content=\"2019-06-10T10:09:00+00:00\" \/>\n<meta property=\"article:modified_time\" content=\"2021-06-23T21:46:31+00:00\" \/>\n<meta property=\"og:image\" content=\"https:\/\/revistaautobus.com.br\/wp-content\/uploads\/2021\/06\/vilao-da-saude-publica-1560172202.jpg\" \/>\n\t<meta property=\"og:image:width\" content=\"1200\" \/>\n\t<meta property=\"og:image:height\" content=\"1600\" \/>\n\t<meta property=\"og:image:type\" content=\"image\/jpeg\" \/>\n<meta name=\"author\" content=\"Antonio Ferro\" \/>\n<meta name=\"twitter:card\" content=\"summary_large_image\" \/>\n<meta name=\"twitter:label1\" content=\"Escrito por\" \/>\n\t<meta name=\"twitter:data1\" content=\"Antonio Ferro\" \/>\n\t<meta name=\"twitter:label2\" content=\"Est. tempo de leitura\" \/>\n\t<meta name=\"twitter:data2\" content=\"4 minutos\" \/>\n<script type=\"application\/ld+json\" class=\"yoast-schema-graph\">{\"@context\":\"https:\/\/schema.org\",\"@graph\":[{\"@type\":\"Article\",\"@id\":\"https:\/\/revistaautobus.com.br\/?p=1752#article\",\"isPartOf\":{\"@id\":\"https:\/\/revistaautobus.com.br\/?p=1752\"},\"author\":{\"name\":\"Antonio Ferro\",\"@id\":\"https:\/\/revistaautobus.com.br\/#\/schema\/person\/54af7c3eb83a310e42ef686ef6d16f50\"},\"headline\":\"Vil\u00e3o da sa\u00fade p\u00fablica\",\"datePublished\":\"2019-06-10T10:09:00+00:00\",\"dateModified\":\"2021-06-23T21:46:31+00:00\",\"mainEntityOfPage\":{\"@id\":\"https:\/\/revistaautobus.com.br\/?p=1752\"},\"wordCount\":727,\"commentCount\":0,\"publisher\":{\"@id\":\"https:\/\/revistaautobus.com.br\/#organization\"},\"image\":{\"@id\":\"https:\/\/revistaautobus.com.br\/?p=1752#primaryimage\"},\"thumbnailUrl\":\"https:\/\/revistaautobus.com.br\/wp-content\/uploads\/2021\/06\/vilao-da-saude-publica-1560172202.jpg\",\"articleSection\":[\"Not\u00edcias\"],\"inLanguage\":\"pt-BR\",\"potentialAction\":[{\"@type\":\"CommentAction\",\"name\":\"Comment\",\"target\":[\"https:\/\/revistaautobus.com.br\/?p=1752#respond\"]}]},{\"@type\":\"WebPage\",\"@id\":\"https:\/\/revistaautobus.com.br\/?p=1752\",\"url\":\"https:\/\/revistaautobus.com.br\/?p=1752\",\"name\":\"Vil\u00e3o da sa\u00fade p\u00fablica - Revista AutoBus\",\"isPartOf\":{\"@id\":\"https:\/\/revistaautobus.com.br\/#website\"},\"primaryImageOfPage\":{\"@id\":\"https:\/\/revistaautobus.com.br\/?p=1752#primaryimage\"},\"image\":{\"@id\":\"https:\/\/revistaautobus.com.br\/?p=1752#primaryimage\"},\"thumbnailUrl\":\"https:\/\/revistaautobus.com.br\/wp-content\/uploads\/2021\/06\/vilao-da-saude-publica-1560172202.jpg\",\"datePublished\":\"2019-06-10T10:09:00+00:00\",\"dateModified\":\"2021-06-23T21:46:31+00:00\",\"breadcrumb\":{\"@id\":\"https:\/\/revistaautobus.com.br\/?p=1752#breadcrumb\"},\"inLanguage\":\"pt-BR\",\"potentialAction\":[{\"@type\":\"ReadAction\",\"target\":[\"https:\/\/revistaautobus.com.br\/?p=1752\"]}]},{\"@type\":\"ImageObject\",\"inLanguage\":\"pt-BR\",\"@id\":\"https:\/\/revistaautobus.com.br\/?p=1752#primaryimage\",\"url\":\"https:\/\/revistaautobus.com.br\/wp-content\/uploads\/2021\/06\/vilao-da-saude-publica-1560172202.jpg\",\"contentUrl\":\"https:\/\/revistaautobus.com.br\/wp-content\/uploads\/2021\/06\/vilao-da-saude-publica-1560172202.jpg\",\"width\":1200,\"height\":1600},{\"@type\":\"BreadcrumbList\",\"@id\":\"https:\/\/revistaautobus.com.br\/?p=1752#breadcrumb\",\"itemListElement\":[{\"@type\":\"ListItem\",\"position\":1,\"name\":\"In\u00edcio\",\"item\":\"https:\/\/revistaautobus.com.br\/\"},{\"@type\":\"ListItem\",\"position\":2,\"name\":\"Vil\u00e3o da sa\u00fade p\u00fablica\"}]},{\"@type\":\"WebSite\",\"@id\":\"https:\/\/revistaautobus.com.br\/#website\",\"url\":\"https:\/\/revistaautobus.com.br\/\",\"name\":\"Revista AutoBus\",\"description\":\"\",\"publisher\":{\"@id\":\"https:\/\/revistaautobus.com.br\/#organization\"},\"potentialAction\":[{\"@type\":\"SearchAction\",\"target\":{\"@type\":\"EntryPoint\",\"urlTemplate\":\"https:\/\/revistaautobus.com.br\/?s={search_term_string}\"},\"query-input\":{\"@type\":\"PropertyValueSpecification\",\"valueRequired\":true,\"valueName\":\"search_term_string\"}}],\"inLanguage\":\"pt-BR\"},{\"@type\":\"Organization\",\"@id\":\"https:\/\/revistaautobus.com.br\/#organization\",\"name\":\"Revista AutoBus\",\"url\":\"https:\/\/revistaautobus.com.br\/\",\"logo\":{\"@type\":\"ImageObject\",\"inLanguage\":\"pt-BR\",\"@id\":\"https:\/\/revistaautobus.com.br\/#\/schema\/logo\/image\/\",\"url\":\"https:\/\/revistaautobus.com.br\/wp-content\/uploads\/2024\/11\/logo_revista_autobus_fb.png\",\"contentUrl\":\"https:\/\/revistaautobus.com.br\/wp-content\/uploads\/2024\/11\/logo_revista_autobus_fb.png\",\"width\":836,\"height\":227,\"caption\":\"Revista AutoBus\"},\"image\":{\"@id\":\"https:\/\/revistaautobus.com.br\/#\/schema\/logo\/image\/\"},\"sameAs\":[\"https:\/\/www.facebook.com\/antonio.ferro.3150\",\"https:\/\/www.instagram.com\/revistaautobus\/\"]},{\"@type\":\"Person\",\"@id\":\"https:\/\/revistaautobus.com.br\/#\/schema\/person\/54af7c3eb83a310e42ef686ef6d16f50\",\"name\":\"Antonio Ferro\",\"image\":{\"@type\":\"ImageObject\",\"inLanguage\":\"pt-BR\",\"@id\":\"https:\/\/revistaautobus.com.br\/wp-content\/uploads\/2025\/12\/editor_antonio_ferro-150x150.jpg\",\"url\":\"https:\/\/revistaautobus.com.br\/wp-content\/uploads\/2025\/12\/editor_antonio_ferro-150x150.jpg\",\"contentUrl\":\"https:\/\/revistaautobus.com.br\/wp-content\/uploads\/2025\/12\/editor_antonio_ferro-150x150.jpg\",\"caption\":\"Antonio Ferro\"},\"description\":\"infobus@uol.com.br\",\"url\":\"https:\/\/revistaautobus.com.br\/?author=2\"}]}<\/script>\n<!-- \/ Yoast SEO plugin. -->","yoast_head_json":{"title":"Vil\u00e3o da sa\u00fade p\u00fablica - Revista AutoBus","robots":{"index":"index","follow":"follow","max-snippet":"max-snippet:-1","max-image-preview":"max-image-preview:large","max-video-preview":"max-video-preview:-1"},"canonical":"https:\/\/revistaautobus.com.br\/?p=1752","og_locale":"pt_BR","og_type":"article","og_title":"Vil\u00e3o da sa\u00fade p\u00fablica - Revista AutoBus","og_description":"O estudo revela como principais ganhos da mudan\u00e7a da fase o saldo positivo de R$ 68 bilh\u00f5es em produtividade; cerca de 148 mil mortes evitadas; economia aproximada de R$ 575 milh\u00f5es fruto da n\u00e3o interna\u00e7\u00e3o hospitalar de 155 mil pessoas","og_url":"https:\/\/revistaautobus.com.br\/?p=1752","og_site_name":"Revista AutoBus","article_publisher":"https:\/\/www.facebook.com\/antonio.ferro.3150","article_published_time":"2019-06-10T10:09:00+00:00","article_modified_time":"2021-06-23T21:46:31+00:00","og_image":[{"width":1200,"height":1600,"url":"https:\/\/revistaautobus.com.br\/wp-content\/uploads\/2021\/06\/vilao-da-saude-publica-1560172202.jpg","type":"image\/jpeg"}],"author":"Antonio Ferro","twitter_card":"summary_large_image","twitter_misc":{"Escrito por":"Antonio Ferro","Est. tempo de leitura":"4 minutos"},"schema":{"@context":"https:\/\/schema.org","@graph":[{"@type":"Article","@id":"https:\/\/revistaautobus.com.br\/?p=1752#article","isPartOf":{"@id":"https:\/\/revistaautobus.com.br\/?p=1752"},"author":{"name":"Antonio Ferro","@id":"https:\/\/revistaautobus.com.br\/#\/schema\/person\/54af7c3eb83a310e42ef686ef6d16f50"},"headline":"Vil\u00e3o da sa\u00fade p\u00fablica","datePublished":"2019-06-10T10:09:00+00:00","dateModified":"2021-06-23T21:46:31+00:00","mainEntityOfPage":{"@id":"https:\/\/revistaautobus.com.br\/?p=1752"},"wordCount":727,"commentCount":0,"publisher":{"@id":"https:\/\/revistaautobus.com.br\/#organization"},"image":{"@id":"https:\/\/revistaautobus.com.br\/?p=1752#primaryimage"},"thumbnailUrl":"https:\/\/revistaautobus.com.br\/wp-content\/uploads\/2021\/06\/vilao-da-saude-publica-1560172202.jpg","articleSection":["Not\u00edcias"],"inLanguage":"pt-BR","potentialAction":[{"@type":"CommentAction","name":"Comment","target":["https:\/\/revistaautobus.com.br\/?p=1752#respond"]}]},{"@type":"WebPage","@id":"https:\/\/revistaautobus.com.br\/?p=1752","url":"https:\/\/revistaautobus.com.br\/?p=1752","name":"Vil\u00e3o da sa\u00fade p\u00fablica - Revista AutoBus","isPartOf":{"@id":"https:\/\/revistaautobus.com.br\/#website"},"primaryImageOfPage":{"@id":"https:\/\/revistaautobus.com.br\/?p=1752#primaryimage"},"image":{"@id":"https:\/\/revistaautobus.com.br\/?p=1752#primaryimage"},"thumbnailUrl":"https:\/\/revistaautobus.com.br\/wp-content\/uploads\/2021\/06\/vilao-da-saude-publica-1560172202.jpg","datePublished":"2019-06-10T10:09:00+00:00","dateModified":"2021-06-23T21:46:31+00:00","breadcrumb":{"@id":"https:\/\/revistaautobus.com.br\/?p=1752#breadcrumb"},"inLanguage":"pt-BR","potentialAction":[{"@type":"ReadAction","target":["https:\/\/revistaautobus.com.br\/?p=1752"]}]},{"@type":"ImageObject","inLanguage":"pt-BR","@id":"https:\/\/revistaautobus.com.br\/?p=1752#primaryimage","url":"https:\/\/revistaautobus.com.br\/wp-content\/uploads\/2021\/06\/vilao-da-saude-publica-1560172202.jpg","contentUrl":"https:\/\/revistaautobus.com.br\/wp-content\/uploads\/2021\/06\/vilao-da-saude-publica-1560172202.jpg","width":1200,"height":1600},{"@type":"BreadcrumbList","@id":"https:\/\/revistaautobus.com.br\/?p=1752#breadcrumb","itemListElement":[{"@type":"ListItem","position":1,"name":"In\u00edcio","item":"https:\/\/revistaautobus.com.br\/"},{"@type":"ListItem","position":2,"name":"Vil\u00e3o da sa\u00fade p\u00fablica"}]},{"@type":"WebSite","@id":"https:\/\/revistaautobus.com.br\/#website","url":"https:\/\/revistaautobus.com.br\/","name":"Revista AutoBus","description":"","publisher":{"@id":"https:\/\/revistaautobus.com.br\/#organization"},"potentialAction":[{"@type":"SearchAction","target":{"@type":"EntryPoint","urlTemplate":"https:\/\/revistaautobus.com.br\/?s={search_term_string}"},"query-input":{"@type":"PropertyValueSpecification","valueRequired":true,"valueName":"search_term_string"}}],"inLanguage":"pt-BR"},{"@type":"Organization","@id":"https:\/\/revistaautobus.com.br\/#organization","name":"Revista AutoBus","url":"https:\/\/revistaautobus.com.br\/","logo":{"@type":"ImageObject","inLanguage":"pt-BR","@id":"https:\/\/revistaautobus.com.br\/#\/schema\/logo\/image\/","url":"https:\/\/revistaautobus.com.br\/wp-content\/uploads\/2024\/11\/logo_revista_autobus_fb.png","contentUrl":"https:\/\/revistaautobus.com.br\/wp-content\/uploads\/2024\/11\/logo_revista_autobus_fb.png","width":836,"height":227,"caption":"Revista AutoBus"},"image":{"@id":"https:\/\/revistaautobus.com.br\/#\/schema\/logo\/image\/"},"sameAs":["https:\/\/www.facebook.com\/antonio.ferro.3150","https:\/\/www.instagram.com\/revistaautobus\/"]},{"@type":"Person","@id":"https:\/\/revistaautobus.com.br\/#\/schema\/person\/54af7c3eb83a310e42ef686ef6d16f50","name":"Antonio Ferro","image":{"@type":"ImageObject","inLanguage":"pt-BR","@id":"https:\/\/revistaautobus.com.br\/wp-content\/uploads\/2025\/12\/editor_antonio_ferro-150x150.jpg","url":"https:\/\/revistaautobus.com.br\/wp-content\/uploads\/2025\/12\/editor_antonio_ferro-150x150.jpg","contentUrl":"https:\/\/revistaautobus.com.br\/wp-content\/uploads\/2025\/12\/editor_antonio_ferro-150x150.jpg","caption":"Antonio Ferro"},"description":"infobus@uol.com.br","url":"https:\/\/revistaautobus.com.br\/?author=2"}]}},"jetpack_featured_media_url":"https:\/\/revistaautobus.com.br\/wp-content\/uploads\/2021\/06\/vilao-da-saude-publica-1560172202.jpg","jetpack_sharing_enabled":true,"_links":{"self":[{"href":"https:\/\/revistaautobus.com.br\/index.php?rest_route=\/wp\/v2\/posts\/1752","targetHints":{"allow":["GET"]}}],"collection":[{"href":"https:\/\/revistaautobus.com.br\/index.php?rest_route=\/wp\/v2\/posts"}],"about":[{"href":"https:\/\/revistaautobus.com.br\/index.php?rest_route=\/wp\/v2\/types\/post"}],"author":[{"embeddable":true,"href":"https:\/\/revistaautobus.com.br\/index.php?rest_route=\/wp\/v2\/users\/2"}],"replies":[{"embeddable":true,"href":"https:\/\/revistaautobus.com.br\/index.php?rest_route=%2Fwp%2Fv2%2Fcomments&post=1752"}],"version-history":[{"count":1,"href":"https:\/\/revistaautobus.com.br\/index.php?rest_route=\/wp\/v2\/posts\/1752\/revisions"}],"predecessor-version":[{"id":1754,"href":"https:\/\/revistaautobus.com.br\/index.php?rest_route=\/wp\/v2\/posts\/1752\/revisions\/1754"}],"wp:featuredmedia":[{"embeddable":true,"href":"https:\/\/revistaautobus.com.br\/index.php?rest_route=\/wp\/v2\/media\/1753"}],"wp:attachment":[{"href":"https:\/\/revistaautobus.com.br\/index.php?rest_route=%2Fwp%2Fv2%2Fmedia&parent=1752"}],"wp:term":[{"taxonomy":"category","embeddable":true,"href":"https:\/\/revistaautobus.com.br\/index.php?rest_route=%2Fwp%2Fv2%2Fcategories&post=1752"},{"taxonomy":"post_tag","embeddable":true,"href":"https:\/\/revistaautobus.com.br\/index.php?rest_route=%2Fwp%2Fv2%2Ftags&post=1752"}],"curies":[{"name":"wp","href":"https:\/\/api.w.org\/{rel}","templated":true}]}}