{"id":17649,"date":"2026-01-26T17:43:06","date_gmt":"2026-01-26T20:43:06","guid":{"rendered":"https:\/\/revistaautobus.com.br\/?p=17649"},"modified":"2026-01-26T17:43:06","modified_gmt":"2026-01-26T20:43:06","slug":"volare-em-curacao-e-no-chile","status":"publish","type":"post","link":"https:\/\/revistaautobus.com.br\/?p=17649","title":{"rendered":"Volare em Cura\u00e7ao e no Chile"},"content":{"rendered":"<p>A Autobusbedrijf Cura\u00e7ao (ABC), operadora de transporte coletivo da cidade de Wilemstad, adquiriu oito unidades do modelo Volare Access Urbano para a renova\u00e7\u00e3o da frota do sistema local.<\/p>\n<p>De acordo com a marca ga\u00facha, seu modelo \u00e9 o \u00fanico da categoria com piso baixo central, motor traseiro e suspens\u00e3o total \u00e0 ar, o que aumenta o conforto, com rebaixamento da suspens\u00e3o e o uso de rampa dobr\u00e1vel ao inv\u00e9s de plataforma elevat\u00f3ria, tornando mais \u00e1gil o embarque e desembarque, otimizando assim o tempo de viagem e facilitando o acesso de pessoas com dificuldade de locomo\u00e7\u00e3o.<\/p>\n<p>O respectivo modelo tem capacidade de transportar 30 passageiros, portando poltronas City estofadas, sistema de ar-condicionado, carregadores USB distribu\u00eddos pelo sal\u00e3o, c\u00e2meras de monitoramento, sistema de \u00e1udio e v\u00eddeo com DVD e monitor no teto e prepara\u00e7\u00e3o para internet.<\/p>\n<p>Jos\u00e9 Luis Moraes Goes, diretor de Opera\u00e7\u00f5es Internacionais e Comerciais Mercado Externo da Marcopolo, lembrou que a Volare lidera as exporta\u00e7\u00f5es brasileiras do segmento de micros, tendo expressiva participa\u00e7\u00e3o de mercado. &#8220;Continuamos focados em contribuir para a mobilidade eficiente e sustent\u00e1vel, no Brasil e nos mercados internacionais nos quais atuamos, como o Caribe. O Volare Access Urbano \u00e9 um ve\u00edculo <em>premium<\/em> e oferece conforto, seguran\u00e7a e acessibilidade para os mais diferentes p\u00fablicos&#8221;, comentou.<\/p>\n<p>J\u00e1 para o Chile s\u00e3o 42 unidades dos modelos Fly 9 e Attack 8 4X4 para a Empresa De Buses Hualp\u00e9n. De acordo com a Volare, os ve\u00edculos foram projetados com configura\u00e7\u00f5es especiais para operar em ambientes de minera\u00e7\u00e3o, caracterizados por condi\u00e7\u00f5es extremamente severas.<\/p>\n<p>O Volare Attack 8 4&#215;4 tem 6,78 metros de comprimento e capacidade para 18 passageiros em poltronas Executivas, equipadas com tomadas USB, porta-copos e cintos de seguran\u00e7a de tr\u00eas pontos. Atendem \u00e0 norma ECE R66.02, que assegura maior resist\u00eancia estrutural e prote\u00e7\u00e3o aos passageiros em caso de capotamento.<\/p>\n<p><img loading=\"lazy\" decoding=\"async\" class=\"wp-image-17651 aligncenter\" src=\"https:\/\/revistaautobus.com.br\/wp-content\/uploads\/2026\/01\/26012026-Volare_Buses-Hualpen_Chile_2-300x200.jpg\" alt=\"\" width=\"600\" height=\"400\" srcset=\"https:\/\/revistaautobus.com.br\/wp-content\/uploads\/2026\/01\/26012026-Volare_Buses-Hualpen_Chile_2-300x200.jpg 300w, https:\/\/revistaautobus.com.br\/wp-content\/uploads\/2026\/01\/26012026-Volare_Buses-Hualpen_Chile_2-1024x682.jpg 1024w, https:\/\/revistaautobus.com.br\/wp-content\/uploads\/2026\/01\/26012026-Volare_Buses-Hualpen_Chile_2-768x512.jpg 768w, https:\/\/revistaautobus.com.br\/wp-content\/uploads\/2026\/01\/26012026-Volare_Buses-Hualpen_Chile_2-1080x720.jpg 1080w, https:\/\/revistaautobus.com.br\/wp-content\/uploads\/2026\/01\/26012026-Volare_Buses-Hualpen_Chile_2.jpg 1400w\" sizes=\"(max-width: 600px) 100vw, 600px\" \/><\/p>\n<p>Al\u00e9m disso, as unidades contam com ar-condicionado, parede de separa\u00e7\u00e3o total, cortinas e itiner\u00e1rio eletr\u00f4nico; bagageiro e porta-pacotes; suspens\u00e3o refor\u00e7ada e sistema de transmiss\u00e3o robusta com op\u00e7\u00f5es de tra\u00e7\u00e3o 4&#215;2, 4&#215;4 tradicional e 4&#215;4 reduzida; rodas e pneus especiais para terrenos <em>off-road<\/em>; freios ABS\/EBD e prote\u00e7\u00f5es adicionais para c\u00e1rter, tanque e chicotes el\u00e9tricos.<\/p>\n<p>O modelo, ainda, est\u00e1 equipado com saia lateral elevada, \u00e2ngulos de entrada e sa\u00edda diferenciados, snorkel para tr\u00e1fego em \u00e1reas alagadas, bateria e estepe no bagageiro traseiro, al\u00e9m de sinaliza\u00e7\u00e3o especial com suporte para haste indicativa de altura.<\/p>\n<p><img loading=\"lazy\" decoding=\"async\" class=\"wp-image-17652 aligncenter\" src=\"https:\/\/revistaautobus.com.br\/wp-content\/uploads\/2026\/01\/26012026-Volare_Buses-Hualpen_Chile_1-300x200.jpg\" alt=\"\" width=\"600\" height=\"400\" srcset=\"https:\/\/revistaautobus.com.br\/wp-content\/uploads\/2026\/01\/26012026-Volare_Buses-Hualpen_Chile_1-300x200.jpg 300w, https:\/\/revistaautobus.com.br\/wp-content\/uploads\/2026\/01\/26012026-Volare_Buses-Hualpen_Chile_1-1024x682.jpg 1024w, https:\/\/revistaautobus.com.br\/wp-content\/uploads\/2026\/01\/26012026-Volare_Buses-Hualpen_Chile_1-768x512.jpg 768w, https:\/\/revistaautobus.com.br\/wp-content\/uploads\/2026\/01\/26012026-Volare_Buses-Hualpen_Chile_1-1080x720.jpg 1080w, https:\/\/revistaautobus.com.br\/wp-content\/uploads\/2026\/01\/26012026-Volare_Buses-Hualpen_Chile_1.jpg 1400w\" sizes=\"(max-width: 600px) 100vw, 600px\" \/><\/p>\n<p>Em se tratando do Volare Fly 9, ele tem 31 poltronas reclin\u00e1veis com tomadas USB, sistema de climatiza\u00e7\u00e3o quente e frio, com calefa\u00e7\u00e3o refor\u00e7ada para temperaturas extremas, parede de separa\u00e7\u00e3o total, cortinas, itiner\u00e1rio eletr\u00f4nico e bagageiro e far\u00f3is de neblina dianteiros e traseiros. \u201cA Volare tem ampliado, ano ap\u00f3s ano, sua presen\u00e7a no mercado chileno, especialmente no fornecimento de ve\u00edculos robustos para aplica\u00e7\u00f5es severas, como as da minera\u00e7\u00e3o. Isso refor\u00e7a o nosso compromisso em desenvolver solu\u00e7\u00f5es sob medida para cada cliente, garantindo efici\u00eancia e otimiza\u00e7\u00e3o do investimento\u201d, finalizou Goes.<\/p>\n<p>Imagens &#8211; Divulga\u00e7\u00e3o<\/p>\n","protected":false},"excerpt":{"rendered":"<p>Fabricante ga\u00facha de micro-\u00f4nibus forneceu seus modelos para o transporte de Cura\u00e7ao e nas minas chilenas<\/p>\n","protected":false},"author":2,"featured_media":17650,"comment_status":"open","ping_status":"open","sticky":false,"template":"","format":"standard","meta":{"_et_pb_use_builder":"","_et_pb_old_content":"","_et_gb_content_width":"","_jetpack_memberships_contains_paid_content":false,"footnotes":""},"categories":[53,1060,90],"tags":[157],"class_list":["post-17649","post","type-post","status-publish","format-standard","has-post-thumbnail","hentry","category-internacional","category-notas","category-noticias","tag-volare","et-has-post-format-content","et_post_format-et-post-format-standard"],"yoast_head":"<!-- This site is optimized with the Yoast SEO plugin v27.2 - https:\/\/yoast.com\/product\/yoast-seo-wordpress\/ -->\n<title>Volare em Cura\u00e7ao e no Chile - Revista AutoBus<\/title>\n<meta name=\"robots\" content=\"index, follow, max-snippet:-1, max-image-preview:large, max-video-preview:-1\" \/>\n<link rel=\"canonical\" href=\"https:\/\/revistaautobus.com.br\/?p=17649\" \/>\n<meta property=\"og:locale\" content=\"pt_BR\" \/>\n<meta property=\"og:type\" content=\"article\" \/>\n<meta property=\"og:title\" content=\"Volare em Cura\u00e7ao e no Chile - Revista AutoBus\" \/>\n<meta property=\"og:description\" content=\"Fabricante ga\u00facha de micro-\u00f4nibus forneceu seus modelos para o transporte de Cura\u00e7ao e nas minas chilenas\" \/>\n<meta property=\"og:url\" content=\"https:\/\/revistaautobus.com.br\/?p=17649\" \/>\n<meta property=\"og:site_name\" content=\"Revista AutoBus\" \/>\n<meta property=\"article:publisher\" content=\"https:\/\/www.facebook.com\/antonio.ferro.3150\" \/>\n<meta property=\"article:published_time\" content=\"2026-01-26T20:43:06+00:00\" \/>\n<meta property=\"og:image\" content=\"https:\/\/revistaautobus.com.br\/wp-content\/uploads\/2026\/01\/22012026-Volare_Autobusbedrijf-Curacao_1.jpg\" \/>\n\t<meta property=\"og:image:width\" content=\"1200\" \/>\n\t<meta property=\"og:image:height\" content=\"800\" \/>\n\t<meta property=\"og:image:type\" content=\"image\/jpeg\" \/>\n<meta name=\"author\" content=\"Antonio Ferro\" \/>\n<meta name=\"twitter:card\" content=\"summary_large_image\" \/>\n<meta name=\"twitter:label1\" content=\"Escrito por\" \/>\n\t<meta name=\"twitter:data1\" content=\"Antonio Ferro\" \/>\n\t<meta name=\"twitter:label2\" content=\"Est. tempo de leitura\" \/>\n\t<meta name=\"twitter:data2\" content=\"4 minutos\" \/>\n<script type=\"application\/ld+json\" class=\"yoast-schema-graph\">{\"@context\":\"https:\/\/schema.org\",\"@graph\":[{\"@type\":\"Article\",\"@id\":\"https:\/\/revistaautobus.com.br\/?p=17649#article\",\"isPartOf\":{\"@id\":\"https:\/\/revistaautobus.com.br\/?p=17649\"},\"author\":{\"name\":\"Antonio Ferro\",\"@id\":\"https:\/\/revistaautobus.com.br\/#\/schema\/person\/54af7c3eb83a310e42ef686ef6d16f50\"},\"headline\":\"Volare em Cura\u00e7ao e no Chile\",\"datePublished\":\"2026-01-26T20:43:06+00:00\",\"mainEntityOfPage\":{\"@id\":\"https:\/\/revistaautobus.com.br\/?p=17649\"},\"wordCount\":542,\"commentCount\":0,\"publisher\":{\"@id\":\"https:\/\/revistaautobus.com.br\/#organization\"},\"image\":{\"@id\":\"https:\/\/revistaautobus.com.br\/?p=17649#primaryimage\"},\"thumbnailUrl\":\"https:\/\/revistaautobus.com.br\/wp-content\/uploads\/2026\/01\/22012026-Volare_Autobusbedrijf-Curacao_1.jpg\",\"keywords\":[\"Volare\"],\"articleSection\":[\"Internacional\",\"Notas\",\"Not\u00edcias\"],\"inLanguage\":\"pt-BR\",\"potentialAction\":[{\"@type\":\"CommentAction\",\"name\":\"Comment\",\"target\":[\"https:\/\/revistaautobus.com.br\/?p=17649#respond\"]}]},{\"@type\":\"WebPage\",\"@id\":\"https:\/\/revistaautobus.com.br\/?p=17649\",\"url\":\"https:\/\/revistaautobus.com.br\/?p=17649\",\"name\":\"Volare em Cura\u00e7ao e no Chile - Revista AutoBus\",\"isPartOf\":{\"@id\":\"https:\/\/revistaautobus.com.br\/#website\"},\"primaryImageOfPage\":{\"@id\":\"https:\/\/revistaautobus.com.br\/?p=17649#primaryimage\"},\"image\":{\"@id\":\"https:\/\/revistaautobus.com.br\/?p=17649#primaryimage\"},\"thumbnailUrl\":\"https:\/\/revistaautobus.com.br\/wp-content\/uploads\/2026\/01\/22012026-Volare_Autobusbedrijf-Curacao_1.jpg\",\"datePublished\":\"2026-01-26T20:43:06+00:00\",\"breadcrumb\":{\"@id\":\"https:\/\/revistaautobus.com.br\/?p=17649#breadcrumb\"},\"inLanguage\":\"pt-BR\",\"potentialAction\":[{\"@type\":\"ReadAction\",\"target\":[\"https:\/\/revistaautobus.com.br\/?p=17649\"]}]},{\"@type\":\"ImageObject\",\"inLanguage\":\"pt-BR\",\"@id\":\"https:\/\/revistaautobus.com.br\/?p=17649#primaryimage\",\"url\":\"https:\/\/revistaautobus.com.br\/wp-content\/uploads\/2026\/01\/22012026-Volare_Autobusbedrijf-Curacao_1.jpg\",\"contentUrl\":\"https:\/\/revistaautobus.com.br\/wp-content\/uploads\/2026\/01\/22012026-Volare_Autobusbedrijf-Curacao_1.jpg\",\"width\":1200,\"height\":800},{\"@type\":\"BreadcrumbList\",\"@id\":\"https:\/\/revistaautobus.com.br\/?p=17649#breadcrumb\",\"itemListElement\":[{\"@type\":\"ListItem\",\"position\":1,\"name\":\"In\u00edcio\",\"item\":\"https:\/\/revistaautobus.com.br\/\"},{\"@type\":\"ListItem\",\"position\":2,\"name\":\"Volare em Cura\u00e7ao e no Chile\"}]},{\"@type\":\"WebSite\",\"@id\":\"https:\/\/revistaautobus.com.br\/#website\",\"url\":\"https:\/\/revistaautobus.com.br\/\",\"name\":\"Revista AutoBus\",\"description\":\"\",\"publisher\":{\"@id\":\"https:\/\/revistaautobus.com.br\/#organization\"},\"potentialAction\":[{\"@type\":\"SearchAction\",\"target\":{\"@type\":\"EntryPoint\",\"urlTemplate\":\"https:\/\/revistaautobus.com.br\/?s={search_term_string}\"},\"query-input\":{\"@type\":\"PropertyValueSpecification\",\"valueRequired\":true,\"valueName\":\"search_term_string\"}}],\"inLanguage\":\"pt-BR\"},{\"@type\":\"Organization\",\"@id\":\"https:\/\/revistaautobus.com.br\/#organization\",\"name\":\"Revista AutoBus\",\"url\":\"https:\/\/revistaautobus.com.br\/\",\"logo\":{\"@type\":\"ImageObject\",\"inLanguage\":\"pt-BR\",\"@id\":\"https:\/\/revistaautobus.com.br\/#\/schema\/logo\/image\/\",\"url\":\"https:\/\/revistaautobus.com.br\/wp-content\/uploads\/2024\/11\/logo_revista_autobus_fb.png\",\"contentUrl\":\"https:\/\/revistaautobus.com.br\/wp-content\/uploads\/2024\/11\/logo_revista_autobus_fb.png\",\"width\":836,\"height\":227,\"caption\":\"Revista AutoBus\"},\"image\":{\"@id\":\"https:\/\/revistaautobus.com.br\/#\/schema\/logo\/image\/\"},\"sameAs\":[\"https:\/\/www.facebook.com\/antonio.ferro.3150\",\"https:\/\/www.instagram.com\/revistaautobus\/\"]},{\"@type\":\"Person\",\"@id\":\"https:\/\/revistaautobus.com.br\/#\/schema\/person\/54af7c3eb83a310e42ef686ef6d16f50\",\"name\":\"Antonio Ferro\",\"image\":{\"@type\":\"ImageObject\",\"inLanguage\":\"pt-BR\",\"@id\":\"https:\/\/revistaautobus.com.br\/wp-content\/uploads\/2025\/12\/editor_antonio_ferro-150x150.jpg\",\"url\":\"https:\/\/revistaautobus.com.br\/wp-content\/uploads\/2025\/12\/editor_antonio_ferro-150x150.jpg\",\"contentUrl\":\"https:\/\/revistaautobus.com.br\/wp-content\/uploads\/2025\/12\/editor_antonio_ferro-150x150.jpg\",\"caption\":\"Antonio Ferro\"},\"description\":\"infobus@uol.com.br\",\"url\":\"https:\/\/revistaautobus.com.br\/?author=2\"}]}<\/script>\n<!-- \/ Yoast SEO plugin. -->","yoast_head_json":{"title":"Volare em Cura\u00e7ao e no Chile - Revista AutoBus","robots":{"index":"index","follow":"follow","max-snippet":"max-snippet:-1","max-image-preview":"max-image-preview:large","max-video-preview":"max-video-preview:-1"},"canonical":"https:\/\/revistaautobus.com.br\/?p=17649","og_locale":"pt_BR","og_type":"article","og_title":"Volare em Cura\u00e7ao e no Chile - Revista AutoBus","og_description":"Fabricante ga\u00facha de micro-\u00f4nibus forneceu seus modelos para o transporte de Cura\u00e7ao e nas minas chilenas","og_url":"https:\/\/revistaautobus.com.br\/?p=17649","og_site_name":"Revista AutoBus","article_publisher":"https:\/\/www.facebook.com\/antonio.ferro.3150","article_published_time":"2026-01-26T20:43:06+00:00","og_image":[{"width":1200,"height":800,"url":"https:\/\/revistaautobus.com.br\/wp-content\/uploads\/2026\/01\/22012026-Volare_Autobusbedrijf-Curacao_1.jpg","type":"image\/jpeg"}],"author":"Antonio Ferro","twitter_card":"summary_large_image","twitter_misc":{"Escrito por":"Antonio Ferro","Est. tempo de leitura":"4 minutos"},"schema":{"@context":"https:\/\/schema.org","@graph":[{"@type":"Article","@id":"https:\/\/revistaautobus.com.br\/?p=17649#article","isPartOf":{"@id":"https:\/\/revistaautobus.com.br\/?p=17649"},"author":{"name":"Antonio Ferro","@id":"https:\/\/revistaautobus.com.br\/#\/schema\/person\/54af7c3eb83a310e42ef686ef6d16f50"},"headline":"Volare em Cura\u00e7ao e no Chile","datePublished":"2026-01-26T20:43:06+00:00","mainEntityOfPage":{"@id":"https:\/\/revistaautobus.com.br\/?p=17649"},"wordCount":542,"commentCount":0,"publisher":{"@id":"https:\/\/revistaautobus.com.br\/#organization"},"image":{"@id":"https:\/\/revistaautobus.com.br\/?p=17649#primaryimage"},"thumbnailUrl":"https:\/\/revistaautobus.com.br\/wp-content\/uploads\/2026\/01\/22012026-Volare_Autobusbedrijf-Curacao_1.jpg","keywords":["Volare"],"articleSection":["Internacional","Notas","Not\u00edcias"],"inLanguage":"pt-BR","potentialAction":[{"@type":"CommentAction","name":"Comment","target":["https:\/\/revistaautobus.com.br\/?p=17649#respond"]}]},{"@type":"WebPage","@id":"https:\/\/revistaautobus.com.br\/?p=17649","url":"https:\/\/revistaautobus.com.br\/?p=17649","name":"Volare em Cura\u00e7ao e no Chile - Revista AutoBus","isPartOf":{"@id":"https:\/\/revistaautobus.com.br\/#website"},"primaryImageOfPage":{"@id":"https:\/\/revistaautobus.com.br\/?p=17649#primaryimage"},"image":{"@id":"https:\/\/revistaautobus.com.br\/?p=17649#primaryimage"},"thumbnailUrl":"https:\/\/revistaautobus.com.br\/wp-content\/uploads\/2026\/01\/22012026-Volare_Autobusbedrijf-Curacao_1.jpg","datePublished":"2026-01-26T20:43:06+00:00","breadcrumb":{"@id":"https:\/\/revistaautobus.com.br\/?p=17649#breadcrumb"},"inLanguage":"pt-BR","potentialAction":[{"@type":"ReadAction","target":["https:\/\/revistaautobus.com.br\/?p=17649"]}]},{"@type":"ImageObject","inLanguage":"pt-BR","@id":"https:\/\/revistaautobus.com.br\/?p=17649#primaryimage","url":"https:\/\/revistaautobus.com.br\/wp-content\/uploads\/2026\/01\/22012026-Volare_Autobusbedrijf-Curacao_1.jpg","contentUrl":"https:\/\/revistaautobus.com.br\/wp-content\/uploads\/2026\/01\/22012026-Volare_Autobusbedrijf-Curacao_1.jpg","width":1200,"height":800},{"@type":"BreadcrumbList","@id":"https:\/\/revistaautobus.com.br\/?p=17649#breadcrumb","itemListElement":[{"@type":"ListItem","position":1,"name":"In\u00edcio","item":"https:\/\/revistaautobus.com.br\/"},{"@type":"ListItem","position":2,"name":"Volare em Cura\u00e7ao e no Chile"}]},{"@type":"WebSite","@id":"https:\/\/revistaautobus.com.br\/#website","url":"https:\/\/revistaautobus.com.br\/","name":"Revista AutoBus","description":"","publisher":{"@id":"https:\/\/revistaautobus.com.br\/#organization"},"potentialAction":[{"@type":"SearchAction","target":{"@type":"EntryPoint","urlTemplate":"https:\/\/revistaautobus.com.br\/?s={search_term_string}"},"query-input":{"@type":"PropertyValueSpecification","valueRequired":true,"valueName":"search_term_string"}}],"inLanguage":"pt-BR"},{"@type":"Organization","@id":"https:\/\/revistaautobus.com.br\/#organization","name":"Revista AutoBus","url":"https:\/\/revistaautobus.com.br\/","logo":{"@type":"ImageObject","inLanguage":"pt-BR","@id":"https:\/\/revistaautobus.com.br\/#\/schema\/logo\/image\/","url":"https:\/\/revistaautobus.com.br\/wp-content\/uploads\/2024\/11\/logo_revista_autobus_fb.png","contentUrl":"https:\/\/revistaautobus.com.br\/wp-content\/uploads\/2024\/11\/logo_revista_autobus_fb.png","width":836,"height":227,"caption":"Revista AutoBus"},"image":{"@id":"https:\/\/revistaautobus.com.br\/#\/schema\/logo\/image\/"},"sameAs":["https:\/\/www.facebook.com\/antonio.ferro.3150","https:\/\/www.instagram.com\/revistaautobus\/"]},{"@type":"Person","@id":"https:\/\/revistaautobus.com.br\/#\/schema\/person\/54af7c3eb83a310e42ef686ef6d16f50","name":"Antonio Ferro","image":{"@type":"ImageObject","inLanguage":"pt-BR","@id":"https:\/\/revistaautobus.com.br\/wp-content\/uploads\/2025\/12\/editor_antonio_ferro-150x150.jpg","url":"https:\/\/revistaautobus.com.br\/wp-content\/uploads\/2025\/12\/editor_antonio_ferro-150x150.jpg","contentUrl":"https:\/\/revistaautobus.com.br\/wp-content\/uploads\/2025\/12\/editor_antonio_ferro-150x150.jpg","caption":"Antonio Ferro"},"description":"infobus@uol.com.br","url":"https:\/\/revistaautobus.com.br\/?author=2"}]}},"jetpack_featured_media_url":"https:\/\/revistaautobus.com.br\/wp-content\/uploads\/2026\/01\/22012026-Volare_Autobusbedrijf-Curacao_1.jpg","jetpack_sharing_enabled":true,"_links":{"self":[{"href":"https:\/\/revistaautobus.com.br\/index.php?rest_route=\/wp\/v2\/posts\/17649","targetHints":{"allow":["GET"]}}],"collection":[{"href":"https:\/\/revistaautobus.com.br\/index.php?rest_route=\/wp\/v2\/posts"}],"about":[{"href":"https:\/\/revistaautobus.com.br\/index.php?rest_route=\/wp\/v2\/types\/post"}],"author":[{"embeddable":true,"href":"https:\/\/revistaautobus.com.br\/index.php?rest_route=\/wp\/v2\/users\/2"}],"replies":[{"embeddable":true,"href":"https:\/\/revistaautobus.com.br\/index.php?rest_route=%2Fwp%2Fv2%2Fcomments&post=17649"}],"version-history":[{"count":2,"href":"https:\/\/revistaautobus.com.br\/index.php?rest_route=\/wp\/v2\/posts\/17649\/revisions"}],"predecessor-version":[{"id":17654,"href":"https:\/\/revistaautobus.com.br\/index.php?rest_route=\/wp\/v2\/posts\/17649\/revisions\/17654"}],"wp:featuredmedia":[{"embeddable":true,"href":"https:\/\/revistaautobus.com.br\/index.php?rest_route=\/wp\/v2\/media\/17650"}],"wp:attachment":[{"href":"https:\/\/revistaautobus.com.br\/index.php?rest_route=%2Fwp%2Fv2%2Fmedia&parent=17649"}],"wp:term":[{"taxonomy":"category","embeddable":true,"href":"https:\/\/revistaautobus.com.br\/index.php?rest_route=%2Fwp%2Fv2%2Fcategories&post=17649"},{"taxonomy":"post_tag","embeddable":true,"href":"https:\/\/revistaautobus.com.br\/index.php?rest_route=%2Fwp%2Fv2%2Ftags&post=17649"}],"curies":[{"name":"wp","href":"https:\/\/api.w.org\/{rel}","templated":true}]}}