{"id":17660,"date":"2026-01-26T17:47:44","date_gmt":"2026-01-26T20:47:44","guid":{"rendered":"https:\/\/revistaautobus.com.br\/?p=17660"},"modified":"2026-01-26T17:47:44","modified_gmt":"2026-01-26T20:47:44","slug":"piracicabana-investe-em-novos-onibus","status":"publish","type":"post","link":"https:\/\/revistaautobus.com.br\/?p=17660","title":{"rendered":"Piracicabana investe em novos \u00f4nibus"},"content":{"rendered":"<p>Com vistas a refor\u00e7ar a parceria pautada pela qualidade, confian\u00e7a e solu\u00e7\u00f5es sob medida com seus clientes, a marca catarinense, Busscar, ir\u00e1 concluir mais um neg\u00f3cio com a Via\u00e7\u00e3o Piracicabana, que optou por mais 35 unidades da carro\u00e7aria El Buss FT, montadas sobre chassi Mercedes-Benz OF-1621.<\/p>\n<p>O modelo \u00e9 direcionado para viagens de curtas dist\u00e2ncias e opera\u00e7\u00f5es de fretamento, que oferece o melhor custo-benef\u00edcio ao cliente, sem abrir m\u00e3o da seguran\u00e7a, do conforto e da robustez, caracter\u00edsticas j\u00e1 consagradas da marca.<\/p>\n<p>De acordo com a Busscar, para atender \u00e0s necessidades espec\u00edficas da Piracicabana, os ve\u00edculos receberam uma configura\u00e7\u00e3o personalizada, focada em conforto, funcionalidade e tecnologia. A carro\u00e7aria escolhida tem 44 poltronas <em>Class Soft<\/em> e ar-condicionado de teto quente e frio, com sistema de renova\u00e7\u00e3o de ar e filtro antip\u00f3len.<\/p>\n<p>H\u00e1, tamb\u00e9m, sanit\u00e1rio traseiro modular com detector de fuma\u00e7a, aera\u00e7\u00e3o for\u00e7ada para cabine do motorista e para-brisa, com motor el\u00e9trico e ar-condicionado acoplado \u00e0 calefa\u00e7\u00e3o.<\/p>\n<p>Paulo Corso, diretor-comercial da Busscar, comentou que a entrega refor\u00e7a o compromisso da empresa em desenvolver solu\u00e7\u00f5es alinhadas \u00e0s necessidades de cada cliente. \u201cA Piracicabana \u00e9 um parceiro estrat\u00e9gico, e essa entrega reflete a capacidade da BUSSCAR de oferecer produtos vers\u00e1teis, eficientes e personalizados. O El Buss FT \u00e9 um modelo que traduz nosso foco em qualidade, conforto e custo-benef\u00edcio, atendendo com excel\u00eancia \u00e0s demandas do transporte de curta dist\u00e2ncia e fretamento\u201d, destacou.<\/p>\n<p>Imagem &#8211; Divulga\u00e7\u00e3o<\/p>\n","protected":false},"excerpt":{"rendered":"<p>Visando atender seus clientes de fretamento, a operadora paulista recebe mais 35 unidades da Busscar<\/p>\n","protected":false},"author":2,"featured_media":17661,"comment_status":"open","ping_status":"open","sticky":false,"template":"","format":"standard","meta":{"_et_pb_use_builder":"","_et_pb_old_content":"","_et_gb_content_width":"","_jetpack_memberships_contains_paid_content":false,"footnotes":""},"categories":[1060,90],"tags":[56],"class_list":["post-17660","post","type-post","status-publish","format-standard","has-post-thumbnail","hentry","category-notas","category-noticias","tag-busscar","et-has-post-format-content","et_post_format-et-post-format-standard"],"yoast_head":"<!-- This site is optimized with the Yoast SEO plugin v27.2 - https:\/\/yoast.com\/product\/yoast-seo-wordpress\/ -->\n<title>Piracicabana investe em novos \u00f4nibus - Revista AutoBus<\/title>\n<meta name=\"robots\" content=\"index, follow, max-snippet:-1, max-image-preview:large, max-video-preview:-1\" \/>\n<link rel=\"canonical\" href=\"https:\/\/revistaautobus.com.br\/?p=17660\" \/>\n<meta property=\"og:locale\" content=\"pt_BR\" \/>\n<meta property=\"og:type\" content=\"article\" \/>\n<meta property=\"og:title\" content=\"Piracicabana investe em novos \u00f4nibus - Revista AutoBus\" \/>\n<meta property=\"og:description\" content=\"Visando atender seus clientes de fretamento, a operadora paulista recebe mais 35 unidades da Busscar\" \/>\n<meta property=\"og:url\" content=\"https:\/\/revistaautobus.com.br\/?p=17660\" \/>\n<meta property=\"og:site_name\" content=\"Revista AutoBus\" \/>\n<meta property=\"article:publisher\" content=\"https:\/\/www.facebook.com\/antonio.ferro.3150\" \/>\n<meta property=\"article:published_time\" content=\"2026-01-26T20:47:44+00:00\" \/>\n<meta property=\"og:image\" content=\"https:\/\/revistaautobus.com.br\/wp-content\/uploads\/2026\/01\/Piracicabana-perspectiva.jpg\" \/>\n\t<meta property=\"og:image:width\" content=\"1000\" \/>\n\t<meta property=\"og:image:height\" content=\"837\" \/>\n\t<meta property=\"og:image:type\" content=\"image\/jpeg\" \/>\n<meta name=\"author\" content=\"Antonio Ferro\" \/>\n<meta name=\"twitter:card\" content=\"summary_large_image\" \/>\n<meta name=\"twitter:label1\" content=\"Escrito por\" \/>\n\t<meta name=\"twitter:data1\" content=\"Antonio Ferro\" \/>\n\t<meta name=\"twitter:label2\" content=\"Est. tempo de leitura\" \/>\n\t<meta name=\"twitter:data2\" content=\"2 minutos\" \/>\n<script type=\"application\/ld+json\" class=\"yoast-schema-graph\">{\"@context\":\"https:\/\/schema.org\",\"@graph\":[{\"@type\":\"Article\",\"@id\":\"https:\/\/revistaautobus.com.br\/?p=17660#article\",\"isPartOf\":{\"@id\":\"https:\/\/revistaautobus.com.br\/?p=17660\"},\"author\":{\"name\":\"Antonio Ferro\",\"@id\":\"https:\/\/revistaautobus.com.br\/#\/schema\/person\/54af7c3eb83a310e42ef686ef6d16f50\"},\"headline\":\"Piracicabana investe em novos \u00f4nibus\",\"datePublished\":\"2026-01-26T20:47:44+00:00\",\"mainEntityOfPage\":{\"@id\":\"https:\/\/revistaautobus.com.br\/?p=17660\"},\"wordCount\":262,\"commentCount\":0,\"publisher\":{\"@id\":\"https:\/\/revistaautobus.com.br\/#organization\"},\"image\":{\"@id\":\"https:\/\/revistaautobus.com.br\/?p=17660#primaryimage\"},\"thumbnailUrl\":\"https:\/\/revistaautobus.com.br\/wp-content\/uploads\/2026\/01\/Piracicabana-perspectiva.jpg\",\"keywords\":[\"Busscar\"],\"articleSection\":[\"Notas\",\"Not\u00edcias\"],\"inLanguage\":\"pt-BR\",\"potentialAction\":[{\"@type\":\"CommentAction\",\"name\":\"Comment\",\"target\":[\"https:\/\/revistaautobus.com.br\/?p=17660#respond\"]}]},{\"@type\":\"WebPage\",\"@id\":\"https:\/\/revistaautobus.com.br\/?p=17660\",\"url\":\"https:\/\/revistaautobus.com.br\/?p=17660\",\"name\":\"Piracicabana investe em novos \u00f4nibus - Revista AutoBus\",\"isPartOf\":{\"@id\":\"https:\/\/revistaautobus.com.br\/#website\"},\"primaryImageOfPage\":{\"@id\":\"https:\/\/revistaautobus.com.br\/?p=17660#primaryimage\"},\"image\":{\"@id\":\"https:\/\/revistaautobus.com.br\/?p=17660#primaryimage\"},\"thumbnailUrl\":\"https:\/\/revistaautobus.com.br\/wp-content\/uploads\/2026\/01\/Piracicabana-perspectiva.jpg\",\"datePublished\":\"2026-01-26T20:47:44+00:00\",\"breadcrumb\":{\"@id\":\"https:\/\/revistaautobus.com.br\/?p=17660#breadcrumb\"},\"inLanguage\":\"pt-BR\",\"potentialAction\":[{\"@type\":\"ReadAction\",\"target\":[\"https:\/\/revistaautobus.com.br\/?p=17660\"]}]},{\"@type\":\"ImageObject\",\"inLanguage\":\"pt-BR\",\"@id\":\"https:\/\/revistaautobus.com.br\/?p=17660#primaryimage\",\"url\":\"https:\/\/revistaautobus.com.br\/wp-content\/uploads\/2026\/01\/Piracicabana-perspectiva.jpg\",\"contentUrl\":\"https:\/\/revistaautobus.com.br\/wp-content\/uploads\/2026\/01\/Piracicabana-perspectiva.jpg\",\"width\":1000,\"height\":837},{\"@type\":\"BreadcrumbList\",\"@id\":\"https:\/\/revistaautobus.com.br\/?p=17660#breadcrumb\",\"itemListElement\":[{\"@type\":\"ListItem\",\"position\":1,\"name\":\"In\u00edcio\",\"item\":\"https:\/\/revistaautobus.com.br\/\"},{\"@type\":\"ListItem\",\"position\":2,\"name\":\"Piracicabana investe em novos \u00f4nibus\"}]},{\"@type\":\"WebSite\",\"@id\":\"https:\/\/revistaautobus.com.br\/#website\",\"url\":\"https:\/\/revistaautobus.com.br\/\",\"name\":\"Revista AutoBus\",\"description\":\"\",\"publisher\":{\"@id\":\"https:\/\/revistaautobus.com.br\/#organization\"},\"potentialAction\":[{\"@type\":\"SearchAction\",\"target\":{\"@type\":\"EntryPoint\",\"urlTemplate\":\"https:\/\/revistaautobus.com.br\/?s={search_term_string}\"},\"query-input\":{\"@type\":\"PropertyValueSpecification\",\"valueRequired\":true,\"valueName\":\"search_term_string\"}}],\"inLanguage\":\"pt-BR\"},{\"@type\":\"Organization\",\"@id\":\"https:\/\/revistaautobus.com.br\/#organization\",\"name\":\"Revista AutoBus\",\"url\":\"https:\/\/revistaautobus.com.br\/\",\"logo\":{\"@type\":\"ImageObject\",\"inLanguage\":\"pt-BR\",\"@id\":\"https:\/\/revistaautobus.com.br\/#\/schema\/logo\/image\/\",\"url\":\"https:\/\/revistaautobus.com.br\/wp-content\/uploads\/2024\/11\/logo_revista_autobus_fb.png\",\"contentUrl\":\"https:\/\/revistaautobus.com.br\/wp-content\/uploads\/2024\/11\/logo_revista_autobus_fb.png\",\"width\":836,\"height\":227,\"caption\":\"Revista AutoBus\"},\"image\":{\"@id\":\"https:\/\/revistaautobus.com.br\/#\/schema\/logo\/image\/\"},\"sameAs\":[\"https:\/\/www.facebook.com\/antonio.ferro.3150\",\"https:\/\/www.instagram.com\/revistaautobus\/\"]},{\"@type\":\"Person\",\"@id\":\"https:\/\/revistaautobus.com.br\/#\/schema\/person\/54af7c3eb83a310e42ef686ef6d16f50\",\"name\":\"Antonio Ferro\",\"image\":{\"@type\":\"ImageObject\",\"inLanguage\":\"pt-BR\",\"@id\":\"https:\/\/revistaautobus.com.br\/wp-content\/uploads\/2025\/12\/editor_antonio_ferro-150x150.jpg\",\"url\":\"https:\/\/revistaautobus.com.br\/wp-content\/uploads\/2025\/12\/editor_antonio_ferro-150x150.jpg\",\"contentUrl\":\"https:\/\/revistaautobus.com.br\/wp-content\/uploads\/2025\/12\/editor_antonio_ferro-150x150.jpg\",\"caption\":\"Antonio Ferro\"},\"description\":\"infobus@uol.com.br\",\"url\":\"https:\/\/revistaautobus.com.br\/?author=2\"}]}<\/script>\n<!-- \/ Yoast SEO plugin. -->","yoast_head_json":{"title":"Piracicabana investe em novos \u00f4nibus - Revista AutoBus","robots":{"index":"index","follow":"follow","max-snippet":"max-snippet:-1","max-image-preview":"max-image-preview:large","max-video-preview":"max-video-preview:-1"},"canonical":"https:\/\/revistaautobus.com.br\/?p=17660","og_locale":"pt_BR","og_type":"article","og_title":"Piracicabana investe em novos \u00f4nibus - Revista AutoBus","og_description":"Visando atender seus clientes de fretamento, a operadora paulista recebe mais 35 unidades da Busscar","og_url":"https:\/\/revistaautobus.com.br\/?p=17660","og_site_name":"Revista AutoBus","article_publisher":"https:\/\/www.facebook.com\/antonio.ferro.3150","article_published_time":"2026-01-26T20:47:44+00:00","og_image":[{"width":1000,"height":837,"url":"https:\/\/revistaautobus.com.br\/wp-content\/uploads\/2026\/01\/Piracicabana-perspectiva.jpg","type":"image\/jpeg"}],"author":"Antonio Ferro","twitter_card":"summary_large_image","twitter_misc":{"Escrito por":"Antonio Ferro","Est. tempo de leitura":"2 minutos"},"schema":{"@context":"https:\/\/schema.org","@graph":[{"@type":"Article","@id":"https:\/\/revistaautobus.com.br\/?p=17660#article","isPartOf":{"@id":"https:\/\/revistaautobus.com.br\/?p=17660"},"author":{"name":"Antonio Ferro","@id":"https:\/\/revistaautobus.com.br\/#\/schema\/person\/54af7c3eb83a310e42ef686ef6d16f50"},"headline":"Piracicabana investe em novos \u00f4nibus","datePublished":"2026-01-26T20:47:44+00:00","mainEntityOfPage":{"@id":"https:\/\/revistaautobus.com.br\/?p=17660"},"wordCount":262,"commentCount":0,"publisher":{"@id":"https:\/\/revistaautobus.com.br\/#organization"},"image":{"@id":"https:\/\/revistaautobus.com.br\/?p=17660#primaryimage"},"thumbnailUrl":"https:\/\/revistaautobus.com.br\/wp-content\/uploads\/2026\/01\/Piracicabana-perspectiva.jpg","keywords":["Busscar"],"articleSection":["Notas","Not\u00edcias"],"inLanguage":"pt-BR","potentialAction":[{"@type":"CommentAction","name":"Comment","target":["https:\/\/revistaautobus.com.br\/?p=17660#respond"]}]},{"@type":"WebPage","@id":"https:\/\/revistaautobus.com.br\/?p=17660","url":"https:\/\/revistaautobus.com.br\/?p=17660","name":"Piracicabana investe em novos \u00f4nibus - Revista AutoBus","isPartOf":{"@id":"https:\/\/revistaautobus.com.br\/#website"},"primaryImageOfPage":{"@id":"https:\/\/revistaautobus.com.br\/?p=17660#primaryimage"},"image":{"@id":"https:\/\/revistaautobus.com.br\/?p=17660#primaryimage"},"thumbnailUrl":"https:\/\/revistaautobus.com.br\/wp-content\/uploads\/2026\/01\/Piracicabana-perspectiva.jpg","datePublished":"2026-01-26T20:47:44+00:00","breadcrumb":{"@id":"https:\/\/revistaautobus.com.br\/?p=17660#breadcrumb"},"inLanguage":"pt-BR","potentialAction":[{"@type":"ReadAction","target":["https:\/\/revistaautobus.com.br\/?p=17660"]}]},{"@type":"ImageObject","inLanguage":"pt-BR","@id":"https:\/\/revistaautobus.com.br\/?p=17660#primaryimage","url":"https:\/\/revistaautobus.com.br\/wp-content\/uploads\/2026\/01\/Piracicabana-perspectiva.jpg","contentUrl":"https:\/\/revistaautobus.com.br\/wp-content\/uploads\/2026\/01\/Piracicabana-perspectiva.jpg","width":1000,"height":837},{"@type":"BreadcrumbList","@id":"https:\/\/revistaautobus.com.br\/?p=17660#breadcrumb","itemListElement":[{"@type":"ListItem","position":1,"name":"In\u00edcio","item":"https:\/\/revistaautobus.com.br\/"},{"@type":"ListItem","position":2,"name":"Piracicabana investe em novos \u00f4nibus"}]},{"@type":"WebSite","@id":"https:\/\/revistaautobus.com.br\/#website","url":"https:\/\/revistaautobus.com.br\/","name":"Revista AutoBus","description":"","publisher":{"@id":"https:\/\/revistaautobus.com.br\/#organization"},"potentialAction":[{"@type":"SearchAction","target":{"@type":"EntryPoint","urlTemplate":"https:\/\/revistaautobus.com.br\/?s={search_term_string}"},"query-input":{"@type":"PropertyValueSpecification","valueRequired":true,"valueName":"search_term_string"}}],"inLanguage":"pt-BR"},{"@type":"Organization","@id":"https:\/\/revistaautobus.com.br\/#organization","name":"Revista AutoBus","url":"https:\/\/revistaautobus.com.br\/","logo":{"@type":"ImageObject","inLanguage":"pt-BR","@id":"https:\/\/revistaautobus.com.br\/#\/schema\/logo\/image\/","url":"https:\/\/revistaautobus.com.br\/wp-content\/uploads\/2024\/11\/logo_revista_autobus_fb.png","contentUrl":"https:\/\/revistaautobus.com.br\/wp-content\/uploads\/2024\/11\/logo_revista_autobus_fb.png","width":836,"height":227,"caption":"Revista AutoBus"},"image":{"@id":"https:\/\/revistaautobus.com.br\/#\/schema\/logo\/image\/"},"sameAs":["https:\/\/www.facebook.com\/antonio.ferro.3150","https:\/\/www.instagram.com\/revistaautobus\/"]},{"@type":"Person","@id":"https:\/\/revistaautobus.com.br\/#\/schema\/person\/54af7c3eb83a310e42ef686ef6d16f50","name":"Antonio Ferro","image":{"@type":"ImageObject","inLanguage":"pt-BR","@id":"https:\/\/revistaautobus.com.br\/wp-content\/uploads\/2025\/12\/editor_antonio_ferro-150x150.jpg","url":"https:\/\/revistaautobus.com.br\/wp-content\/uploads\/2025\/12\/editor_antonio_ferro-150x150.jpg","contentUrl":"https:\/\/revistaautobus.com.br\/wp-content\/uploads\/2025\/12\/editor_antonio_ferro-150x150.jpg","caption":"Antonio Ferro"},"description":"infobus@uol.com.br","url":"https:\/\/revistaautobus.com.br\/?author=2"}]}},"jetpack_featured_media_url":"https:\/\/revistaautobus.com.br\/wp-content\/uploads\/2026\/01\/Piracicabana-perspectiva.jpg","jetpack_sharing_enabled":true,"_links":{"self":[{"href":"https:\/\/revistaautobus.com.br\/index.php?rest_route=\/wp\/v2\/posts\/17660","targetHints":{"allow":["GET"]}}],"collection":[{"href":"https:\/\/revistaautobus.com.br\/index.php?rest_route=\/wp\/v2\/posts"}],"about":[{"href":"https:\/\/revistaautobus.com.br\/index.php?rest_route=\/wp\/v2\/types\/post"}],"author":[{"embeddable":true,"href":"https:\/\/revistaautobus.com.br\/index.php?rest_route=\/wp\/v2\/users\/2"}],"replies":[{"embeddable":true,"href":"https:\/\/revistaautobus.com.br\/index.php?rest_route=%2Fwp%2Fv2%2Fcomments&post=17660"}],"version-history":[{"count":2,"href":"https:\/\/revistaautobus.com.br\/index.php?rest_route=\/wp\/v2\/posts\/17660\/revisions"}],"predecessor-version":[{"id":17663,"href":"https:\/\/revistaautobus.com.br\/index.php?rest_route=\/wp\/v2\/posts\/17660\/revisions\/17663"}],"wp:featuredmedia":[{"embeddable":true,"href":"https:\/\/revistaautobus.com.br\/index.php?rest_route=\/wp\/v2\/media\/17661"}],"wp:attachment":[{"href":"https:\/\/revistaautobus.com.br\/index.php?rest_route=%2Fwp%2Fv2%2Fmedia&parent=17660"}],"wp:term":[{"taxonomy":"category","embeddable":true,"href":"https:\/\/revistaautobus.com.br\/index.php?rest_route=%2Fwp%2Fv2%2Fcategories&post=17660"},{"taxonomy":"post_tag","embeddable":true,"href":"https:\/\/revistaautobus.com.br\/index.php?rest_route=%2Fwp%2Fv2%2Ftags&post=17660"}],"curies":[{"name":"wp","href":"https:\/\/api.w.org\/{rel}","templated":true}]}}