{"id":17664,"date":"2026-01-26T17:49:21","date_gmt":"2026-01-26T20:49:21","guid":{"rendered":"https:\/\/revistaautobus.com.br\/?p=17664"},"modified":"2026-01-26T17:49:21","modified_gmt":"2026-01-26T20:49:21","slug":"a-gaucha-rodam-escolhe-onibus-da-iveco","status":"publish","type":"post","link":"https:\/\/revistaautobus.com.br\/?p=17664","title":{"rendered":"A ga\u00facha Rodam escolhe \u00f4nibus da Iveco"},"content":{"rendered":"<p>A Rodam Transportes, transportadora especializada em opera\u00e7\u00f5es de fretamento, adquiriu mais 17 unidades do chassi BUS 17-280 e quatro unidades do Daily Minibus 50-180, reafirmando a escolha pela marca Iveco Bus como parceira estrat\u00e9gica em seus neg\u00f3cios.<\/p>\n<p>Al\u00e9m do Rio Grande do Sul, a Rodam atua, tamb\u00e9m, em S\u00e3o Paulo, Mato Grosso do Sul, Mato Grosso, Goi\u00e1s e Bahia, atendendo grandes empresas multinacionais do setor aliment\u00edcio. Segundo ela, a decis\u00e3o pela Iveco Bus reflete a combina\u00e7\u00e3o entre confiabilidade dos produtos e proximidade alinhados \u00e0s necessidades do dia a dia da opera\u00e7\u00e3o. Rog\u00e9rio Meirelles, diretor da Rodam Transportes, disse que a efici\u00eancia operacional e a facilidade de manuten\u00e7\u00e3o s\u00e3o diferenciais importantes para a rotina do fretamento, segmento que exige alto n\u00edvel de disponibilidade, conforto e pontualidade. \u201cOs ve\u00edculos Iveco Bus entregam seguran\u00e7a, conforto aos passageiros e praticidade na opera\u00e7\u00e3o. Al\u00e9m disso, o portf\u00f3lio \u00e9 bastante vers\u00e1til e atende diferentes perfis de aplica\u00e7\u00e3o\u201d, ressaltou.<\/p>\n<p>J\u00e1 Mauricio Yamamoto, <em>head<\/em> da Iveco Bus para a Am\u00e9rica Latina, comentou que ao oferecer solu\u00e7\u00f5es de mobilidade eficientes, confi\u00e1veis e sustent\u00e1veis, a marca reafirma seu compromisso com o melhor Custo Total de Propriedade (TCO), respeitando as particularidades de cada opera\u00e7\u00e3o e regi\u00e3o do Pa\u00eds. \u201cNossa estrat\u00e9gia \u00e9 estar cada vez mais pr\u00f3ximos do mercado, atuando como parceiros dos clientes na constru\u00e7\u00e3o de opera\u00e7\u00f5es mais eficientes. A trajet\u00f3ria constru\u00edda com a Rodam \u00e9 um exemplo claro desse caminho de confian\u00e7a, baseado em relacionamento, escuta ativa e solu\u00e7\u00f5es alinhadas \u00e0s reais necessidades do transporte de passageiros\u201d, disse.<\/p>\n<p><span style=\"color: #000000;\"><em>Caracter\u00edsticas<\/em><\/span><\/p>\n<p>O Daily Minibus, modelo escolhido pela Rodam na vers\u00e3o 50-180, combina a agilidade de uma van com a robustez de um micro-\u00f4nibus, gra\u00e7as \u00e0 sua constru\u00e7\u00e3o sobre chassi e tra\u00e7\u00e3o traseira. Equipado com motor FPT F1C de 180 cv, oferece capacidade para at\u00e9 20 passageiros + motorista, sendo amplamente reconhecido por sua excelente rela\u00e7\u00e3o custo-benef\u00edcio e baixo \u00edndice de desvaloriza\u00e7\u00e3o \u2013 atestado pelo Pr\u00eamio Melhor Revenda da revista Quatro Rodas.<\/p>\n<p>O chassi BUS 17-280 oferece o melhor consumo de combust\u00edvel da categoria e elevada capacidade operacional. Equipado com motor FPT N67 de seis cilindros e 280 cv, pode ser encarro\u00e7ado para at\u00e9 59 passageiros. O modelo est\u00e1 dispon\u00edvel com suspens\u00e3o met\u00e1lica ou pneum\u00e1tica, na vers\u00e3o <em>Full Air<\/em>, que proporciona maior conforto, menor n\u00edvel de ru\u00eddo e redu\u00e7\u00e3o de trepida\u00e7\u00f5es, al\u00e9m da op\u00e7\u00e3o do sistema <em>kneeling<\/em>, que facilita o acesso dos passageiros.<\/p>\n<p>Imagem &#8211; Divulga\u00e7\u00e3o<\/p>\n","protected":false},"excerpt":{"rendered":"<p>Operadora de Bag\u00e9 renova sua frota com chassis da marca mineira<\/p>\n","protected":false},"author":2,"featured_media":17665,"comment_status":"open","ping_status":"open","sticky":false,"template":"","format":"standard","meta":{"_et_pb_use_builder":"","_et_pb_old_content":"","_et_gb_content_width":"","_jetpack_memberships_contains_paid_content":false,"footnotes":""},"categories":[1060,90],"tags":[91],"class_list":["post-17664","post","type-post","status-publish","format-standard","has-post-thumbnail","hentry","category-notas","category-noticias","tag-iveco-bus","et-has-post-format-content","et_post_format-et-post-format-standard"],"yoast_head":"<!-- This site is optimized with the Yoast SEO plugin v27.2 - https:\/\/yoast.com\/product\/yoast-seo-wordpress\/ -->\n<title>A ga\u00facha Rodam escolhe \u00f4nibus da Iveco - Revista AutoBus<\/title>\n<meta name=\"robots\" content=\"index, follow, max-snippet:-1, max-image-preview:large, max-video-preview:-1\" \/>\n<link rel=\"canonical\" href=\"https:\/\/revistaautobus.com.br\/?p=17664\" \/>\n<meta property=\"og:locale\" content=\"pt_BR\" \/>\n<meta property=\"og:type\" content=\"article\" \/>\n<meta property=\"og:title\" content=\"A ga\u00facha Rodam escolhe \u00f4nibus da Iveco - Revista AutoBus\" \/>\n<meta property=\"og:description\" content=\"Operadora de Bag\u00e9 renova sua frota com chassis da marca mineira\" \/>\n<meta property=\"og:url\" content=\"https:\/\/revistaautobus.com.br\/?p=17664\" \/>\n<meta property=\"og:site_name\" content=\"Revista AutoBus\" \/>\n<meta property=\"article:publisher\" content=\"https:\/\/www.facebook.com\/antonio.ferro.3150\" \/>\n<meta property=\"article:published_time\" content=\"2026-01-26T20:49:21+00:00\" \/>\n<meta property=\"og:image\" content=\"https:\/\/revistaautobus.com.br\/wp-content\/uploads\/2026\/01\/BUS-17-280-Rodam-Credito-das-fotos-Divulgacao-Marcopolo-2-scaled.jpg\" \/>\n\t<meta property=\"og:image:width\" content=\"2560\" \/>\n\t<meta property=\"og:image:height\" content=\"1707\" \/>\n\t<meta property=\"og:image:type\" content=\"image\/jpeg\" \/>\n<meta name=\"author\" content=\"Antonio Ferro\" \/>\n<meta name=\"twitter:card\" content=\"summary_large_image\" \/>\n<meta name=\"twitter:label1\" content=\"Escrito por\" \/>\n\t<meta name=\"twitter:data1\" content=\"Antonio Ferro\" \/>\n\t<meta name=\"twitter:label2\" content=\"Est. tempo de leitura\" \/>\n\t<meta name=\"twitter:data2\" content=\"3 minutos\" \/>\n<script type=\"application\/ld+json\" class=\"yoast-schema-graph\">{\"@context\":\"https:\/\/schema.org\",\"@graph\":[{\"@type\":\"Article\",\"@id\":\"https:\/\/revistaautobus.com.br\/?p=17664#article\",\"isPartOf\":{\"@id\":\"https:\/\/revistaautobus.com.br\/?p=17664\"},\"author\":{\"name\":\"Antonio Ferro\",\"@id\":\"https:\/\/revistaautobus.com.br\/#\/schema\/person\/54af7c3eb83a310e42ef686ef6d16f50\"},\"headline\":\"A ga\u00facha Rodam escolhe \u00f4nibus da Iveco\",\"datePublished\":\"2026-01-26T20:49:21+00:00\",\"mainEntityOfPage\":{\"@id\":\"https:\/\/revistaautobus.com.br\/?p=17664\"},\"wordCount\":453,\"commentCount\":0,\"publisher\":{\"@id\":\"https:\/\/revistaautobus.com.br\/#organization\"},\"image\":{\"@id\":\"https:\/\/revistaautobus.com.br\/?p=17664#primaryimage\"},\"thumbnailUrl\":\"https:\/\/revistaautobus.com.br\/wp-content\/uploads\/2026\/01\/BUS-17-280-Rodam-Credito-das-fotos-Divulgacao-Marcopolo-2-scaled.jpg\",\"keywords\":[\"Iveco Bus\"],\"articleSection\":[\"Notas\",\"Not\u00edcias\"],\"inLanguage\":\"pt-BR\",\"potentialAction\":[{\"@type\":\"CommentAction\",\"name\":\"Comment\",\"target\":[\"https:\/\/revistaautobus.com.br\/?p=17664#respond\"]}]},{\"@type\":\"WebPage\",\"@id\":\"https:\/\/revistaautobus.com.br\/?p=17664\",\"url\":\"https:\/\/revistaautobus.com.br\/?p=17664\",\"name\":\"A ga\u00facha Rodam escolhe \u00f4nibus da Iveco - Revista AutoBus\",\"isPartOf\":{\"@id\":\"https:\/\/revistaautobus.com.br\/#website\"},\"primaryImageOfPage\":{\"@id\":\"https:\/\/revistaautobus.com.br\/?p=17664#primaryimage\"},\"image\":{\"@id\":\"https:\/\/revistaautobus.com.br\/?p=17664#primaryimage\"},\"thumbnailUrl\":\"https:\/\/revistaautobus.com.br\/wp-content\/uploads\/2026\/01\/BUS-17-280-Rodam-Credito-das-fotos-Divulgacao-Marcopolo-2-scaled.jpg\",\"datePublished\":\"2026-01-26T20:49:21+00:00\",\"breadcrumb\":{\"@id\":\"https:\/\/revistaautobus.com.br\/?p=17664#breadcrumb\"},\"inLanguage\":\"pt-BR\",\"potentialAction\":[{\"@type\":\"ReadAction\",\"target\":[\"https:\/\/revistaautobus.com.br\/?p=17664\"]}]},{\"@type\":\"ImageObject\",\"inLanguage\":\"pt-BR\",\"@id\":\"https:\/\/revistaautobus.com.br\/?p=17664#primaryimage\",\"url\":\"https:\/\/revistaautobus.com.br\/wp-content\/uploads\/2026\/01\/BUS-17-280-Rodam-Credito-das-fotos-Divulgacao-Marcopolo-2-scaled.jpg\",\"contentUrl\":\"https:\/\/revistaautobus.com.br\/wp-content\/uploads\/2026\/01\/BUS-17-280-Rodam-Credito-das-fotos-Divulgacao-Marcopolo-2-scaled.jpg\",\"width\":2560,\"height\":1707},{\"@type\":\"BreadcrumbList\",\"@id\":\"https:\/\/revistaautobus.com.br\/?p=17664#breadcrumb\",\"itemListElement\":[{\"@type\":\"ListItem\",\"position\":1,\"name\":\"In\u00edcio\",\"item\":\"https:\/\/revistaautobus.com.br\/\"},{\"@type\":\"ListItem\",\"position\":2,\"name\":\"A ga\u00facha Rodam escolhe \u00f4nibus da Iveco\"}]},{\"@type\":\"WebSite\",\"@id\":\"https:\/\/revistaautobus.com.br\/#website\",\"url\":\"https:\/\/revistaautobus.com.br\/\",\"name\":\"Revista AutoBus\",\"description\":\"\",\"publisher\":{\"@id\":\"https:\/\/revistaautobus.com.br\/#organization\"},\"potentialAction\":[{\"@type\":\"SearchAction\",\"target\":{\"@type\":\"EntryPoint\",\"urlTemplate\":\"https:\/\/revistaautobus.com.br\/?s={search_term_string}\"},\"query-input\":{\"@type\":\"PropertyValueSpecification\",\"valueRequired\":true,\"valueName\":\"search_term_string\"}}],\"inLanguage\":\"pt-BR\"},{\"@type\":\"Organization\",\"@id\":\"https:\/\/revistaautobus.com.br\/#organization\",\"name\":\"Revista AutoBus\",\"url\":\"https:\/\/revistaautobus.com.br\/\",\"logo\":{\"@type\":\"ImageObject\",\"inLanguage\":\"pt-BR\",\"@id\":\"https:\/\/revistaautobus.com.br\/#\/schema\/logo\/image\/\",\"url\":\"https:\/\/revistaautobus.com.br\/wp-content\/uploads\/2024\/11\/logo_revista_autobus_fb.png\",\"contentUrl\":\"https:\/\/revistaautobus.com.br\/wp-content\/uploads\/2024\/11\/logo_revista_autobus_fb.png\",\"width\":836,\"height\":227,\"caption\":\"Revista AutoBus\"},\"image\":{\"@id\":\"https:\/\/revistaautobus.com.br\/#\/schema\/logo\/image\/\"},\"sameAs\":[\"https:\/\/www.facebook.com\/antonio.ferro.3150\",\"https:\/\/www.instagram.com\/revistaautobus\/\"]},{\"@type\":\"Person\",\"@id\":\"https:\/\/revistaautobus.com.br\/#\/schema\/person\/54af7c3eb83a310e42ef686ef6d16f50\",\"name\":\"Antonio Ferro\",\"image\":{\"@type\":\"ImageObject\",\"inLanguage\":\"pt-BR\",\"@id\":\"https:\/\/revistaautobus.com.br\/wp-content\/uploads\/2025\/12\/editor_antonio_ferro-150x150.jpg\",\"url\":\"https:\/\/revistaautobus.com.br\/wp-content\/uploads\/2025\/12\/editor_antonio_ferro-150x150.jpg\",\"contentUrl\":\"https:\/\/revistaautobus.com.br\/wp-content\/uploads\/2025\/12\/editor_antonio_ferro-150x150.jpg\",\"caption\":\"Antonio Ferro\"},\"description\":\"infobus@uol.com.br\",\"url\":\"https:\/\/revistaautobus.com.br\/?author=2\"}]}<\/script>\n<!-- \/ Yoast SEO plugin. -->","yoast_head_json":{"title":"A ga\u00facha Rodam escolhe \u00f4nibus da Iveco - Revista AutoBus","robots":{"index":"index","follow":"follow","max-snippet":"max-snippet:-1","max-image-preview":"max-image-preview:large","max-video-preview":"max-video-preview:-1"},"canonical":"https:\/\/revistaautobus.com.br\/?p=17664","og_locale":"pt_BR","og_type":"article","og_title":"A ga\u00facha Rodam escolhe \u00f4nibus da Iveco - Revista AutoBus","og_description":"Operadora de Bag\u00e9 renova sua frota com chassis da marca mineira","og_url":"https:\/\/revistaautobus.com.br\/?p=17664","og_site_name":"Revista AutoBus","article_publisher":"https:\/\/www.facebook.com\/antonio.ferro.3150","article_published_time":"2026-01-26T20:49:21+00:00","og_image":[{"width":2560,"height":1707,"url":"https:\/\/revistaautobus.com.br\/wp-content\/uploads\/2026\/01\/BUS-17-280-Rodam-Credito-das-fotos-Divulgacao-Marcopolo-2-scaled.jpg","type":"image\/jpeg"}],"author":"Antonio Ferro","twitter_card":"summary_large_image","twitter_misc":{"Escrito por":"Antonio Ferro","Est. tempo de leitura":"3 minutos"},"schema":{"@context":"https:\/\/schema.org","@graph":[{"@type":"Article","@id":"https:\/\/revistaautobus.com.br\/?p=17664#article","isPartOf":{"@id":"https:\/\/revistaautobus.com.br\/?p=17664"},"author":{"name":"Antonio Ferro","@id":"https:\/\/revistaautobus.com.br\/#\/schema\/person\/54af7c3eb83a310e42ef686ef6d16f50"},"headline":"A ga\u00facha Rodam escolhe \u00f4nibus da Iveco","datePublished":"2026-01-26T20:49:21+00:00","mainEntityOfPage":{"@id":"https:\/\/revistaautobus.com.br\/?p=17664"},"wordCount":453,"commentCount":0,"publisher":{"@id":"https:\/\/revistaautobus.com.br\/#organization"},"image":{"@id":"https:\/\/revistaautobus.com.br\/?p=17664#primaryimage"},"thumbnailUrl":"https:\/\/revistaautobus.com.br\/wp-content\/uploads\/2026\/01\/BUS-17-280-Rodam-Credito-das-fotos-Divulgacao-Marcopolo-2-scaled.jpg","keywords":["Iveco Bus"],"articleSection":["Notas","Not\u00edcias"],"inLanguage":"pt-BR","potentialAction":[{"@type":"CommentAction","name":"Comment","target":["https:\/\/revistaautobus.com.br\/?p=17664#respond"]}]},{"@type":"WebPage","@id":"https:\/\/revistaautobus.com.br\/?p=17664","url":"https:\/\/revistaautobus.com.br\/?p=17664","name":"A ga\u00facha Rodam escolhe \u00f4nibus da Iveco - Revista AutoBus","isPartOf":{"@id":"https:\/\/revistaautobus.com.br\/#website"},"primaryImageOfPage":{"@id":"https:\/\/revistaautobus.com.br\/?p=17664#primaryimage"},"image":{"@id":"https:\/\/revistaautobus.com.br\/?p=17664#primaryimage"},"thumbnailUrl":"https:\/\/revistaautobus.com.br\/wp-content\/uploads\/2026\/01\/BUS-17-280-Rodam-Credito-das-fotos-Divulgacao-Marcopolo-2-scaled.jpg","datePublished":"2026-01-26T20:49:21+00:00","breadcrumb":{"@id":"https:\/\/revistaautobus.com.br\/?p=17664#breadcrumb"},"inLanguage":"pt-BR","potentialAction":[{"@type":"ReadAction","target":["https:\/\/revistaautobus.com.br\/?p=17664"]}]},{"@type":"ImageObject","inLanguage":"pt-BR","@id":"https:\/\/revistaautobus.com.br\/?p=17664#primaryimage","url":"https:\/\/revistaautobus.com.br\/wp-content\/uploads\/2026\/01\/BUS-17-280-Rodam-Credito-das-fotos-Divulgacao-Marcopolo-2-scaled.jpg","contentUrl":"https:\/\/revistaautobus.com.br\/wp-content\/uploads\/2026\/01\/BUS-17-280-Rodam-Credito-das-fotos-Divulgacao-Marcopolo-2-scaled.jpg","width":2560,"height":1707},{"@type":"BreadcrumbList","@id":"https:\/\/revistaautobus.com.br\/?p=17664#breadcrumb","itemListElement":[{"@type":"ListItem","position":1,"name":"In\u00edcio","item":"https:\/\/revistaautobus.com.br\/"},{"@type":"ListItem","position":2,"name":"A ga\u00facha Rodam escolhe \u00f4nibus da Iveco"}]},{"@type":"WebSite","@id":"https:\/\/revistaautobus.com.br\/#website","url":"https:\/\/revistaautobus.com.br\/","name":"Revista AutoBus","description":"","publisher":{"@id":"https:\/\/revistaautobus.com.br\/#organization"},"potentialAction":[{"@type":"SearchAction","target":{"@type":"EntryPoint","urlTemplate":"https:\/\/revistaautobus.com.br\/?s={search_term_string}"},"query-input":{"@type":"PropertyValueSpecification","valueRequired":true,"valueName":"search_term_string"}}],"inLanguage":"pt-BR"},{"@type":"Organization","@id":"https:\/\/revistaautobus.com.br\/#organization","name":"Revista AutoBus","url":"https:\/\/revistaautobus.com.br\/","logo":{"@type":"ImageObject","inLanguage":"pt-BR","@id":"https:\/\/revistaautobus.com.br\/#\/schema\/logo\/image\/","url":"https:\/\/revistaautobus.com.br\/wp-content\/uploads\/2024\/11\/logo_revista_autobus_fb.png","contentUrl":"https:\/\/revistaautobus.com.br\/wp-content\/uploads\/2024\/11\/logo_revista_autobus_fb.png","width":836,"height":227,"caption":"Revista AutoBus"},"image":{"@id":"https:\/\/revistaautobus.com.br\/#\/schema\/logo\/image\/"},"sameAs":["https:\/\/www.facebook.com\/antonio.ferro.3150","https:\/\/www.instagram.com\/revistaautobus\/"]},{"@type":"Person","@id":"https:\/\/revistaautobus.com.br\/#\/schema\/person\/54af7c3eb83a310e42ef686ef6d16f50","name":"Antonio Ferro","image":{"@type":"ImageObject","inLanguage":"pt-BR","@id":"https:\/\/revistaautobus.com.br\/wp-content\/uploads\/2025\/12\/editor_antonio_ferro-150x150.jpg","url":"https:\/\/revistaautobus.com.br\/wp-content\/uploads\/2025\/12\/editor_antonio_ferro-150x150.jpg","contentUrl":"https:\/\/revistaautobus.com.br\/wp-content\/uploads\/2025\/12\/editor_antonio_ferro-150x150.jpg","caption":"Antonio Ferro"},"description":"infobus@uol.com.br","url":"https:\/\/revistaautobus.com.br\/?author=2"}]}},"jetpack_featured_media_url":"https:\/\/revistaautobus.com.br\/wp-content\/uploads\/2026\/01\/BUS-17-280-Rodam-Credito-das-fotos-Divulgacao-Marcopolo-2-scaled.jpg","jetpack_sharing_enabled":true,"_links":{"self":[{"href":"https:\/\/revistaautobus.com.br\/index.php?rest_route=\/wp\/v2\/posts\/17664","targetHints":{"allow":["GET"]}}],"collection":[{"href":"https:\/\/revistaautobus.com.br\/index.php?rest_route=\/wp\/v2\/posts"}],"about":[{"href":"https:\/\/revistaautobus.com.br\/index.php?rest_route=\/wp\/v2\/types\/post"}],"author":[{"embeddable":true,"href":"https:\/\/revistaautobus.com.br\/index.php?rest_route=\/wp\/v2\/users\/2"}],"replies":[{"embeddable":true,"href":"https:\/\/revistaautobus.com.br\/index.php?rest_route=%2Fwp%2Fv2%2Fcomments&post=17664"}],"version-history":[{"count":2,"href":"https:\/\/revistaautobus.com.br\/index.php?rest_route=\/wp\/v2\/posts\/17664\/revisions"}],"predecessor-version":[{"id":17667,"href":"https:\/\/revistaautobus.com.br\/index.php?rest_route=\/wp\/v2\/posts\/17664\/revisions\/17667"}],"wp:featuredmedia":[{"embeddable":true,"href":"https:\/\/revistaautobus.com.br\/index.php?rest_route=\/wp\/v2\/media\/17665"}],"wp:attachment":[{"href":"https:\/\/revistaautobus.com.br\/index.php?rest_route=%2Fwp%2Fv2%2Fmedia&parent=17664"}],"wp:term":[{"taxonomy":"category","embeddable":true,"href":"https:\/\/revistaautobus.com.br\/index.php?rest_route=%2Fwp%2Fv2%2Fcategories&post=17664"},{"taxonomy":"post_tag","embeddable":true,"href":"https:\/\/revistaautobus.com.br\/index.php?rest_route=%2Fwp%2Fv2%2Ftags&post=17664"}],"curies":[{"name":"wp","href":"https:\/\/api.w.org\/{rel}","templated":true}]}}