{"id":17674,"date":"2026-01-27T06:52:35","date_gmt":"2026-01-27T09:52:35","guid":{"rendered":"https:\/\/revistaautobus.com.br\/?p=17674"},"modified":"2026-01-27T06:52:35","modified_gmt":"2026-01-27T09:52:35","slug":"mercedes-benz-destaca-o-rota-sustentavel-cop30-na-suica","status":"publish","type":"post","link":"https:\/\/revistaautobus.com.br\/?p=17674","title":{"rendered":"Mercedes-Benz destaca o Rota Sustent\u00e1vel COP30 na Su\u00ed\u00e7a"},"content":{"rendered":"<p>Direto de Davos, na Su\u00ed\u00e7a, a marca Mercedes-Benz em conjunto a fabricante de biocombust\u00edvel, Be8, apresentou no F\u00f3rum Econ\u00f4mico Mundial, no espa\u00e7o Brazil House, os resultados obtidos durante a caravana \u201cRota Sustent\u00e1vel COP30\u201d, iniciativa conjunta que percorreu, no final do ano passado, mais de 4 mil quil\u00f4metros por estradas brasileiras a fim de avaliar as vantagens do uso do biocombust\u00edvel 100% em motores Euro VI de caminh\u00f5es e \u00f4nibus.<\/p>\n<p>De acordo com a principal fabricante nacional de chassis para \u00f4nibus, a \u201cRota Sustent\u00e1vel COP30\u201d foi tema de um painel realizado e organizado pelo BTG Pactual em parceria com a Be8, Vale, Gerdau e Randoncorp em um ponto de encontro estrat\u00e9gico para l\u00edderes empresariais e autoridades p\u00fablicas com o objetivo de fortalecer a visibilidade do Brasil no cen\u00e1rio de neg\u00f3cios global.<\/p>\n<p>O diretor de Comunica\u00e7\u00e3o e Rela\u00e7\u00f5es Institucionais da Mercedes-Benz do Brasil, Luiz Carlos Moraes, destacou que houve redu\u00e7\u00e3o de 99% nas emiss\u00f5es de gases de efeito estufa nos testes com biocombust\u00edvel 100% em motores da marca durante a caravana. Quanto ao ciclo completo do \u201cpo\u00e7o \u00e0 roda\u201d, que considera da produ\u00e7\u00e3o do biocombust\u00edvel at\u00e9 seu uso, os dados apontaram uma redu\u00e7\u00e3o de 63,5% nas emiss\u00f5es de CO2 equivalente. \u201c\u00c9 importante ressaltar que o porcentual de redu\u00e7\u00e3o de 63,5% nas emiss\u00f5es de CO2e s\u00f3 n\u00e3o \u00e9 maior porque o Brasil j\u00e1 utiliza B15 como combust\u00edvel comercial. Isso significa que o ve\u00edculo abastecido com Be8 BeVant\u00ae deixar\u00e1 de emitir 580 toneladas de CO2e se rodar os 700 mil quil\u00f4metros, conforme previsto na norma Proconve P8 (Euro VI)\u201d, ressaltou Moraes.<\/p>\n<p>A caravana percorreu mais de 4 mil quil\u00f4metros por estradas brasileiras, partindo de Passo Fundo (RS), em outubro de 2025 e chegando em Bel\u00e9m (PA), em novembro, durante a COP30, maior evento global e o f\u00f3rum mais importante para discuss\u00e3o e negocia\u00e7\u00f5es sobre mudan\u00e7as clim\u00e1ticas. O objetivo desta a\u00e7\u00e3o da Mercedes-Benz do Brasil e da Be8, em car\u00e1ter experimental, foi comparar os n\u00edveis de emiss\u00f5es de gases de efeito estufa dos motores Euro VI com tecnologia BlueTec 6 da Mercedes-Benz de dois caminh\u00f5es Actros Evolution 2553 6&#215;2 e dois \u00f4nibus O 500 RSDD 8&#215;2 abastecidos com o diesel comercial B15 e com o biocombust\u00edvel Be8 BeVant\u00ae.<\/p>\n<div id=\"attachment_17676\" style=\"width: 660px\" class=\"wp-caption aligncenter\"><img loading=\"lazy\" decoding=\"async\" aria-describedby=\"caption-attachment-17676\" class=\"wp-image-17676\" src=\"https:\/\/revistaautobus.com.br\/wp-content\/uploads\/2026\/01\/WhatsApp-Image-2026-01-21-at-15.22.09-300x200.jpeg\" alt=\"\" width=\"650\" height=\"433\" srcset=\"https:\/\/revistaautobus.com.br\/wp-content\/uploads\/2026\/01\/WhatsApp-Image-2026-01-21-at-15.22.09-300x200.jpeg 300w, https:\/\/revistaautobus.com.br\/wp-content\/uploads\/2026\/01\/WhatsApp-Image-2026-01-21-at-15.22.09-1024x682.jpeg 1024w, https:\/\/revistaautobus.com.br\/wp-content\/uploads\/2026\/01\/WhatsApp-Image-2026-01-21-at-15.22.09-768x511.jpeg 768w, https:\/\/revistaautobus.com.br\/wp-content\/uploads\/2026\/01\/WhatsApp-Image-2026-01-21-at-15.22.09-1080x719.jpeg 1080w, https:\/\/revistaautobus.com.br\/wp-content\/uploads\/2026\/01\/WhatsApp-Image-2026-01-21-at-15.22.09.jpeg 1280w\" sizes=\"(max-width: 650px) 100vw, 650px\" \/><p id=\"caption-attachment-17676\" class=\"wp-caption-text\"><span style=\"color: #008000;\"><em><strong>Erasmo Carlos Battistella e Luiz Carlos Moraes &#8211; Defesa do uso do biocombust\u00edvel em frotas pesadas<\/strong><\/em><\/span><\/p><\/div>\n<p>Erasmo Carlos Battistella, presidente da Be8 participou de tr\u00eas pain\u00e9is destacando a a\u00e7\u00e3o nacional em busca por solu\u00e7\u00f5es sustent\u00e1veis no transporte pesado. \u201cO objetivo de demonstrar o Be8 BeVant\u00ae como solu\u00e7\u00e3o de descarboniza\u00e7\u00e3o para o agora foi plenamente atingido, levando reconhecimento e respeito por cada estrada e cada posto que passamos. A Rota Sustent\u00e1vel COP 30 excedeu todas as nossas expectativas e por isso compartilhamos essa experi\u00eancia durante o F\u00f3rum Econ\u00f4mico\u201d, observou.<\/p>\n<p>Battistella, ainda, participou de um encontro na Zona K do F\u00f3rum Econ\u00f4mico Mundial sobre o futuro dos Combust\u00edveis Limpos, sess\u00e3o privada que reuniu l\u00edderes da ind\u00fastria, do governo, das finan\u00e7as e da tecnologia para tra\u00e7ar um roteiro focado para a implementa\u00e7\u00e3o na pr\u00f3xima d\u00e9cada, sendo que houve debates a respeito de alinhamento de pol\u00edticas, investimentos e infraestrutura para acelerar a produ\u00e7\u00e3o e a ado\u00e7\u00e3o de combust\u00edveis limpos; mobiliza\u00e7\u00e3o de modelos de financiamento para reduzir os riscos dos projetos e ampliar as tecnologias emergentes e desbloqueio da demanda por meio da colabora\u00e7\u00e3o intersetorial e do desenvolvimento do mercado global \u201cOs resultados da nossa caravana s\u00e3o muito importantes: o desempenho foi semelhante em consumo e pot\u00eancia, com a diferen\u00e7a de que as emiss\u00f5es do Be8 BeVant\u00ae s\u00e3o menores. Isso confirma que o novo biocombust\u00edvel representa uma solu\u00e7\u00e3o imediata e acess\u00edvel para as transportadoras de cargas e de pessoas no Brasil\u201d, afirmou o executivo.<\/p>\n<p>Segundo a Be8, seu BeVant\u00ae \u00e9 um biocombust\u00edvel renov\u00e1vel que oferece diferenciais expressivos em rela\u00e7\u00e3o a outros dispon\u00edveis no mercado, podendo ser usado 100% puro em motores diesel. Dessa forma, h\u00e1 uma redu\u00e7\u00e3o das emiss\u00f5es dos Gases de Efeito Estufa, al\u00e9m da promo\u00e7\u00e3o de outras vantagens, como o baixo \u00edndice de acidez, livre de contaminantes; alto conte\u00fado de \u00e9ster, melhorando a combust\u00e3o; e maior lubricidade, dispensando o uso de aditivos qu\u00edmicos.<\/p>\n<p>Imagens &#8211; Divulga\u00e7\u00e3o<\/p>\n","protected":false},"excerpt":{"rendered":"<p>Em parceria com a Be8, fabricante apresentou resultados da caravana que percorreu mais de 4 mil quil\u00f4metros por estradas brasileiras a fim de avaliar o biocombust\u00edvel BeVant\u00ae<\/p>\n","protected":false},"author":2,"featured_media":17675,"comment_status":"open","ping_status":"open","sticky":false,"template":"","format":"standard","meta":{"_et_pb_use_builder":"","_et_pb_old_content":"","_et_gb_content_width":"","_jetpack_memberships_contains_paid_content":false,"footnotes":""},"categories":[919,7,1060,90],"tags":[618],"class_list":["post-17674","post","type-post","status-publish","format-standard","has-post-thumbnail","hentry","category-meio-ambiente","category-mobilidade-urbana","category-notas","category-noticias","tag-biocombustivel","et-has-post-format-content","et_post_format-et-post-format-standard"],"yoast_head":"<!-- This site is optimized with the Yoast SEO plugin v27.2 - https:\/\/yoast.com\/product\/yoast-seo-wordpress\/ -->\n<title>Mercedes-Benz destaca o Rota Sustent\u00e1vel COP30 na Su\u00ed\u00e7a - Revista AutoBus<\/title>\n<meta name=\"robots\" content=\"index, follow, max-snippet:-1, max-image-preview:large, max-video-preview:-1\" \/>\n<link rel=\"canonical\" href=\"https:\/\/revistaautobus.com.br\/?p=17674\" \/>\n<meta property=\"og:locale\" content=\"pt_BR\" \/>\n<meta property=\"og:type\" content=\"article\" \/>\n<meta property=\"og:title\" content=\"Mercedes-Benz destaca o Rota Sustent\u00e1vel COP30 na Su\u00ed\u00e7a - Revista AutoBus\" \/>\n<meta property=\"og:description\" content=\"Em parceria com a Be8, fabricante apresentou resultados da caravana que percorreu mais de 4 mil quil\u00f4metros por estradas brasileiras a fim de avaliar o biocombust\u00edvel BeVant\u00ae\" \/>\n<meta property=\"og:url\" content=\"https:\/\/revistaautobus.com.br\/?p=17674\" \/>\n<meta property=\"og:site_name\" content=\"Revista AutoBus\" \/>\n<meta property=\"article:publisher\" content=\"https:\/\/www.facebook.com\/antonio.ferro.3150\" \/>\n<meta property=\"article:published_time\" content=\"2026-01-27T09:52:35+00:00\" \/>\n<meta property=\"og:image\" content=\"https:\/\/revistaautobus.com.br\/wp-content\/uploads\/2026\/01\/img-10050-20260121-140646-245-47E5-20260121-140640-189-4AEA_image-4-corte.jpg\" \/>\n\t<meta property=\"og:image:width\" content=\"601\" \/>\n\t<meta property=\"og:image:height\" content=\"308\" \/>\n\t<meta property=\"og:image:type\" content=\"image\/jpeg\" \/>\n<meta name=\"author\" content=\"Antonio Ferro\" \/>\n<meta name=\"twitter:card\" content=\"summary_large_image\" \/>\n<meta name=\"twitter:label1\" content=\"Escrito por\" \/>\n\t<meta name=\"twitter:data1\" content=\"Antonio Ferro\" \/>\n\t<meta name=\"twitter:label2\" content=\"Est. tempo de leitura\" \/>\n\t<meta name=\"twitter:data2\" content=\"5 minutos\" \/>\n<script type=\"application\/ld+json\" class=\"yoast-schema-graph\">{\"@context\":\"https:\/\/schema.org\",\"@graph\":[{\"@type\":\"Article\",\"@id\":\"https:\/\/revistaautobus.com.br\/?p=17674#article\",\"isPartOf\":{\"@id\":\"https:\/\/revistaautobus.com.br\/?p=17674\"},\"author\":{\"name\":\"Antonio Ferro\",\"@id\":\"https:\/\/revistaautobus.com.br\/#\/schema\/person\/54af7c3eb83a310e42ef686ef6d16f50\"},\"headline\":\"Mercedes-Benz destaca o Rota Sustent\u00e1vel COP30 na Su\u00ed\u00e7a\",\"datePublished\":\"2026-01-27T09:52:35+00:00\",\"mainEntityOfPage\":{\"@id\":\"https:\/\/revistaautobus.com.br\/?p=17674\"},\"wordCount\":769,\"commentCount\":0,\"publisher\":{\"@id\":\"https:\/\/revistaautobus.com.br\/#organization\"},\"image\":{\"@id\":\"https:\/\/revistaautobus.com.br\/?p=17674#primaryimage\"},\"thumbnailUrl\":\"https:\/\/revistaautobus.com.br\/wp-content\/uploads\/2026\/01\/img-10050-20260121-140646-245-47E5-20260121-140640-189-4AEA_image-4-corte.jpg\",\"keywords\":[\"Biocombust\u00edvel\"],\"articleSection\":[\"Meio ambiente\",\"Mobilidade Urbana\",\"Notas\",\"Not\u00edcias\"],\"inLanguage\":\"pt-BR\",\"potentialAction\":[{\"@type\":\"CommentAction\",\"name\":\"Comment\",\"target\":[\"https:\/\/revistaautobus.com.br\/?p=17674#respond\"]}]},{\"@type\":\"WebPage\",\"@id\":\"https:\/\/revistaautobus.com.br\/?p=17674\",\"url\":\"https:\/\/revistaautobus.com.br\/?p=17674\",\"name\":\"Mercedes-Benz destaca o Rota Sustent\u00e1vel COP30 na Su\u00ed\u00e7a - Revista AutoBus\",\"isPartOf\":{\"@id\":\"https:\/\/revistaautobus.com.br\/#website\"},\"primaryImageOfPage\":{\"@id\":\"https:\/\/revistaautobus.com.br\/?p=17674#primaryimage\"},\"image\":{\"@id\":\"https:\/\/revistaautobus.com.br\/?p=17674#primaryimage\"},\"thumbnailUrl\":\"https:\/\/revistaautobus.com.br\/wp-content\/uploads\/2026\/01\/img-10050-20260121-140646-245-47E5-20260121-140640-189-4AEA_image-4-corte.jpg\",\"datePublished\":\"2026-01-27T09:52:35+00:00\",\"breadcrumb\":{\"@id\":\"https:\/\/revistaautobus.com.br\/?p=17674#breadcrumb\"},\"inLanguage\":\"pt-BR\",\"potentialAction\":[{\"@type\":\"ReadAction\",\"target\":[\"https:\/\/revistaautobus.com.br\/?p=17674\"]}]},{\"@type\":\"ImageObject\",\"inLanguage\":\"pt-BR\",\"@id\":\"https:\/\/revistaautobus.com.br\/?p=17674#primaryimage\",\"url\":\"https:\/\/revistaautobus.com.br\/wp-content\/uploads\/2026\/01\/img-10050-20260121-140646-245-47E5-20260121-140640-189-4AEA_image-4-corte.jpg\",\"contentUrl\":\"https:\/\/revistaautobus.com.br\/wp-content\/uploads\/2026\/01\/img-10050-20260121-140646-245-47E5-20260121-140640-189-4AEA_image-4-corte.jpg\",\"width\":601,\"height\":308},{\"@type\":\"BreadcrumbList\",\"@id\":\"https:\/\/revistaautobus.com.br\/?p=17674#breadcrumb\",\"itemListElement\":[{\"@type\":\"ListItem\",\"position\":1,\"name\":\"In\u00edcio\",\"item\":\"https:\/\/revistaautobus.com.br\/\"},{\"@type\":\"ListItem\",\"position\":2,\"name\":\"Mercedes-Benz destaca o Rota Sustent\u00e1vel COP30 na Su\u00ed\u00e7a\"}]},{\"@type\":\"WebSite\",\"@id\":\"https:\/\/revistaautobus.com.br\/#website\",\"url\":\"https:\/\/revistaautobus.com.br\/\",\"name\":\"Revista AutoBus\",\"description\":\"\",\"publisher\":{\"@id\":\"https:\/\/revistaautobus.com.br\/#organization\"},\"potentialAction\":[{\"@type\":\"SearchAction\",\"target\":{\"@type\":\"EntryPoint\",\"urlTemplate\":\"https:\/\/revistaautobus.com.br\/?s={search_term_string}\"},\"query-input\":{\"@type\":\"PropertyValueSpecification\",\"valueRequired\":true,\"valueName\":\"search_term_string\"}}],\"inLanguage\":\"pt-BR\"},{\"@type\":\"Organization\",\"@id\":\"https:\/\/revistaautobus.com.br\/#organization\",\"name\":\"Revista AutoBus\",\"url\":\"https:\/\/revistaautobus.com.br\/\",\"logo\":{\"@type\":\"ImageObject\",\"inLanguage\":\"pt-BR\",\"@id\":\"https:\/\/revistaautobus.com.br\/#\/schema\/logo\/image\/\",\"url\":\"https:\/\/revistaautobus.com.br\/wp-content\/uploads\/2024\/11\/logo_revista_autobus_fb.png\",\"contentUrl\":\"https:\/\/revistaautobus.com.br\/wp-content\/uploads\/2024\/11\/logo_revista_autobus_fb.png\",\"width\":836,\"height\":227,\"caption\":\"Revista AutoBus\"},\"image\":{\"@id\":\"https:\/\/revistaautobus.com.br\/#\/schema\/logo\/image\/\"},\"sameAs\":[\"https:\/\/www.facebook.com\/antonio.ferro.3150\",\"https:\/\/www.instagram.com\/revistaautobus\/\"]},{\"@type\":\"Person\",\"@id\":\"https:\/\/revistaautobus.com.br\/#\/schema\/person\/54af7c3eb83a310e42ef686ef6d16f50\",\"name\":\"Antonio Ferro\",\"image\":{\"@type\":\"ImageObject\",\"inLanguage\":\"pt-BR\",\"@id\":\"https:\/\/revistaautobus.com.br\/wp-content\/uploads\/2025\/12\/editor_antonio_ferro-150x150.jpg\",\"url\":\"https:\/\/revistaautobus.com.br\/wp-content\/uploads\/2025\/12\/editor_antonio_ferro-150x150.jpg\",\"contentUrl\":\"https:\/\/revistaautobus.com.br\/wp-content\/uploads\/2025\/12\/editor_antonio_ferro-150x150.jpg\",\"caption\":\"Antonio Ferro\"},\"description\":\"infobus@uol.com.br\",\"url\":\"https:\/\/revistaautobus.com.br\/?author=2\"}]}<\/script>\n<!-- \/ Yoast SEO plugin. -->","yoast_head_json":{"title":"Mercedes-Benz destaca o Rota Sustent\u00e1vel COP30 na Su\u00ed\u00e7a - Revista AutoBus","robots":{"index":"index","follow":"follow","max-snippet":"max-snippet:-1","max-image-preview":"max-image-preview:large","max-video-preview":"max-video-preview:-1"},"canonical":"https:\/\/revistaautobus.com.br\/?p=17674","og_locale":"pt_BR","og_type":"article","og_title":"Mercedes-Benz destaca o Rota Sustent\u00e1vel COP30 na Su\u00ed\u00e7a - Revista AutoBus","og_description":"Em parceria com a Be8, fabricante apresentou resultados da caravana que percorreu mais de 4 mil quil\u00f4metros por estradas brasileiras a fim de avaliar o biocombust\u00edvel BeVant\u00ae","og_url":"https:\/\/revistaautobus.com.br\/?p=17674","og_site_name":"Revista AutoBus","article_publisher":"https:\/\/www.facebook.com\/antonio.ferro.3150","article_published_time":"2026-01-27T09:52:35+00:00","og_image":[{"width":601,"height":308,"url":"https:\/\/revistaautobus.com.br\/wp-content\/uploads\/2026\/01\/img-10050-20260121-140646-245-47E5-20260121-140640-189-4AEA_image-4-corte.jpg","type":"image\/jpeg"}],"author":"Antonio Ferro","twitter_card":"summary_large_image","twitter_misc":{"Escrito por":"Antonio Ferro","Est. tempo de leitura":"5 minutos"},"schema":{"@context":"https:\/\/schema.org","@graph":[{"@type":"Article","@id":"https:\/\/revistaautobus.com.br\/?p=17674#article","isPartOf":{"@id":"https:\/\/revistaautobus.com.br\/?p=17674"},"author":{"name":"Antonio Ferro","@id":"https:\/\/revistaautobus.com.br\/#\/schema\/person\/54af7c3eb83a310e42ef686ef6d16f50"},"headline":"Mercedes-Benz destaca o Rota Sustent\u00e1vel COP30 na Su\u00ed\u00e7a","datePublished":"2026-01-27T09:52:35+00:00","mainEntityOfPage":{"@id":"https:\/\/revistaautobus.com.br\/?p=17674"},"wordCount":769,"commentCount":0,"publisher":{"@id":"https:\/\/revistaautobus.com.br\/#organization"},"image":{"@id":"https:\/\/revistaautobus.com.br\/?p=17674#primaryimage"},"thumbnailUrl":"https:\/\/revistaautobus.com.br\/wp-content\/uploads\/2026\/01\/img-10050-20260121-140646-245-47E5-20260121-140640-189-4AEA_image-4-corte.jpg","keywords":["Biocombust\u00edvel"],"articleSection":["Meio ambiente","Mobilidade Urbana","Notas","Not\u00edcias"],"inLanguage":"pt-BR","potentialAction":[{"@type":"CommentAction","name":"Comment","target":["https:\/\/revistaautobus.com.br\/?p=17674#respond"]}]},{"@type":"WebPage","@id":"https:\/\/revistaautobus.com.br\/?p=17674","url":"https:\/\/revistaautobus.com.br\/?p=17674","name":"Mercedes-Benz destaca o Rota Sustent\u00e1vel COP30 na Su\u00ed\u00e7a - Revista AutoBus","isPartOf":{"@id":"https:\/\/revistaautobus.com.br\/#website"},"primaryImageOfPage":{"@id":"https:\/\/revistaautobus.com.br\/?p=17674#primaryimage"},"image":{"@id":"https:\/\/revistaautobus.com.br\/?p=17674#primaryimage"},"thumbnailUrl":"https:\/\/revistaautobus.com.br\/wp-content\/uploads\/2026\/01\/img-10050-20260121-140646-245-47E5-20260121-140640-189-4AEA_image-4-corte.jpg","datePublished":"2026-01-27T09:52:35+00:00","breadcrumb":{"@id":"https:\/\/revistaautobus.com.br\/?p=17674#breadcrumb"},"inLanguage":"pt-BR","potentialAction":[{"@type":"ReadAction","target":["https:\/\/revistaautobus.com.br\/?p=17674"]}]},{"@type":"ImageObject","inLanguage":"pt-BR","@id":"https:\/\/revistaautobus.com.br\/?p=17674#primaryimage","url":"https:\/\/revistaautobus.com.br\/wp-content\/uploads\/2026\/01\/img-10050-20260121-140646-245-47E5-20260121-140640-189-4AEA_image-4-corte.jpg","contentUrl":"https:\/\/revistaautobus.com.br\/wp-content\/uploads\/2026\/01\/img-10050-20260121-140646-245-47E5-20260121-140640-189-4AEA_image-4-corte.jpg","width":601,"height":308},{"@type":"BreadcrumbList","@id":"https:\/\/revistaautobus.com.br\/?p=17674#breadcrumb","itemListElement":[{"@type":"ListItem","position":1,"name":"In\u00edcio","item":"https:\/\/revistaautobus.com.br\/"},{"@type":"ListItem","position":2,"name":"Mercedes-Benz destaca o Rota Sustent\u00e1vel COP30 na Su\u00ed\u00e7a"}]},{"@type":"WebSite","@id":"https:\/\/revistaautobus.com.br\/#website","url":"https:\/\/revistaautobus.com.br\/","name":"Revista AutoBus","description":"","publisher":{"@id":"https:\/\/revistaautobus.com.br\/#organization"},"potentialAction":[{"@type":"SearchAction","target":{"@type":"EntryPoint","urlTemplate":"https:\/\/revistaautobus.com.br\/?s={search_term_string}"},"query-input":{"@type":"PropertyValueSpecification","valueRequired":true,"valueName":"search_term_string"}}],"inLanguage":"pt-BR"},{"@type":"Organization","@id":"https:\/\/revistaautobus.com.br\/#organization","name":"Revista AutoBus","url":"https:\/\/revistaautobus.com.br\/","logo":{"@type":"ImageObject","inLanguage":"pt-BR","@id":"https:\/\/revistaautobus.com.br\/#\/schema\/logo\/image\/","url":"https:\/\/revistaautobus.com.br\/wp-content\/uploads\/2024\/11\/logo_revista_autobus_fb.png","contentUrl":"https:\/\/revistaautobus.com.br\/wp-content\/uploads\/2024\/11\/logo_revista_autobus_fb.png","width":836,"height":227,"caption":"Revista AutoBus"},"image":{"@id":"https:\/\/revistaautobus.com.br\/#\/schema\/logo\/image\/"},"sameAs":["https:\/\/www.facebook.com\/antonio.ferro.3150","https:\/\/www.instagram.com\/revistaautobus\/"]},{"@type":"Person","@id":"https:\/\/revistaautobus.com.br\/#\/schema\/person\/54af7c3eb83a310e42ef686ef6d16f50","name":"Antonio Ferro","image":{"@type":"ImageObject","inLanguage":"pt-BR","@id":"https:\/\/revistaautobus.com.br\/wp-content\/uploads\/2025\/12\/editor_antonio_ferro-150x150.jpg","url":"https:\/\/revistaautobus.com.br\/wp-content\/uploads\/2025\/12\/editor_antonio_ferro-150x150.jpg","contentUrl":"https:\/\/revistaautobus.com.br\/wp-content\/uploads\/2025\/12\/editor_antonio_ferro-150x150.jpg","caption":"Antonio Ferro"},"description":"infobus@uol.com.br","url":"https:\/\/revistaautobus.com.br\/?author=2"}]}},"jetpack_featured_media_url":"https:\/\/revistaautobus.com.br\/wp-content\/uploads\/2026\/01\/img-10050-20260121-140646-245-47E5-20260121-140640-189-4AEA_image-4-corte.jpg","jetpack_sharing_enabled":true,"_links":{"self":[{"href":"https:\/\/revistaautobus.com.br\/index.php?rest_route=\/wp\/v2\/posts\/17674","targetHints":{"allow":["GET"]}}],"collection":[{"href":"https:\/\/revistaautobus.com.br\/index.php?rest_route=\/wp\/v2\/posts"}],"about":[{"href":"https:\/\/revistaautobus.com.br\/index.php?rest_route=\/wp\/v2\/types\/post"}],"author":[{"embeddable":true,"href":"https:\/\/revistaautobus.com.br\/index.php?rest_route=\/wp\/v2\/users\/2"}],"replies":[{"embeddable":true,"href":"https:\/\/revistaautobus.com.br\/index.php?rest_route=%2Fwp%2Fv2%2Fcomments&post=17674"}],"version-history":[{"count":2,"href":"https:\/\/revistaautobus.com.br\/index.php?rest_route=\/wp\/v2\/posts\/17674\/revisions"}],"predecessor-version":[{"id":17678,"href":"https:\/\/revistaautobus.com.br\/index.php?rest_route=\/wp\/v2\/posts\/17674\/revisions\/17678"}],"wp:featuredmedia":[{"embeddable":true,"href":"https:\/\/revistaautobus.com.br\/index.php?rest_route=\/wp\/v2\/media\/17675"}],"wp:attachment":[{"href":"https:\/\/revistaautobus.com.br\/index.php?rest_route=%2Fwp%2Fv2%2Fmedia&parent=17674"}],"wp:term":[{"taxonomy":"category","embeddable":true,"href":"https:\/\/revistaautobus.com.br\/index.php?rest_route=%2Fwp%2Fv2%2Fcategories&post=17674"},{"taxonomy":"post_tag","embeddable":true,"href":"https:\/\/revistaautobus.com.br\/index.php?rest_route=%2Fwp%2Fv2%2Ftags&post=17674"}],"curies":[{"name":"wp","href":"https:\/\/api.w.org\/{rel}","templated":true}]}}