{"id":1788,"date":"2019-06-18T06:14:00","date_gmt":"2019-06-18T09:14:00","guid":{"rendered":"https:\/\/vila8.com.br\/clientes\/autobus\/?p=1788"},"modified":"2021-06-23T19:09:12","modified_gmt":"2021-06-23T22:09:12","slug":"alta-quilometragem","status":"publish","type":"post","link":"https:\/\/revistaautobus.com.br\/?p=1788","title":{"rendered":"Alta quilometragem"},"content":{"rendered":"\n<p>A montadora Mercedes-Benz destacou a&nbsp;qualidade, robustez e durabilidade de seus&nbsp;motores&nbsp;para \u00f4nibus rodovi\u00e1rios da s\u00e9rie&nbsp;O 500&nbsp;produzidos no Brasil e&nbsp;amplamente reconhecidos em v\u00e1rios mercados de exporta\u00e7\u00e3o. Um desses motores, o OM 457 LA, por exemplo,&nbsp;atingiu recentemente a marca de 1.500.000 km percorridos sem precisar de manuten\u00e7\u00f5es corretivas. O chassi O 500 RS foi vendido para o Grupo Litegua em 2006, da Guatemala,&nbsp;tendo realizado, desde ent\u00e3o, apenas manuten\u00e7\u00f5es preventivas e revis\u00f5es regulares.&nbsp;De acordo com a marca,&nbsp;essa alta quilometragem foi percorrida sem precisar abrir o motor para qualquer tipo de reparo. \u201cPara n\u00f3s, \u00e9 uma satisfa\u00e7\u00e3o enorme ver a marca&nbsp;Mercedes-Benz&nbsp;obtendo resultados t\u00e3o expressivos. A Litegua \u00e9 nosso principal cliente na Guatemala, atuando no segmento de turismo, sendo respons\u00e1vel pelo transporte de passageiros entre diversas cidades desse pa\u00eds da Am\u00e9rica Central. Nessas opera\u00e7\u00f5es, os \u00f4nibus&nbsp;Mercedes-Benz&nbsp;oferecem um alto n\u00edvel de conforto e seguran\u00e7a\u201d, enfatizou Marcio Querichelli, diretor do Regional Center Daimler Latina Caminh\u00f5es e \u00d4nibus.<\/p>\n\n\n\n<p>A Litegua conta hoje com 250 \u00f4nibus em sua frota, dos quais 150 s\u00e3o da marca&nbsp;Mercedes-Benz. \u201cNosso bom relacionamento com a empresa vem de uma longa hist\u00f3ria com mais de 30 anos, resultando num n\u00edvel de satisfa\u00e7\u00e3o elevado que pode ser comprovado na preocupa\u00e7\u00e3o que o grupo tem de sempre renovar e ampliar sua frota com ve\u00edculos&nbsp;Mercedes-Benz&nbsp;anualmente\u201d, conclui Querichelli.&nbsp;<\/p>\n\n\n\n<p>Os motores da s\u00e9rie 400 s\u00e3o produzidos na planta de S\u00e3o Bernardo&nbsp;do Campo (SP) e&nbsp;t\u00eam longa tradi\u00e7\u00e3o nos segmentos de \u00f4nibus e caminh\u00f5es pesados por toda a sua qualidade e longa vida \u00fatil. S\u00e3o aproximadamente 30 anos de produ\u00e7\u00e3o, sempre evoluindo e recebendo atualiza\u00e7\u00f5es e aperfei\u00e7oamentos para continuar assegurando confiabilidade para os clientes.&nbsp;A Mercedes-Benz informa que, nessas tr\u00eas d\u00e9cadas, os motores pesados da Fam\u00edlia 400 produzidos no Brasil tamb\u00e9m foram fornecidos para unidades da&nbsp;Mercedes-Benz&nbsp;Trucks na Alemanha, Estados Unidos e M\u00e9xico, destacando-se pelo excelente desempenho, baixo consumo de combust\u00edvel e emiss\u00f5es compat\u00edveis com as legisla\u00e7\u00f5es ambientais de cada pa\u00eds.<\/p>\n\n\n\n<p>Imagem &#8211; Divulga\u00e7\u00e3o<\/p>\n","protected":false},"excerpt":{"rendered":"<p>O motor Mercedes-Benz OM 457 LA equipa um \u00f4nibus rodovi\u00e1rio O 500 RS da frota de uma empresa guatemalteca chega a 1,5 milh\u00e3o quil\u00f4metros rodados<\/p>\n","protected":false},"author":2,"featured_media":1789,"comment_status":"open","ping_status":"open","sticky":false,"template":"","format":"standard","meta":{"_et_pb_use_builder":"off","_et_pb_old_content":"","_et_gb_content_width":"","_jetpack_memberships_contains_paid_content":false,"footnotes":""},"categories":[90],"tags":[],"class_list":["post-1788","post","type-post","status-publish","format-standard","has-post-thumbnail","hentry","category-noticias","et-has-post-format-content","et_post_format-et-post-format-standard"],"yoast_head":"<!-- This site is optimized with the Yoast SEO plugin v27.2 - https:\/\/yoast.com\/product\/yoast-seo-wordpress\/ -->\n<title>Alta quilometragem - Revista AutoBus<\/title>\n<meta name=\"robots\" content=\"index, follow, max-snippet:-1, max-image-preview:large, max-video-preview:-1\" \/>\n<link rel=\"canonical\" href=\"https:\/\/revistaautobus.com.br\/?p=1788\" \/>\n<meta property=\"og:locale\" content=\"pt_BR\" \/>\n<meta property=\"og:type\" content=\"article\" \/>\n<meta property=\"og:title\" content=\"Alta quilometragem - Revista AutoBus\" \/>\n<meta property=\"og:description\" content=\"O motor Mercedes-Benz OM 457 LA equipa um \u00f4nibus rodovi\u00e1rio O 500 RS da frota de uma empresa guatemalteca chega a 1,5 milh\u00e3o quil\u00f4metros rodados\" \/>\n<meta property=\"og:url\" content=\"https:\/\/revistaautobus.com.br\/?p=1788\" \/>\n<meta property=\"og:site_name\" content=\"Revista AutoBus\" \/>\n<meta property=\"article:publisher\" content=\"https:\/\/www.facebook.com\/antonio.ferro.3150\" \/>\n<meta property=\"article:published_time\" content=\"2019-06-18T09:14:00+00:00\" \/>\n<meta property=\"article:modified_time\" content=\"2021-06-23T22:09:12+00:00\" \/>\n<meta property=\"og:image\" content=\"https:\/\/revistaautobus.com.br\/wp-content\/uploads\/2021\/06\/alta-quilometragem-1560860471.jpg\" \/>\n\t<meta property=\"og:image:width\" content=\"1200\" \/>\n\t<meta property=\"og:image:height\" content=\"660\" \/>\n\t<meta property=\"og:image:type\" content=\"image\/jpeg\" \/>\n<meta name=\"author\" content=\"Antonio Ferro\" \/>\n<meta name=\"twitter:card\" content=\"summary_large_image\" \/>\n<meta name=\"twitter:label1\" content=\"Escrito por\" \/>\n\t<meta name=\"twitter:data1\" content=\"Antonio Ferro\" \/>\n\t<meta name=\"twitter:label2\" content=\"Est. tempo de leitura\" \/>\n\t<meta name=\"twitter:data2\" content=\"2 minutos\" \/>\n<script type=\"application\/ld+json\" class=\"yoast-schema-graph\">{\"@context\":\"https:\/\/schema.org\",\"@graph\":[{\"@type\":\"Article\",\"@id\":\"https:\/\/revistaautobus.com.br\/?p=1788#article\",\"isPartOf\":{\"@id\":\"https:\/\/revistaautobus.com.br\/?p=1788\"},\"author\":{\"name\":\"Antonio Ferro\",\"@id\":\"https:\/\/revistaautobus.com.br\/#\/schema\/person\/54af7c3eb83a310e42ef686ef6d16f50\"},\"headline\":\"Alta quilometragem\",\"datePublished\":\"2019-06-18T09:14:00+00:00\",\"dateModified\":\"2021-06-23T22:09:12+00:00\",\"mainEntityOfPage\":{\"@id\":\"https:\/\/revistaautobus.com.br\/?p=1788\"},\"wordCount\":388,\"commentCount\":0,\"publisher\":{\"@id\":\"https:\/\/revistaautobus.com.br\/#organization\"},\"image\":{\"@id\":\"https:\/\/revistaautobus.com.br\/?p=1788#primaryimage\"},\"thumbnailUrl\":\"https:\/\/revistaautobus.com.br\/wp-content\/uploads\/2021\/06\/alta-quilometragem-1560860471.jpg\",\"articleSection\":[\"Not\u00edcias\"],\"inLanguage\":\"pt-BR\",\"potentialAction\":[{\"@type\":\"CommentAction\",\"name\":\"Comment\",\"target\":[\"https:\/\/revistaautobus.com.br\/?p=1788#respond\"]}]},{\"@type\":\"WebPage\",\"@id\":\"https:\/\/revistaautobus.com.br\/?p=1788\",\"url\":\"https:\/\/revistaautobus.com.br\/?p=1788\",\"name\":\"Alta quilometragem - Revista AutoBus\",\"isPartOf\":{\"@id\":\"https:\/\/revistaautobus.com.br\/#website\"},\"primaryImageOfPage\":{\"@id\":\"https:\/\/revistaautobus.com.br\/?p=1788#primaryimage\"},\"image\":{\"@id\":\"https:\/\/revistaautobus.com.br\/?p=1788#primaryimage\"},\"thumbnailUrl\":\"https:\/\/revistaautobus.com.br\/wp-content\/uploads\/2021\/06\/alta-quilometragem-1560860471.jpg\",\"datePublished\":\"2019-06-18T09:14:00+00:00\",\"dateModified\":\"2021-06-23T22:09:12+00:00\",\"breadcrumb\":{\"@id\":\"https:\/\/revistaautobus.com.br\/?p=1788#breadcrumb\"},\"inLanguage\":\"pt-BR\",\"potentialAction\":[{\"@type\":\"ReadAction\",\"target\":[\"https:\/\/revistaautobus.com.br\/?p=1788\"]}]},{\"@type\":\"ImageObject\",\"inLanguage\":\"pt-BR\",\"@id\":\"https:\/\/revistaautobus.com.br\/?p=1788#primaryimage\",\"url\":\"https:\/\/revistaautobus.com.br\/wp-content\/uploads\/2021\/06\/alta-quilometragem-1560860471.jpg\",\"contentUrl\":\"https:\/\/revistaautobus.com.br\/wp-content\/uploads\/2021\/06\/alta-quilometragem-1560860471.jpg\",\"width\":1200,\"height\":660},{\"@type\":\"BreadcrumbList\",\"@id\":\"https:\/\/revistaautobus.com.br\/?p=1788#breadcrumb\",\"itemListElement\":[{\"@type\":\"ListItem\",\"position\":1,\"name\":\"In\u00edcio\",\"item\":\"https:\/\/revistaautobus.com.br\/\"},{\"@type\":\"ListItem\",\"position\":2,\"name\":\"Alta quilometragem\"}]},{\"@type\":\"WebSite\",\"@id\":\"https:\/\/revistaautobus.com.br\/#website\",\"url\":\"https:\/\/revistaautobus.com.br\/\",\"name\":\"Revista AutoBus\",\"description\":\"\",\"publisher\":{\"@id\":\"https:\/\/revistaautobus.com.br\/#organization\"},\"potentialAction\":[{\"@type\":\"SearchAction\",\"target\":{\"@type\":\"EntryPoint\",\"urlTemplate\":\"https:\/\/revistaautobus.com.br\/?s={search_term_string}\"},\"query-input\":{\"@type\":\"PropertyValueSpecification\",\"valueRequired\":true,\"valueName\":\"search_term_string\"}}],\"inLanguage\":\"pt-BR\"},{\"@type\":\"Organization\",\"@id\":\"https:\/\/revistaautobus.com.br\/#organization\",\"name\":\"Revista AutoBus\",\"url\":\"https:\/\/revistaautobus.com.br\/\",\"logo\":{\"@type\":\"ImageObject\",\"inLanguage\":\"pt-BR\",\"@id\":\"https:\/\/revistaautobus.com.br\/#\/schema\/logo\/image\/\",\"url\":\"https:\/\/revistaautobus.com.br\/wp-content\/uploads\/2024\/11\/logo_revista_autobus_fb.png\",\"contentUrl\":\"https:\/\/revistaautobus.com.br\/wp-content\/uploads\/2024\/11\/logo_revista_autobus_fb.png\",\"width\":836,\"height\":227,\"caption\":\"Revista AutoBus\"},\"image\":{\"@id\":\"https:\/\/revistaautobus.com.br\/#\/schema\/logo\/image\/\"},\"sameAs\":[\"https:\/\/www.facebook.com\/antonio.ferro.3150\",\"https:\/\/www.instagram.com\/revistaautobus\/\"]},{\"@type\":\"Person\",\"@id\":\"https:\/\/revistaautobus.com.br\/#\/schema\/person\/54af7c3eb83a310e42ef686ef6d16f50\",\"name\":\"Antonio Ferro\",\"image\":{\"@type\":\"ImageObject\",\"inLanguage\":\"pt-BR\",\"@id\":\"https:\/\/revistaautobus.com.br\/wp-content\/uploads\/2025\/12\/editor_antonio_ferro-150x150.jpg\",\"url\":\"https:\/\/revistaautobus.com.br\/wp-content\/uploads\/2025\/12\/editor_antonio_ferro-150x150.jpg\",\"contentUrl\":\"https:\/\/revistaautobus.com.br\/wp-content\/uploads\/2025\/12\/editor_antonio_ferro-150x150.jpg\",\"caption\":\"Antonio Ferro\"},\"description\":\"infobus@uol.com.br\",\"url\":\"https:\/\/revistaautobus.com.br\/?author=2\"}]}<\/script>\n<!-- \/ Yoast SEO plugin. -->","yoast_head_json":{"title":"Alta quilometragem - Revista AutoBus","robots":{"index":"index","follow":"follow","max-snippet":"max-snippet:-1","max-image-preview":"max-image-preview:large","max-video-preview":"max-video-preview:-1"},"canonical":"https:\/\/revistaautobus.com.br\/?p=1788","og_locale":"pt_BR","og_type":"article","og_title":"Alta quilometragem - Revista AutoBus","og_description":"O motor Mercedes-Benz OM 457 LA equipa um \u00f4nibus rodovi\u00e1rio O 500 RS da frota de uma empresa guatemalteca chega a 1,5 milh\u00e3o quil\u00f4metros rodados","og_url":"https:\/\/revistaautobus.com.br\/?p=1788","og_site_name":"Revista AutoBus","article_publisher":"https:\/\/www.facebook.com\/antonio.ferro.3150","article_published_time":"2019-06-18T09:14:00+00:00","article_modified_time":"2021-06-23T22:09:12+00:00","og_image":[{"width":1200,"height":660,"url":"https:\/\/revistaautobus.com.br\/wp-content\/uploads\/2021\/06\/alta-quilometragem-1560860471.jpg","type":"image\/jpeg"}],"author":"Antonio Ferro","twitter_card":"summary_large_image","twitter_misc":{"Escrito por":"Antonio Ferro","Est. tempo de leitura":"2 minutos"},"schema":{"@context":"https:\/\/schema.org","@graph":[{"@type":"Article","@id":"https:\/\/revistaautobus.com.br\/?p=1788#article","isPartOf":{"@id":"https:\/\/revistaautobus.com.br\/?p=1788"},"author":{"name":"Antonio Ferro","@id":"https:\/\/revistaautobus.com.br\/#\/schema\/person\/54af7c3eb83a310e42ef686ef6d16f50"},"headline":"Alta quilometragem","datePublished":"2019-06-18T09:14:00+00:00","dateModified":"2021-06-23T22:09:12+00:00","mainEntityOfPage":{"@id":"https:\/\/revistaautobus.com.br\/?p=1788"},"wordCount":388,"commentCount":0,"publisher":{"@id":"https:\/\/revistaautobus.com.br\/#organization"},"image":{"@id":"https:\/\/revistaautobus.com.br\/?p=1788#primaryimage"},"thumbnailUrl":"https:\/\/revistaautobus.com.br\/wp-content\/uploads\/2021\/06\/alta-quilometragem-1560860471.jpg","articleSection":["Not\u00edcias"],"inLanguage":"pt-BR","potentialAction":[{"@type":"CommentAction","name":"Comment","target":["https:\/\/revistaautobus.com.br\/?p=1788#respond"]}]},{"@type":"WebPage","@id":"https:\/\/revistaautobus.com.br\/?p=1788","url":"https:\/\/revistaautobus.com.br\/?p=1788","name":"Alta quilometragem - Revista AutoBus","isPartOf":{"@id":"https:\/\/revistaautobus.com.br\/#website"},"primaryImageOfPage":{"@id":"https:\/\/revistaautobus.com.br\/?p=1788#primaryimage"},"image":{"@id":"https:\/\/revistaautobus.com.br\/?p=1788#primaryimage"},"thumbnailUrl":"https:\/\/revistaautobus.com.br\/wp-content\/uploads\/2021\/06\/alta-quilometragem-1560860471.jpg","datePublished":"2019-06-18T09:14:00+00:00","dateModified":"2021-06-23T22:09:12+00:00","breadcrumb":{"@id":"https:\/\/revistaautobus.com.br\/?p=1788#breadcrumb"},"inLanguage":"pt-BR","potentialAction":[{"@type":"ReadAction","target":["https:\/\/revistaautobus.com.br\/?p=1788"]}]},{"@type":"ImageObject","inLanguage":"pt-BR","@id":"https:\/\/revistaautobus.com.br\/?p=1788#primaryimage","url":"https:\/\/revistaautobus.com.br\/wp-content\/uploads\/2021\/06\/alta-quilometragem-1560860471.jpg","contentUrl":"https:\/\/revistaautobus.com.br\/wp-content\/uploads\/2021\/06\/alta-quilometragem-1560860471.jpg","width":1200,"height":660},{"@type":"BreadcrumbList","@id":"https:\/\/revistaautobus.com.br\/?p=1788#breadcrumb","itemListElement":[{"@type":"ListItem","position":1,"name":"In\u00edcio","item":"https:\/\/revistaautobus.com.br\/"},{"@type":"ListItem","position":2,"name":"Alta quilometragem"}]},{"@type":"WebSite","@id":"https:\/\/revistaautobus.com.br\/#website","url":"https:\/\/revistaautobus.com.br\/","name":"Revista AutoBus","description":"","publisher":{"@id":"https:\/\/revistaautobus.com.br\/#organization"},"potentialAction":[{"@type":"SearchAction","target":{"@type":"EntryPoint","urlTemplate":"https:\/\/revistaautobus.com.br\/?s={search_term_string}"},"query-input":{"@type":"PropertyValueSpecification","valueRequired":true,"valueName":"search_term_string"}}],"inLanguage":"pt-BR"},{"@type":"Organization","@id":"https:\/\/revistaautobus.com.br\/#organization","name":"Revista AutoBus","url":"https:\/\/revistaautobus.com.br\/","logo":{"@type":"ImageObject","inLanguage":"pt-BR","@id":"https:\/\/revistaautobus.com.br\/#\/schema\/logo\/image\/","url":"https:\/\/revistaautobus.com.br\/wp-content\/uploads\/2024\/11\/logo_revista_autobus_fb.png","contentUrl":"https:\/\/revistaautobus.com.br\/wp-content\/uploads\/2024\/11\/logo_revista_autobus_fb.png","width":836,"height":227,"caption":"Revista AutoBus"},"image":{"@id":"https:\/\/revistaautobus.com.br\/#\/schema\/logo\/image\/"},"sameAs":["https:\/\/www.facebook.com\/antonio.ferro.3150","https:\/\/www.instagram.com\/revistaautobus\/"]},{"@type":"Person","@id":"https:\/\/revistaautobus.com.br\/#\/schema\/person\/54af7c3eb83a310e42ef686ef6d16f50","name":"Antonio Ferro","image":{"@type":"ImageObject","inLanguage":"pt-BR","@id":"https:\/\/revistaautobus.com.br\/wp-content\/uploads\/2025\/12\/editor_antonio_ferro-150x150.jpg","url":"https:\/\/revistaautobus.com.br\/wp-content\/uploads\/2025\/12\/editor_antonio_ferro-150x150.jpg","contentUrl":"https:\/\/revistaautobus.com.br\/wp-content\/uploads\/2025\/12\/editor_antonio_ferro-150x150.jpg","caption":"Antonio Ferro"},"description":"infobus@uol.com.br","url":"https:\/\/revistaautobus.com.br\/?author=2"}]}},"jetpack_featured_media_url":"https:\/\/revistaautobus.com.br\/wp-content\/uploads\/2021\/06\/alta-quilometragem-1560860471.jpg","jetpack_sharing_enabled":true,"_links":{"self":[{"href":"https:\/\/revistaautobus.com.br\/index.php?rest_route=\/wp\/v2\/posts\/1788","targetHints":{"allow":["GET"]}}],"collection":[{"href":"https:\/\/revistaautobus.com.br\/index.php?rest_route=\/wp\/v2\/posts"}],"about":[{"href":"https:\/\/revistaautobus.com.br\/index.php?rest_route=\/wp\/v2\/types\/post"}],"author":[{"embeddable":true,"href":"https:\/\/revistaautobus.com.br\/index.php?rest_route=\/wp\/v2\/users\/2"}],"replies":[{"embeddable":true,"href":"https:\/\/revistaautobus.com.br\/index.php?rest_route=%2Fwp%2Fv2%2Fcomments&post=1788"}],"version-history":[{"count":1,"href":"https:\/\/revistaautobus.com.br\/index.php?rest_route=\/wp\/v2\/posts\/1788\/revisions"}],"predecessor-version":[{"id":1790,"href":"https:\/\/revistaautobus.com.br\/index.php?rest_route=\/wp\/v2\/posts\/1788\/revisions\/1790"}],"wp:featuredmedia":[{"embeddable":true,"href":"https:\/\/revistaautobus.com.br\/index.php?rest_route=\/wp\/v2\/media\/1789"}],"wp:attachment":[{"href":"https:\/\/revistaautobus.com.br\/index.php?rest_route=%2Fwp%2Fv2%2Fmedia&parent=1788"}],"wp:term":[{"taxonomy":"category","embeddable":true,"href":"https:\/\/revistaautobus.com.br\/index.php?rest_route=%2Fwp%2Fv2%2Fcategories&post=1788"},{"taxonomy":"post_tag","embeddable":true,"href":"https:\/\/revistaautobus.com.br\/index.php?rest_route=%2Fwp%2Fv2%2Ftags&post=1788"}],"curies":[{"name":"wp","href":"https:\/\/api.w.org\/{rel}","templated":true}]}}