{"id":1809,"date":"2019-06-28T07:41:00","date_gmt":"2019-06-28T10:41:00","guid":{"rendered":"https:\/\/vila8.com.br\/clientes\/autobus\/?p=1809"},"modified":"2021-06-24T09:31:05","modified_gmt":"2021-06-24T12:31:05","slug":"alternativa-para-a-mobilidade","status":"publish","type":"post","link":"https:\/\/revistaautobus.com.br\/?p=1809","title":{"rendered":"Alternativa para a mobilidade"},"content":{"rendered":"\n<p>Passados mais de quatro meses desde que iniciou sua opera\u00e7\u00e3o, o servi\u00e7o CityBus 2.0 continua a conquistar novos usu\u00e1rios em sua \u00e1rea operacional, na cidade de Goi\u00e2nia. De acordo com a operadora que criou essa inova\u00e7\u00e3o, o maior incremento foi de abril para maio deste ano, com o aumento de 51% de passageiros transportados. \u201cImplementamos uma s\u00e9rie de a\u00e7\u00f5es voltadas a precifica\u00e7\u00e3o nesses dois meses, o que acreditamos ter sido muito positiva e fundamental para a consolida\u00e7\u00e3o do servi\u00e7o. Fizemos ainda uma promo\u00e7\u00e3o in\u00e9dita para servi\u00e7os p\u00fablicos de transporte coletivo, o member get member, um desconto por indica\u00e7\u00e3o. Consolidamos um crescimento m\u00e9dio de 13% por semana\u201d, avaliou o diretor de transportes da HP Transportes, Hugo Santana.<\/p>\n\n\n\n<p>O CityBus 2.0 (com 35 mil usu\u00e1rios cadastrados em plataformas do Android e IOS) \u00e9 o primeiro sistema de transporte coletivo por aplicativo de celular da Am\u00e9rica Latina, reconhecido como mais uma op\u00e7\u00e3o vi\u00e1vel ao promover uma mobilidade com conforto e rapidez. Com 15 mini\u00f4nibus, esse servi\u00e7o percorre 11 bairros do Centro Expandido como os Setores Central, Sul, Oeste, Marista, Bueno, Bela Vista, Serrinha, Nova Su\u00ed\u00e7a, Jardim Goi\u00e1s, Universit\u00e1rio e Aeroporto, da capital de Goi\u00e1s.<\/p>\n\n\n\n<p>Desde sua implanta\u00e7\u00e3o, a \u00e1rea de Intelig\u00eancia de Mercado da HP Transportes tem aproveitado os feedbacks de clientes nas redes sociais e de motoristas para entender quais os pontos de melhoria do servi\u00e7o. A operadora tem divulgado v\u00eddeos interativos nas redes sociais, e informa\u00e7\u00f5es em panfletagens e diversos meios publicit\u00e1rios, para que a informa\u00e7\u00e3o se espalhe por toda a regi\u00e3o do centro expandido.<\/p>\n\n\n\n<p>Ainda, segundo informa\u00e7\u00f5es de Hugo Santana, com a melhoria de rotas e o aperfei\u00e7oamento constante de poss\u00edveis falhas, a avalia\u00e7\u00e3o do servi\u00e7o continua com nota de 4,9, numa escala de 1 a 5 estrelas. Dentre os itens mais bem avaliados est\u00e3o a conduta dos motoristas, que permanece em primeiro lugar, seguido de conforto e limpeza dos mini\u00f4nibus e rotas e paradas do trajeto. \u201cAcreditamos que esta satisfa\u00e7\u00e3o do usu\u00e1rio tem se revertido em indica\u00e7\u00e3o do servi\u00e7o a amigos e parentes, o que tamb\u00e9m tem contribu\u00eddo para o aumento da demanda\u201d, destacou o executivo.<\/p>\n\n\n\n<p>Outro grande investimento durante a fase de testes do CityBus 2.0 foi na seguran\u00e7a. Os ve\u00edculos foram equipados com tr\u00eas c\u00e2meras, que passaram a garantir mais seguran\u00e7a a seus clientes, motoristas e, tamb\u00e9m, possibilitar a melhoria cont\u00ednua do servi\u00e7o. As c\u00e2meras s\u00e3o conectadas \u00e0 central de monitoramento da HP Transportes. Em situa\u00e7\u00f5es suspeitas, \u00e9 poss\u00edvel uma comuni\u00e7\u00e3o com a operadora por meio de aplicativo de conversa.<\/p>\n\n\n\n<p>Acompanhe a seguir uma pequena entrevista com o diretor da transportadora goiana.<\/p>\n\n\n\n<p><strong>Revista AutoBus&nbsp;<\/strong>&#8211; Esse tipo de servi\u00e7o n\u00e3o concorre com os \u00f4nibus da HP?<\/p>\n\n\n\n<p><strong>Hugo Santana<\/strong>&nbsp;&#8211; N\u00e3o. O CityBus 2.0 \u00e9 um servi\u00e7o complementar ao transporte p\u00fablico coletivo, desenhado para atender deslocamentos de curta dist\u00e2ncia. A experi\u00eancia tem demonstrado que os usu\u00e1rios do servi\u00e7o v\u00eam dos aplicativos individuais, e outros est\u00e3o experimentando deixar o carro quando o percurso desejado \u00e9 atendido pelo servi\u00e7o. Esses dados s\u00e3o comprovados por pesquisas internas. Como escapar das situa\u00e7\u00f5es do tr\u00e2nsito congestionado em sua \u00e1rea de opera\u00e7\u00e3o?<\/p>\n\n\n\n<p>Esse \u00e9 um dos nossos principais desafios. Infelizmente, temos poucas vias exclusivas na cidade e o CityBus 2.0, mesmo trafegando nessas vias, tem uma redu\u00e7\u00e3o na velocidade comercial, principalmente nos hor\u00e1rios de pico. Mesmo assim, sabemos que se as pessoas come\u00e7am a agir coletivamente teremos menos carros nas ruas, melhor fluidez no tr\u00e2nsito e menos polui\u00e7\u00e3o urbana. A caoticidade do tr\u00e2nsito s\u00f3 ser\u00e1 resolvida a partir da prioriza\u00e7\u00e3o do Transporte P\u00fablico Coletivo por meio de pol\u00edticas p\u00fablicas efetivas.<\/p>\n\n\n\n<figure class=\"wp-block-image\"><img decoding=\"async\" src=\"https:\/\/www.revistaautobus.com.br\/uploads\/images\/2019\/06\/408-1561729526.jpg\" alt=\"Alternativa para a mobilidade\" title=\"Alternativa para a mobilidade\"\/><\/figure>\n\n\n\n<pre class=\"wp-block-preformatted\"><em><strong>Hugo Santana<\/strong><\/em><\/pre>\n\n\n\n<p><strong>AutoBus<\/strong>&nbsp;&#8211; Ap\u00f3s mais de&nbsp;120 dias de opera\u00e7\u00e3o, ele se mostrou vi\u00e1vel economicamente?<\/p>\n\n\n\n<p><strong>Hugo<\/strong>&nbsp;&#8211; Ainda n\u00e3o. Um projeto inovador leva, em m\u00e9dia, 12 meses para apresentar a sua viabilidade econ\u00f4mica. Mas o que nos mostra que estamos no caminho certo \u00e9 o incremento semanal de, aproximadamente, 15% no n\u00famero de novos clientes usando o servi\u00e7o, bem como a satisfa\u00e7\u00e3o mensurada ao final da jornada. De 1 a 5 estrelas, estamos com uma m\u00e9dia de 4,9. Isso demonstra que as pessoas que utilizam o servi\u00e7o est\u00e3o aprovando e recomendando.<\/p>\n\n\n\n<p><strong>AutoBus<\/strong>&nbsp;&#8211; Quantos passageiros foram transportados at\u00e9 este momento?<\/p>\n\n\n\n<p><strong>Hugo<\/strong>&nbsp;&#8211; J\u00e1 temos 34 mil clientes cadastrados na nossa plataforma, e o n\u00famero de novos passageiros utilizando o servi\u00e7o cresceu 15% por semana.<\/p>\n\n\n\n<p><strong>AutoBus<\/strong>&nbsp;&#8211; O CityBus 2.0 trata-se de uma alternativa frente ao desgastado sistema de \u00f4nibus urbano. Por\u00e9m, n\u00e3o seria necess\u00e1rio rever os fatores negativos que comprometem o desempenho dos \u00f4nibus, proporcionando-lhes uma nova imagem e um novo conceito de efici\u00eancia? Acredito que na vis\u00e3o empresarial da operadora, seu neg\u00f3cio de transporte coletivo teria sucesso se ele encontrasse viabilidade nos servi\u00e7os por meio da prioridade e da qualidade, correto?<\/p>\n\n\n\n<p><strong>Hugo<\/strong>&nbsp;&#8211; A melhoria do transporte coletivo depende principalmente de pol\u00edticas p\u00fablicas efetivas que o priorizem e o subsidiem, mas tamb\u00e9m \u00e9 necess\u00e1rio que operadores e outros agentes fa\u00e7am a sua parte.<\/p>\n\n\n\n<p>O CityBus 2.0, servi\u00e7o em teste em Goi\u00e2nia, \u00e9 uma solu\u00e7\u00e3o inovadora criada pela HP Transportes para contribuir com a melhoria da mobilidade na cidade, pois trata-se de um servi\u00e7o coletivo, regulamentado, vinculado ao contrato de concess\u00e3o e n\u00e3o tem o objetivo de substituir ou sobrepor o servi\u00e7o convencional, mas complement\u00e1-lo.<\/p>\n\n\n\n<p>Acreditamos que o atual modelo de transporte coletivo deve ser repensado, e o primeiro passo para um longo caminho precisa ser dado. E \u00e9 isso que estamos fazendo.<\/p>\n\n\n\n<p><strong>AutoBus<\/strong>&nbsp;&#8211; Se ao pensarmos em modelos de transporte alternativo ao \u00f4nibus, n\u00e3o corremos o risco de desmontar uma rede que pode contribuir com o desenvolvimento urbano? Ao optarmos por ve\u00edculos de menor porte, n\u00e3o criamos uma situa\u00e7\u00e3o negativa que tende a aumentar ainda mais o congestionado tr\u00e2nsito, com um maior volume de ve\u00edculos nas ruas?<\/p>\n\n\n\n<p><strong>Hugo&nbsp;<\/strong>&#8211; Em Goi\u00e2nia temos um servi\u00e7o metropolitano que atende a popula\u00e7\u00e3o com uma ampla rede de servi\u00e7os totalmente integrada, mas a demanda de uma linha alimentadora ou de uma microrregi\u00e3o n\u00e3o \u00e9 a mesma de um eixo estruturante, por isso acreditamos que os servi\u00e7os coletivos, desde que regulamentados\/autorizados pelo poder concedente, podem ser ofertados por ve\u00edculos de menor capacidade. O tr\u00e2nsito \u00e9 impactado por ve\u00edculos individuais e o coletivo \u00e9 a solu\u00e7\u00e3o para resolvermos o congestionamento nas vias urbanas. O CityBus 2.0, hoje, j\u00e1 contribui para a retirada de aproximadamente 700 ve\u00edculos individuais das ruas diariamente.<\/p>\n\n\n\n<p><strong>AutoBus&nbsp;<\/strong>&#8211; N\u00e3o seria mais l\u00f3gico pensar no CityBus 2.0 como um modelo complementar a uma rede de corredores, com prioridade aos \u00f4nibus, onde essa alternativa seria utilizada para distribuir os passageiros em \u00e1reas dos grandes terminais?<\/p>\n\n\n\n<p><strong>Hugo<\/strong>&nbsp;&#8211; Como j\u00e1 foi dito, o CityBus 2.0 \u00e9 um servi\u00e7o sob demanda, cujo conceito est\u00e1 sendo testado e, acreditamos que deve ser uma a\u00e7\u00e3o de muitas que dever\u00e3o vir para reestruturar todo o servi\u00e7o.<\/p>\n\n\n\n<p>Imagens &#8211; Divulga\u00e7\u00e3o<\/p>\n","protected":false},"excerpt":{"rendered":"<p>Um novo modelo de transporte coletivo surge para ajudar a desafogar os deslocamentos nas grandes cidades brasileiras<\/p>\n","protected":false},"author":2,"featured_media":1810,"comment_status":"open","ping_status":"open","sticky":false,"template":"","format":"standard","meta":{"_et_pb_use_builder":"off","_et_pb_old_content":"","_et_gb_content_width":"","_jetpack_memberships_contains_paid_content":false,"footnotes":""},"categories":[90],"tags":[],"class_list":["post-1809","post","type-post","status-publish","format-standard","has-post-thumbnail","hentry","category-noticias","et-has-post-format-content","et_post_format-et-post-format-standard"],"yoast_head":"<!-- This site is optimized with the Yoast SEO plugin v27.2 - https:\/\/yoast.com\/product\/yoast-seo-wordpress\/ -->\n<title>Alternativa para a mobilidade - Revista AutoBus<\/title>\n<meta name=\"robots\" content=\"index, follow, max-snippet:-1, max-image-preview:large, max-video-preview:-1\" \/>\n<link rel=\"canonical\" href=\"https:\/\/revistaautobus.com.br\/?p=1809\" \/>\n<meta property=\"og:locale\" content=\"pt_BR\" \/>\n<meta property=\"og:type\" content=\"article\" \/>\n<meta property=\"og:title\" content=\"Alternativa para a mobilidade - Revista AutoBus\" \/>\n<meta property=\"og:description\" content=\"Um novo modelo de transporte coletivo surge para ajudar a desafogar os deslocamentos nas grandes cidades brasileiras\" \/>\n<meta property=\"og:url\" content=\"https:\/\/revistaautobus.com.br\/?p=1809\" \/>\n<meta property=\"og:site_name\" content=\"Revista AutoBus\" \/>\n<meta property=\"article:publisher\" content=\"https:\/\/www.facebook.com\/antonio.ferro.3150\" \/>\n<meta property=\"article:published_time\" content=\"2019-06-28T10:41:00+00:00\" \/>\n<meta property=\"article:modified_time\" content=\"2021-06-24T12:31:05+00:00\" \/>\n<meta property=\"og:image\" content=\"https:\/\/revistaautobus.com.br\/wp-content\/uploads\/2021\/06\/alternativa-para-a-mobilidade-1561729498.jpg\" \/>\n\t<meta property=\"og:image:width\" content=\"1200\" \/>\n\t<meta property=\"og:image:height\" content=\"800\" \/>\n\t<meta property=\"og:image:type\" content=\"image\/jpeg\" \/>\n<meta name=\"author\" content=\"Antonio Ferro\" \/>\n<meta name=\"twitter:card\" content=\"summary_large_image\" \/>\n<meta name=\"twitter:label1\" content=\"Escrito por\" \/>\n\t<meta name=\"twitter:data1\" content=\"Antonio Ferro\" \/>\n\t<meta name=\"twitter:label2\" content=\"Est. tempo de leitura\" \/>\n\t<meta name=\"twitter:data2\" content=\"6 minutos\" \/>\n<script type=\"application\/ld+json\" class=\"yoast-schema-graph\">{\"@context\":\"https:\/\/schema.org\",\"@graph\":[{\"@type\":\"Article\",\"@id\":\"https:\/\/revistaautobus.com.br\/?p=1809#article\",\"isPartOf\":{\"@id\":\"https:\/\/revistaautobus.com.br\/?p=1809\"},\"author\":{\"name\":\"Antonio Ferro\",\"@id\":\"https:\/\/revistaautobus.com.br\/#\/schema\/person\/54af7c3eb83a310e42ef686ef6d16f50\"},\"headline\":\"Alternativa para a mobilidade\",\"datePublished\":\"2019-06-28T10:41:00+00:00\",\"dateModified\":\"2021-06-24T12:31:05+00:00\",\"mainEntityOfPage\":{\"@id\":\"https:\/\/revistaautobus.com.br\/?p=1809\"},\"wordCount\":1239,\"commentCount\":0,\"publisher\":{\"@id\":\"https:\/\/revistaautobus.com.br\/#organization\"},\"image\":{\"@id\":\"https:\/\/revistaautobus.com.br\/?p=1809#primaryimage\"},\"thumbnailUrl\":\"https:\/\/revistaautobus.com.br\/wp-content\/uploads\/2021\/06\/alternativa-para-a-mobilidade-1561729498.jpg\",\"articleSection\":[\"Not\u00edcias\"],\"inLanguage\":\"pt-BR\",\"potentialAction\":[{\"@type\":\"CommentAction\",\"name\":\"Comment\",\"target\":[\"https:\/\/revistaautobus.com.br\/?p=1809#respond\"]}]},{\"@type\":\"WebPage\",\"@id\":\"https:\/\/revistaautobus.com.br\/?p=1809\",\"url\":\"https:\/\/revistaautobus.com.br\/?p=1809\",\"name\":\"Alternativa para a mobilidade - Revista AutoBus\",\"isPartOf\":{\"@id\":\"https:\/\/revistaautobus.com.br\/#website\"},\"primaryImageOfPage\":{\"@id\":\"https:\/\/revistaautobus.com.br\/?p=1809#primaryimage\"},\"image\":{\"@id\":\"https:\/\/revistaautobus.com.br\/?p=1809#primaryimage\"},\"thumbnailUrl\":\"https:\/\/revistaautobus.com.br\/wp-content\/uploads\/2021\/06\/alternativa-para-a-mobilidade-1561729498.jpg\",\"datePublished\":\"2019-06-28T10:41:00+00:00\",\"dateModified\":\"2021-06-24T12:31:05+00:00\",\"breadcrumb\":{\"@id\":\"https:\/\/revistaautobus.com.br\/?p=1809#breadcrumb\"},\"inLanguage\":\"pt-BR\",\"potentialAction\":[{\"@type\":\"ReadAction\",\"target\":[\"https:\/\/revistaautobus.com.br\/?p=1809\"]}]},{\"@type\":\"ImageObject\",\"inLanguage\":\"pt-BR\",\"@id\":\"https:\/\/revistaautobus.com.br\/?p=1809#primaryimage\",\"url\":\"https:\/\/revistaautobus.com.br\/wp-content\/uploads\/2021\/06\/alternativa-para-a-mobilidade-1561729498.jpg\",\"contentUrl\":\"https:\/\/revistaautobus.com.br\/wp-content\/uploads\/2021\/06\/alternativa-para-a-mobilidade-1561729498.jpg\",\"width\":1200,\"height\":800},{\"@type\":\"BreadcrumbList\",\"@id\":\"https:\/\/revistaautobus.com.br\/?p=1809#breadcrumb\",\"itemListElement\":[{\"@type\":\"ListItem\",\"position\":1,\"name\":\"In\u00edcio\",\"item\":\"https:\/\/revistaautobus.com.br\/\"},{\"@type\":\"ListItem\",\"position\":2,\"name\":\"Alternativa para a mobilidade\"}]},{\"@type\":\"WebSite\",\"@id\":\"https:\/\/revistaautobus.com.br\/#website\",\"url\":\"https:\/\/revistaautobus.com.br\/\",\"name\":\"Revista AutoBus\",\"description\":\"\",\"publisher\":{\"@id\":\"https:\/\/revistaautobus.com.br\/#organization\"},\"potentialAction\":[{\"@type\":\"SearchAction\",\"target\":{\"@type\":\"EntryPoint\",\"urlTemplate\":\"https:\/\/revistaautobus.com.br\/?s={search_term_string}\"},\"query-input\":{\"@type\":\"PropertyValueSpecification\",\"valueRequired\":true,\"valueName\":\"search_term_string\"}}],\"inLanguage\":\"pt-BR\"},{\"@type\":\"Organization\",\"@id\":\"https:\/\/revistaautobus.com.br\/#organization\",\"name\":\"Revista AutoBus\",\"url\":\"https:\/\/revistaautobus.com.br\/\",\"logo\":{\"@type\":\"ImageObject\",\"inLanguage\":\"pt-BR\",\"@id\":\"https:\/\/revistaautobus.com.br\/#\/schema\/logo\/image\/\",\"url\":\"https:\/\/revistaautobus.com.br\/wp-content\/uploads\/2024\/11\/logo_revista_autobus_fb.png\",\"contentUrl\":\"https:\/\/revistaautobus.com.br\/wp-content\/uploads\/2024\/11\/logo_revista_autobus_fb.png\",\"width\":836,\"height\":227,\"caption\":\"Revista AutoBus\"},\"image\":{\"@id\":\"https:\/\/revistaautobus.com.br\/#\/schema\/logo\/image\/\"},\"sameAs\":[\"https:\/\/www.facebook.com\/antonio.ferro.3150\",\"https:\/\/www.instagram.com\/revistaautobus\/\"]},{\"@type\":\"Person\",\"@id\":\"https:\/\/revistaautobus.com.br\/#\/schema\/person\/54af7c3eb83a310e42ef686ef6d16f50\",\"name\":\"Antonio Ferro\",\"image\":{\"@type\":\"ImageObject\",\"inLanguage\":\"pt-BR\",\"@id\":\"https:\/\/revistaautobus.com.br\/wp-content\/uploads\/2025\/12\/editor_antonio_ferro-150x150.jpg\",\"url\":\"https:\/\/revistaautobus.com.br\/wp-content\/uploads\/2025\/12\/editor_antonio_ferro-150x150.jpg\",\"contentUrl\":\"https:\/\/revistaautobus.com.br\/wp-content\/uploads\/2025\/12\/editor_antonio_ferro-150x150.jpg\",\"caption\":\"Antonio Ferro\"},\"description\":\"infobus@uol.com.br\",\"url\":\"https:\/\/revistaautobus.com.br\/?author=2\"}]}<\/script>\n<!-- \/ Yoast SEO plugin. -->","yoast_head_json":{"title":"Alternativa para a mobilidade - Revista AutoBus","robots":{"index":"index","follow":"follow","max-snippet":"max-snippet:-1","max-image-preview":"max-image-preview:large","max-video-preview":"max-video-preview:-1"},"canonical":"https:\/\/revistaautobus.com.br\/?p=1809","og_locale":"pt_BR","og_type":"article","og_title":"Alternativa para a mobilidade - Revista AutoBus","og_description":"Um novo modelo de transporte coletivo surge para ajudar a desafogar os deslocamentos nas grandes cidades brasileiras","og_url":"https:\/\/revistaautobus.com.br\/?p=1809","og_site_name":"Revista AutoBus","article_publisher":"https:\/\/www.facebook.com\/antonio.ferro.3150","article_published_time":"2019-06-28T10:41:00+00:00","article_modified_time":"2021-06-24T12:31:05+00:00","og_image":[{"width":1200,"height":800,"url":"https:\/\/revistaautobus.com.br\/wp-content\/uploads\/2021\/06\/alternativa-para-a-mobilidade-1561729498.jpg","type":"image\/jpeg"}],"author":"Antonio Ferro","twitter_card":"summary_large_image","twitter_misc":{"Escrito por":"Antonio Ferro","Est. tempo de leitura":"6 minutos"},"schema":{"@context":"https:\/\/schema.org","@graph":[{"@type":"Article","@id":"https:\/\/revistaautobus.com.br\/?p=1809#article","isPartOf":{"@id":"https:\/\/revistaautobus.com.br\/?p=1809"},"author":{"name":"Antonio Ferro","@id":"https:\/\/revistaautobus.com.br\/#\/schema\/person\/54af7c3eb83a310e42ef686ef6d16f50"},"headline":"Alternativa para a mobilidade","datePublished":"2019-06-28T10:41:00+00:00","dateModified":"2021-06-24T12:31:05+00:00","mainEntityOfPage":{"@id":"https:\/\/revistaautobus.com.br\/?p=1809"},"wordCount":1239,"commentCount":0,"publisher":{"@id":"https:\/\/revistaautobus.com.br\/#organization"},"image":{"@id":"https:\/\/revistaautobus.com.br\/?p=1809#primaryimage"},"thumbnailUrl":"https:\/\/revistaautobus.com.br\/wp-content\/uploads\/2021\/06\/alternativa-para-a-mobilidade-1561729498.jpg","articleSection":["Not\u00edcias"],"inLanguage":"pt-BR","potentialAction":[{"@type":"CommentAction","name":"Comment","target":["https:\/\/revistaautobus.com.br\/?p=1809#respond"]}]},{"@type":"WebPage","@id":"https:\/\/revistaautobus.com.br\/?p=1809","url":"https:\/\/revistaautobus.com.br\/?p=1809","name":"Alternativa para a mobilidade - Revista AutoBus","isPartOf":{"@id":"https:\/\/revistaautobus.com.br\/#website"},"primaryImageOfPage":{"@id":"https:\/\/revistaautobus.com.br\/?p=1809#primaryimage"},"image":{"@id":"https:\/\/revistaautobus.com.br\/?p=1809#primaryimage"},"thumbnailUrl":"https:\/\/revistaautobus.com.br\/wp-content\/uploads\/2021\/06\/alternativa-para-a-mobilidade-1561729498.jpg","datePublished":"2019-06-28T10:41:00+00:00","dateModified":"2021-06-24T12:31:05+00:00","breadcrumb":{"@id":"https:\/\/revistaautobus.com.br\/?p=1809#breadcrumb"},"inLanguage":"pt-BR","potentialAction":[{"@type":"ReadAction","target":["https:\/\/revistaautobus.com.br\/?p=1809"]}]},{"@type":"ImageObject","inLanguage":"pt-BR","@id":"https:\/\/revistaautobus.com.br\/?p=1809#primaryimage","url":"https:\/\/revistaautobus.com.br\/wp-content\/uploads\/2021\/06\/alternativa-para-a-mobilidade-1561729498.jpg","contentUrl":"https:\/\/revistaautobus.com.br\/wp-content\/uploads\/2021\/06\/alternativa-para-a-mobilidade-1561729498.jpg","width":1200,"height":800},{"@type":"BreadcrumbList","@id":"https:\/\/revistaautobus.com.br\/?p=1809#breadcrumb","itemListElement":[{"@type":"ListItem","position":1,"name":"In\u00edcio","item":"https:\/\/revistaautobus.com.br\/"},{"@type":"ListItem","position":2,"name":"Alternativa para a mobilidade"}]},{"@type":"WebSite","@id":"https:\/\/revistaautobus.com.br\/#website","url":"https:\/\/revistaautobus.com.br\/","name":"Revista AutoBus","description":"","publisher":{"@id":"https:\/\/revistaautobus.com.br\/#organization"},"potentialAction":[{"@type":"SearchAction","target":{"@type":"EntryPoint","urlTemplate":"https:\/\/revistaautobus.com.br\/?s={search_term_string}"},"query-input":{"@type":"PropertyValueSpecification","valueRequired":true,"valueName":"search_term_string"}}],"inLanguage":"pt-BR"},{"@type":"Organization","@id":"https:\/\/revistaautobus.com.br\/#organization","name":"Revista AutoBus","url":"https:\/\/revistaautobus.com.br\/","logo":{"@type":"ImageObject","inLanguage":"pt-BR","@id":"https:\/\/revistaautobus.com.br\/#\/schema\/logo\/image\/","url":"https:\/\/revistaautobus.com.br\/wp-content\/uploads\/2024\/11\/logo_revista_autobus_fb.png","contentUrl":"https:\/\/revistaautobus.com.br\/wp-content\/uploads\/2024\/11\/logo_revista_autobus_fb.png","width":836,"height":227,"caption":"Revista AutoBus"},"image":{"@id":"https:\/\/revistaautobus.com.br\/#\/schema\/logo\/image\/"},"sameAs":["https:\/\/www.facebook.com\/antonio.ferro.3150","https:\/\/www.instagram.com\/revistaautobus\/"]},{"@type":"Person","@id":"https:\/\/revistaautobus.com.br\/#\/schema\/person\/54af7c3eb83a310e42ef686ef6d16f50","name":"Antonio Ferro","image":{"@type":"ImageObject","inLanguage":"pt-BR","@id":"https:\/\/revistaautobus.com.br\/wp-content\/uploads\/2025\/12\/editor_antonio_ferro-150x150.jpg","url":"https:\/\/revistaautobus.com.br\/wp-content\/uploads\/2025\/12\/editor_antonio_ferro-150x150.jpg","contentUrl":"https:\/\/revistaautobus.com.br\/wp-content\/uploads\/2025\/12\/editor_antonio_ferro-150x150.jpg","caption":"Antonio Ferro"},"description":"infobus@uol.com.br","url":"https:\/\/revistaautobus.com.br\/?author=2"}]}},"jetpack_featured_media_url":"https:\/\/revistaautobus.com.br\/wp-content\/uploads\/2021\/06\/alternativa-para-a-mobilidade-1561729498.jpg","jetpack_sharing_enabled":true,"_links":{"self":[{"href":"https:\/\/revistaautobus.com.br\/index.php?rest_route=\/wp\/v2\/posts\/1809","targetHints":{"allow":["GET"]}}],"collection":[{"href":"https:\/\/revistaautobus.com.br\/index.php?rest_route=\/wp\/v2\/posts"}],"about":[{"href":"https:\/\/revistaautobus.com.br\/index.php?rest_route=\/wp\/v2\/types\/post"}],"author":[{"embeddable":true,"href":"https:\/\/revistaautobus.com.br\/index.php?rest_route=\/wp\/v2\/users\/2"}],"replies":[{"embeddable":true,"href":"https:\/\/revistaautobus.com.br\/index.php?rest_route=%2Fwp%2Fv2%2Fcomments&post=1809"}],"version-history":[{"count":1,"href":"https:\/\/revistaautobus.com.br\/index.php?rest_route=\/wp\/v2\/posts\/1809\/revisions"}],"predecessor-version":[{"id":1811,"href":"https:\/\/revistaautobus.com.br\/index.php?rest_route=\/wp\/v2\/posts\/1809\/revisions\/1811"}],"wp:featuredmedia":[{"embeddable":true,"href":"https:\/\/revistaautobus.com.br\/index.php?rest_route=\/wp\/v2\/media\/1810"}],"wp:attachment":[{"href":"https:\/\/revistaautobus.com.br\/index.php?rest_route=%2Fwp%2Fv2%2Fmedia&parent=1809"}],"wp:term":[{"taxonomy":"category","embeddable":true,"href":"https:\/\/revistaautobus.com.br\/index.php?rest_route=%2Fwp%2Fv2%2Fcategories&post=1809"},{"taxonomy":"post_tag","embeddable":true,"href":"https:\/\/revistaautobus.com.br\/index.php?rest_route=%2Fwp%2Fv2%2Ftags&post=1809"}],"curies":[{"name":"wp","href":"https:\/\/api.w.org\/{rel}","templated":true}]}}