{"id":18178,"date":"2026-03-13T09:06:04","date_gmt":"2026-03-13T12:06:04","guid":{"rendered":"https:\/\/revistaautobus.com.br\/?p=18178"},"modified":"2026-03-13T09:06:04","modified_gmt":"2026-03-13T12:06:04","slug":"nao-precisa-de-ia-para-saber","status":"publish","type":"post","link":"https:\/\/revistaautobus.com.br\/?p=18178","title":{"rendered":"N\u00e3o precisa de IA para saber"},"content":{"rendered":"<p>Por <span style=\"color: #008000;\"><em><strong>Osvaldo Born<\/strong><\/em><\/span>, entusiasta e estudioso do setor de mobilidade e transporte, al\u00e9m de usu\u00e1rio de \u00f4nibus<\/p>\n<p>H\u00e1 cerca de dois ou tr\u00eas anos, nos tornamos dependentes da evolu\u00e7\u00e3o de uma tecnologia que chamamos de \u201cIntelig\u00eancia Artificial\u201d (IA). Nas redes sociais, no ambiente de trabalho, na escola, onde quer que estejamos, tudo est\u00e1 permeado pela IA. Seja como recurso de apoio ou como substituto das ferramentas de busca, n\u00e3o pode faltar uma consulta a um dos recursos para produzir um texto (<em>frisando que este texto que voc\u00ea est\u00e1 lendo foi feito por intelig\u00eancia humana<\/em>), para identificar o local de uma foto ou mesmo para ter certeza de um fato. Uma r\u00e1pida pesquisa no Google Gemini, por exemplo, nos traz a seguinte conclus\u00e3o para a quest\u00e3o \u201co sistema BRT \u00e9 bom para as cidades brasileiras?\u201d:<\/p>\n<p><em>\u201cO sistema BRT (em portugu\u00eas &#8211; Tr\u00e2nsito R\u00e1pido de \u00d4nibus) \u00e9 amplamente considerado uma solu\u00e7\u00e3o eficiente para a mobilidade urbana em grandes e m\u00e9dias cidades brasileiras, especialmente pela sua flexibilidade e custo de implementa\u00e7\u00e3o. No entanto, sua efic\u00e1cia depende diretamente da qualidade da infraestrutura e da manuten\u00e7\u00e3o\u201d.<\/em><\/p>\n<p>Ora, nem seria preciso uma IA para nos responder o \u00f3bvio. O BRT \u00e9 uma solu\u00e7\u00e3o eficiente para a mobilidade, pois ele re\u00fane atributos positivos do \u00f4nibus como a flexibilidade com aqueles proporcionados por sistemas de maior capacidade em termos de embarque r\u00e1pido e boa velocidade de deslocamento. Mas, \u00e9 claro, como a pr\u00f3pria resposta da IA tamb\u00e9m nos evidenciou, ele precisa de qualidade da infraestrutura, e isso significa ve\u00edculos diferenciados e estrutura vi\u00e1ria adequada, terminais e pontos de parada amplos, entre outros.<\/p>\n<p>\u00d4nibus de pequeno porte e motoriza\u00e7\u00e3o dianteira n\u00e3o poderiam ser considerados em um sistema de grande porte, troncal. Dividir espa\u00e7o com autom\u00f3veis nas ruas e parar em interse\u00e7\u00f5es em n\u00edvel a cada esquina, tamb\u00e9m, n\u00e3o fazem parte do pacote de efici\u00eancia. E, por fim, dotar os eixos de simples paradas com uma cobertura para os usu\u00e1rios aguardarem o transporte, complementa o panorama de horror que muitos gestores proporcionam, chamando sistemas de transporte anabolizados de BRT.<\/p>\n<p>E a cidade de Curitiba, um dos ber\u00e7os do modelo BRT de transporte coletivo, sempre fez a li\u00e7\u00e3o de casa, cumprindo todos os requisitos. E agora difunde, por meio do Governo Estadual, o modelo de efici\u00eancia para mais dois munic\u00edpios da regi\u00e3o metropolitana, com a amplia\u00e7\u00e3o do eixo BRT da Linha Verde &#8211; avenida que substituiu o antigo trecho urbano da BR116 na capital paranaense, e parte do in\u00edcio da BR476, sem passagem pela \u00e1rea central. As cidades de Colombo, ao norte, e Fazenda Rio Grande, ao sul, s\u00e3o as contempladas no projeto do BRT metropolitano, ou, como est\u00e1 sendo oficialmente chamado, Eixo Norte Sul Metropolitano.<\/p>\n<p><img loading=\"lazy\" decoding=\"async\" class=\"wp-image-18180 aligncenter\" src=\"https:\/\/revistaautobus.com.br\/wp-content\/uploads\/2026\/03\/DSC03836-300x225.jpg\" alt=\"\" width=\"650\" height=\"488\" srcset=\"https:\/\/revistaautobus.com.br\/wp-content\/uploads\/2026\/03\/DSC03836-300x225.jpg 300w, https:\/\/revistaautobus.com.br\/wp-content\/uploads\/2026\/03\/DSC03836-768x576.jpg 768w, https:\/\/revistaautobus.com.br\/wp-content\/uploads\/2026\/03\/DSC03836.jpg 1000w\" sizes=\"(max-width: 650px) 100vw, 650px\" \/><\/p>\n<p>Os extremos da Linha Verde j\u00e1 contemplam a integra\u00e7\u00e3o destes munic\u00edpios lim\u00edtrofes, inclusive com o uso de ve\u00edculos de alta capacidade e embarque em n\u00edvel. Mas, agora a receita ser\u00e1 complementada com a implanta\u00e7\u00e3o de canaleta exclusiva no meio das rodovias, sendo 5,9 km na liga\u00e7\u00e3o com Colombo e 17,5 km para Fazenda Rio Grande, com um total de R$ 6,1 milh\u00f5es de investimento e a constru\u00e7\u00e3o de um novo terminal de transporte no eixo Sul.<\/p>\n<p>A op\u00e7\u00e3o de prioridade resolve grandes desafios de mobilidade entre a capital e estas cidades que, especialmente em hor\u00e1rio de pico, concentram intenso fluxo, especialmente na entrada e sa\u00edda ao sul para Fazenda Rio Grande, cidade que teve o maior crescimento populacional em termos percentuais nos \u00faltimos dois anos de acordo com o Censo (alta de 8,49%, totalizando agora uma popula\u00e7\u00e3o de cerca de 160 mil habitantes).<\/p>\n<p>Ve\u00edculos articulados com embarque em n\u00edvel possibilitar\u00e3o a redu\u00e7\u00e3o do tempo de viagem, considerando os extremos, em torno de 45 minutos a 1 hora, com as esta\u00e7\u00f5es preparadas para atendimento com ve\u00edculos biarticulados tamb\u00e9m, se houver necessidade de amplia\u00e7\u00e3o da oferta.<\/p>\n<p>Apesar da constante cr\u00edtica de motoristas \u00e0 Linha Verde que vem sendo implementada h\u00e1 cerca de 20 anos e n\u00e3o previu a transposi\u00e7\u00e3o com trincheiras (como s\u00e3o chamados os t\u00faneis em Curitiba) e\/ou viadutos diversos, cruzamentos em n\u00edvel, o sistema de \u00f4nibus expresso municipal em atividade tem uma velocidade surpreendente, chegando a ligar os 41 quil\u00f4metros do extremo norte (Esta\u00e7\u00e3o Atuba) ao sul (Terminal Pinheirinho) em cerca de 40 minutos, com 14 esta\u00e7\u00f5es intermedi\u00e1rias. O eixo deve ganhar ainda mais efici\u00eancia com a conclus\u00e3o das obras da trincheira junto \u00e0 esta\u00e7\u00e3o Vila S\u00e3o Pedro (obras iniciadas) e a complementa\u00e7\u00e3o dos viadutos do sistema trin\u00e1rio do eixo Boqueir\u00e3o, eliminando sem\u00e1foros nestes cruzamentos.<\/p>\n<p>Imagens &#8211; Osvaldo Born<\/p>\n","protected":false},"excerpt":{"rendered":"<p>O sistema BRT (em portugu\u00eas &#8211; Tr\u00e2nsito R\u00e1pido de \u00d4nibus) \u00e9 amplamente considerado uma solu\u00e7\u00e3o eficiente para a mobilidade urbana em grandes e m\u00e9dias cidades brasileiras<\/p>\n","protected":false},"author":2,"featured_media":18179,"comment_status":"open","ping_status":"open","sticky":false,"template":"","format":"standard","meta":{"_et_pb_use_builder":"","_et_pb_old_content":"","_et_gb_content_width":"","_jetpack_memberships_contains_paid_content":false,"footnotes":""},"categories":[7,1060,90,41],"tags":[],"class_list":["post-18178","post","type-post","status-publish","format-standard","has-post-thumbnail","hentry","category-mobilidade-urbana","category-notas","category-noticias","category-ponto-de-vista","et-has-post-format-content","et_post_format-et-post-format-standard"],"yoast_head":"<!-- This site is optimized with the Yoast SEO plugin v27.2 - https:\/\/yoast.com\/product\/yoast-seo-wordpress\/ -->\n<title>N\u00e3o precisa de IA para saber - Revista AutoBus<\/title>\n<meta name=\"robots\" content=\"index, follow, max-snippet:-1, max-image-preview:large, max-video-preview:-1\" \/>\n<link rel=\"canonical\" href=\"https:\/\/revistaautobus.com.br\/?p=18178\" \/>\n<meta property=\"og:locale\" content=\"pt_BR\" \/>\n<meta property=\"og:type\" content=\"article\" \/>\n<meta property=\"og:title\" content=\"N\u00e3o precisa de IA para saber - Revista AutoBus\" \/>\n<meta property=\"og:description\" content=\"O sistema BRT (em portugu\u00eas - Tr\u00e2nsito R\u00e1pido de \u00d4nibus) \u00e9 amplamente considerado uma solu\u00e7\u00e3o eficiente para a mobilidade urbana em grandes e m\u00e9dias cidades brasileiras\" \/>\n<meta property=\"og:url\" content=\"https:\/\/revistaautobus.com.br\/?p=18178\" \/>\n<meta property=\"og:site_name\" content=\"Revista AutoBus\" \/>\n<meta property=\"article:publisher\" content=\"https:\/\/www.facebook.com\/antonio.ferro.3150\" \/>\n<meta property=\"article:published_time\" content=\"2026-03-13T12:06:04+00:00\" \/>\n<meta property=\"og:image\" content=\"https:\/\/revistaautobus.com.br\/wp-content\/uploads\/2026\/03\/DSC00030a.jpg\" \/>\n\t<meta property=\"og:image:width\" content=\"1000\" \/>\n\t<meta property=\"og:image:height\" content=\"750\" \/>\n\t<meta property=\"og:image:type\" content=\"image\/jpeg\" \/>\n<meta name=\"author\" content=\"Antonio Ferro\" \/>\n<meta name=\"twitter:card\" content=\"summary_large_image\" \/>\n<meta name=\"twitter:label1\" content=\"Escrito por\" \/>\n\t<meta name=\"twitter:data1\" content=\"Antonio Ferro\" \/>\n\t<meta name=\"twitter:label2\" content=\"Est. tempo de leitura\" \/>\n\t<meta name=\"twitter:data2\" content=\"5 minutos\" \/>\n<script type=\"application\/ld+json\" class=\"yoast-schema-graph\">{\"@context\":\"https:\/\/schema.org\",\"@graph\":[{\"@type\":\"Article\",\"@id\":\"https:\/\/revistaautobus.com.br\/?p=18178#article\",\"isPartOf\":{\"@id\":\"https:\/\/revistaautobus.com.br\/?p=18178\"},\"author\":{\"name\":\"Antonio Ferro\",\"@id\":\"https:\/\/revistaautobus.com.br\/#\/schema\/person\/54af7c3eb83a310e42ef686ef6d16f50\"},\"headline\":\"N\u00e3o precisa de IA para saber\",\"datePublished\":\"2026-03-13T12:06:04+00:00\",\"mainEntityOfPage\":{\"@id\":\"https:\/\/revistaautobus.com.br\/?p=18178\"},\"wordCount\":817,\"commentCount\":1,\"publisher\":{\"@id\":\"https:\/\/revistaautobus.com.br\/#organization\"},\"image\":{\"@id\":\"https:\/\/revistaautobus.com.br\/?p=18178#primaryimage\"},\"thumbnailUrl\":\"https:\/\/revistaautobus.com.br\/wp-content\/uploads\/2026\/03\/DSC00030a.jpg\",\"articleSection\":[\"Mobilidade Urbana\",\"Notas\",\"Not\u00edcias\",\"Ponto de Vista\"],\"inLanguage\":\"pt-BR\",\"potentialAction\":[{\"@type\":\"CommentAction\",\"name\":\"Comment\",\"target\":[\"https:\/\/revistaautobus.com.br\/?p=18178#respond\"]}]},{\"@type\":\"WebPage\",\"@id\":\"https:\/\/revistaautobus.com.br\/?p=18178\",\"url\":\"https:\/\/revistaautobus.com.br\/?p=18178\",\"name\":\"N\u00e3o precisa de IA para saber - Revista AutoBus\",\"isPartOf\":{\"@id\":\"https:\/\/revistaautobus.com.br\/#website\"},\"primaryImageOfPage\":{\"@id\":\"https:\/\/revistaautobus.com.br\/?p=18178#primaryimage\"},\"image\":{\"@id\":\"https:\/\/revistaautobus.com.br\/?p=18178#primaryimage\"},\"thumbnailUrl\":\"https:\/\/revistaautobus.com.br\/wp-content\/uploads\/2026\/03\/DSC00030a.jpg\",\"datePublished\":\"2026-03-13T12:06:04+00:00\",\"breadcrumb\":{\"@id\":\"https:\/\/revistaautobus.com.br\/?p=18178#breadcrumb\"},\"inLanguage\":\"pt-BR\",\"potentialAction\":[{\"@type\":\"ReadAction\",\"target\":[\"https:\/\/revistaautobus.com.br\/?p=18178\"]}]},{\"@type\":\"ImageObject\",\"inLanguage\":\"pt-BR\",\"@id\":\"https:\/\/revistaautobus.com.br\/?p=18178#primaryimage\",\"url\":\"https:\/\/revistaautobus.com.br\/wp-content\/uploads\/2026\/03\/DSC00030a.jpg\",\"contentUrl\":\"https:\/\/revistaautobus.com.br\/wp-content\/uploads\/2026\/03\/DSC00030a.jpg\",\"width\":1000,\"height\":750},{\"@type\":\"BreadcrumbList\",\"@id\":\"https:\/\/revistaautobus.com.br\/?p=18178#breadcrumb\",\"itemListElement\":[{\"@type\":\"ListItem\",\"position\":1,\"name\":\"In\u00edcio\",\"item\":\"https:\/\/revistaautobus.com.br\/\"},{\"@type\":\"ListItem\",\"position\":2,\"name\":\"N\u00e3o precisa de IA para saber\"}]},{\"@type\":\"WebSite\",\"@id\":\"https:\/\/revistaautobus.com.br\/#website\",\"url\":\"https:\/\/revistaautobus.com.br\/\",\"name\":\"Revista AutoBus\",\"description\":\"\",\"publisher\":{\"@id\":\"https:\/\/revistaautobus.com.br\/#organization\"},\"potentialAction\":[{\"@type\":\"SearchAction\",\"target\":{\"@type\":\"EntryPoint\",\"urlTemplate\":\"https:\/\/revistaautobus.com.br\/?s={search_term_string}\"},\"query-input\":{\"@type\":\"PropertyValueSpecification\",\"valueRequired\":true,\"valueName\":\"search_term_string\"}}],\"inLanguage\":\"pt-BR\"},{\"@type\":\"Organization\",\"@id\":\"https:\/\/revistaautobus.com.br\/#organization\",\"name\":\"Revista AutoBus\",\"url\":\"https:\/\/revistaautobus.com.br\/\",\"logo\":{\"@type\":\"ImageObject\",\"inLanguage\":\"pt-BR\",\"@id\":\"https:\/\/revistaautobus.com.br\/#\/schema\/logo\/image\/\",\"url\":\"https:\/\/revistaautobus.com.br\/wp-content\/uploads\/2024\/11\/logo_revista_autobus_fb.png\",\"contentUrl\":\"https:\/\/revistaautobus.com.br\/wp-content\/uploads\/2024\/11\/logo_revista_autobus_fb.png\",\"width\":836,\"height\":227,\"caption\":\"Revista AutoBus\"},\"image\":{\"@id\":\"https:\/\/revistaautobus.com.br\/#\/schema\/logo\/image\/\"},\"sameAs\":[\"https:\/\/www.facebook.com\/antonio.ferro.3150\",\"https:\/\/www.instagram.com\/revistaautobus\/\"]},{\"@type\":\"Person\",\"@id\":\"https:\/\/revistaautobus.com.br\/#\/schema\/person\/54af7c3eb83a310e42ef686ef6d16f50\",\"name\":\"Antonio Ferro\",\"image\":{\"@type\":\"ImageObject\",\"inLanguage\":\"pt-BR\",\"@id\":\"https:\/\/revistaautobus.com.br\/wp-content\/uploads\/2025\/12\/editor_antonio_ferro-150x150.jpg\",\"url\":\"https:\/\/revistaautobus.com.br\/wp-content\/uploads\/2025\/12\/editor_antonio_ferro-150x150.jpg\",\"contentUrl\":\"https:\/\/revistaautobus.com.br\/wp-content\/uploads\/2025\/12\/editor_antonio_ferro-150x150.jpg\",\"caption\":\"Antonio Ferro\"},\"description\":\"infobus@uol.com.br\",\"url\":\"https:\/\/revistaautobus.com.br\/?author=2\"}]}<\/script>\n<!-- \/ Yoast SEO plugin. -->","yoast_head_json":{"title":"N\u00e3o precisa de IA para saber - Revista AutoBus","robots":{"index":"index","follow":"follow","max-snippet":"max-snippet:-1","max-image-preview":"max-image-preview:large","max-video-preview":"max-video-preview:-1"},"canonical":"https:\/\/revistaautobus.com.br\/?p=18178","og_locale":"pt_BR","og_type":"article","og_title":"N\u00e3o precisa de IA para saber - Revista AutoBus","og_description":"O sistema BRT (em portugu\u00eas - Tr\u00e2nsito R\u00e1pido de \u00d4nibus) \u00e9 amplamente considerado uma solu\u00e7\u00e3o eficiente para a mobilidade urbana em grandes e m\u00e9dias cidades brasileiras","og_url":"https:\/\/revistaautobus.com.br\/?p=18178","og_site_name":"Revista AutoBus","article_publisher":"https:\/\/www.facebook.com\/antonio.ferro.3150","article_published_time":"2026-03-13T12:06:04+00:00","og_image":[{"width":1000,"height":750,"url":"https:\/\/revistaautobus.com.br\/wp-content\/uploads\/2026\/03\/DSC00030a.jpg","type":"image\/jpeg"}],"author":"Antonio Ferro","twitter_card":"summary_large_image","twitter_misc":{"Escrito por":"Antonio Ferro","Est. tempo de leitura":"5 minutos"},"schema":{"@context":"https:\/\/schema.org","@graph":[{"@type":"Article","@id":"https:\/\/revistaautobus.com.br\/?p=18178#article","isPartOf":{"@id":"https:\/\/revistaautobus.com.br\/?p=18178"},"author":{"name":"Antonio Ferro","@id":"https:\/\/revistaautobus.com.br\/#\/schema\/person\/54af7c3eb83a310e42ef686ef6d16f50"},"headline":"N\u00e3o precisa de IA para saber","datePublished":"2026-03-13T12:06:04+00:00","mainEntityOfPage":{"@id":"https:\/\/revistaautobus.com.br\/?p=18178"},"wordCount":817,"commentCount":1,"publisher":{"@id":"https:\/\/revistaautobus.com.br\/#organization"},"image":{"@id":"https:\/\/revistaautobus.com.br\/?p=18178#primaryimage"},"thumbnailUrl":"https:\/\/revistaautobus.com.br\/wp-content\/uploads\/2026\/03\/DSC00030a.jpg","articleSection":["Mobilidade Urbana","Notas","Not\u00edcias","Ponto de Vista"],"inLanguage":"pt-BR","potentialAction":[{"@type":"CommentAction","name":"Comment","target":["https:\/\/revistaautobus.com.br\/?p=18178#respond"]}]},{"@type":"WebPage","@id":"https:\/\/revistaautobus.com.br\/?p=18178","url":"https:\/\/revistaautobus.com.br\/?p=18178","name":"N\u00e3o precisa de IA para saber - Revista AutoBus","isPartOf":{"@id":"https:\/\/revistaautobus.com.br\/#website"},"primaryImageOfPage":{"@id":"https:\/\/revistaautobus.com.br\/?p=18178#primaryimage"},"image":{"@id":"https:\/\/revistaautobus.com.br\/?p=18178#primaryimage"},"thumbnailUrl":"https:\/\/revistaautobus.com.br\/wp-content\/uploads\/2026\/03\/DSC00030a.jpg","datePublished":"2026-03-13T12:06:04+00:00","breadcrumb":{"@id":"https:\/\/revistaautobus.com.br\/?p=18178#breadcrumb"},"inLanguage":"pt-BR","potentialAction":[{"@type":"ReadAction","target":["https:\/\/revistaautobus.com.br\/?p=18178"]}]},{"@type":"ImageObject","inLanguage":"pt-BR","@id":"https:\/\/revistaautobus.com.br\/?p=18178#primaryimage","url":"https:\/\/revistaautobus.com.br\/wp-content\/uploads\/2026\/03\/DSC00030a.jpg","contentUrl":"https:\/\/revistaautobus.com.br\/wp-content\/uploads\/2026\/03\/DSC00030a.jpg","width":1000,"height":750},{"@type":"BreadcrumbList","@id":"https:\/\/revistaautobus.com.br\/?p=18178#breadcrumb","itemListElement":[{"@type":"ListItem","position":1,"name":"In\u00edcio","item":"https:\/\/revistaautobus.com.br\/"},{"@type":"ListItem","position":2,"name":"N\u00e3o precisa de IA para saber"}]},{"@type":"WebSite","@id":"https:\/\/revistaautobus.com.br\/#website","url":"https:\/\/revistaautobus.com.br\/","name":"Revista AutoBus","description":"","publisher":{"@id":"https:\/\/revistaautobus.com.br\/#organization"},"potentialAction":[{"@type":"SearchAction","target":{"@type":"EntryPoint","urlTemplate":"https:\/\/revistaautobus.com.br\/?s={search_term_string}"},"query-input":{"@type":"PropertyValueSpecification","valueRequired":true,"valueName":"search_term_string"}}],"inLanguage":"pt-BR"},{"@type":"Organization","@id":"https:\/\/revistaautobus.com.br\/#organization","name":"Revista AutoBus","url":"https:\/\/revistaautobus.com.br\/","logo":{"@type":"ImageObject","inLanguage":"pt-BR","@id":"https:\/\/revistaautobus.com.br\/#\/schema\/logo\/image\/","url":"https:\/\/revistaautobus.com.br\/wp-content\/uploads\/2024\/11\/logo_revista_autobus_fb.png","contentUrl":"https:\/\/revistaautobus.com.br\/wp-content\/uploads\/2024\/11\/logo_revista_autobus_fb.png","width":836,"height":227,"caption":"Revista AutoBus"},"image":{"@id":"https:\/\/revistaautobus.com.br\/#\/schema\/logo\/image\/"},"sameAs":["https:\/\/www.facebook.com\/antonio.ferro.3150","https:\/\/www.instagram.com\/revistaautobus\/"]},{"@type":"Person","@id":"https:\/\/revistaautobus.com.br\/#\/schema\/person\/54af7c3eb83a310e42ef686ef6d16f50","name":"Antonio Ferro","image":{"@type":"ImageObject","inLanguage":"pt-BR","@id":"https:\/\/revistaautobus.com.br\/wp-content\/uploads\/2025\/12\/editor_antonio_ferro-150x150.jpg","url":"https:\/\/revistaautobus.com.br\/wp-content\/uploads\/2025\/12\/editor_antonio_ferro-150x150.jpg","contentUrl":"https:\/\/revistaautobus.com.br\/wp-content\/uploads\/2025\/12\/editor_antonio_ferro-150x150.jpg","caption":"Antonio Ferro"},"description":"infobus@uol.com.br","url":"https:\/\/revistaautobus.com.br\/?author=2"}]}},"jetpack_featured_media_url":"https:\/\/revistaautobus.com.br\/wp-content\/uploads\/2026\/03\/DSC00030a.jpg","jetpack_sharing_enabled":true,"_links":{"self":[{"href":"https:\/\/revistaautobus.com.br\/index.php?rest_route=\/wp\/v2\/posts\/18178","targetHints":{"allow":["GET"]}}],"collection":[{"href":"https:\/\/revistaautobus.com.br\/index.php?rest_route=\/wp\/v2\/posts"}],"about":[{"href":"https:\/\/revistaautobus.com.br\/index.php?rest_route=\/wp\/v2\/types\/post"}],"author":[{"embeddable":true,"href":"https:\/\/revistaautobus.com.br\/index.php?rest_route=\/wp\/v2\/users\/2"}],"replies":[{"embeddable":true,"href":"https:\/\/revistaautobus.com.br\/index.php?rest_route=%2Fwp%2Fv2%2Fcomments&post=18178"}],"version-history":[{"count":2,"href":"https:\/\/revistaautobus.com.br\/index.php?rest_route=\/wp\/v2\/posts\/18178\/revisions"}],"predecessor-version":[{"id":18182,"href":"https:\/\/revistaautobus.com.br\/index.php?rest_route=\/wp\/v2\/posts\/18178\/revisions\/18182"}],"wp:featuredmedia":[{"embeddable":true,"href":"https:\/\/revistaautobus.com.br\/index.php?rest_route=\/wp\/v2\/media\/18179"}],"wp:attachment":[{"href":"https:\/\/revistaautobus.com.br\/index.php?rest_route=%2Fwp%2Fv2%2Fmedia&parent=18178"}],"wp:term":[{"taxonomy":"category","embeddable":true,"href":"https:\/\/revistaautobus.com.br\/index.php?rest_route=%2Fwp%2Fv2%2Fcategories&post=18178"},{"taxonomy":"post_tag","embeddable":true,"href":"https:\/\/revistaautobus.com.br\/index.php?rest_route=%2Fwp%2Fv2%2Ftags&post=18178"}],"curies":[{"name":"wp","href":"https:\/\/api.w.org\/{rel}","templated":true}]}}