{"id":18188,"date":"2026-03-13T09:12:36","date_gmt":"2026-03-13T12:12:36","guid":{"rendered":"https:\/\/revistaautobus.com.br\/?p=18188"},"modified":"2026-03-13T09:12:36","modified_gmt":"2026-03-13T12:12:36","slug":"fabricante-de-motores-destaca-a-importancia-da-engenharia-local","status":"publish","type":"post","link":"https:\/\/revistaautobus.com.br\/?p=18188","title":{"rendered":"Fabricante de motores destaca a import\u00e2ncia da engenharia local"},"content":{"rendered":"<p>Com vistas \u00e0 sua estrat\u00e9gia de sustentabilidade com aplica\u00e7\u00e3o de tecnologias limpas no campo da propuls\u00e3o, a fabricante de motores Cummins iniciou os testes, em condi\u00e7\u00f5es reais de opera\u00e7\u00e3o, com os motores m\u00e9dios (at\u00e9 7 litros) para aplica\u00e7\u00f5es urbanas movidas a g\u00e1s natural ou biometano, desde que este combust\u00edvel esteja em conformidade com as especifica\u00e7\u00f5es de qualidade estabelecidas pelas normas brasileiras vigentes.<\/p>\n<p>A proposta \u00e9 viabilizar a aplica\u00e7\u00e3o do modelo B6.7N no ciclo urbano, como por exemplo, o transporte coletivo, que \u00e9 caracterizado por paradas frequentes, longos per\u00edodos em marcha lenta e elevada carga t\u00e9rmica. Tal motor foi desenvolvido levando em considera\u00e7\u00e3o a sinergia entre um conjunto robusto e eficiente que integra motor e sistema de p\u00f3s-tratamento de gases.<\/p>\n<p>De acordo com a Cummins, o desenvolvimento e integra\u00e7\u00e3o do produto envolveram etapas estruturadas de valida\u00e7\u00e3o para assegurar conformidade regulat\u00f3ria e atender aos requisitos de clientes, usu\u00e1rios finais e da aplica\u00e7\u00e3o. Assim, seu time de engenharia global viabilizou uma instala\u00e7\u00e3o mec\u00e2nica otimizada, mais enxuta, de f\u00e1cil manuten\u00e7\u00e3o em campo e preparada para suportar as condi\u00e7\u00f5es mais severas de uso. Antonio Almeida, diretor de Vendas da Cummins Brasil, disse que o projeto refor\u00e7a o protagonismo da companhia dentro da estrutura global. \u201cO B6.7N \u00e9 o resultado da combina\u00e7\u00e3o entre uma plataforma madura e a capacidade de adapta\u00e7\u00e3o da nossa engenharia local. Estamos validando em opera\u00e7\u00e3o real uma solu\u00e7\u00e3o que alia efici\u00eancia energ\u00e9tica, redu\u00e7\u00e3o de emiss\u00f5es e viabilidade para as condi\u00e7\u00f5es urbanas brasileiras\u201d, observou.<\/p>\n<p>O referido propulsor tem pot\u00eancia de 205 kW a 2.300 rpm e torque de 1.100 Nm a 1.300 rpm, com freio motor de 160 kW a 2.800 rpm e sistema de p\u00f3s-tratamento com catalisador de tr\u00eas vias (<em>Three Way Catalyst<\/em> \u2013 TWC), fornecido pela Cummins Emission Solutions. A fabricante informa que, por se tratar de um motor a g\u00e1s com combust\u00e3o por centelha, o sistema de tratamento de gases \u00e9 mais compacto e menos complexo que o de um motor diesel, dispensando bomba, tanque e injetor de Arla. \u201cEssa arquitetura mais simples reduz o peso total, otimiza a manuten\u00e7\u00e3o e assegura o atendimento aos padr\u00f5es de emiss\u00f5es Euro VI\/Proconve P8, com impactos positivos em custos operacionais. A integra\u00e7\u00e3o eletr\u00f4nica tamb\u00e9m teve papel relevante no desenvolvimento da solu\u00e7\u00e3o para a aplica\u00e7\u00e3o nacional. Sob lideran\u00e7a da engenharia local, foram realizadas calibra\u00e7\u00f5es de desempenho e parametriza\u00e7\u00f5es de <em>software<\/em> para garantir a opera\u00e7\u00e3o integrada entre motor e sistema de p\u00f3s-tratamento, em plena sinergia com o ve\u00edculo. A solu\u00e7\u00e3o est\u00e1 em conformidade com a legisla\u00e7\u00e3o Euro VI \/ Proconve P8 e garante elevados n\u00edveis de desempenho e dirigibilidade\u201d, explicou Almeida.<\/p>\n<p>Sem informar onde realiza seu ciclo de testes, a Cummins afirmou que o projeto conta com um plano estruturado de valida\u00e7\u00e3o em campo, conduzido com parceiros locais e apoiado por um sistema dedicado de telemetria, coletando e analisando dados de desempenho e comportamento do conjunto, orientando ajustes cont\u00ednuos para assegurar um lan\u00e7amento com elevado n\u00edvel de maturidade para o mercado nacional. \u201cA valida\u00e7\u00e3o em opera\u00e7\u00e3o real consolida a capacidade da engenharia brasileira de desenvolver e aplicar solu\u00e7\u00f5es alinhadas \u00e0s necessidades do nosso mercado. Estamos avan\u00e7ando de forma consistente com o B6.7N para ampliar o uso de tecnologias a g\u00e1s natural e biometano na matriz de transporte urbana do Pa\u00eds\u201d, disse o diretor.<\/p>\n<p>Imagem &#8211; Divulga\u00e7\u00e3o<\/p>\n","protected":false},"excerpt":{"rendered":"<p>A descarboniza\u00e7\u00e3o do transporte \u00e9 um assunto fundamental para a marca Cummins<\/p>\n","protected":false},"author":2,"featured_media":18189,"comment_status":"open","ping_status":"open","sticky":false,"template":"","format":"standard","meta":{"_et_pb_use_builder":"","_et_pb_old_content":"","_et_gb_content_width":"","_jetpack_memberships_contains_paid_content":false,"footnotes":""},"categories":[485,8,1060,90,73],"tags":[140],"class_list":["post-18188","post","type-post","status-publish","format-standard","has-post-thumbnail","hentry","category-biometano","category-gas-natural","category-notas","category-noticias","category-tecnologia","tag-cummins","et-has-post-format-content","et_post_format-et-post-format-standard"],"yoast_head":"<!-- This site is optimized with the Yoast SEO plugin v27.2 - https:\/\/yoast.com\/product\/yoast-seo-wordpress\/ -->\n<title>Fabricante de motores destaca a import\u00e2ncia da engenharia local - Revista AutoBus<\/title>\n<meta name=\"robots\" content=\"index, follow, max-snippet:-1, max-image-preview:large, max-video-preview:-1\" \/>\n<link rel=\"canonical\" href=\"https:\/\/revistaautobus.com.br\/?p=18188\" \/>\n<meta property=\"og:locale\" content=\"pt_BR\" \/>\n<meta property=\"og:type\" content=\"article\" \/>\n<meta property=\"og:title\" content=\"Fabricante de motores destaca a import\u00e2ncia da engenharia local - Revista AutoBus\" \/>\n<meta property=\"og:description\" content=\"A descarboniza\u00e7\u00e3o do transporte \u00e9 um assunto fundamental para a marca Cummins\" \/>\n<meta property=\"og:url\" content=\"https:\/\/revistaautobus.com.br\/?p=18188\" \/>\n<meta property=\"og:site_name\" content=\"Revista AutoBus\" \/>\n<meta property=\"article:publisher\" content=\"https:\/\/www.facebook.com\/antonio.ferro.3150\" \/>\n<meta property=\"article:published_time\" content=\"2026-03-13T12:12:36+00:00\" \/>\n<meta property=\"og:image\" content=\"https:\/\/revistaautobus.com.br\/wp-content\/uploads\/2026\/03\/B6_7N_GasNatural.jpg\" \/>\n\t<meta property=\"og:image:width\" content=\"845\" \/>\n\t<meta property=\"og:image:height\" content=\"1000\" \/>\n\t<meta property=\"og:image:type\" content=\"image\/jpeg\" \/>\n<meta name=\"author\" content=\"Antonio Ferro\" \/>\n<meta name=\"twitter:card\" content=\"summary_large_image\" \/>\n<meta name=\"twitter:label1\" content=\"Escrito por\" \/>\n\t<meta name=\"twitter:data1\" content=\"Antonio Ferro\" \/>\n\t<meta name=\"twitter:label2\" content=\"Est. tempo de leitura\" \/>\n\t<meta name=\"twitter:data2\" content=\"4 minutos\" \/>\n<script type=\"application\/ld+json\" class=\"yoast-schema-graph\">{\"@context\":\"https:\/\/schema.org\",\"@graph\":[{\"@type\":\"Article\",\"@id\":\"https:\/\/revistaautobus.com.br\/?p=18188#article\",\"isPartOf\":{\"@id\":\"https:\/\/revistaautobus.com.br\/?p=18188\"},\"author\":{\"name\":\"Antonio Ferro\",\"@id\":\"https:\/\/revistaautobus.com.br\/#\/schema\/person\/54af7c3eb83a310e42ef686ef6d16f50\"},\"headline\":\"Fabricante de motores destaca a import\u00e2ncia da engenharia local\",\"datePublished\":\"2026-03-13T12:12:36+00:00\",\"mainEntityOfPage\":{\"@id\":\"https:\/\/revistaautobus.com.br\/?p=18188\"},\"wordCount\":609,\"commentCount\":0,\"publisher\":{\"@id\":\"https:\/\/revistaautobus.com.br\/#organization\"},\"image\":{\"@id\":\"https:\/\/revistaautobus.com.br\/?p=18188#primaryimage\"},\"thumbnailUrl\":\"https:\/\/revistaautobus.com.br\/wp-content\/uploads\/2026\/03\/B6_7N_GasNatural.jpg\",\"keywords\":[\"Cummins\"],\"articleSection\":[\"Biometano\",\"G\u00e1s Natural\",\"Notas\",\"Not\u00edcias\",\"Tecnologia\"],\"inLanguage\":\"pt-BR\",\"potentialAction\":[{\"@type\":\"CommentAction\",\"name\":\"Comment\",\"target\":[\"https:\/\/revistaautobus.com.br\/?p=18188#respond\"]}]},{\"@type\":\"WebPage\",\"@id\":\"https:\/\/revistaautobus.com.br\/?p=18188\",\"url\":\"https:\/\/revistaautobus.com.br\/?p=18188\",\"name\":\"Fabricante de motores destaca a import\u00e2ncia da engenharia local - Revista AutoBus\",\"isPartOf\":{\"@id\":\"https:\/\/revistaautobus.com.br\/#website\"},\"primaryImageOfPage\":{\"@id\":\"https:\/\/revistaautobus.com.br\/?p=18188#primaryimage\"},\"image\":{\"@id\":\"https:\/\/revistaautobus.com.br\/?p=18188#primaryimage\"},\"thumbnailUrl\":\"https:\/\/revistaautobus.com.br\/wp-content\/uploads\/2026\/03\/B6_7N_GasNatural.jpg\",\"datePublished\":\"2026-03-13T12:12:36+00:00\",\"breadcrumb\":{\"@id\":\"https:\/\/revistaautobus.com.br\/?p=18188#breadcrumb\"},\"inLanguage\":\"pt-BR\",\"potentialAction\":[{\"@type\":\"ReadAction\",\"target\":[\"https:\/\/revistaautobus.com.br\/?p=18188\"]}]},{\"@type\":\"ImageObject\",\"inLanguage\":\"pt-BR\",\"@id\":\"https:\/\/revistaautobus.com.br\/?p=18188#primaryimage\",\"url\":\"https:\/\/revistaautobus.com.br\/wp-content\/uploads\/2026\/03\/B6_7N_GasNatural.jpg\",\"contentUrl\":\"https:\/\/revistaautobus.com.br\/wp-content\/uploads\/2026\/03\/B6_7N_GasNatural.jpg\",\"width\":845,\"height\":1000},{\"@type\":\"BreadcrumbList\",\"@id\":\"https:\/\/revistaautobus.com.br\/?p=18188#breadcrumb\",\"itemListElement\":[{\"@type\":\"ListItem\",\"position\":1,\"name\":\"In\u00edcio\",\"item\":\"https:\/\/revistaautobus.com.br\/\"},{\"@type\":\"ListItem\",\"position\":2,\"name\":\"Fabricante de motores destaca a import\u00e2ncia da engenharia local\"}]},{\"@type\":\"WebSite\",\"@id\":\"https:\/\/revistaautobus.com.br\/#website\",\"url\":\"https:\/\/revistaautobus.com.br\/\",\"name\":\"Revista AutoBus\",\"description\":\"\",\"publisher\":{\"@id\":\"https:\/\/revistaautobus.com.br\/#organization\"},\"potentialAction\":[{\"@type\":\"SearchAction\",\"target\":{\"@type\":\"EntryPoint\",\"urlTemplate\":\"https:\/\/revistaautobus.com.br\/?s={search_term_string}\"},\"query-input\":{\"@type\":\"PropertyValueSpecification\",\"valueRequired\":true,\"valueName\":\"search_term_string\"}}],\"inLanguage\":\"pt-BR\"},{\"@type\":\"Organization\",\"@id\":\"https:\/\/revistaautobus.com.br\/#organization\",\"name\":\"Revista AutoBus\",\"url\":\"https:\/\/revistaautobus.com.br\/\",\"logo\":{\"@type\":\"ImageObject\",\"inLanguage\":\"pt-BR\",\"@id\":\"https:\/\/revistaautobus.com.br\/#\/schema\/logo\/image\/\",\"url\":\"https:\/\/revistaautobus.com.br\/wp-content\/uploads\/2024\/11\/logo_revista_autobus_fb.png\",\"contentUrl\":\"https:\/\/revistaautobus.com.br\/wp-content\/uploads\/2024\/11\/logo_revista_autobus_fb.png\",\"width\":836,\"height\":227,\"caption\":\"Revista AutoBus\"},\"image\":{\"@id\":\"https:\/\/revistaautobus.com.br\/#\/schema\/logo\/image\/\"},\"sameAs\":[\"https:\/\/www.facebook.com\/antonio.ferro.3150\",\"https:\/\/www.instagram.com\/revistaautobus\/\"]},{\"@type\":\"Person\",\"@id\":\"https:\/\/revistaautobus.com.br\/#\/schema\/person\/54af7c3eb83a310e42ef686ef6d16f50\",\"name\":\"Antonio Ferro\",\"image\":{\"@type\":\"ImageObject\",\"inLanguage\":\"pt-BR\",\"@id\":\"https:\/\/revistaautobus.com.br\/wp-content\/uploads\/2025\/12\/editor_antonio_ferro-150x150.jpg\",\"url\":\"https:\/\/revistaautobus.com.br\/wp-content\/uploads\/2025\/12\/editor_antonio_ferro-150x150.jpg\",\"contentUrl\":\"https:\/\/revistaautobus.com.br\/wp-content\/uploads\/2025\/12\/editor_antonio_ferro-150x150.jpg\",\"caption\":\"Antonio Ferro\"},\"description\":\"infobus@uol.com.br\",\"url\":\"https:\/\/revistaautobus.com.br\/?author=2\"}]}<\/script>\n<!-- \/ Yoast SEO plugin. -->","yoast_head_json":{"title":"Fabricante de motores destaca a import\u00e2ncia da engenharia local - Revista AutoBus","robots":{"index":"index","follow":"follow","max-snippet":"max-snippet:-1","max-image-preview":"max-image-preview:large","max-video-preview":"max-video-preview:-1"},"canonical":"https:\/\/revistaautobus.com.br\/?p=18188","og_locale":"pt_BR","og_type":"article","og_title":"Fabricante de motores destaca a import\u00e2ncia da engenharia local - Revista AutoBus","og_description":"A descarboniza\u00e7\u00e3o do transporte \u00e9 um assunto fundamental para a marca Cummins","og_url":"https:\/\/revistaautobus.com.br\/?p=18188","og_site_name":"Revista AutoBus","article_publisher":"https:\/\/www.facebook.com\/antonio.ferro.3150","article_published_time":"2026-03-13T12:12:36+00:00","og_image":[{"width":845,"height":1000,"url":"https:\/\/revistaautobus.com.br\/wp-content\/uploads\/2026\/03\/B6_7N_GasNatural.jpg","type":"image\/jpeg"}],"author":"Antonio Ferro","twitter_card":"summary_large_image","twitter_misc":{"Escrito por":"Antonio Ferro","Est. tempo de leitura":"4 minutos"},"schema":{"@context":"https:\/\/schema.org","@graph":[{"@type":"Article","@id":"https:\/\/revistaautobus.com.br\/?p=18188#article","isPartOf":{"@id":"https:\/\/revistaautobus.com.br\/?p=18188"},"author":{"name":"Antonio Ferro","@id":"https:\/\/revistaautobus.com.br\/#\/schema\/person\/54af7c3eb83a310e42ef686ef6d16f50"},"headline":"Fabricante de motores destaca a import\u00e2ncia da engenharia local","datePublished":"2026-03-13T12:12:36+00:00","mainEntityOfPage":{"@id":"https:\/\/revistaautobus.com.br\/?p=18188"},"wordCount":609,"commentCount":0,"publisher":{"@id":"https:\/\/revistaautobus.com.br\/#organization"},"image":{"@id":"https:\/\/revistaautobus.com.br\/?p=18188#primaryimage"},"thumbnailUrl":"https:\/\/revistaautobus.com.br\/wp-content\/uploads\/2026\/03\/B6_7N_GasNatural.jpg","keywords":["Cummins"],"articleSection":["Biometano","G\u00e1s Natural","Notas","Not\u00edcias","Tecnologia"],"inLanguage":"pt-BR","potentialAction":[{"@type":"CommentAction","name":"Comment","target":["https:\/\/revistaautobus.com.br\/?p=18188#respond"]}]},{"@type":"WebPage","@id":"https:\/\/revistaautobus.com.br\/?p=18188","url":"https:\/\/revistaautobus.com.br\/?p=18188","name":"Fabricante de motores destaca a import\u00e2ncia da engenharia local - Revista AutoBus","isPartOf":{"@id":"https:\/\/revistaautobus.com.br\/#website"},"primaryImageOfPage":{"@id":"https:\/\/revistaautobus.com.br\/?p=18188#primaryimage"},"image":{"@id":"https:\/\/revistaautobus.com.br\/?p=18188#primaryimage"},"thumbnailUrl":"https:\/\/revistaautobus.com.br\/wp-content\/uploads\/2026\/03\/B6_7N_GasNatural.jpg","datePublished":"2026-03-13T12:12:36+00:00","breadcrumb":{"@id":"https:\/\/revistaautobus.com.br\/?p=18188#breadcrumb"},"inLanguage":"pt-BR","potentialAction":[{"@type":"ReadAction","target":["https:\/\/revistaautobus.com.br\/?p=18188"]}]},{"@type":"ImageObject","inLanguage":"pt-BR","@id":"https:\/\/revistaautobus.com.br\/?p=18188#primaryimage","url":"https:\/\/revistaautobus.com.br\/wp-content\/uploads\/2026\/03\/B6_7N_GasNatural.jpg","contentUrl":"https:\/\/revistaautobus.com.br\/wp-content\/uploads\/2026\/03\/B6_7N_GasNatural.jpg","width":845,"height":1000},{"@type":"BreadcrumbList","@id":"https:\/\/revistaautobus.com.br\/?p=18188#breadcrumb","itemListElement":[{"@type":"ListItem","position":1,"name":"In\u00edcio","item":"https:\/\/revistaautobus.com.br\/"},{"@type":"ListItem","position":2,"name":"Fabricante de motores destaca a import\u00e2ncia da engenharia local"}]},{"@type":"WebSite","@id":"https:\/\/revistaautobus.com.br\/#website","url":"https:\/\/revistaautobus.com.br\/","name":"Revista AutoBus","description":"","publisher":{"@id":"https:\/\/revistaautobus.com.br\/#organization"},"potentialAction":[{"@type":"SearchAction","target":{"@type":"EntryPoint","urlTemplate":"https:\/\/revistaautobus.com.br\/?s={search_term_string}"},"query-input":{"@type":"PropertyValueSpecification","valueRequired":true,"valueName":"search_term_string"}}],"inLanguage":"pt-BR"},{"@type":"Organization","@id":"https:\/\/revistaautobus.com.br\/#organization","name":"Revista AutoBus","url":"https:\/\/revistaautobus.com.br\/","logo":{"@type":"ImageObject","inLanguage":"pt-BR","@id":"https:\/\/revistaautobus.com.br\/#\/schema\/logo\/image\/","url":"https:\/\/revistaautobus.com.br\/wp-content\/uploads\/2024\/11\/logo_revista_autobus_fb.png","contentUrl":"https:\/\/revistaautobus.com.br\/wp-content\/uploads\/2024\/11\/logo_revista_autobus_fb.png","width":836,"height":227,"caption":"Revista AutoBus"},"image":{"@id":"https:\/\/revistaautobus.com.br\/#\/schema\/logo\/image\/"},"sameAs":["https:\/\/www.facebook.com\/antonio.ferro.3150","https:\/\/www.instagram.com\/revistaautobus\/"]},{"@type":"Person","@id":"https:\/\/revistaautobus.com.br\/#\/schema\/person\/54af7c3eb83a310e42ef686ef6d16f50","name":"Antonio Ferro","image":{"@type":"ImageObject","inLanguage":"pt-BR","@id":"https:\/\/revistaautobus.com.br\/wp-content\/uploads\/2025\/12\/editor_antonio_ferro-150x150.jpg","url":"https:\/\/revistaautobus.com.br\/wp-content\/uploads\/2025\/12\/editor_antonio_ferro-150x150.jpg","contentUrl":"https:\/\/revistaautobus.com.br\/wp-content\/uploads\/2025\/12\/editor_antonio_ferro-150x150.jpg","caption":"Antonio Ferro"},"description":"infobus@uol.com.br","url":"https:\/\/revistaautobus.com.br\/?author=2"}]}},"jetpack_featured_media_url":"https:\/\/revistaautobus.com.br\/wp-content\/uploads\/2026\/03\/B6_7N_GasNatural.jpg","jetpack_sharing_enabled":true,"_links":{"self":[{"href":"https:\/\/revistaautobus.com.br\/index.php?rest_route=\/wp\/v2\/posts\/18188","targetHints":{"allow":["GET"]}}],"collection":[{"href":"https:\/\/revistaautobus.com.br\/index.php?rest_route=\/wp\/v2\/posts"}],"about":[{"href":"https:\/\/revistaautobus.com.br\/index.php?rest_route=\/wp\/v2\/types\/post"}],"author":[{"embeddable":true,"href":"https:\/\/revistaautobus.com.br\/index.php?rest_route=\/wp\/v2\/users\/2"}],"replies":[{"embeddable":true,"href":"https:\/\/revistaautobus.com.br\/index.php?rest_route=%2Fwp%2Fv2%2Fcomments&post=18188"}],"version-history":[{"count":2,"href":"https:\/\/revistaautobus.com.br\/index.php?rest_route=\/wp\/v2\/posts\/18188\/revisions"}],"predecessor-version":[{"id":18191,"href":"https:\/\/revistaautobus.com.br\/index.php?rest_route=\/wp\/v2\/posts\/18188\/revisions\/18191"}],"wp:featuredmedia":[{"embeddable":true,"href":"https:\/\/revistaautobus.com.br\/index.php?rest_route=\/wp\/v2\/media\/18189"}],"wp:attachment":[{"href":"https:\/\/revistaautobus.com.br\/index.php?rest_route=%2Fwp%2Fv2%2Fmedia&parent=18188"}],"wp:term":[{"taxonomy":"category","embeddable":true,"href":"https:\/\/revistaautobus.com.br\/index.php?rest_route=%2Fwp%2Fv2%2Fcategories&post=18188"},{"taxonomy":"post_tag","embeddable":true,"href":"https:\/\/revistaautobus.com.br\/index.php?rest_route=%2Fwp%2Fv2%2Ftags&post=18188"}],"curies":[{"name":"wp","href":"https:\/\/api.w.org\/{rel}","templated":true}]}}