{"id":18192,"date":"2026-03-13T09:17:13","date_gmt":"2026-03-13T12:17:13","guid":{"rendered":"https:\/\/revistaautobus.com.br\/?p=18192"},"modified":"2026-03-13T10:30:42","modified_gmt":"2026-03-13T13:30:42","slug":"setra-destaca-a-inovacao-da-mirrorcam","status":"publish","type":"post","link":"https:\/\/revistaautobus.com.br\/?p=18192","title":{"rendered":"Setra destaca a inova\u00e7\u00e3o da MirrorCam"},"content":{"rendered":"<p>Para a fabricante alem\u00e3 de \u00f4nibus, Setra, pertencente ao Grupo Daimler, o uso da tecnologia das <em>MirrorCam<\/em> ou espelhos c\u00e2meras, ferramenta inovadora que substitui os conhecidos espelhos retrovisores em seus \u00f4nibus rodovi\u00e1rios, as vantagens podem ser significativas para quem os est\u00e1 conduzindo, permitindo uma visibilidade eficaz.<\/p>\n<p>Segundo a marca, com o sistema <em>MirrorCam<\/em> h\u00e1 um importante incremento de seguran\u00e7a para o motorista e outros usu\u00e1rios da via, pois a tecnologia amplia o campo de vis\u00e3o e elimina os &#8220;pontos cegos&#8221;, sendo que as c\u00e2meras fornecem uma vis\u00e3o clara e abrangente do tr\u00e1fego rodovi\u00e1rio, mesmo no escuro e em condi\u00e7\u00f5es clim\u00e1ticas adversas.<\/p>\n<p>A Setra ressalta cinco vantagens com o uso desse recurso tecnol\u00f3gico: 1 &#8211; As c\u00e2meras de alta resolu\u00e7\u00e3o enviam imagens do per\u00edmetro do \u00f4nibus para dois grandes monitores de 15 polegadas, que est\u00e3o posicionados na cabine do motorista de forma que sejam f\u00e1ceis de visualizar. Um monitor adicional de sete polegadas fornece uma vis\u00e3o otimizada da \u00e1rea do canto frontal direito do ve\u00edculo. Al\u00e9m disso, fotodiodos (dispositivos semicondutores que convertem luz em corrente el\u00e9trica) integrados nos monitores detectam a luz incidente e ajustam o brilho das telas de acordo com o ambiente, garantindo a m\u00e1xima legibilidade. Tr\u00eas diferentes campos de vis\u00e3o est\u00e3o assim dispon\u00edveis para o motorista, garantindo o mais alto n\u00edvel de seguran\u00e7a no tr\u00e2nsito e no p\u00e1tio.<\/p>\n<p>2: Boa visibilidade na escurid\u00e3o e em condi\u00e7\u00f5es clim\u00e1ticas adversas. Segundo a Setra, gra\u00e7as ao campo de vis\u00e3o ampliado, ao aumento de luz residual e \u00e0 lente da c\u00e2mera aquecida, seu sistema de MirrorCam permite uma vis\u00e3o clara e abrangente durante o dia, \u00e0 noite e em condi\u00e7\u00f5es meteorol\u00f3gicas ruins, tendo uma visibilidade aprimorada e particularmente \u00fatil ao manobrar, ao fazer convers\u00f5es e trocar de faixa, assim como em curvas apertadas e rotat\u00f3rias. A combina\u00e7\u00e3o com o Sideguard Assist 2 tamb\u00e9m elimina o \u201cponto cego\u201d ao trocar de faixa e ao virar \u00e0 direita.<\/p>\n<div id=\"attachment_18194\" style=\"width: 660px\" class=\"wp-caption aligncenter\"><img loading=\"lazy\" decoding=\"async\" aria-describedby=\"caption-attachment-18194\" class=\"wp-image-18194\" src=\"https:\/\/revistaautobus.com.br\/wp-content\/uploads\/2026\/03\/EB44763_16x9-300x169.jpg\" alt=\"\" width=\"650\" height=\"366\" srcset=\"https:\/\/revistaautobus.com.br\/wp-content\/uploads\/2026\/03\/EB44763_16x9-300x169.jpg 300w, https:\/\/revistaautobus.com.br\/wp-content\/uploads\/2026\/03\/EB44763_16x9-1024x576.jpg 1024w, https:\/\/revistaautobus.com.br\/wp-content\/uploads\/2026\/03\/EB44763_16x9-768x432.jpg 768w, https:\/\/revistaautobus.com.br\/wp-content\/uploads\/2026\/03\/EB44763_16x9-1536x865.jpg 1536w, https:\/\/revistaautobus.com.br\/wp-content\/uploads\/2026\/03\/EB44763_16x9-2048x1153.jpg 2048w, https:\/\/revistaautobus.com.br\/wp-content\/uploads\/2026\/03\/EB44763_16x9-1080x608.jpg 1080w\" sizes=\"(max-width: 650px) 100vw, 650px\" \/><p id=\"caption-attachment-18194\" class=\"wp-caption-text\"><span style=\"color: #800000;\"><em><strong>Tecnologia veio para favorecer a dirigibilidade e a seguran\u00e7a operacional<\/strong><\/em><\/span><\/p><\/div>\n<p>3: Mudan\u00e7a de dire\u00e7\u00e3o e ultrapassagem mais f\u00e1ceis. Um total de tr\u00eas linhas de orienta\u00e7\u00e3o e dist\u00e2ncia s\u00e3o exibidas nos monitores de 15 polegadas em ambos os lados dos \u00f4nibus, o que facilita a avalia\u00e7\u00e3o das imagens da c\u00e2mera pelo motorista e ajuda nas manobras de curva, ultrapassagem ou estacionamento.<\/p>\n<p>4: Manobrabilidade mais f\u00e1cil. A Setra informa que, comparado aos espelhos externos convencionais, o sistema MirrorCam n\u00e3o interfere na aerodin\u00e2mica do ve\u00edculo e proporciona uma vis\u00e3o completa do seu comprimento nos monitores. Em combina\u00e7\u00e3o com o amplo campo de vis\u00e3o e o aviso do Sideguard Assist 2, \u00e9 poss\u00edvel a melhor manobrabilidade e o menor risco de danos, especialmente ao dar marcha \u00e0 r\u00e9, estacionar e manobrar em ruas estreitas ou em vagas de estacionamento.<\/p>\n<p>5: Redu\u00e7\u00e3o no consumo de combust\u00edvel, menos sujeira. A Setra ressalta que a MirrorCam n\u00e3o impressiona apenas por sua funcionalidade, mas, tamb\u00e9m, por seu <em>design<\/em> aerodin\u00e2mico, reduzindo a \u00e1rea frontal do \u00f4nibus e, assim, a resist\u00eancia ao ar do ve\u00edculo. Isso, por sua vez, reduz o consumo de combust\u00edvel. Comparado aos espelhos externos convencionais, a pequena superf\u00edcie da lente da c\u00e2mera tamb\u00e9m \u00e9 menos suscet\u00edvel \u00e0 sujeira e melhor protegida contra influ\u00eancias clim\u00e1ticas gra\u00e7as \u00e0 sua montagem na asa da c\u00e2mera.<\/p>\n<p>Imagens &#8211; Divulga\u00e7\u00e3o<\/p>\n","protected":false},"excerpt":{"rendered":"<p>Ao substituir os tradicionais espelhos retrovisores por sistemas compostos de c\u00e2meras, grandes fabricantes de \u00f4nibus objetivam a efici\u00eancia e a seguran\u00e7a em seus ve\u00edculos<\/p>\n","protected":false},"author":2,"featured_media":18193,"comment_status":"open","ping_status":"open","sticky":false,"template":"","format":"standard","meta":{"_et_pb_use_builder":"","_et_pb_old_content":"","_et_gb_content_width":"","_jetpack_memberships_contains_paid_content":false,"footnotes":""},"categories":[53,1060,90,73,80],"tags":[93,92],"class_list":["post-18192","post","type-post","status-publish","format-standard","has-post-thumbnail","hentry","category-internacional","category-notas","category-noticias","category-tecnologia","category-transporte-rodoviario","tag-daimler-buses","tag-setra","et-has-post-format-content","et_post_format-et-post-format-standard"],"yoast_head":"<!-- This site is optimized with the Yoast SEO plugin v27.2 - https:\/\/yoast.com\/product\/yoast-seo-wordpress\/ -->\n<title>Setra destaca a inova\u00e7\u00e3o da MirrorCam - Revista AutoBus<\/title>\n<meta name=\"robots\" content=\"index, follow, max-snippet:-1, max-image-preview:large, max-video-preview:-1\" \/>\n<link rel=\"canonical\" href=\"https:\/\/revistaautobus.com.br\/?p=18192\" \/>\n<meta property=\"og:locale\" content=\"pt_BR\" \/>\n<meta property=\"og:type\" content=\"article\" \/>\n<meta property=\"og:title\" content=\"Setra destaca a inova\u00e7\u00e3o da MirrorCam - Revista AutoBus\" \/>\n<meta property=\"og:description\" content=\"Ao substituir os tradicionais espelhos retrovisores por sistemas compostos de c\u00e2meras, grandes fabricantes de \u00f4nibus objetivam a efici\u00eancia e a seguran\u00e7a em seus ve\u00edculos\" \/>\n<meta property=\"og:url\" content=\"https:\/\/revistaautobus.com.br\/?p=18192\" \/>\n<meta property=\"og:site_name\" content=\"Revista AutoBus\" \/>\n<meta property=\"article:publisher\" content=\"https:\/\/www.facebook.com\/antonio.ferro.3150\" \/>\n<meta property=\"article:published_time\" content=\"2026-03-13T12:17:13+00:00\" \/>\n<meta property=\"article:modified_time\" content=\"2026-03-13T13:30:42+00:00\" \/>\n<meta name=\"author\" content=\"Antonio Ferro\" \/>\n<meta name=\"twitter:card\" content=\"summary_large_image\" \/>\n<meta name=\"twitter:label1\" content=\"Escrito por\" \/>\n\t<meta name=\"twitter:data1\" content=\"Antonio Ferro\" \/>\n\t<meta name=\"twitter:label2\" content=\"Est. tempo de leitura\" \/>\n\t<meta name=\"twitter:data2\" content=\"4 minutos\" \/>\n<script type=\"application\/ld+json\" class=\"yoast-schema-graph\">{\"@context\":\"https:\/\/schema.org\",\"@graph\":[{\"@type\":\"Article\",\"@id\":\"https:\/\/revistaautobus.com.br\/?p=18192#article\",\"isPartOf\":{\"@id\":\"https:\/\/revistaautobus.com.br\/?p=18192\"},\"author\":{\"name\":\"Antonio Ferro\",\"@id\":\"https:\/\/revistaautobus.com.br\/#\/schema\/person\/54af7c3eb83a310e42ef686ef6d16f50\"},\"headline\":\"Setra destaca a inova\u00e7\u00e3o da MirrorCam\",\"datePublished\":\"2026-03-13T12:17:13+00:00\",\"dateModified\":\"2026-03-13T13:30:42+00:00\",\"mainEntityOfPage\":{\"@id\":\"https:\/\/revistaautobus.com.br\/?p=18192\"},\"wordCount\":608,\"commentCount\":0,\"publisher\":{\"@id\":\"https:\/\/revistaautobus.com.br\/#organization\"},\"image\":{\"@id\":\"https:\/\/revistaautobus.com.br\/?p=18192#primaryimage\"},\"thumbnailUrl\":\"https:\/\/revistaautobus.com.br\/wp-content\/uploads\/2026\/03\/EB46514_3x1.avif\",\"keywords\":[\"Daimler Buses\",\"Setra\"],\"articleSection\":[\"Internacional\",\"Notas\",\"Not\u00edcias\",\"Tecnologia\",\"Transporte rodovi\u00e1rio\"],\"inLanguage\":\"pt-BR\",\"potentialAction\":[{\"@type\":\"CommentAction\",\"name\":\"Comment\",\"target\":[\"https:\/\/revistaautobus.com.br\/?p=18192#respond\"]}]},{\"@type\":\"WebPage\",\"@id\":\"https:\/\/revistaautobus.com.br\/?p=18192\",\"url\":\"https:\/\/revistaautobus.com.br\/?p=18192\",\"name\":\"Setra destaca a inova\u00e7\u00e3o da MirrorCam - Revista AutoBus\",\"isPartOf\":{\"@id\":\"https:\/\/revistaautobus.com.br\/#website\"},\"primaryImageOfPage\":{\"@id\":\"https:\/\/revistaautobus.com.br\/?p=18192#primaryimage\"},\"image\":{\"@id\":\"https:\/\/revistaautobus.com.br\/?p=18192#primaryimage\"},\"thumbnailUrl\":\"https:\/\/revistaautobus.com.br\/wp-content\/uploads\/2026\/03\/EB46514_3x1.avif\",\"datePublished\":\"2026-03-13T12:17:13+00:00\",\"dateModified\":\"2026-03-13T13:30:42+00:00\",\"breadcrumb\":{\"@id\":\"https:\/\/revistaautobus.com.br\/?p=18192#breadcrumb\"},\"inLanguage\":\"pt-BR\",\"potentialAction\":[{\"@type\":\"ReadAction\",\"target\":[\"https:\/\/revistaautobus.com.br\/?p=18192\"]}]},{\"@type\":\"ImageObject\",\"inLanguage\":\"pt-BR\",\"@id\":\"https:\/\/revistaautobus.com.br\/?p=18192#primaryimage\",\"url\":\"https:\/\/revistaautobus.com.br\/wp-content\/uploads\/2026\/03\/EB46514_3x1.avif\",\"contentUrl\":\"https:\/\/revistaautobus.com.br\/wp-content\/uploads\/2026\/03\/EB46514_3x1.avif\",\"width\":1680,\"height\":560},{\"@type\":\"BreadcrumbList\",\"@id\":\"https:\/\/revistaautobus.com.br\/?p=18192#breadcrumb\",\"itemListElement\":[{\"@type\":\"ListItem\",\"position\":1,\"name\":\"In\u00edcio\",\"item\":\"https:\/\/revistaautobus.com.br\/\"},{\"@type\":\"ListItem\",\"position\":2,\"name\":\"Setra destaca a inova\u00e7\u00e3o da MirrorCam\"}]},{\"@type\":\"WebSite\",\"@id\":\"https:\/\/revistaautobus.com.br\/#website\",\"url\":\"https:\/\/revistaautobus.com.br\/\",\"name\":\"Revista AutoBus\",\"description\":\"\",\"publisher\":{\"@id\":\"https:\/\/revistaautobus.com.br\/#organization\"},\"potentialAction\":[{\"@type\":\"SearchAction\",\"target\":{\"@type\":\"EntryPoint\",\"urlTemplate\":\"https:\/\/revistaautobus.com.br\/?s={search_term_string}\"},\"query-input\":{\"@type\":\"PropertyValueSpecification\",\"valueRequired\":true,\"valueName\":\"search_term_string\"}}],\"inLanguage\":\"pt-BR\"},{\"@type\":\"Organization\",\"@id\":\"https:\/\/revistaautobus.com.br\/#organization\",\"name\":\"Revista AutoBus\",\"url\":\"https:\/\/revistaautobus.com.br\/\",\"logo\":{\"@type\":\"ImageObject\",\"inLanguage\":\"pt-BR\",\"@id\":\"https:\/\/revistaautobus.com.br\/#\/schema\/logo\/image\/\",\"url\":\"https:\/\/revistaautobus.com.br\/wp-content\/uploads\/2024\/11\/logo_revista_autobus_fb.png\",\"contentUrl\":\"https:\/\/revistaautobus.com.br\/wp-content\/uploads\/2024\/11\/logo_revista_autobus_fb.png\",\"width\":836,\"height\":227,\"caption\":\"Revista AutoBus\"},\"image\":{\"@id\":\"https:\/\/revistaautobus.com.br\/#\/schema\/logo\/image\/\"},\"sameAs\":[\"https:\/\/www.facebook.com\/antonio.ferro.3150\",\"https:\/\/www.instagram.com\/revistaautobus\/\"]},{\"@type\":\"Person\",\"@id\":\"https:\/\/revistaautobus.com.br\/#\/schema\/person\/54af7c3eb83a310e42ef686ef6d16f50\",\"name\":\"Antonio Ferro\",\"image\":{\"@type\":\"ImageObject\",\"inLanguage\":\"pt-BR\",\"@id\":\"https:\/\/revistaautobus.com.br\/wp-content\/uploads\/2025\/12\/editor_antonio_ferro-150x150.jpg\",\"url\":\"https:\/\/revistaautobus.com.br\/wp-content\/uploads\/2025\/12\/editor_antonio_ferro-150x150.jpg\",\"contentUrl\":\"https:\/\/revistaautobus.com.br\/wp-content\/uploads\/2025\/12\/editor_antonio_ferro-150x150.jpg\",\"caption\":\"Antonio Ferro\"},\"description\":\"infobus@uol.com.br\",\"url\":\"https:\/\/revistaautobus.com.br\/?author=2\"}]}<\/script>\n<!-- \/ Yoast SEO plugin. -->","yoast_head_json":{"title":"Setra destaca a inova\u00e7\u00e3o da MirrorCam - Revista AutoBus","robots":{"index":"index","follow":"follow","max-snippet":"max-snippet:-1","max-image-preview":"max-image-preview:large","max-video-preview":"max-video-preview:-1"},"canonical":"https:\/\/revistaautobus.com.br\/?p=18192","og_locale":"pt_BR","og_type":"article","og_title":"Setra destaca a inova\u00e7\u00e3o da MirrorCam - Revista AutoBus","og_description":"Ao substituir os tradicionais espelhos retrovisores por sistemas compostos de c\u00e2meras, grandes fabricantes de \u00f4nibus objetivam a efici\u00eancia e a seguran\u00e7a em seus ve\u00edculos","og_url":"https:\/\/revistaautobus.com.br\/?p=18192","og_site_name":"Revista AutoBus","article_publisher":"https:\/\/www.facebook.com\/antonio.ferro.3150","article_published_time":"2026-03-13T12:17:13+00:00","article_modified_time":"2026-03-13T13:30:42+00:00","author":"Antonio Ferro","twitter_card":"summary_large_image","twitter_misc":{"Escrito por":"Antonio Ferro","Est. tempo de leitura":"4 minutos"},"schema":{"@context":"https:\/\/schema.org","@graph":[{"@type":"Article","@id":"https:\/\/revistaautobus.com.br\/?p=18192#article","isPartOf":{"@id":"https:\/\/revistaautobus.com.br\/?p=18192"},"author":{"name":"Antonio Ferro","@id":"https:\/\/revistaautobus.com.br\/#\/schema\/person\/54af7c3eb83a310e42ef686ef6d16f50"},"headline":"Setra destaca a inova\u00e7\u00e3o da MirrorCam","datePublished":"2026-03-13T12:17:13+00:00","dateModified":"2026-03-13T13:30:42+00:00","mainEntityOfPage":{"@id":"https:\/\/revistaautobus.com.br\/?p=18192"},"wordCount":608,"commentCount":0,"publisher":{"@id":"https:\/\/revistaautobus.com.br\/#organization"},"image":{"@id":"https:\/\/revistaautobus.com.br\/?p=18192#primaryimage"},"thumbnailUrl":"https:\/\/revistaautobus.com.br\/wp-content\/uploads\/2026\/03\/EB46514_3x1.avif","keywords":["Daimler Buses","Setra"],"articleSection":["Internacional","Notas","Not\u00edcias","Tecnologia","Transporte rodovi\u00e1rio"],"inLanguage":"pt-BR","potentialAction":[{"@type":"CommentAction","name":"Comment","target":["https:\/\/revistaautobus.com.br\/?p=18192#respond"]}]},{"@type":"WebPage","@id":"https:\/\/revistaautobus.com.br\/?p=18192","url":"https:\/\/revistaautobus.com.br\/?p=18192","name":"Setra destaca a inova\u00e7\u00e3o da MirrorCam - Revista AutoBus","isPartOf":{"@id":"https:\/\/revistaautobus.com.br\/#website"},"primaryImageOfPage":{"@id":"https:\/\/revistaautobus.com.br\/?p=18192#primaryimage"},"image":{"@id":"https:\/\/revistaautobus.com.br\/?p=18192#primaryimage"},"thumbnailUrl":"https:\/\/revistaautobus.com.br\/wp-content\/uploads\/2026\/03\/EB46514_3x1.avif","datePublished":"2026-03-13T12:17:13+00:00","dateModified":"2026-03-13T13:30:42+00:00","breadcrumb":{"@id":"https:\/\/revistaautobus.com.br\/?p=18192#breadcrumb"},"inLanguage":"pt-BR","potentialAction":[{"@type":"ReadAction","target":["https:\/\/revistaautobus.com.br\/?p=18192"]}]},{"@type":"ImageObject","inLanguage":"pt-BR","@id":"https:\/\/revistaautobus.com.br\/?p=18192#primaryimage","url":"https:\/\/revistaautobus.com.br\/wp-content\/uploads\/2026\/03\/EB46514_3x1.avif","contentUrl":"https:\/\/revistaautobus.com.br\/wp-content\/uploads\/2026\/03\/EB46514_3x1.avif","width":1680,"height":560},{"@type":"BreadcrumbList","@id":"https:\/\/revistaautobus.com.br\/?p=18192#breadcrumb","itemListElement":[{"@type":"ListItem","position":1,"name":"In\u00edcio","item":"https:\/\/revistaautobus.com.br\/"},{"@type":"ListItem","position":2,"name":"Setra destaca a inova\u00e7\u00e3o da MirrorCam"}]},{"@type":"WebSite","@id":"https:\/\/revistaautobus.com.br\/#website","url":"https:\/\/revistaautobus.com.br\/","name":"Revista AutoBus","description":"","publisher":{"@id":"https:\/\/revistaautobus.com.br\/#organization"},"potentialAction":[{"@type":"SearchAction","target":{"@type":"EntryPoint","urlTemplate":"https:\/\/revistaautobus.com.br\/?s={search_term_string}"},"query-input":{"@type":"PropertyValueSpecification","valueRequired":true,"valueName":"search_term_string"}}],"inLanguage":"pt-BR"},{"@type":"Organization","@id":"https:\/\/revistaautobus.com.br\/#organization","name":"Revista AutoBus","url":"https:\/\/revistaautobus.com.br\/","logo":{"@type":"ImageObject","inLanguage":"pt-BR","@id":"https:\/\/revistaautobus.com.br\/#\/schema\/logo\/image\/","url":"https:\/\/revistaautobus.com.br\/wp-content\/uploads\/2024\/11\/logo_revista_autobus_fb.png","contentUrl":"https:\/\/revistaautobus.com.br\/wp-content\/uploads\/2024\/11\/logo_revista_autobus_fb.png","width":836,"height":227,"caption":"Revista AutoBus"},"image":{"@id":"https:\/\/revistaautobus.com.br\/#\/schema\/logo\/image\/"},"sameAs":["https:\/\/www.facebook.com\/antonio.ferro.3150","https:\/\/www.instagram.com\/revistaautobus\/"]},{"@type":"Person","@id":"https:\/\/revistaautobus.com.br\/#\/schema\/person\/54af7c3eb83a310e42ef686ef6d16f50","name":"Antonio Ferro","image":{"@type":"ImageObject","inLanguage":"pt-BR","@id":"https:\/\/revistaautobus.com.br\/wp-content\/uploads\/2025\/12\/editor_antonio_ferro-150x150.jpg","url":"https:\/\/revistaautobus.com.br\/wp-content\/uploads\/2025\/12\/editor_antonio_ferro-150x150.jpg","contentUrl":"https:\/\/revistaautobus.com.br\/wp-content\/uploads\/2025\/12\/editor_antonio_ferro-150x150.jpg","caption":"Antonio Ferro"},"description":"infobus@uol.com.br","url":"https:\/\/revistaautobus.com.br\/?author=2"}]}},"jetpack_featured_media_url":"https:\/\/revistaautobus.com.br\/wp-content\/uploads\/2026\/03\/EB46514_3x1.avif","jetpack_sharing_enabled":true,"_links":{"self":[{"href":"https:\/\/revistaautobus.com.br\/index.php?rest_route=\/wp\/v2\/posts\/18192","targetHints":{"allow":["GET"]}}],"collection":[{"href":"https:\/\/revistaautobus.com.br\/index.php?rest_route=\/wp\/v2\/posts"}],"about":[{"href":"https:\/\/revistaautobus.com.br\/index.php?rest_route=\/wp\/v2\/types\/post"}],"author":[{"embeddable":true,"href":"https:\/\/revistaautobus.com.br\/index.php?rest_route=\/wp\/v2\/users\/2"}],"replies":[{"embeddable":true,"href":"https:\/\/revistaautobus.com.br\/index.php?rest_route=%2Fwp%2Fv2%2Fcomments&post=18192"}],"version-history":[{"count":4,"href":"https:\/\/revistaautobus.com.br\/index.php?rest_route=\/wp\/v2\/posts\/18192\/revisions"}],"predecessor-version":[{"id":18197,"href":"https:\/\/revistaautobus.com.br\/index.php?rest_route=\/wp\/v2\/posts\/18192\/revisions\/18197"}],"wp:featuredmedia":[{"embeddable":true,"href":"https:\/\/revistaautobus.com.br\/index.php?rest_route=\/wp\/v2\/media\/18193"}],"wp:attachment":[{"href":"https:\/\/revistaautobus.com.br\/index.php?rest_route=%2Fwp%2Fv2%2Fmedia&parent=18192"}],"wp:term":[{"taxonomy":"category","embeddable":true,"href":"https:\/\/revistaautobus.com.br\/index.php?rest_route=%2Fwp%2Fv2%2Fcategories&post=18192"},{"taxonomy":"post_tag","embeddable":true,"href":"https:\/\/revistaautobus.com.br\/index.php?rest_route=%2Fwp%2Fv2%2Ftags&post=18192"}],"curies":[{"name":"wp","href":"https:\/\/api.w.org\/{rel}","templated":true}]}}