{"id":18200,"date":"2026-03-13T14:13:16","date_gmt":"2026-03-13T17:13:16","guid":{"rendered":"https:\/\/revistaautobus.com.br\/?p=18200"},"modified":"2026-03-13T14:13:16","modified_gmt":"2026-03-13T17:13:16","slug":"marcopolo-no-transporte-executivo-norte-americano","status":"publish","type":"post","link":"https:\/\/revistaautobus.com.br\/?p=18200","title":{"rendered":"Marcopolo no transporte executivo norte-americano"},"content":{"rendered":"<p>Durante os dias 1 e 3 de mar\u00e7o passado, a marca brasileira Marcopolo participou do Chauffeur Driven (CD) &amp; National Limousine Association (NLA) Show 2026, considerada uma das principais vitrines do mercado de transporte executivo com motorista. A fabricante exp\u00f4s a evolu\u00e7\u00e3o do seu modelo Grand Executive, micro-\u00f4nibus projetado para operadores que buscam experi\u00eancia <em>premium<\/em>, efici\u00eancia operacional e alto padr\u00e3o de acabamento.<\/p>\n<p>O ve\u00edculo em quest\u00e3o, que foi mostrado no evento, tem uma nova vers\u00e3o que passar\u00e1 a ser produzido sobre o chassi Freightliner MT 55, num conjunto que oferece confiabilidade, efici\u00eancia e facilidade de manuten\u00e7\u00e3o, atributos essenciais para operadores que atuam em transporte executivo e <em>shuttle premium<\/em>.<\/p>\n<p>Na parte mec\u00e2nica, o modelo conta com motor Cummins B6.7L de at\u00e9 300 hp, transmiss\u00e3o Allison S\u00e9rie 2000 e sistemas de freio hidr\u00e1ulico com assist\u00eancia el\u00e9trica e ABS. J\u00e1 as suas dimens\u00f5es s\u00e3o de 10,13 metros de comprimento, 2,98 metros de largura total (com espelhos) e altura externa m\u00e1xima de 3,11 metros.<\/p>\n<p>O Grand Executive \u00e9 produzido na unidade Marcopolo do M\u00e9xico para atender o mercado norte-americano, tendo uma configura\u00e7\u00e3o com capacidade para at\u00e9 32 passageiros, posicionando se como uma solu\u00e7\u00e3o diferenciada para opera\u00e7\u00f5es de <em>shuttle<\/em> executivo, transporte corporativo, turismo de alto padr\u00e3o e grupos privados. A Chauffeur Driven \u00e9 uma oportunidade estrat\u00e9gica para fortalecer nossa rela\u00e7\u00e3o com um segmento que busca excel\u00eancia em conforto, acabamento e confiabilidade operacional. O Grand Executive evoluiu para oferecer uma experi\u00eancia ainda mais sofisticada e diferenciada, com foco total no passageiro e no operador\u201d, disse Gustavo Marramarco, consultor comercial da Marcopolo respons\u00e1vel pelo mercado norte americano.<\/p>\n<p><span style=\"color: #000080;\">Destaques de bordo:<\/span><\/p>\n<ul>\n<li><span style=\"color: #000080;\">poltronas semileito de 1.000 mm em couroflex, com tomadas USB C + A;<\/span><\/li>\n<li><span style=\"color: #000080;\">quatro monitores integrados;<\/span><\/li>\n<li><span style=\"color: #000080;\">ilumina\u00e7\u00e3o ambiente indireta e op\u00e7\u00e3o de ilumina\u00e7\u00e3o Full LED;<\/span><\/li>\n<li><span style=\"color: #000080;\">c\u00e2meras de vigil\u00e2ncia, sensores de estacionamento e sistema de monitoramento;<\/span><\/li>\n<li><span style=\"color: #000080;\">ar condicionado de teto de alto fluxo com baixo n\u00edvel de ru\u00eddo;<\/span><\/li>\n<li><span style=\"color: #000080;\">amplo espa\u00e7o para bagagens, atributo essencial para o segmento premium.<\/span><\/li>\n<\/ul>\n<p>Imagem &#8211; Divulga\u00e7\u00e3o<\/p>\n","protected":false},"excerpt":{"rendered":"<p>Fabricante brasileira de \u00f4nibus se destaca por oferecer um produto idealizado com o mercado da Am\u00e9rica do Norte<\/p>\n","protected":false},"author":2,"featured_media":18201,"comment_status":"open","ping_status":"open","sticky":false,"template":"","format":"standard","meta":{"_et_pb_use_builder":"","_et_pb_old_content":"","_et_gb_content_width":"","_jetpack_memberships_contains_paid_content":false,"footnotes":""},"categories":[53,1060,90],"tags":[84],"class_list":["post-18200","post","type-post","status-publish","format-standard","has-post-thumbnail","hentry","category-internacional","category-notas","category-noticias","tag-marcopolo","et-has-post-format-content","et_post_format-et-post-format-standard"],"yoast_head":"<!-- This site is optimized with the Yoast SEO plugin v27.2 - https:\/\/yoast.com\/product\/yoast-seo-wordpress\/ -->\n<title>Marcopolo no transporte executivo norte-americano - Revista AutoBus<\/title>\n<meta name=\"robots\" content=\"index, follow, max-snippet:-1, max-image-preview:large, max-video-preview:-1\" \/>\n<link rel=\"canonical\" href=\"https:\/\/revistaautobus.com.br\/?p=18200\" \/>\n<meta property=\"og:locale\" content=\"pt_BR\" \/>\n<meta property=\"og:type\" content=\"article\" \/>\n<meta property=\"og:title\" content=\"Marcopolo no transporte executivo norte-americano - Revista AutoBus\" \/>\n<meta property=\"og:description\" content=\"Fabricante brasileira de \u00f4nibus se destaca por oferecer um produto idealizado com o mercado da Am\u00e9rica do Norte\" \/>\n<meta property=\"og:url\" content=\"https:\/\/revistaautobus.com.br\/?p=18200\" \/>\n<meta property=\"og:site_name\" content=\"Revista AutoBus\" \/>\n<meta property=\"article:publisher\" content=\"https:\/\/www.facebook.com\/antonio.ferro.3150\" \/>\n<meta property=\"article:published_time\" content=\"2026-03-13T17:13:16+00:00\" \/>\n<meta property=\"og:image\" content=\"https:\/\/revistaautobus.com.br\/wp-content\/uploads\/2026\/03\/13032026-Marcopolo_Micro-onibus-nos-EUA__Grand-Executive-2026_1.jpg\" \/>\n\t<meta property=\"og:image:width\" content=\"1400\" \/>\n\t<meta property=\"og:image:height\" content=\"1292\" \/>\n\t<meta property=\"og:image:type\" content=\"image\/jpeg\" \/>\n<meta name=\"author\" content=\"Antonio Ferro\" \/>\n<meta name=\"twitter:card\" content=\"summary_large_image\" \/>\n<meta name=\"twitter:label1\" content=\"Escrito por\" \/>\n\t<meta name=\"twitter:data1\" content=\"Antonio Ferro\" \/>\n\t<meta name=\"twitter:label2\" content=\"Est. tempo de leitura\" \/>\n\t<meta name=\"twitter:data2\" content=\"2 minutos\" \/>\n<script type=\"application\/ld+json\" class=\"yoast-schema-graph\">{\"@context\":\"https:\/\/schema.org\",\"@graph\":[{\"@type\":\"Article\",\"@id\":\"https:\/\/revistaautobus.com.br\/?p=18200#article\",\"isPartOf\":{\"@id\":\"https:\/\/revistaautobus.com.br\/?p=18200\"},\"author\":{\"name\":\"Antonio Ferro\",\"@id\":\"https:\/\/revistaautobus.com.br\/#\/schema\/person\/54af7c3eb83a310e42ef686ef6d16f50\"},\"headline\":\"Marcopolo no transporte executivo norte-americano\",\"datePublished\":\"2026-03-13T17:13:16+00:00\",\"mainEntityOfPage\":{\"@id\":\"https:\/\/revistaautobus.com.br\/?p=18200\"},\"wordCount\":355,\"commentCount\":0,\"publisher\":{\"@id\":\"https:\/\/revistaautobus.com.br\/#organization\"},\"image\":{\"@id\":\"https:\/\/revistaautobus.com.br\/?p=18200#primaryimage\"},\"thumbnailUrl\":\"https:\/\/revistaautobus.com.br\/wp-content\/uploads\/2026\/03\/13032026-Marcopolo_Micro-onibus-nos-EUA__Grand-Executive-2026_1.jpg\",\"keywords\":[\"Marcopolo\"],\"articleSection\":[\"Internacional\",\"Notas\",\"Not\u00edcias\"],\"inLanguage\":\"pt-BR\",\"potentialAction\":[{\"@type\":\"CommentAction\",\"name\":\"Comment\",\"target\":[\"https:\/\/revistaautobus.com.br\/?p=18200#respond\"]}]},{\"@type\":\"WebPage\",\"@id\":\"https:\/\/revistaautobus.com.br\/?p=18200\",\"url\":\"https:\/\/revistaautobus.com.br\/?p=18200\",\"name\":\"Marcopolo no transporte executivo norte-americano - Revista AutoBus\",\"isPartOf\":{\"@id\":\"https:\/\/revistaautobus.com.br\/#website\"},\"primaryImageOfPage\":{\"@id\":\"https:\/\/revistaautobus.com.br\/?p=18200#primaryimage\"},\"image\":{\"@id\":\"https:\/\/revistaautobus.com.br\/?p=18200#primaryimage\"},\"thumbnailUrl\":\"https:\/\/revistaautobus.com.br\/wp-content\/uploads\/2026\/03\/13032026-Marcopolo_Micro-onibus-nos-EUA__Grand-Executive-2026_1.jpg\",\"datePublished\":\"2026-03-13T17:13:16+00:00\",\"breadcrumb\":{\"@id\":\"https:\/\/revistaautobus.com.br\/?p=18200#breadcrumb\"},\"inLanguage\":\"pt-BR\",\"potentialAction\":[{\"@type\":\"ReadAction\",\"target\":[\"https:\/\/revistaautobus.com.br\/?p=18200\"]}]},{\"@type\":\"ImageObject\",\"inLanguage\":\"pt-BR\",\"@id\":\"https:\/\/revistaautobus.com.br\/?p=18200#primaryimage\",\"url\":\"https:\/\/revistaautobus.com.br\/wp-content\/uploads\/2026\/03\/13032026-Marcopolo_Micro-onibus-nos-EUA__Grand-Executive-2026_1.jpg\",\"contentUrl\":\"https:\/\/revistaautobus.com.br\/wp-content\/uploads\/2026\/03\/13032026-Marcopolo_Micro-onibus-nos-EUA__Grand-Executive-2026_1.jpg\",\"width\":1400,\"height\":1292},{\"@type\":\"BreadcrumbList\",\"@id\":\"https:\/\/revistaautobus.com.br\/?p=18200#breadcrumb\",\"itemListElement\":[{\"@type\":\"ListItem\",\"position\":1,\"name\":\"In\u00edcio\",\"item\":\"https:\/\/revistaautobus.com.br\/\"},{\"@type\":\"ListItem\",\"position\":2,\"name\":\"Marcopolo no transporte executivo norte-americano\"}]},{\"@type\":\"WebSite\",\"@id\":\"https:\/\/revistaautobus.com.br\/#website\",\"url\":\"https:\/\/revistaautobus.com.br\/\",\"name\":\"Revista AutoBus\",\"description\":\"\",\"publisher\":{\"@id\":\"https:\/\/revistaautobus.com.br\/#organization\"},\"potentialAction\":[{\"@type\":\"SearchAction\",\"target\":{\"@type\":\"EntryPoint\",\"urlTemplate\":\"https:\/\/revistaautobus.com.br\/?s={search_term_string}\"},\"query-input\":{\"@type\":\"PropertyValueSpecification\",\"valueRequired\":true,\"valueName\":\"search_term_string\"}}],\"inLanguage\":\"pt-BR\"},{\"@type\":\"Organization\",\"@id\":\"https:\/\/revistaautobus.com.br\/#organization\",\"name\":\"Revista AutoBus\",\"url\":\"https:\/\/revistaautobus.com.br\/\",\"logo\":{\"@type\":\"ImageObject\",\"inLanguage\":\"pt-BR\",\"@id\":\"https:\/\/revistaautobus.com.br\/#\/schema\/logo\/image\/\",\"url\":\"https:\/\/revistaautobus.com.br\/wp-content\/uploads\/2024\/11\/logo_revista_autobus_fb.png\",\"contentUrl\":\"https:\/\/revistaautobus.com.br\/wp-content\/uploads\/2024\/11\/logo_revista_autobus_fb.png\",\"width\":836,\"height\":227,\"caption\":\"Revista AutoBus\"},\"image\":{\"@id\":\"https:\/\/revistaautobus.com.br\/#\/schema\/logo\/image\/\"},\"sameAs\":[\"https:\/\/www.facebook.com\/antonio.ferro.3150\",\"https:\/\/www.instagram.com\/revistaautobus\/\"]},{\"@type\":\"Person\",\"@id\":\"https:\/\/revistaautobus.com.br\/#\/schema\/person\/54af7c3eb83a310e42ef686ef6d16f50\",\"name\":\"Antonio Ferro\",\"image\":{\"@type\":\"ImageObject\",\"inLanguage\":\"pt-BR\",\"@id\":\"https:\/\/revistaautobus.com.br\/wp-content\/uploads\/2025\/12\/editor_antonio_ferro-150x150.jpg\",\"url\":\"https:\/\/revistaautobus.com.br\/wp-content\/uploads\/2025\/12\/editor_antonio_ferro-150x150.jpg\",\"contentUrl\":\"https:\/\/revistaautobus.com.br\/wp-content\/uploads\/2025\/12\/editor_antonio_ferro-150x150.jpg\",\"caption\":\"Antonio Ferro\"},\"description\":\"infobus@uol.com.br\",\"url\":\"https:\/\/revistaautobus.com.br\/?author=2\"}]}<\/script>\n<!-- \/ Yoast SEO plugin. -->","yoast_head_json":{"title":"Marcopolo no transporte executivo norte-americano - Revista AutoBus","robots":{"index":"index","follow":"follow","max-snippet":"max-snippet:-1","max-image-preview":"max-image-preview:large","max-video-preview":"max-video-preview:-1"},"canonical":"https:\/\/revistaautobus.com.br\/?p=18200","og_locale":"pt_BR","og_type":"article","og_title":"Marcopolo no transporte executivo norte-americano - Revista AutoBus","og_description":"Fabricante brasileira de \u00f4nibus se destaca por oferecer um produto idealizado com o mercado da Am\u00e9rica do Norte","og_url":"https:\/\/revistaautobus.com.br\/?p=18200","og_site_name":"Revista AutoBus","article_publisher":"https:\/\/www.facebook.com\/antonio.ferro.3150","article_published_time":"2026-03-13T17:13:16+00:00","og_image":[{"width":1400,"height":1292,"url":"https:\/\/revistaautobus.com.br\/wp-content\/uploads\/2026\/03\/13032026-Marcopolo_Micro-onibus-nos-EUA__Grand-Executive-2026_1.jpg","type":"image\/jpeg"}],"author":"Antonio Ferro","twitter_card":"summary_large_image","twitter_misc":{"Escrito por":"Antonio Ferro","Est. tempo de leitura":"2 minutos"},"schema":{"@context":"https:\/\/schema.org","@graph":[{"@type":"Article","@id":"https:\/\/revistaautobus.com.br\/?p=18200#article","isPartOf":{"@id":"https:\/\/revistaautobus.com.br\/?p=18200"},"author":{"name":"Antonio Ferro","@id":"https:\/\/revistaautobus.com.br\/#\/schema\/person\/54af7c3eb83a310e42ef686ef6d16f50"},"headline":"Marcopolo no transporte executivo norte-americano","datePublished":"2026-03-13T17:13:16+00:00","mainEntityOfPage":{"@id":"https:\/\/revistaautobus.com.br\/?p=18200"},"wordCount":355,"commentCount":0,"publisher":{"@id":"https:\/\/revistaautobus.com.br\/#organization"},"image":{"@id":"https:\/\/revistaautobus.com.br\/?p=18200#primaryimage"},"thumbnailUrl":"https:\/\/revistaautobus.com.br\/wp-content\/uploads\/2026\/03\/13032026-Marcopolo_Micro-onibus-nos-EUA__Grand-Executive-2026_1.jpg","keywords":["Marcopolo"],"articleSection":["Internacional","Notas","Not\u00edcias"],"inLanguage":"pt-BR","potentialAction":[{"@type":"CommentAction","name":"Comment","target":["https:\/\/revistaautobus.com.br\/?p=18200#respond"]}]},{"@type":"WebPage","@id":"https:\/\/revistaautobus.com.br\/?p=18200","url":"https:\/\/revistaautobus.com.br\/?p=18200","name":"Marcopolo no transporte executivo norte-americano - Revista AutoBus","isPartOf":{"@id":"https:\/\/revistaautobus.com.br\/#website"},"primaryImageOfPage":{"@id":"https:\/\/revistaautobus.com.br\/?p=18200#primaryimage"},"image":{"@id":"https:\/\/revistaautobus.com.br\/?p=18200#primaryimage"},"thumbnailUrl":"https:\/\/revistaautobus.com.br\/wp-content\/uploads\/2026\/03\/13032026-Marcopolo_Micro-onibus-nos-EUA__Grand-Executive-2026_1.jpg","datePublished":"2026-03-13T17:13:16+00:00","breadcrumb":{"@id":"https:\/\/revistaautobus.com.br\/?p=18200#breadcrumb"},"inLanguage":"pt-BR","potentialAction":[{"@type":"ReadAction","target":["https:\/\/revistaautobus.com.br\/?p=18200"]}]},{"@type":"ImageObject","inLanguage":"pt-BR","@id":"https:\/\/revistaautobus.com.br\/?p=18200#primaryimage","url":"https:\/\/revistaautobus.com.br\/wp-content\/uploads\/2026\/03\/13032026-Marcopolo_Micro-onibus-nos-EUA__Grand-Executive-2026_1.jpg","contentUrl":"https:\/\/revistaautobus.com.br\/wp-content\/uploads\/2026\/03\/13032026-Marcopolo_Micro-onibus-nos-EUA__Grand-Executive-2026_1.jpg","width":1400,"height":1292},{"@type":"BreadcrumbList","@id":"https:\/\/revistaautobus.com.br\/?p=18200#breadcrumb","itemListElement":[{"@type":"ListItem","position":1,"name":"In\u00edcio","item":"https:\/\/revistaautobus.com.br\/"},{"@type":"ListItem","position":2,"name":"Marcopolo no transporte executivo norte-americano"}]},{"@type":"WebSite","@id":"https:\/\/revistaautobus.com.br\/#website","url":"https:\/\/revistaautobus.com.br\/","name":"Revista AutoBus","description":"","publisher":{"@id":"https:\/\/revistaautobus.com.br\/#organization"},"potentialAction":[{"@type":"SearchAction","target":{"@type":"EntryPoint","urlTemplate":"https:\/\/revistaautobus.com.br\/?s={search_term_string}"},"query-input":{"@type":"PropertyValueSpecification","valueRequired":true,"valueName":"search_term_string"}}],"inLanguage":"pt-BR"},{"@type":"Organization","@id":"https:\/\/revistaautobus.com.br\/#organization","name":"Revista AutoBus","url":"https:\/\/revistaautobus.com.br\/","logo":{"@type":"ImageObject","inLanguage":"pt-BR","@id":"https:\/\/revistaautobus.com.br\/#\/schema\/logo\/image\/","url":"https:\/\/revistaautobus.com.br\/wp-content\/uploads\/2024\/11\/logo_revista_autobus_fb.png","contentUrl":"https:\/\/revistaautobus.com.br\/wp-content\/uploads\/2024\/11\/logo_revista_autobus_fb.png","width":836,"height":227,"caption":"Revista AutoBus"},"image":{"@id":"https:\/\/revistaautobus.com.br\/#\/schema\/logo\/image\/"},"sameAs":["https:\/\/www.facebook.com\/antonio.ferro.3150","https:\/\/www.instagram.com\/revistaautobus\/"]},{"@type":"Person","@id":"https:\/\/revistaautobus.com.br\/#\/schema\/person\/54af7c3eb83a310e42ef686ef6d16f50","name":"Antonio Ferro","image":{"@type":"ImageObject","inLanguage":"pt-BR","@id":"https:\/\/revistaautobus.com.br\/wp-content\/uploads\/2025\/12\/editor_antonio_ferro-150x150.jpg","url":"https:\/\/revistaautobus.com.br\/wp-content\/uploads\/2025\/12\/editor_antonio_ferro-150x150.jpg","contentUrl":"https:\/\/revistaautobus.com.br\/wp-content\/uploads\/2025\/12\/editor_antonio_ferro-150x150.jpg","caption":"Antonio Ferro"},"description":"infobus@uol.com.br","url":"https:\/\/revistaautobus.com.br\/?author=2"}]}},"jetpack_featured_media_url":"https:\/\/revistaautobus.com.br\/wp-content\/uploads\/2026\/03\/13032026-Marcopolo_Micro-onibus-nos-EUA__Grand-Executive-2026_1.jpg","jetpack_sharing_enabled":true,"_links":{"self":[{"href":"https:\/\/revistaautobus.com.br\/index.php?rest_route=\/wp\/v2\/posts\/18200","targetHints":{"allow":["GET"]}}],"collection":[{"href":"https:\/\/revistaautobus.com.br\/index.php?rest_route=\/wp\/v2\/posts"}],"about":[{"href":"https:\/\/revistaautobus.com.br\/index.php?rest_route=\/wp\/v2\/types\/post"}],"author":[{"embeddable":true,"href":"https:\/\/revistaautobus.com.br\/index.php?rest_route=\/wp\/v2\/users\/2"}],"replies":[{"embeddable":true,"href":"https:\/\/revistaautobus.com.br\/index.php?rest_route=%2Fwp%2Fv2%2Fcomments&post=18200"}],"version-history":[{"count":2,"href":"https:\/\/revistaautobus.com.br\/index.php?rest_route=\/wp\/v2\/posts\/18200\/revisions"}],"predecessor-version":[{"id":18203,"href":"https:\/\/revistaautobus.com.br\/index.php?rest_route=\/wp\/v2\/posts\/18200\/revisions\/18203"}],"wp:featuredmedia":[{"embeddable":true,"href":"https:\/\/revistaautobus.com.br\/index.php?rest_route=\/wp\/v2\/media\/18201"}],"wp:attachment":[{"href":"https:\/\/revistaautobus.com.br\/index.php?rest_route=%2Fwp%2Fv2%2Fmedia&parent=18200"}],"wp:term":[{"taxonomy":"category","embeddable":true,"href":"https:\/\/revistaautobus.com.br\/index.php?rest_route=%2Fwp%2Fv2%2Fcategories&post=18200"},{"taxonomy":"post_tag","embeddable":true,"href":"https:\/\/revistaautobus.com.br\/index.php?rest_route=%2Fwp%2Fv2%2Ftags&post=18200"}],"curies":[{"name":"wp","href":"https:\/\/api.w.org\/{rel}","templated":true}]}}