{"id":18204,"date":"2026-03-13T14:16:13","date_gmt":"2026-03-13T17:16:13","guid":{"rendered":"https:\/\/revistaautobus.com.br\/?p=18204"},"modified":"2026-03-13T14:16:13","modified_gmt":"2026-03-13T17:16:13","slug":"ouro-e-prata-com-novos-onibus-de-ultima-geracao","status":"publish","type":"post","link":"https:\/\/revistaautobus.com.br\/?p=18204","title":{"rendered":"Ouro e Prata com novos \u00f4nibus de \u00faltima gera\u00e7\u00e3o"},"content":{"rendered":"<p>Com o objetivo de proporcionar mais conforto e seguran\u00e7a aos seus passageiros, a empresa ga\u00facha, Via\u00e7\u00e3o Ouro e Prata, anunciou a chegada de novos \u00f4nibus para a sua frota. A aquisi\u00e7\u00e3o refor\u00e7a seu compromisso em inovar e realizar o melhor transporte rodovi\u00e1rio de passageiros. Os novos ve\u00edculos, com carro\u00e7arias Marcopolo Paradiso 1800 DD, Paradiso 1600 LD e Paradiso 1200, contam com chassis Scania Euro VI, que oferecem maior efici\u00eancia energ\u00e9tica e redu\u00e7\u00e3o de emiss\u00f5es.<\/p>\n<p>Em termos de configura\u00e7\u00f5es, o Paradiso 1800 Double Decker tem 40 poltronas, sendo 16 poltronas semileito, 16 leito e 8 poltronas leito cama). J\u00e1 o modelo Paradiso 1600 <em>Low Driver<\/em> (LD) est\u00e1 equipado com 44 poltronas semileito, enquanto que o modelo Paradiso 1200 traz 42 poltronas semileito. Segundo a Ouro e Prata, as carro\u00e7arias atendem a diferentes perfis de opera\u00e7\u00e3o, ampliando a capacidade e qualificando ainda mais a experi\u00eancia de viagem.<\/p>\n<p>E, para ampliar a comodidade aos seus passageiros, a operadora investiu, nos novos \u00f4nibus, o sistema de internet via sat\u00e9lite OPConecta, que garante conectividade durante toda a viagem, inclusive em regi\u00f5es sem sinal de telefonia m\u00f3vel. Com a tecnologia, os passageiros podem acessar redes sociais, assistir a filmes e s\u00e9ries, realizar videochamadas e navegar na internet com mais estabilidade ao longo do trajeto.<\/p>\n<div id=\"attachment_18206\" style=\"width: 710px\" class=\"wp-caption aligncenter\"><img loading=\"lazy\" decoding=\"async\" aria-describedby=\"caption-attachment-18206\" class=\"wp-image-18206\" src=\"https:\/\/revistaautobus.com.br\/wp-content\/uploads\/2026\/03\/WhatsApp-Image-2026-03-13-at-11.03.12-3-300x200.jpeg\" alt=\"\" width=\"700\" height=\"467\" srcset=\"https:\/\/revistaautobus.com.br\/wp-content\/uploads\/2026\/03\/WhatsApp-Image-2026-03-13-at-11.03.12-3-300x200.jpeg 300w, https:\/\/revistaautobus.com.br\/wp-content\/uploads\/2026\/03\/WhatsApp-Image-2026-03-13-at-11.03.12-3-768x512.jpeg 768w, https:\/\/revistaautobus.com.br\/wp-content\/uploads\/2026\/03\/WhatsApp-Image-2026-03-13-at-11.03.12-3.jpeg 799w\" sizes=\"(max-width: 700px) 100vw, 700px\" \/><p id=\"caption-attachment-18206\" class=\"wp-caption-text\"><span style=\"color: #008000;\"><em><strong>Operadora ga\u00facha investe em conceitos in\u00e9ditos para otimizar suas opera\u00e7\u00f5es<\/strong><\/em><\/span><\/p><\/div>\n<p>A carro\u00e7aria Paradiso 1600 LD traz algumas inova\u00e7\u00f5es, como o novo layout dos bagageiros, que otimiza o aproveitamento dos espa\u00e7os internos, as janelas laterais com vidros fum\u00ea de f\u00e1brica, que dispensam a aplica\u00e7\u00e3o de pel\u00edculas e garantem maior conforto t\u00e9rmico e praticidade na opera\u00e7\u00e3o e o sistema MirrorCam, que substitui os tradicionais espelhos retrovisores por uma tecnologia avan\u00e7ada, composta por c\u00e2meras nacionais que ampliam o campo de vis\u00e3o do motorista, aumentando a seguran\u00e7a durante a condu\u00e7\u00e3o.<\/p>\n<p>Ainda, h\u00e1 o sistema DutoSmart da Marcopolo, tecnologia in\u00e9dita em \u00f4nibus rodovi\u00e1rio no Pa\u00eds para garantir a temperatura homog\u00eanea em todo o sal\u00e3o de passageiros, proporcionando mais conforto durante a viagem.<\/p>\n<p>Com os novos \u00f4nibus, mais um importante detalhe. Para promover maior seguran\u00e7a, eles contam com o sistema anti-inc\u00eandio instalado no compartimento do motor, que atua automaticamente assim que houver algum princ\u00edpio de fogo. \u201cEstamos constantemente investindo na moderniza\u00e7\u00e3o da nossa frota para oferecer aos passageiros uma experi\u00eancia de viagem cada vez mais confort\u00e1vel, segura e conectada. Esses novos \u00f4nibus trazem tecnologias in\u00e9ditas e refor\u00e7am nosso compromisso com a qualidade do servi\u00e7o prestado em todas as regi\u00f5es onde atuamos\u201d, destacou Rafael Fleck, diretor de Manuten\u00e7\u00e3o da Via\u00e7\u00e3o Ouro e Prata.<\/p>\n<p>Imagens &#8211; Divulga\u00e7\u00e3o<\/p>\n","protected":false},"excerpt":{"rendered":"<p>Inova\u00e7\u00f5es ficam por conta das configura\u00e7\u00f5es em layout e da tecnologia do sistema MirrorCam<\/p>\n","protected":false},"author":2,"featured_media":18205,"comment_status":"open","ping_status":"open","sticky":false,"template":"","format":"standard","meta":{"_et_pb_use_builder":"","_et_pb_old_content":"","_et_gb_content_width":"","_jetpack_memberships_contains_paid_content":false,"footnotes":""},"categories":[1060,90,73,80],"tags":[317],"class_list":["post-18204","post","type-post","status-publish","format-standard","has-post-thumbnail","hentry","category-notas","category-noticias","category-tecnologia","category-transporte-rodoviario","tag-viacao-ouro-e-prata","et-has-post-format-content","et_post_format-et-post-format-standard"],"yoast_head":"<!-- This site is optimized with the Yoast SEO plugin v27.2 - https:\/\/yoast.com\/product\/yoast-seo-wordpress\/ -->\n<title>Ouro e Prata com novos \u00f4nibus de \u00faltima gera\u00e7\u00e3o - Revista AutoBus<\/title>\n<meta name=\"robots\" content=\"index, follow, max-snippet:-1, max-image-preview:large, max-video-preview:-1\" \/>\n<link rel=\"canonical\" href=\"https:\/\/revistaautobus.com.br\/?p=18204\" \/>\n<meta property=\"og:locale\" content=\"pt_BR\" \/>\n<meta property=\"og:type\" content=\"article\" \/>\n<meta property=\"og:title\" content=\"Ouro e Prata com novos \u00f4nibus de \u00faltima gera\u00e7\u00e3o - Revista AutoBus\" \/>\n<meta property=\"og:description\" content=\"Inova\u00e7\u00f5es ficam por conta das configura\u00e7\u00f5es em layout e da tecnologia do sistema MirrorCam\" \/>\n<meta property=\"og:url\" content=\"https:\/\/revistaautobus.com.br\/?p=18204\" \/>\n<meta property=\"og:site_name\" content=\"Revista AutoBus\" \/>\n<meta property=\"article:publisher\" content=\"https:\/\/www.facebook.com\/antonio.ferro.3150\" \/>\n<meta property=\"article:published_time\" content=\"2026-03-13T17:16:13+00:00\" \/>\n<meta property=\"og:image\" content=\"https:\/\/revistaautobus.com.br\/wp-content\/uploads\/2026\/03\/WhatsApp-Image-2026-03-13-at-11.03.12-4.jpeg\" \/>\n\t<meta property=\"og:image:width\" content=\"799\" \/>\n\t<meta property=\"og:image:height\" content=\"533\" \/>\n\t<meta property=\"og:image:type\" content=\"image\/jpeg\" \/>\n<meta name=\"author\" content=\"Antonio Ferro\" \/>\n<meta name=\"twitter:card\" content=\"summary_large_image\" \/>\n<meta name=\"twitter:label1\" content=\"Escrito por\" \/>\n\t<meta name=\"twitter:data1\" content=\"Antonio Ferro\" \/>\n\t<meta name=\"twitter:label2\" content=\"Est. tempo de leitura\" \/>\n\t<meta name=\"twitter:data2\" content=\"3 minutos\" \/>\n<script type=\"application\/ld+json\" class=\"yoast-schema-graph\">{\"@context\":\"https:\/\/schema.org\",\"@graph\":[{\"@type\":\"Article\",\"@id\":\"https:\/\/revistaautobus.com.br\/?p=18204#article\",\"isPartOf\":{\"@id\":\"https:\/\/revistaautobus.com.br\/?p=18204\"},\"author\":{\"name\":\"Antonio Ferro\",\"@id\":\"https:\/\/revistaautobus.com.br\/#\/schema\/person\/54af7c3eb83a310e42ef686ef6d16f50\"},\"headline\":\"Ouro e Prata com novos \u00f4nibus de \u00faltima gera\u00e7\u00e3o\",\"datePublished\":\"2026-03-13T17:16:13+00:00\",\"mainEntityOfPage\":{\"@id\":\"https:\/\/revistaautobus.com.br\/?p=18204\"},\"wordCount\":475,\"commentCount\":0,\"publisher\":{\"@id\":\"https:\/\/revistaautobus.com.br\/#organization\"},\"image\":{\"@id\":\"https:\/\/revistaautobus.com.br\/?p=18204#primaryimage\"},\"thumbnailUrl\":\"https:\/\/revistaautobus.com.br\/wp-content\/uploads\/2026\/03\/WhatsApp-Image-2026-03-13-at-11.03.12-4.jpeg\",\"keywords\":[\"Via\u00e7\u00e3o Ouro e Prata\"],\"articleSection\":[\"Notas\",\"Not\u00edcias\",\"Tecnologia\",\"Transporte rodovi\u00e1rio\"],\"inLanguage\":\"pt-BR\",\"potentialAction\":[{\"@type\":\"CommentAction\",\"name\":\"Comment\",\"target\":[\"https:\/\/revistaautobus.com.br\/?p=18204#respond\"]}]},{\"@type\":\"WebPage\",\"@id\":\"https:\/\/revistaautobus.com.br\/?p=18204\",\"url\":\"https:\/\/revistaautobus.com.br\/?p=18204\",\"name\":\"Ouro e Prata com novos \u00f4nibus de \u00faltima gera\u00e7\u00e3o - Revista AutoBus\",\"isPartOf\":{\"@id\":\"https:\/\/revistaautobus.com.br\/#website\"},\"primaryImageOfPage\":{\"@id\":\"https:\/\/revistaautobus.com.br\/?p=18204#primaryimage\"},\"image\":{\"@id\":\"https:\/\/revistaautobus.com.br\/?p=18204#primaryimage\"},\"thumbnailUrl\":\"https:\/\/revistaautobus.com.br\/wp-content\/uploads\/2026\/03\/WhatsApp-Image-2026-03-13-at-11.03.12-4.jpeg\",\"datePublished\":\"2026-03-13T17:16:13+00:00\",\"breadcrumb\":{\"@id\":\"https:\/\/revistaautobus.com.br\/?p=18204#breadcrumb\"},\"inLanguage\":\"pt-BR\",\"potentialAction\":[{\"@type\":\"ReadAction\",\"target\":[\"https:\/\/revistaautobus.com.br\/?p=18204\"]}]},{\"@type\":\"ImageObject\",\"inLanguage\":\"pt-BR\",\"@id\":\"https:\/\/revistaautobus.com.br\/?p=18204#primaryimage\",\"url\":\"https:\/\/revistaautobus.com.br\/wp-content\/uploads\/2026\/03\/WhatsApp-Image-2026-03-13-at-11.03.12-4.jpeg\",\"contentUrl\":\"https:\/\/revistaautobus.com.br\/wp-content\/uploads\/2026\/03\/WhatsApp-Image-2026-03-13-at-11.03.12-4.jpeg\",\"width\":799,\"height\":533},{\"@type\":\"BreadcrumbList\",\"@id\":\"https:\/\/revistaautobus.com.br\/?p=18204#breadcrumb\",\"itemListElement\":[{\"@type\":\"ListItem\",\"position\":1,\"name\":\"In\u00edcio\",\"item\":\"https:\/\/revistaautobus.com.br\/\"},{\"@type\":\"ListItem\",\"position\":2,\"name\":\"Ouro e Prata com novos \u00f4nibus de \u00faltima gera\u00e7\u00e3o\"}]},{\"@type\":\"WebSite\",\"@id\":\"https:\/\/revistaautobus.com.br\/#website\",\"url\":\"https:\/\/revistaautobus.com.br\/\",\"name\":\"Revista AutoBus\",\"description\":\"\",\"publisher\":{\"@id\":\"https:\/\/revistaautobus.com.br\/#organization\"},\"potentialAction\":[{\"@type\":\"SearchAction\",\"target\":{\"@type\":\"EntryPoint\",\"urlTemplate\":\"https:\/\/revistaautobus.com.br\/?s={search_term_string}\"},\"query-input\":{\"@type\":\"PropertyValueSpecification\",\"valueRequired\":true,\"valueName\":\"search_term_string\"}}],\"inLanguage\":\"pt-BR\"},{\"@type\":\"Organization\",\"@id\":\"https:\/\/revistaautobus.com.br\/#organization\",\"name\":\"Revista AutoBus\",\"url\":\"https:\/\/revistaautobus.com.br\/\",\"logo\":{\"@type\":\"ImageObject\",\"inLanguage\":\"pt-BR\",\"@id\":\"https:\/\/revistaautobus.com.br\/#\/schema\/logo\/image\/\",\"url\":\"https:\/\/revistaautobus.com.br\/wp-content\/uploads\/2024\/11\/logo_revista_autobus_fb.png\",\"contentUrl\":\"https:\/\/revistaautobus.com.br\/wp-content\/uploads\/2024\/11\/logo_revista_autobus_fb.png\",\"width\":836,\"height\":227,\"caption\":\"Revista AutoBus\"},\"image\":{\"@id\":\"https:\/\/revistaautobus.com.br\/#\/schema\/logo\/image\/\"},\"sameAs\":[\"https:\/\/www.facebook.com\/antonio.ferro.3150\",\"https:\/\/www.instagram.com\/revistaautobus\/\"]},{\"@type\":\"Person\",\"@id\":\"https:\/\/revistaautobus.com.br\/#\/schema\/person\/54af7c3eb83a310e42ef686ef6d16f50\",\"name\":\"Antonio Ferro\",\"image\":{\"@type\":\"ImageObject\",\"inLanguage\":\"pt-BR\",\"@id\":\"https:\/\/revistaautobus.com.br\/wp-content\/uploads\/2025\/12\/editor_antonio_ferro-150x150.jpg\",\"url\":\"https:\/\/revistaautobus.com.br\/wp-content\/uploads\/2025\/12\/editor_antonio_ferro-150x150.jpg\",\"contentUrl\":\"https:\/\/revistaautobus.com.br\/wp-content\/uploads\/2025\/12\/editor_antonio_ferro-150x150.jpg\",\"caption\":\"Antonio Ferro\"},\"description\":\"infobus@uol.com.br\",\"url\":\"https:\/\/revistaautobus.com.br\/?author=2\"}]}<\/script>\n<!-- \/ Yoast SEO plugin. -->","yoast_head_json":{"title":"Ouro e Prata com novos \u00f4nibus de \u00faltima gera\u00e7\u00e3o - Revista AutoBus","robots":{"index":"index","follow":"follow","max-snippet":"max-snippet:-1","max-image-preview":"max-image-preview:large","max-video-preview":"max-video-preview:-1"},"canonical":"https:\/\/revistaautobus.com.br\/?p=18204","og_locale":"pt_BR","og_type":"article","og_title":"Ouro e Prata com novos \u00f4nibus de \u00faltima gera\u00e7\u00e3o - Revista AutoBus","og_description":"Inova\u00e7\u00f5es ficam por conta das configura\u00e7\u00f5es em layout e da tecnologia do sistema MirrorCam","og_url":"https:\/\/revistaautobus.com.br\/?p=18204","og_site_name":"Revista AutoBus","article_publisher":"https:\/\/www.facebook.com\/antonio.ferro.3150","article_published_time":"2026-03-13T17:16:13+00:00","og_image":[{"width":799,"height":533,"url":"https:\/\/revistaautobus.com.br\/wp-content\/uploads\/2026\/03\/WhatsApp-Image-2026-03-13-at-11.03.12-4.jpeg","type":"image\/jpeg"}],"author":"Antonio Ferro","twitter_card":"summary_large_image","twitter_misc":{"Escrito por":"Antonio Ferro","Est. tempo de leitura":"3 minutos"},"schema":{"@context":"https:\/\/schema.org","@graph":[{"@type":"Article","@id":"https:\/\/revistaautobus.com.br\/?p=18204#article","isPartOf":{"@id":"https:\/\/revistaautobus.com.br\/?p=18204"},"author":{"name":"Antonio Ferro","@id":"https:\/\/revistaautobus.com.br\/#\/schema\/person\/54af7c3eb83a310e42ef686ef6d16f50"},"headline":"Ouro e Prata com novos \u00f4nibus de \u00faltima gera\u00e7\u00e3o","datePublished":"2026-03-13T17:16:13+00:00","mainEntityOfPage":{"@id":"https:\/\/revistaautobus.com.br\/?p=18204"},"wordCount":475,"commentCount":0,"publisher":{"@id":"https:\/\/revistaautobus.com.br\/#organization"},"image":{"@id":"https:\/\/revistaautobus.com.br\/?p=18204#primaryimage"},"thumbnailUrl":"https:\/\/revistaautobus.com.br\/wp-content\/uploads\/2026\/03\/WhatsApp-Image-2026-03-13-at-11.03.12-4.jpeg","keywords":["Via\u00e7\u00e3o Ouro e Prata"],"articleSection":["Notas","Not\u00edcias","Tecnologia","Transporte rodovi\u00e1rio"],"inLanguage":"pt-BR","potentialAction":[{"@type":"CommentAction","name":"Comment","target":["https:\/\/revistaautobus.com.br\/?p=18204#respond"]}]},{"@type":"WebPage","@id":"https:\/\/revistaautobus.com.br\/?p=18204","url":"https:\/\/revistaautobus.com.br\/?p=18204","name":"Ouro e Prata com novos \u00f4nibus de \u00faltima gera\u00e7\u00e3o - Revista AutoBus","isPartOf":{"@id":"https:\/\/revistaautobus.com.br\/#website"},"primaryImageOfPage":{"@id":"https:\/\/revistaautobus.com.br\/?p=18204#primaryimage"},"image":{"@id":"https:\/\/revistaautobus.com.br\/?p=18204#primaryimage"},"thumbnailUrl":"https:\/\/revistaautobus.com.br\/wp-content\/uploads\/2026\/03\/WhatsApp-Image-2026-03-13-at-11.03.12-4.jpeg","datePublished":"2026-03-13T17:16:13+00:00","breadcrumb":{"@id":"https:\/\/revistaautobus.com.br\/?p=18204#breadcrumb"},"inLanguage":"pt-BR","potentialAction":[{"@type":"ReadAction","target":["https:\/\/revistaautobus.com.br\/?p=18204"]}]},{"@type":"ImageObject","inLanguage":"pt-BR","@id":"https:\/\/revistaautobus.com.br\/?p=18204#primaryimage","url":"https:\/\/revistaautobus.com.br\/wp-content\/uploads\/2026\/03\/WhatsApp-Image-2026-03-13-at-11.03.12-4.jpeg","contentUrl":"https:\/\/revistaautobus.com.br\/wp-content\/uploads\/2026\/03\/WhatsApp-Image-2026-03-13-at-11.03.12-4.jpeg","width":799,"height":533},{"@type":"BreadcrumbList","@id":"https:\/\/revistaautobus.com.br\/?p=18204#breadcrumb","itemListElement":[{"@type":"ListItem","position":1,"name":"In\u00edcio","item":"https:\/\/revistaautobus.com.br\/"},{"@type":"ListItem","position":2,"name":"Ouro e Prata com novos \u00f4nibus de \u00faltima gera\u00e7\u00e3o"}]},{"@type":"WebSite","@id":"https:\/\/revistaautobus.com.br\/#website","url":"https:\/\/revistaautobus.com.br\/","name":"Revista AutoBus","description":"","publisher":{"@id":"https:\/\/revistaautobus.com.br\/#organization"},"potentialAction":[{"@type":"SearchAction","target":{"@type":"EntryPoint","urlTemplate":"https:\/\/revistaautobus.com.br\/?s={search_term_string}"},"query-input":{"@type":"PropertyValueSpecification","valueRequired":true,"valueName":"search_term_string"}}],"inLanguage":"pt-BR"},{"@type":"Organization","@id":"https:\/\/revistaautobus.com.br\/#organization","name":"Revista AutoBus","url":"https:\/\/revistaautobus.com.br\/","logo":{"@type":"ImageObject","inLanguage":"pt-BR","@id":"https:\/\/revistaautobus.com.br\/#\/schema\/logo\/image\/","url":"https:\/\/revistaautobus.com.br\/wp-content\/uploads\/2024\/11\/logo_revista_autobus_fb.png","contentUrl":"https:\/\/revistaautobus.com.br\/wp-content\/uploads\/2024\/11\/logo_revista_autobus_fb.png","width":836,"height":227,"caption":"Revista AutoBus"},"image":{"@id":"https:\/\/revistaautobus.com.br\/#\/schema\/logo\/image\/"},"sameAs":["https:\/\/www.facebook.com\/antonio.ferro.3150","https:\/\/www.instagram.com\/revistaautobus\/"]},{"@type":"Person","@id":"https:\/\/revistaautobus.com.br\/#\/schema\/person\/54af7c3eb83a310e42ef686ef6d16f50","name":"Antonio Ferro","image":{"@type":"ImageObject","inLanguage":"pt-BR","@id":"https:\/\/revistaautobus.com.br\/wp-content\/uploads\/2025\/12\/editor_antonio_ferro-150x150.jpg","url":"https:\/\/revistaautobus.com.br\/wp-content\/uploads\/2025\/12\/editor_antonio_ferro-150x150.jpg","contentUrl":"https:\/\/revistaautobus.com.br\/wp-content\/uploads\/2025\/12\/editor_antonio_ferro-150x150.jpg","caption":"Antonio Ferro"},"description":"infobus@uol.com.br","url":"https:\/\/revistaautobus.com.br\/?author=2"}]}},"jetpack_featured_media_url":"https:\/\/revistaautobus.com.br\/wp-content\/uploads\/2026\/03\/WhatsApp-Image-2026-03-13-at-11.03.12-4.jpeg","jetpack_sharing_enabled":true,"_links":{"self":[{"href":"https:\/\/revistaautobus.com.br\/index.php?rest_route=\/wp\/v2\/posts\/18204","targetHints":{"allow":["GET"]}}],"collection":[{"href":"https:\/\/revistaautobus.com.br\/index.php?rest_route=\/wp\/v2\/posts"}],"about":[{"href":"https:\/\/revistaautobus.com.br\/index.php?rest_route=\/wp\/v2\/types\/post"}],"author":[{"embeddable":true,"href":"https:\/\/revistaautobus.com.br\/index.php?rest_route=\/wp\/v2\/users\/2"}],"replies":[{"embeddable":true,"href":"https:\/\/revistaautobus.com.br\/index.php?rest_route=%2Fwp%2Fv2%2Fcomments&post=18204"}],"version-history":[{"count":2,"href":"https:\/\/revistaautobus.com.br\/index.php?rest_route=\/wp\/v2\/posts\/18204\/revisions"}],"predecessor-version":[{"id":18208,"href":"https:\/\/revistaautobus.com.br\/index.php?rest_route=\/wp\/v2\/posts\/18204\/revisions\/18208"}],"wp:featuredmedia":[{"embeddable":true,"href":"https:\/\/revistaautobus.com.br\/index.php?rest_route=\/wp\/v2\/media\/18205"}],"wp:attachment":[{"href":"https:\/\/revistaautobus.com.br\/index.php?rest_route=%2Fwp%2Fv2%2Fmedia&parent=18204"}],"wp:term":[{"taxonomy":"category","embeddable":true,"href":"https:\/\/revistaautobus.com.br\/index.php?rest_route=%2Fwp%2Fv2%2Fcategories&post=18204"},{"taxonomy":"post_tag","embeddable":true,"href":"https:\/\/revistaautobus.com.br\/index.php?rest_route=%2Fwp%2Fv2%2Ftags&post=18204"}],"curies":[{"name":"wp","href":"https:\/\/api.w.org\/{rel}","templated":true}]}}