{"id":18209,"date":"2026-03-13T14:22:04","date_gmt":"2026-03-13T17:22:04","guid":{"rendered":"https:\/\/revistaautobus.com.br\/?p=18209"},"modified":"2026-03-13T14:22:04","modified_gmt":"2026-03-13T17:22:04","slug":"a-fluidez-das-ruas-e-a-modernizacao-do-sistema","status":"publish","type":"post","link":"https:\/\/revistaautobus.com.br\/?p=18209","title":{"rendered":"A fluidez das ruas e a moderniza\u00e7\u00e3o do sistema"},"content":{"rendered":"<p>Por <span style=\"color: #0000ff;\"><em><strong>Paulo Valente<\/strong><\/em><\/span>, diretor de Comunica\u00e7\u00e3o do Rio \u00d4nibus<\/p>\n<p>O cen\u00e1rio \u00e9 familiar para quem vive nas grandes metr\u00f3poles, especialmente no Rio de Janeiro. O tr\u00e2nsito para enquanto o tempo da vida passa. Entre buzinas e engarrafamentos, a sensa\u00e7\u00e3o de impot\u00eancia \u00e9 real. O diagn\u00f3stico visual \u00e9 \u00f3bvio, s\u00e3o carros demais para espa\u00e7os de menos. Contudo, a solu\u00e7\u00e3o para esse caos n\u00e3o reside em abrir mais asfalto para ve\u00edculos individuais, mas sim em fortalecer a \u00fanica via capaz de democratizar o espa\u00e7o urbano, o transporte coletivo.<\/p>\n<p>Para entender a urg\u00eancia de priorizar o \u00f4nibus, basta uma conta simples, um \u00fanico coletivo \u00e9 capaz de retirar at\u00e9 40 carros de circula\u00e7\u00e3o. S\u00e3o 40 escolhas individuais que cedem lugar a uma solu\u00e7\u00e3o coletiva. Quando o transporte p\u00fablico avan\u00e7a, ele n\u00e3o carrega apenas pessoas, ele transporta tempo economizado, reduz a polui\u00e7\u00e3o e devolve qualidade de vida e sa\u00fade \u00e0 popula\u00e7\u00e3o.<\/p>\n<p>Apesar disso, ainda sobrevive o mito de que tirar os \u00f4nibus das ruas resolveria o tr\u00e2nsito. Sendo que na verdade, menos \u00f4nibus significam mais carros e mais caos. A verdadeira sa\u00edda s\u00e3o \u00f4nibus modernos, eficientes e integrados. Por\u00e9m, para que essa efici\u00eancia chegue ao ponto de \u00f4nibus, precisamos enfrentar um problema invis\u00edvel aos olhos do passageiro, mas que trava o sistema como um todo, o modelo de financiamento.<\/p>\n<p>Atualmente, o transporte p\u00fablico no Brasil vive uma contradi\u00e7\u00e3o insustent\u00e1vel. Embora seja um servi\u00e7o essencial, ele \u00e9 financiado quase exclusivamente pela tarifa paga pelo usu\u00e1rio. Esse modelo sobrecarrega quem depende do \u00f4nibus, gera press\u00e3o constante por aumentos e impede investimentos em moderniza\u00e7\u00e3o. E \u00e9 aqui que o Marco Legal do Transporte P\u00fablico (PL 3.278\/2021) surge como um divisor de \u00e1guas. O objetivo n\u00e3o \u00e9 &#8220;reinventar a roda&#8221;, mas organizar regras para que o transporte seja tratado como uma verdadeira pol\u00edtica p\u00fablica.<\/p>\n<div id=\"attachment_18212\" style=\"width: 303px\" class=\"wp-caption aligncenter\"><img loading=\"lazy\" decoding=\"async\" aria-describedby=\"caption-attachment-18212\" class=\"wp-image-18212\" src=\"https:\/\/revistaautobus.com.br\/wp-content\/uploads\/2026\/03\/WhatsApp-Image-2026-03-09-at-14.14.48-2-1-220x300.jpeg\" alt=\"\" width=\"293\" height=\"400\" srcset=\"https:\/\/revistaautobus.com.br\/wp-content\/uploads\/2026\/03\/WhatsApp-Image-2026-03-09-at-14.14.48-2-1-220x300.jpeg 220w, https:\/\/revistaautobus.com.br\/wp-content\/uploads\/2026\/03\/WhatsApp-Image-2026-03-09-at-14.14.48-2-1-750x1024.jpeg 750w, https:\/\/revistaautobus.com.br\/wp-content\/uploads\/2026\/03\/WhatsApp-Image-2026-03-09-at-14.14.48-2-1-768x1049.jpeg 768w, https:\/\/revistaautobus.com.br\/wp-content\/uploads\/2026\/03\/WhatsApp-Image-2026-03-09-at-14.14.48-2-1.jpeg 994w\" sizes=\"(max-width: 293px) 100vw, 293px\" \/><p id=\"caption-attachment-18212\" class=\"wp-caption-text\"><span style=\"color: #800000;\"><em><strong>Paulo Valente<\/strong><\/em><\/span><\/p><\/div>\n<p style=\"text-align: left;\">A mudan\u00e7a mais urgente \u00e9 a separa\u00e7\u00e3o entre o custo da opera\u00e7\u00e3o e o valor pago pelo passageiro. Hoje, gratuidades e descontos, que s\u00e3o benef\u00edcios leg\u00edtimos e necess\u00e1rios, muitas vezes n\u00e3o possuem fonte de custeio definida, o que acaba encarecendo a passagem de quem paga a tarifa diariamente. Um sistema moderno exige subs\u00eddios expl\u00edcitos, metas de qualidade, indicadores de desempenho e, acima de tudo, previsibilidade.<\/p>\n<p>Centenas de cidades brasileiras j\u00e1 mostram que a participa\u00e7\u00e3o do poder p\u00fablico \u00e9 vi\u00e1vel, com experi\u00eancias que v\u00e3o do subs\u00eddio parcial \u00e0 tarifa zero. O que falta \u00e9 consolidar uma estrutura nacional que permita escala e planejamento de longo prazo.<\/p>\n<p>A moderniza\u00e7\u00e3o do sistema \u00e9 o caminho mais curto para proteger o bolso do usu\u00e1rio e dar efici\u00eancia \u00e0s cidades. Para o passageiro, um novo marco regulat\u00f3rio significa menos depend\u00eancia de aumentos autom\u00e1ticos de tarifa. Para a cidade, significa seguran\u00e7a jur\u00eddica para inovar e investir em frotas menos poluentes e mais confort\u00e1veis.<\/p>\n<p>O futuro da mobilidade urbana n\u00e3o ser\u00e1 constru\u00eddo com atalhos ou com a remo\u00e7\u00e3o de \u00f4nibus das ruas. Ele ser\u00e1 erguido com financiamento estruturado, governan\u00e7a e a compreens\u00e3o de que, quando o transporte p\u00fablico ganha qualidade, a cidade inteira se move com ele. Escolher o coletivo \u00e9, no fim das contas, escolher o nosso tempo de volta.<\/p>\n<p>Imagens &#8211;\u00a0Marcia Foletto \/ Ag\u00eancia O Globo e Divulga\u00e7\u00e3o<\/p>\n","protected":false},"excerpt":{"rendered":"<p>A moderniza\u00e7\u00e3o do sistema \u00e9 o caminho mais curto para proteger o bolso do usu\u00e1rio e dar efici\u00eancia \u00e0s cidades<\/p>\n","protected":false},"author":2,"featured_media":18210,"comment_status":"open","ping_status":"open","sticky":false,"template":"","format":"standard","meta":{"_et_pb_use_builder":"","_et_pb_old_content":"","_et_gb_content_width":"","_jetpack_memberships_contains_paid_content":false,"footnotes":""},"categories":[7,1060,90,41],"tags":[67,19],"class_list":["post-18209","post","type-post","status-publish","format-standard","has-post-thumbnail","hentry","category-mobilidade-urbana","category-notas","category-noticias","category-ponto-de-vista","tag-mobilidade-urbana","tag-transporte-coletivo","et-has-post-format-content","et_post_format-et-post-format-standard"],"yoast_head":"<!-- This site is optimized with the Yoast SEO plugin v27.2 - https:\/\/yoast.com\/product\/yoast-seo-wordpress\/ -->\n<title>A fluidez das ruas e a moderniza\u00e7\u00e3o do sistema - Revista AutoBus<\/title>\n<meta name=\"robots\" content=\"index, follow, max-snippet:-1, max-image-preview:large, max-video-preview:-1\" \/>\n<link rel=\"canonical\" href=\"https:\/\/revistaautobus.com.br\/?p=18209\" \/>\n<meta property=\"og:locale\" content=\"pt_BR\" \/>\n<meta property=\"og:type\" content=\"article\" \/>\n<meta property=\"og:title\" content=\"A fluidez das ruas e a moderniza\u00e7\u00e3o do sistema - Revista AutoBus\" \/>\n<meta property=\"og:description\" content=\"A moderniza\u00e7\u00e3o do sistema \u00e9 o caminho mais curto para proteger o bolso do usu\u00e1rio e dar efici\u00eancia \u00e0s cidades\" \/>\n<meta property=\"og:url\" content=\"https:\/\/revistaautobus.com.br\/?p=18209\" \/>\n<meta property=\"og:site_name\" content=\"Revista AutoBus\" \/>\n<meta property=\"article:publisher\" content=\"https:\/\/www.facebook.com\/antonio.ferro.3150\" \/>\n<meta property=\"article:published_time\" content=\"2026-03-13T17:22:04+00:00\" \/>\n<meta property=\"og:image\" content=\"https:\/\/revistaautobus.com.br\/wp-content\/uploads\/2026\/03\/WhatsApp-Image-2026-03-09-at-14.14.48.jpeg\" \/>\n\t<meta property=\"og:image:width\" content=\"1587\" \/>\n\t<meta property=\"og:image:height\" content=\"690\" \/>\n\t<meta property=\"og:image:type\" content=\"image\/jpeg\" \/>\n<meta name=\"author\" content=\"Antonio Ferro\" \/>\n<meta name=\"twitter:card\" content=\"summary_large_image\" \/>\n<meta name=\"twitter:label1\" content=\"Escrito por\" \/>\n\t<meta name=\"twitter:data1\" content=\"Antonio Ferro\" \/>\n\t<meta name=\"twitter:label2\" content=\"Est. tempo de leitura\" \/>\n\t<meta name=\"twitter:data2\" content=\"4 minutos\" \/>\n<script type=\"application\/ld+json\" class=\"yoast-schema-graph\">{\"@context\":\"https:\/\/schema.org\",\"@graph\":[{\"@type\":\"Article\",\"@id\":\"https:\/\/revistaautobus.com.br\/?p=18209#article\",\"isPartOf\":{\"@id\":\"https:\/\/revistaautobus.com.br\/?p=18209\"},\"author\":{\"name\":\"Antonio Ferro\",\"@id\":\"https:\/\/revistaautobus.com.br\/#\/schema\/person\/54af7c3eb83a310e42ef686ef6d16f50\"},\"headline\":\"A fluidez das ruas e a moderniza\u00e7\u00e3o do sistema\",\"datePublished\":\"2026-03-13T17:22:04+00:00\",\"mainEntityOfPage\":{\"@id\":\"https:\/\/revistaautobus.com.br\/?p=18209\"},\"wordCount\":594,\"commentCount\":0,\"publisher\":{\"@id\":\"https:\/\/revistaautobus.com.br\/#organization\"},\"image\":{\"@id\":\"https:\/\/revistaautobus.com.br\/?p=18209#primaryimage\"},\"thumbnailUrl\":\"https:\/\/revistaautobus.com.br\/wp-content\/uploads\/2026\/03\/WhatsApp-Image-2026-03-09-at-14.14.48.jpeg\",\"keywords\":[\"mobilidade urbana\",\"transporte coletivo\"],\"articleSection\":[\"Mobilidade Urbana\",\"Notas\",\"Not\u00edcias\",\"Ponto de Vista\"],\"inLanguage\":\"pt-BR\",\"potentialAction\":[{\"@type\":\"CommentAction\",\"name\":\"Comment\",\"target\":[\"https:\/\/revistaautobus.com.br\/?p=18209#respond\"]}]},{\"@type\":\"WebPage\",\"@id\":\"https:\/\/revistaautobus.com.br\/?p=18209\",\"url\":\"https:\/\/revistaautobus.com.br\/?p=18209\",\"name\":\"A fluidez das ruas e a moderniza\u00e7\u00e3o do sistema - Revista AutoBus\",\"isPartOf\":{\"@id\":\"https:\/\/revistaautobus.com.br\/#website\"},\"primaryImageOfPage\":{\"@id\":\"https:\/\/revistaautobus.com.br\/?p=18209#primaryimage\"},\"image\":{\"@id\":\"https:\/\/revistaautobus.com.br\/?p=18209#primaryimage\"},\"thumbnailUrl\":\"https:\/\/revistaautobus.com.br\/wp-content\/uploads\/2026\/03\/WhatsApp-Image-2026-03-09-at-14.14.48.jpeg\",\"datePublished\":\"2026-03-13T17:22:04+00:00\",\"breadcrumb\":{\"@id\":\"https:\/\/revistaautobus.com.br\/?p=18209#breadcrumb\"},\"inLanguage\":\"pt-BR\",\"potentialAction\":[{\"@type\":\"ReadAction\",\"target\":[\"https:\/\/revistaautobus.com.br\/?p=18209\"]}]},{\"@type\":\"ImageObject\",\"inLanguage\":\"pt-BR\",\"@id\":\"https:\/\/revistaautobus.com.br\/?p=18209#primaryimage\",\"url\":\"https:\/\/revistaautobus.com.br\/wp-content\/uploads\/2026\/03\/WhatsApp-Image-2026-03-09-at-14.14.48.jpeg\",\"contentUrl\":\"https:\/\/revistaautobus.com.br\/wp-content\/uploads\/2026\/03\/WhatsApp-Image-2026-03-09-at-14.14.48.jpeg\",\"width\":1587,\"height\":690},{\"@type\":\"BreadcrumbList\",\"@id\":\"https:\/\/revistaautobus.com.br\/?p=18209#breadcrumb\",\"itemListElement\":[{\"@type\":\"ListItem\",\"position\":1,\"name\":\"In\u00edcio\",\"item\":\"https:\/\/revistaautobus.com.br\/\"},{\"@type\":\"ListItem\",\"position\":2,\"name\":\"A fluidez das ruas e a moderniza\u00e7\u00e3o do sistema\"}]},{\"@type\":\"WebSite\",\"@id\":\"https:\/\/revistaautobus.com.br\/#website\",\"url\":\"https:\/\/revistaautobus.com.br\/\",\"name\":\"Revista AutoBus\",\"description\":\"\",\"publisher\":{\"@id\":\"https:\/\/revistaautobus.com.br\/#organization\"},\"potentialAction\":[{\"@type\":\"SearchAction\",\"target\":{\"@type\":\"EntryPoint\",\"urlTemplate\":\"https:\/\/revistaautobus.com.br\/?s={search_term_string}\"},\"query-input\":{\"@type\":\"PropertyValueSpecification\",\"valueRequired\":true,\"valueName\":\"search_term_string\"}}],\"inLanguage\":\"pt-BR\"},{\"@type\":\"Organization\",\"@id\":\"https:\/\/revistaautobus.com.br\/#organization\",\"name\":\"Revista AutoBus\",\"url\":\"https:\/\/revistaautobus.com.br\/\",\"logo\":{\"@type\":\"ImageObject\",\"inLanguage\":\"pt-BR\",\"@id\":\"https:\/\/revistaautobus.com.br\/#\/schema\/logo\/image\/\",\"url\":\"https:\/\/revistaautobus.com.br\/wp-content\/uploads\/2024\/11\/logo_revista_autobus_fb.png\",\"contentUrl\":\"https:\/\/revistaautobus.com.br\/wp-content\/uploads\/2024\/11\/logo_revista_autobus_fb.png\",\"width\":836,\"height\":227,\"caption\":\"Revista AutoBus\"},\"image\":{\"@id\":\"https:\/\/revistaautobus.com.br\/#\/schema\/logo\/image\/\"},\"sameAs\":[\"https:\/\/www.facebook.com\/antonio.ferro.3150\",\"https:\/\/www.instagram.com\/revistaautobus\/\"]},{\"@type\":\"Person\",\"@id\":\"https:\/\/revistaautobus.com.br\/#\/schema\/person\/54af7c3eb83a310e42ef686ef6d16f50\",\"name\":\"Antonio Ferro\",\"image\":{\"@type\":\"ImageObject\",\"inLanguage\":\"pt-BR\",\"@id\":\"https:\/\/revistaautobus.com.br\/wp-content\/uploads\/2025\/12\/editor_antonio_ferro-150x150.jpg\",\"url\":\"https:\/\/revistaautobus.com.br\/wp-content\/uploads\/2025\/12\/editor_antonio_ferro-150x150.jpg\",\"contentUrl\":\"https:\/\/revistaautobus.com.br\/wp-content\/uploads\/2025\/12\/editor_antonio_ferro-150x150.jpg\",\"caption\":\"Antonio Ferro\"},\"description\":\"infobus@uol.com.br\",\"url\":\"https:\/\/revistaautobus.com.br\/?author=2\"}]}<\/script>\n<!-- \/ Yoast SEO plugin. -->","yoast_head_json":{"title":"A fluidez das ruas e a moderniza\u00e7\u00e3o do sistema - Revista AutoBus","robots":{"index":"index","follow":"follow","max-snippet":"max-snippet:-1","max-image-preview":"max-image-preview:large","max-video-preview":"max-video-preview:-1"},"canonical":"https:\/\/revistaautobus.com.br\/?p=18209","og_locale":"pt_BR","og_type":"article","og_title":"A fluidez das ruas e a moderniza\u00e7\u00e3o do sistema - Revista AutoBus","og_description":"A moderniza\u00e7\u00e3o do sistema \u00e9 o caminho mais curto para proteger o bolso do usu\u00e1rio e dar efici\u00eancia \u00e0s cidades","og_url":"https:\/\/revistaautobus.com.br\/?p=18209","og_site_name":"Revista AutoBus","article_publisher":"https:\/\/www.facebook.com\/antonio.ferro.3150","article_published_time":"2026-03-13T17:22:04+00:00","og_image":[{"width":1587,"height":690,"url":"https:\/\/revistaautobus.com.br\/wp-content\/uploads\/2026\/03\/WhatsApp-Image-2026-03-09-at-14.14.48.jpeg","type":"image\/jpeg"}],"author":"Antonio Ferro","twitter_card":"summary_large_image","twitter_misc":{"Escrito por":"Antonio Ferro","Est. tempo de leitura":"4 minutos"},"schema":{"@context":"https:\/\/schema.org","@graph":[{"@type":"Article","@id":"https:\/\/revistaautobus.com.br\/?p=18209#article","isPartOf":{"@id":"https:\/\/revistaautobus.com.br\/?p=18209"},"author":{"name":"Antonio Ferro","@id":"https:\/\/revistaautobus.com.br\/#\/schema\/person\/54af7c3eb83a310e42ef686ef6d16f50"},"headline":"A fluidez das ruas e a moderniza\u00e7\u00e3o do sistema","datePublished":"2026-03-13T17:22:04+00:00","mainEntityOfPage":{"@id":"https:\/\/revistaautobus.com.br\/?p=18209"},"wordCount":594,"commentCount":0,"publisher":{"@id":"https:\/\/revistaautobus.com.br\/#organization"},"image":{"@id":"https:\/\/revistaautobus.com.br\/?p=18209#primaryimage"},"thumbnailUrl":"https:\/\/revistaautobus.com.br\/wp-content\/uploads\/2026\/03\/WhatsApp-Image-2026-03-09-at-14.14.48.jpeg","keywords":["mobilidade urbana","transporte coletivo"],"articleSection":["Mobilidade Urbana","Notas","Not\u00edcias","Ponto de Vista"],"inLanguage":"pt-BR","potentialAction":[{"@type":"CommentAction","name":"Comment","target":["https:\/\/revistaautobus.com.br\/?p=18209#respond"]}]},{"@type":"WebPage","@id":"https:\/\/revistaautobus.com.br\/?p=18209","url":"https:\/\/revistaautobus.com.br\/?p=18209","name":"A fluidez das ruas e a moderniza\u00e7\u00e3o do sistema - Revista AutoBus","isPartOf":{"@id":"https:\/\/revistaautobus.com.br\/#website"},"primaryImageOfPage":{"@id":"https:\/\/revistaautobus.com.br\/?p=18209#primaryimage"},"image":{"@id":"https:\/\/revistaautobus.com.br\/?p=18209#primaryimage"},"thumbnailUrl":"https:\/\/revistaautobus.com.br\/wp-content\/uploads\/2026\/03\/WhatsApp-Image-2026-03-09-at-14.14.48.jpeg","datePublished":"2026-03-13T17:22:04+00:00","breadcrumb":{"@id":"https:\/\/revistaautobus.com.br\/?p=18209#breadcrumb"},"inLanguage":"pt-BR","potentialAction":[{"@type":"ReadAction","target":["https:\/\/revistaautobus.com.br\/?p=18209"]}]},{"@type":"ImageObject","inLanguage":"pt-BR","@id":"https:\/\/revistaautobus.com.br\/?p=18209#primaryimage","url":"https:\/\/revistaautobus.com.br\/wp-content\/uploads\/2026\/03\/WhatsApp-Image-2026-03-09-at-14.14.48.jpeg","contentUrl":"https:\/\/revistaautobus.com.br\/wp-content\/uploads\/2026\/03\/WhatsApp-Image-2026-03-09-at-14.14.48.jpeg","width":1587,"height":690},{"@type":"BreadcrumbList","@id":"https:\/\/revistaautobus.com.br\/?p=18209#breadcrumb","itemListElement":[{"@type":"ListItem","position":1,"name":"In\u00edcio","item":"https:\/\/revistaautobus.com.br\/"},{"@type":"ListItem","position":2,"name":"A fluidez das ruas e a moderniza\u00e7\u00e3o do sistema"}]},{"@type":"WebSite","@id":"https:\/\/revistaautobus.com.br\/#website","url":"https:\/\/revistaautobus.com.br\/","name":"Revista AutoBus","description":"","publisher":{"@id":"https:\/\/revistaautobus.com.br\/#organization"},"potentialAction":[{"@type":"SearchAction","target":{"@type":"EntryPoint","urlTemplate":"https:\/\/revistaautobus.com.br\/?s={search_term_string}"},"query-input":{"@type":"PropertyValueSpecification","valueRequired":true,"valueName":"search_term_string"}}],"inLanguage":"pt-BR"},{"@type":"Organization","@id":"https:\/\/revistaautobus.com.br\/#organization","name":"Revista AutoBus","url":"https:\/\/revistaautobus.com.br\/","logo":{"@type":"ImageObject","inLanguage":"pt-BR","@id":"https:\/\/revistaautobus.com.br\/#\/schema\/logo\/image\/","url":"https:\/\/revistaautobus.com.br\/wp-content\/uploads\/2024\/11\/logo_revista_autobus_fb.png","contentUrl":"https:\/\/revistaautobus.com.br\/wp-content\/uploads\/2024\/11\/logo_revista_autobus_fb.png","width":836,"height":227,"caption":"Revista AutoBus"},"image":{"@id":"https:\/\/revistaautobus.com.br\/#\/schema\/logo\/image\/"},"sameAs":["https:\/\/www.facebook.com\/antonio.ferro.3150","https:\/\/www.instagram.com\/revistaautobus\/"]},{"@type":"Person","@id":"https:\/\/revistaautobus.com.br\/#\/schema\/person\/54af7c3eb83a310e42ef686ef6d16f50","name":"Antonio Ferro","image":{"@type":"ImageObject","inLanguage":"pt-BR","@id":"https:\/\/revistaautobus.com.br\/wp-content\/uploads\/2025\/12\/editor_antonio_ferro-150x150.jpg","url":"https:\/\/revistaautobus.com.br\/wp-content\/uploads\/2025\/12\/editor_antonio_ferro-150x150.jpg","contentUrl":"https:\/\/revistaautobus.com.br\/wp-content\/uploads\/2025\/12\/editor_antonio_ferro-150x150.jpg","caption":"Antonio Ferro"},"description":"infobus@uol.com.br","url":"https:\/\/revistaautobus.com.br\/?author=2"}]}},"jetpack_featured_media_url":"https:\/\/revistaautobus.com.br\/wp-content\/uploads\/2026\/03\/WhatsApp-Image-2026-03-09-at-14.14.48.jpeg","jetpack_sharing_enabled":true,"_links":{"self":[{"href":"https:\/\/revistaautobus.com.br\/index.php?rest_route=\/wp\/v2\/posts\/18209","targetHints":{"allow":["GET"]}}],"collection":[{"href":"https:\/\/revistaautobus.com.br\/index.php?rest_route=\/wp\/v2\/posts"}],"about":[{"href":"https:\/\/revistaautobus.com.br\/index.php?rest_route=\/wp\/v2\/types\/post"}],"author":[{"embeddable":true,"href":"https:\/\/revistaautobus.com.br\/index.php?rest_route=\/wp\/v2\/users\/2"}],"replies":[{"embeddable":true,"href":"https:\/\/revistaautobus.com.br\/index.php?rest_route=%2Fwp%2Fv2%2Fcomments&post=18209"}],"version-history":[{"count":2,"href":"https:\/\/revistaautobus.com.br\/index.php?rest_route=\/wp\/v2\/posts\/18209\/revisions"}],"predecessor-version":[{"id":18214,"href":"https:\/\/revistaautobus.com.br\/index.php?rest_route=\/wp\/v2\/posts\/18209\/revisions\/18214"}],"wp:featuredmedia":[{"embeddable":true,"href":"https:\/\/revistaautobus.com.br\/index.php?rest_route=\/wp\/v2\/media\/18210"}],"wp:attachment":[{"href":"https:\/\/revistaautobus.com.br\/index.php?rest_route=%2Fwp%2Fv2%2Fmedia&parent=18209"}],"wp:term":[{"taxonomy":"category","embeddable":true,"href":"https:\/\/revistaautobus.com.br\/index.php?rest_route=%2Fwp%2Fv2%2Fcategories&post=18209"},{"taxonomy":"post_tag","embeddable":true,"href":"https:\/\/revistaautobus.com.br\/index.php?rest_route=%2Fwp%2Fv2%2Ftags&post=18209"}],"curies":[{"name":"wp","href":"https:\/\/api.w.org\/{rel}","templated":true}]}}