{"id":18217,"date":"2026-03-16T07:16:14","date_gmt":"2026-03-16T10:16:14","guid":{"rendered":"https:\/\/revistaautobus.com.br\/?p=18217"},"modified":"2026-03-16T07:16:14","modified_gmt":"2026-03-16T10:16:14","slug":"brt-no-combate-ao-feminicidio","status":"publish","type":"post","link":"https:\/\/revistaautobus.com.br\/?p=18217","title":{"rendered":"BRT no combate ao feminic\u00eddio"},"content":{"rendered":"<p>O BRT Sorocaba lan\u00e7ou a campanha \u201cBanco Vermelho\u201d de combate ao feminic\u00eddio zero, no seu terminal Vit\u00f3ria R\u00e9gia. De acordo com a gest\u00e3o do sistema local, a a\u00e7\u00e3o visa sensibilizar e mobilizar a popula\u00e7\u00e3o para a import\u00e2ncia da den\u00fancia e da prote\u00e7\u00e3o de mulheres e meninas v\u00edtimas de viol\u00eancia, um problema crescente no Brasil.<\/p>\n<p>Al\u00e9m da instala\u00e7\u00e3o do \u201cBanco Vermelho\u201d, a mensagem de alerta e conscientiza\u00e7\u00e3o ser\u00e1 exibida no circuito interno de TV (nos terminais, esta\u00e7\u00f5es e \u00f4nibus) e nas redes sociais. A campanha foi idealizada pelo Instituto Banco Vermelho, uma organiza\u00e7\u00e3o apartid\u00e1ria e sem fins lucrativos, presente em mais de 12 estados no Pa\u00eds.<\/p>\n<p>O &#8220;Banco Vermelho&#8221; surge como um s\u00edmbolo poderoso dessa luta e sua vers\u00e3o original gigante representa a grandiosidade da causa: o combate ao feminic\u00eddio. E a cor n\u00e3o apenas remete ao sangue derramado pelas v\u00edtimas, mas tamb\u00e9m funciona como um sinal de &#8220;PARE! Basta!&#8221;. O Anu\u00e1rio Brasileiro de Seguran\u00e7a P\u00fablica 2025 relata que 8 em cada 10 v\u00edtimas s\u00e3o mortas por companheiros ou ex-companheiros. &#8220;Esta \u00e9 uma bandeira de todos. Como sociedade, devemos zelar pela vida, pela justi\u00e7a e pela integridade dessas mulheres. Queremos que elas se sintam seguras n\u00e3o apenas no transporte p\u00fablico, mas em todos os ambientes. \u00c9 fundamental que as mulheres vivam livres de medo, ang\u00fastia e amea\u00e7as. \u00c9 um apelo para que os homens se conscientizem sobre a import\u00e2ncia do limite e do respeito&#8221;, destacou B\u00e1rbara Rodrigues, gestora de Recursos Humanos do BRT Sorocaba.<\/p>\n<p>Ainda, segundo ela, o intuito da BRT Sorocaba \u00e9 chamar aten\u00e7\u00e3o de todos os passageiros e colaboradores que n\u00e3o se pode normalizar o que \u00e9 inaceit\u00e1vel. \u201cQueremos mobilizar o p\u00fablico para que compreendam a gravidade do tema. Se voc\u00ea \u00e9 mulher e est\u00e1 passando por algum tipo de viol\u00eancia, n\u00e3o se cale. Ligue no 180 e denuncie.\u00a0 Se voc\u00ea n\u00e3o \u00e9 v\u00edtima da viol\u00eancia, mas sabe de algum caso, ajude. Voc\u00ea tamb\u00e9m pode ligar no 180 de forma an\u00f4nima e fazer a den\u00fancia\u201d, concluiu.<\/p>\n<p>Imagens &#8211; Divulga\u00e7\u00e3o<\/p>\n","protected":false},"excerpt":{"rendered":"<p>Sistema de transporte coletivo de cidade paulista volta suas aten\u00e7\u00f5es para um problema de viol\u00eancia que atinge as mulheres<\/p>\n","protected":false},"author":2,"featured_media":18218,"comment_status":"open","ping_status":"open","sticky":false,"template":"","format":"standard","meta":{"_et_pb_use_builder":"","_et_pb_old_content":"","_et_gb_content_width":"","_jetpack_memberships_contains_paid_content":false,"footnotes":""},"categories":[926,7,1060,90],"tags":[777],"class_list":["post-18217","post","type-post","status-publish","format-standard","has-post-thumbnail","hentry","category-acao-social","category-mobilidade-urbana","category-notas","category-noticias","tag-brt-sorocaba","et-has-post-format-content","et_post_format-et-post-format-standard"],"yoast_head":"<!-- This site is optimized with the Yoast SEO plugin v27.2 - https:\/\/yoast.com\/product\/yoast-seo-wordpress\/ -->\n<title>BRT no combate ao feminic\u00eddio - Revista AutoBus<\/title>\n<meta name=\"robots\" content=\"index, follow, max-snippet:-1, max-image-preview:large, max-video-preview:-1\" \/>\n<link rel=\"canonical\" href=\"https:\/\/revistaautobus.com.br\/?p=18217\" \/>\n<meta property=\"og:locale\" content=\"pt_BR\" \/>\n<meta property=\"og:type\" content=\"article\" \/>\n<meta property=\"og:title\" content=\"BRT no combate ao feminic\u00eddio - Revista AutoBus\" \/>\n<meta property=\"og:description\" content=\"Sistema de transporte coletivo de cidade paulista volta suas aten\u00e7\u00f5es para um problema de viol\u00eancia que atinge as mulheres\" \/>\n<meta property=\"og:url\" content=\"https:\/\/revistaautobus.com.br\/?p=18217\" \/>\n<meta property=\"og:site_name\" content=\"Revista AutoBus\" \/>\n<meta property=\"article:publisher\" content=\"https:\/\/www.facebook.com\/antonio.ferro.3150\" \/>\n<meta property=\"article:published_time\" content=\"2026-03-16T10:16:14+00:00\" \/>\n<meta property=\"og:image\" content=\"https:\/\/revistaautobus.com.br\/wp-content\/uploads\/2026\/03\/Banco-vermelho.jpg\" \/>\n\t<meta property=\"og:image:width\" content=\"788\" \/>\n\t<meta property=\"og:image:height\" content=\"1185\" \/>\n\t<meta property=\"og:image:type\" content=\"image\/jpeg\" \/>\n<meta name=\"author\" content=\"Antonio Ferro\" \/>\n<meta name=\"twitter:card\" content=\"summary_large_image\" \/>\n<meta name=\"twitter:label1\" content=\"Escrito por\" \/>\n\t<meta name=\"twitter:data1\" content=\"Antonio Ferro\" \/>\n\t<meta name=\"twitter:label2\" content=\"Est. tempo de leitura\" \/>\n\t<meta name=\"twitter:data2\" content=\"2 minutos\" \/>\n<script type=\"application\/ld+json\" class=\"yoast-schema-graph\">{\"@context\":\"https:\/\/schema.org\",\"@graph\":[{\"@type\":\"Article\",\"@id\":\"https:\/\/revistaautobus.com.br\/?p=18217#article\",\"isPartOf\":{\"@id\":\"https:\/\/revistaautobus.com.br\/?p=18217\"},\"author\":{\"name\":\"Antonio Ferro\",\"@id\":\"https:\/\/revistaautobus.com.br\/#\/schema\/person\/54af7c3eb83a310e42ef686ef6d16f50\"},\"headline\":\"BRT no combate ao feminic\u00eddio\",\"datePublished\":\"2026-03-16T10:16:14+00:00\",\"mainEntityOfPage\":{\"@id\":\"https:\/\/revistaautobus.com.br\/?p=18217\"},\"wordCount\":373,\"commentCount\":0,\"publisher\":{\"@id\":\"https:\/\/revistaautobus.com.br\/#organization\"},\"image\":{\"@id\":\"https:\/\/revistaautobus.com.br\/?p=18217#primaryimage\"},\"thumbnailUrl\":\"https:\/\/revistaautobus.com.br\/wp-content\/uploads\/2026\/03\/Banco-vermelho.jpg\",\"keywords\":[\"BRT Sorocaba\"],\"articleSection\":[\"A\u00e7\u00e3o social\",\"Mobilidade Urbana\",\"Notas\",\"Not\u00edcias\"],\"inLanguage\":\"pt-BR\",\"potentialAction\":[{\"@type\":\"CommentAction\",\"name\":\"Comment\",\"target\":[\"https:\/\/revistaautobus.com.br\/?p=18217#respond\"]}]},{\"@type\":\"WebPage\",\"@id\":\"https:\/\/revistaautobus.com.br\/?p=18217\",\"url\":\"https:\/\/revistaautobus.com.br\/?p=18217\",\"name\":\"BRT no combate ao feminic\u00eddio - Revista AutoBus\",\"isPartOf\":{\"@id\":\"https:\/\/revistaautobus.com.br\/#website\"},\"primaryImageOfPage\":{\"@id\":\"https:\/\/revistaautobus.com.br\/?p=18217#primaryimage\"},\"image\":{\"@id\":\"https:\/\/revistaautobus.com.br\/?p=18217#primaryimage\"},\"thumbnailUrl\":\"https:\/\/revistaautobus.com.br\/wp-content\/uploads\/2026\/03\/Banco-vermelho.jpg\",\"datePublished\":\"2026-03-16T10:16:14+00:00\",\"breadcrumb\":{\"@id\":\"https:\/\/revistaautobus.com.br\/?p=18217#breadcrumb\"},\"inLanguage\":\"pt-BR\",\"potentialAction\":[{\"@type\":\"ReadAction\",\"target\":[\"https:\/\/revistaautobus.com.br\/?p=18217\"]}]},{\"@type\":\"ImageObject\",\"inLanguage\":\"pt-BR\",\"@id\":\"https:\/\/revistaautobus.com.br\/?p=18217#primaryimage\",\"url\":\"https:\/\/revistaautobus.com.br\/wp-content\/uploads\/2026\/03\/Banco-vermelho.jpg\",\"contentUrl\":\"https:\/\/revistaautobus.com.br\/wp-content\/uploads\/2026\/03\/Banco-vermelho.jpg\",\"width\":788,\"height\":1185},{\"@type\":\"BreadcrumbList\",\"@id\":\"https:\/\/revistaautobus.com.br\/?p=18217#breadcrumb\",\"itemListElement\":[{\"@type\":\"ListItem\",\"position\":1,\"name\":\"In\u00edcio\",\"item\":\"https:\/\/revistaautobus.com.br\/\"},{\"@type\":\"ListItem\",\"position\":2,\"name\":\"BRT no combate ao feminic\u00eddio\"}]},{\"@type\":\"WebSite\",\"@id\":\"https:\/\/revistaautobus.com.br\/#website\",\"url\":\"https:\/\/revistaautobus.com.br\/\",\"name\":\"Revista AutoBus\",\"description\":\"\",\"publisher\":{\"@id\":\"https:\/\/revistaautobus.com.br\/#organization\"},\"potentialAction\":[{\"@type\":\"SearchAction\",\"target\":{\"@type\":\"EntryPoint\",\"urlTemplate\":\"https:\/\/revistaautobus.com.br\/?s={search_term_string}\"},\"query-input\":{\"@type\":\"PropertyValueSpecification\",\"valueRequired\":true,\"valueName\":\"search_term_string\"}}],\"inLanguage\":\"pt-BR\"},{\"@type\":\"Organization\",\"@id\":\"https:\/\/revistaautobus.com.br\/#organization\",\"name\":\"Revista AutoBus\",\"url\":\"https:\/\/revistaautobus.com.br\/\",\"logo\":{\"@type\":\"ImageObject\",\"inLanguage\":\"pt-BR\",\"@id\":\"https:\/\/revistaautobus.com.br\/#\/schema\/logo\/image\/\",\"url\":\"https:\/\/revistaautobus.com.br\/wp-content\/uploads\/2024\/11\/logo_revista_autobus_fb.png\",\"contentUrl\":\"https:\/\/revistaautobus.com.br\/wp-content\/uploads\/2024\/11\/logo_revista_autobus_fb.png\",\"width\":836,\"height\":227,\"caption\":\"Revista AutoBus\"},\"image\":{\"@id\":\"https:\/\/revistaautobus.com.br\/#\/schema\/logo\/image\/\"},\"sameAs\":[\"https:\/\/www.facebook.com\/antonio.ferro.3150\",\"https:\/\/www.instagram.com\/revistaautobus\/\"]},{\"@type\":\"Person\",\"@id\":\"https:\/\/revistaautobus.com.br\/#\/schema\/person\/54af7c3eb83a310e42ef686ef6d16f50\",\"name\":\"Antonio Ferro\",\"image\":{\"@type\":\"ImageObject\",\"inLanguage\":\"pt-BR\",\"@id\":\"https:\/\/revistaautobus.com.br\/wp-content\/uploads\/2025\/12\/editor_antonio_ferro-150x150.jpg\",\"url\":\"https:\/\/revistaautobus.com.br\/wp-content\/uploads\/2025\/12\/editor_antonio_ferro-150x150.jpg\",\"contentUrl\":\"https:\/\/revistaautobus.com.br\/wp-content\/uploads\/2025\/12\/editor_antonio_ferro-150x150.jpg\",\"caption\":\"Antonio Ferro\"},\"description\":\"infobus@uol.com.br\",\"url\":\"https:\/\/revistaautobus.com.br\/?author=2\"}]}<\/script>\n<!-- \/ Yoast SEO plugin. -->","yoast_head_json":{"title":"BRT no combate ao feminic\u00eddio - Revista AutoBus","robots":{"index":"index","follow":"follow","max-snippet":"max-snippet:-1","max-image-preview":"max-image-preview:large","max-video-preview":"max-video-preview:-1"},"canonical":"https:\/\/revistaautobus.com.br\/?p=18217","og_locale":"pt_BR","og_type":"article","og_title":"BRT no combate ao feminic\u00eddio - Revista AutoBus","og_description":"Sistema de transporte coletivo de cidade paulista volta suas aten\u00e7\u00f5es para um problema de viol\u00eancia que atinge as mulheres","og_url":"https:\/\/revistaautobus.com.br\/?p=18217","og_site_name":"Revista AutoBus","article_publisher":"https:\/\/www.facebook.com\/antonio.ferro.3150","article_published_time":"2026-03-16T10:16:14+00:00","og_image":[{"width":788,"height":1185,"url":"https:\/\/revistaautobus.com.br\/wp-content\/uploads\/2026\/03\/Banco-vermelho.jpg","type":"image\/jpeg"}],"author":"Antonio Ferro","twitter_card":"summary_large_image","twitter_misc":{"Escrito por":"Antonio Ferro","Est. tempo de leitura":"2 minutos"},"schema":{"@context":"https:\/\/schema.org","@graph":[{"@type":"Article","@id":"https:\/\/revistaautobus.com.br\/?p=18217#article","isPartOf":{"@id":"https:\/\/revistaautobus.com.br\/?p=18217"},"author":{"name":"Antonio Ferro","@id":"https:\/\/revistaautobus.com.br\/#\/schema\/person\/54af7c3eb83a310e42ef686ef6d16f50"},"headline":"BRT no combate ao feminic\u00eddio","datePublished":"2026-03-16T10:16:14+00:00","mainEntityOfPage":{"@id":"https:\/\/revistaautobus.com.br\/?p=18217"},"wordCount":373,"commentCount":0,"publisher":{"@id":"https:\/\/revistaautobus.com.br\/#organization"},"image":{"@id":"https:\/\/revistaautobus.com.br\/?p=18217#primaryimage"},"thumbnailUrl":"https:\/\/revistaautobus.com.br\/wp-content\/uploads\/2026\/03\/Banco-vermelho.jpg","keywords":["BRT Sorocaba"],"articleSection":["A\u00e7\u00e3o social","Mobilidade Urbana","Notas","Not\u00edcias"],"inLanguage":"pt-BR","potentialAction":[{"@type":"CommentAction","name":"Comment","target":["https:\/\/revistaautobus.com.br\/?p=18217#respond"]}]},{"@type":"WebPage","@id":"https:\/\/revistaautobus.com.br\/?p=18217","url":"https:\/\/revistaautobus.com.br\/?p=18217","name":"BRT no combate ao feminic\u00eddio - Revista AutoBus","isPartOf":{"@id":"https:\/\/revistaautobus.com.br\/#website"},"primaryImageOfPage":{"@id":"https:\/\/revistaautobus.com.br\/?p=18217#primaryimage"},"image":{"@id":"https:\/\/revistaautobus.com.br\/?p=18217#primaryimage"},"thumbnailUrl":"https:\/\/revistaautobus.com.br\/wp-content\/uploads\/2026\/03\/Banco-vermelho.jpg","datePublished":"2026-03-16T10:16:14+00:00","breadcrumb":{"@id":"https:\/\/revistaautobus.com.br\/?p=18217#breadcrumb"},"inLanguage":"pt-BR","potentialAction":[{"@type":"ReadAction","target":["https:\/\/revistaautobus.com.br\/?p=18217"]}]},{"@type":"ImageObject","inLanguage":"pt-BR","@id":"https:\/\/revistaautobus.com.br\/?p=18217#primaryimage","url":"https:\/\/revistaautobus.com.br\/wp-content\/uploads\/2026\/03\/Banco-vermelho.jpg","contentUrl":"https:\/\/revistaautobus.com.br\/wp-content\/uploads\/2026\/03\/Banco-vermelho.jpg","width":788,"height":1185},{"@type":"BreadcrumbList","@id":"https:\/\/revistaautobus.com.br\/?p=18217#breadcrumb","itemListElement":[{"@type":"ListItem","position":1,"name":"In\u00edcio","item":"https:\/\/revistaautobus.com.br\/"},{"@type":"ListItem","position":2,"name":"BRT no combate ao feminic\u00eddio"}]},{"@type":"WebSite","@id":"https:\/\/revistaautobus.com.br\/#website","url":"https:\/\/revistaautobus.com.br\/","name":"Revista AutoBus","description":"","publisher":{"@id":"https:\/\/revistaautobus.com.br\/#organization"},"potentialAction":[{"@type":"SearchAction","target":{"@type":"EntryPoint","urlTemplate":"https:\/\/revistaautobus.com.br\/?s={search_term_string}"},"query-input":{"@type":"PropertyValueSpecification","valueRequired":true,"valueName":"search_term_string"}}],"inLanguage":"pt-BR"},{"@type":"Organization","@id":"https:\/\/revistaautobus.com.br\/#organization","name":"Revista AutoBus","url":"https:\/\/revistaautobus.com.br\/","logo":{"@type":"ImageObject","inLanguage":"pt-BR","@id":"https:\/\/revistaautobus.com.br\/#\/schema\/logo\/image\/","url":"https:\/\/revistaautobus.com.br\/wp-content\/uploads\/2024\/11\/logo_revista_autobus_fb.png","contentUrl":"https:\/\/revistaautobus.com.br\/wp-content\/uploads\/2024\/11\/logo_revista_autobus_fb.png","width":836,"height":227,"caption":"Revista AutoBus"},"image":{"@id":"https:\/\/revistaautobus.com.br\/#\/schema\/logo\/image\/"},"sameAs":["https:\/\/www.facebook.com\/antonio.ferro.3150","https:\/\/www.instagram.com\/revistaautobus\/"]},{"@type":"Person","@id":"https:\/\/revistaautobus.com.br\/#\/schema\/person\/54af7c3eb83a310e42ef686ef6d16f50","name":"Antonio Ferro","image":{"@type":"ImageObject","inLanguage":"pt-BR","@id":"https:\/\/revistaautobus.com.br\/wp-content\/uploads\/2025\/12\/editor_antonio_ferro-150x150.jpg","url":"https:\/\/revistaautobus.com.br\/wp-content\/uploads\/2025\/12\/editor_antonio_ferro-150x150.jpg","contentUrl":"https:\/\/revistaautobus.com.br\/wp-content\/uploads\/2025\/12\/editor_antonio_ferro-150x150.jpg","caption":"Antonio Ferro"},"description":"infobus@uol.com.br","url":"https:\/\/revistaautobus.com.br\/?author=2"}]}},"jetpack_featured_media_url":"https:\/\/revistaautobus.com.br\/wp-content\/uploads\/2026\/03\/Banco-vermelho.jpg","jetpack_sharing_enabled":true,"_links":{"self":[{"href":"https:\/\/revistaautobus.com.br\/index.php?rest_route=\/wp\/v2\/posts\/18217","targetHints":{"allow":["GET"]}}],"collection":[{"href":"https:\/\/revistaautobus.com.br\/index.php?rest_route=\/wp\/v2\/posts"}],"about":[{"href":"https:\/\/revistaautobus.com.br\/index.php?rest_route=\/wp\/v2\/types\/post"}],"author":[{"embeddable":true,"href":"https:\/\/revistaautobus.com.br\/index.php?rest_route=\/wp\/v2\/users\/2"}],"replies":[{"embeddable":true,"href":"https:\/\/revistaautobus.com.br\/index.php?rest_route=%2Fwp%2Fv2%2Fcomments&post=18217"}],"version-history":[{"count":2,"href":"https:\/\/revistaautobus.com.br\/index.php?rest_route=\/wp\/v2\/posts\/18217\/revisions"}],"predecessor-version":[{"id":18220,"href":"https:\/\/revistaautobus.com.br\/index.php?rest_route=\/wp\/v2\/posts\/18217\/revisions\/18220"}],"wp:featuredmedia":[{"embeddable":true,"href":"https:\/\/revistaautobus.com.br\/index.php?rest_route=\/wp\/v2\/media\/18218"}],"wp:attachment":[{"href":"https:\/\/revistaautobus.com.br\/index.php?rest_route=%2Fwp%2Fv2%2Fmedia&parent=18217"}],"wp:term":[{"taxonomy":"category","embeddable":true,"href":"https:\/\/revistaautobus.com.br\/index.php?rest_route=%2Fwp%2Fv2%2Fcategories&post=18217"},{"taxonomy":"post_tag","embeddable":true,"href":"https:\/\/revistaautobus.com.br\/index.php?rest_route=%2Fwp%2Fv2%2Ftags&post=18217"}],"curies":[{"name":"wp","href":"https:\/\/api.w.org\/{rel}","templated":true}]}}